{"id":1041,"date":"0201-06-22T12:25:05","date_gmt":"1970-01-01T00:00:00","guid":{"rendered":"https:\/\/www.visiterarles.com\/?p=1041"},"modified":"2011-03-28T07:00:46","modified_gmt":"2011-03-28T07:00:46","slug":"le-musee-departementale-de-larles-antique-sassocie-a-taco-and-co-pour-cesar","status":"publish","type":"post","link":"https:\/\/www.visiterarles.com\/en\/blog\/0201\/06\/22\/le-musee-departementale-de-larles-antique-sassocie-a-taco-and-co-pour-cesar\/","title":{"rendered":"Le Mus\u00e9e D\u00e9partementale de l&rsquo;Arles Antique s&rsquo;est associ\u00e9 \u00e0 Taco and Co pour son exposition\u00a0\u00bbC\u00e9sar\u00a0\u00bb."},"content":{"rendered":"<p>Le MDAA et le conseil G\u00e9n\u00e9ral se sont associ\u00e9s \u00a0\u00e0 Taco and Co pendant toute la dur\u00e9 de l&rsquo;exposition C\u00e9sar.<\/p>\n<p>En effet tous les dimanches, \u00a0une navette gratuite, \u00a0reliant le CV au Mus\u00e9e, \u00a0\u00e9tait \u00a0\u00e0 la disposition des visiteurs .<\/p>\n<p>Ainsi Taco and Co a transport\u00e9 plus de 500 \u00a0personnes pendant toute la dur\u00e9e de l&rsquo;exposition.<\/p>\n<figure id=\"attachment_1054\" aria-describedby=\"caption-attachment-1054\" style=\"width: 300px\" class=\"wp-caption aligncenter\"><a href=\"https:\/\/www.visiterarles.com\/wp-content\/uploads\/0201\/06\/C\u00e9sar-au-MDAA-1024x7681.jpg\"><img fetchpriority=\"high\" decoding=\"async\" class=\"size-medium wp-image-1054\" title=\"C\u00e9sar au MDAA\" src=\"https:\/\/www.visiterarles.com\/wp-content\/uploads\/0201\/06\/C\u00e9sar-au-MDAA-1024x7681-300x225.jpg\" alt=\"C\u00e9sar au MDAA\" width=\"300\" height=\"225\" srcset=\"https:\/\/www.visiterarles.com\/wp-content\/uploads\/0201\/06\/C\u00e9sar-au-MDAA-1024x7681-300x225.jpg 300w, https:\/\/www.visiterarles.com\/wp-content\/uploads\/0201\/06\/C\u00e9sar-au-MDAA-1024x7681.jpg 1024w\" sizes=\"(max-width: 300px) 100vw, 300px\" \/><\/a><figcaption id=\"caption-attachment-1054\" class=\"wp-caption-text\">C\u00e9sar au MDAA<\/figcaption><\/figure>","protected":false},"excerpt":{"rendered":"<p>Le MDAA et le conseil G\u00e9n\u00e9ral se sont associ\u00e9s \u00a0\u00e0 Taco and Co pendant toute la dur\u00e9 de l&rsquo;exposition C\u00e9sar. En effet tous les dimanches, \u00a0une navette gratuite, \u00a0reliant le CV au Mus\u00e9e, \u00a0\u00e9tait \u00a0\u00e0 la disposition des visiteurs . Ainsi Taco and Co a transport\u00e9 plus de 500 \u00a0personnes pendant toute la dur\u00e9e de [&hellip;]<\/p>","protected":false},"author":2,"featured_media":1042,"comment_status":"closed","ping_status":"closed","sticky":false,"template":"","format":"standard","meta":{"footnotes":""},"categories":[11,10],"tags":[],"aioseo_notices":[],"yoast_head":"<!-- This site is optimized with the Yoast SEO plugin v22.3 - https:\/\/yoast.com\/wordpress\/plugins\/seo\/ -->\n<title>Le Mus\u00e9e D\u00e9partementale de l&#039;Arles Antique s&#039;est associ\u00e9 \u00e0 Taco and Co pour son exposition&quot;C\u00e9sar&quot;. - Visiter Arles<\/title>\n<meta name=\"robots\" content=\"index, follow, max-snippet:-1, max-image-preview:large, max-video-preview:-1\" \/>\n<link rel=\"canonical\" href=\"https:\/\/www.visiterarles.com\/en\/blog\/0201\/06\/22\/le-musee-departementale-de-larles-antique-sassocie-a-taco-and-co-pour-cesar\/\" \/>\n<meta name=\"twitter:label1\" content=\"Written by\" \/>\n\t<meta name=\"twitter:data1\" content=\"damien\" \/>\n<script type=\"application\/ld+json\" class=\"yoast-schema-graph\">{\"@context\":\"https:\/\/schema.org\",\"@graph\":[{\"@type\":\"Article\",\"@id\":\"https:\/\/www.visiterarles.com\/blog\/0201\/06\/22\/le-musee-departementale-de-larles-antique-sassocie-a-taco-and-co-pour-cesar\/#article\",\"isPartOf\":{\"@id\":\"https:\/\/www.visiterarles.com\/blog\/0201\/06\/22\/le-musee-departementale-de-larles-antique-sassocie-a-taco-and-co-pour-cesar\/\"},\"author\":{\"name\":\"damien\",\"@id\":\"https:\/\/www.visiterarles.com\/en\/#\/schema\/person\/0ef93571b2fe272c676137a002139d56\"},\"headline\":\"Le Mus\u00e9e D\u00e9partementale de l&rsquo;Arles Antique s&rsquo;est associ\u00e9 \u00e0 Taco and Co pour son exposition\u00a0\u00bbC\u00e9sar\u00a0\u00bb.\",\"datePublished\":\"1970-01-01T00:00:00+00:00\",\"dateModified\":\"2011-03-28T07:00:46+00:00\",\"mainEntityOfPage\":{\"@id\":\"https:\/\/www.visiterarles.com\/blog\/0201\/06\/22\/le-musee-departementale-de-larles-antique-sassocie-a-taco-and-co-pour-cesar\/\"},\"wordCount\":92,\"publisher\":{\"@id\":\"https:\/\/www.visiterarles.com\/en\/#organization\"},\"image\":{\"@id\":\"https:\/\/www.visiterarles.com\/blog\/0201\/06\/22\/le-musee-departementale-de-larles-antique-sassocie-a-taco-and-co-pour-cesar\/#primaryimage\"},\"thumbnailUrl\":\"https:\/\/www.visiterarles.com\/wp-content\/uploads\/2011\/03\/c\u00e9sar.jpg\",\"articleSection\":[\"Ils nous ont fait confiance\",\"Les collectivit\u00e9s\"],\"inLanguage\":\"en-GB\"},{\"@type\":\"WebPage\",\"@id\":\"https:\/\/www.visiterarles.com\/blog\/0201\/06\/22\/le-musee-departementale-de-larles-antique-sassocie-a-taco-and-co-pour-cesar\/\",\"url\":\"https:\/\/www.visiterarles.com\/blog\/0201\/06\/22\/le-musee-departementale-de-larles-antique-sassocie-a-taco-and-co-pour-cesar\/\",\"name\":\"Le Mus\u00e9e D\u00e9partementale de l'Arles Antique s'est associ\u00e9 \u00e0 Taco and Co pour son exposition\\\"C\u00e9sar\\\". - Visiter Arles\",\"isPartOf\":{\"@id\":\"https:\/\/www.visiterarles.com\/en\/#website\"},\"primaryImageOfPage\":{\"@id\":\"https:\/\/www.visiterarles.com\/blog\/0201\/06\/22\/le-musee-departementale-de-larles-antique-sassocie-a-taco-and-co-pour-cesar\/#primaryimage\"},\"image\":{\"@id\":\"https:\/\/www.visiterarles.com\/blog\/0201\/06\/22\/le-musee-departementale-de-larles-antique-sassocie-a-taco-and-co-pour-cesar\/#primaryimage\"},\"thumbnailUrl\":\"https:\/\/www.visiterarles.com\/wp-content\/uploads\/2011\/03\/c\u00e9sar.jpg\",\"datePublished\":\"1970-01-01T00:00:00+00:00\",\"dateModified\":\"2011-03-28T07:00:46+00:00\",\"breadcrumb\":{\"@id\":\"https:\/\/www.visiterarles.com\/blog\/0201\/06\/22\/le-musee-departementale-de-larles-antique-sassocie-a-taco-and-co-pour-cesar\/#breadcrumb\"},\"inLanguage\":\"en-GB\",\"potentialAction\":[{\"@type\":\"ReadAction\",\"target\":[\"https:\/\/www.visiterarles.com\/blog\/0201\/06\/22\/le-musee-departementale-de-larles-antique-sassocie-a-taco-and-co-pour-cesar\/\"]}]},{\"@type\":\"ImageObject\",\"inLanguage\":\"en-GB\",\"@id\":\"https:\/\/www.visiterarles.com\/blog\/0201\/06\/22\/le-musee-departementale-de-larles-antique-sassocie-a-taco-and-co-pour-cesar\/#primaryimage\",\"url\":\"https:\/\/www.visiterarles.com\/wp-content\/uploads\/2011\/03\/c\u00e9sar.jpg\",\"contentUrl\":\"https:\/\/www.visiterarles.com\/wp-content\/uploads\/2011\/03\/c\u00e9sar.jpg\",\"width\":\"315\",\"height\":\"400\",\"caption\":\"C\u00e9sar au MDAA \u00e0 Arles\"},{\"@type\":\"BreadcrumbList\",\"@id\":\"https:\/\/www.visiterarles.com\/blog\/0201\/06\/22\/le-musee-departementale-de-larles-antique-sassocie-a-taco-and-co-pour-cesar\/#breadcrumb\",\"itemListElement\":[{\"@type\":\"ListItem\",\"position\":1,\"name\":\"Home\",\"item\":\"https:\/\/www.visiterarles.com\/\"},{\"@type\":\"ListItem\",\"position\":2,\"name\":\"Le Mus\u00e9e D\u00e9partementale de l&rsquo;Arles Antique s&rsquo;est associ\u00e9 \u00e0 Taco and Co pour son exposition\u00a0\u00bbC\u00e9sar\u00a0\u00bb.\"}]},{\"@type\":\"WebSite\",\"@id\":\"https:\/\/www.visiterarles.com\/en\/#website\",\"url\":\"https:\/\/www.visiterarles.com\/en\/\",\"name\":\"Visiter Arles\",\"description\":\"Tourisme en Provence \u00e0 Arles\",\"publisher\":{\"@id\":\"https:\/\/www.visiterarles.com\/en\/#organization\"},\"potentialAction\":[{\"@type\":\"SearchAction\",\"target\":{\"@type\":\"EntryPoint\",\"urlTemplate\":\"https:\/\/www.visiterarles.com\/en\/?s={search_term_string}\"},\"query-input\":\"required name=search_term_string\"}],\"inLanguage\":\"en-GB\"},{\"@type\":\"Organization\",\"@id\":\"https:\/\/www.visiterarles.com\/en\/#organization\",\"name\":\"Visiter Arles\",\"url\":\"https:\/\/www.visiterarles.com\/en\/\",\"logo\":{\"@type\":\"ImageObject\",\"inLanguage\":\"en-GB\",\"@id\":\"https:\/\/www.visiterarles.com\/en\/#\/schema\/logo\/image\/\",\"url\":\"https:\/\/www.visiterarles.com\/wp-content\/uploads\/2017\/10\/taco-and-co-1-1.jpg\",\"contentUrl\":\"https:\/\/www.visiterarles.com\/wp-content\/uploads\/2017\/10\/taco-and-co-1-1.jpg\",\"width\":124,\"height\":73,\"caption\":\"Visiter Arles\"},\"image\":{\"@id\":\"https:\/\/www.visiterarles.com\/en\/#\/schema\/logo\/image\/\"}},{\"@type\":\"Person\",\"@id\":\"https:\/\/www.visiterarles.com\/en\/#\/schema\/person\/0ef93571b2fe272c676137a002139d56\",\"name\":\"damien\",\"image\":{\"@type\":\"ImageObject\",\"inLanguage\":\"en-GB\",\"@id\":\"https:\/\/www.visiterarles.com\/en\/#\/schema\/person\/image\/\",\"url\":\"https:\/\/secure.gravatar.com\/avatar\/7a0d4f0af72a2d627adac81a8c10a5b6?s=96&d=mm&r=g\",\"contentUrl\":\"https:\/\/secure.gravatar.com\/avatar\/7a0d4f0af72a2d627adac81a8c10a5b6?s=96&d=mm&r=g\",\"caption\":\"damien\"},\"url\":\"https:\/\/www.visiterarles.com\/en\/blog\/author\/damien\/\"}]}<\/script>\n<!-- \/ Yoast SEO plugin. -->","yoast_head_json":{"title":"Le Mus\u00e9e D\u00e9partementale de l'Arles Antique s'est associ\u00e9 \u00e0 Taco and Co pour son exposition\"C\u00e9sar\". - Visiter Arles","robots":{"index":"index","follow":"follow","max-snippet":"max-snippet:-1","max-image-preview":"max-image-preview:large","max-video-preview":"max-video-preview:-1"},"canonical":"https:\/\/www.visiterarles.com\/en\/blog\/0201\/06\/22\/le-musee-departementale-de-larles-antique-sassocie-a-taco-and-co-pour-cesar\/","twitter_misc":{"Written by":"damien"},"schema":{"@context":"https:\/\/schema.org","@graph":[{"@type":"Article","@id":"https:\/\/www.visiterarles.com\/blog\/0201\/06\/22\/le-musee-departementale-de-larles-antique-sassocie-a-taco-and-co-pour-cesar\/#article","isPartOf":{"@id":"https:\/\/www.visiterarles.com\/blog\/0201\/06\/22\/le-musee-departementale-de-larles-antique-sassocie-a-taco-and-co-pour-cesar\/"},"author":{"name":"damien","@id":"https:\/\/www.visiterarles.com\/en\/#\/schema\/person\/0ef93571b2fe272c676137a002139d56"},"headline":"Le Mus\u00e9e D\u00e9partementale de l&rsquo;Arles Antique s&rsquo;est associ\u00e9 \u00e0 Taco and Co pour son exposition\u00a0\u00bbC\u00e9sar\u00a0\u00bb.","datePublished":"1970-01-01T00:00:00+00:00","dateModified":"2011-03-28T07:00:46+00:00","mainEntityOfPage":{"@id":"https:\/\/www.visiterarles.com\/blog\/0201\/06\/22\/le-musee-departementale-de-larles-antique-sassocie-a-taco-and-co-pour-cesar\/"},"wordCount":92,"publisher":{"@id":"https:\/\/www.visiterarles.com\/en\/#organization"},"image":{"@id":"https:\/\/www.visiterarles.com\/blog\/0201\/06\/22\/le-musee-departementale-de-larles-antique-sassocie-a-taco-and-co-pour-cesar\/#primaryimage"},"thumbnailUrl":"https:\/\/www.visiterarles.com\/wp-content\/uploads\/2011\/03\/c\u00e9sar.jpg","articleSection":["Ils nous ont fait confiance","Les collectivit\u00e9s"],"inLanguage":"en-GB"},{"@type":"WebPage","@id":"https:\/\/www.visiterarles.com\/blog\/0201\/06\/22\/le-musee-departementale-de-larles-antique-sassocie-a-taco-and-co-pour-cesar\/","url":"https:\/\/www.visiterarles.com\/blog\/0201\/06\/22\/le-musee-departementale-de-larles-antique-sassocie-a-taco-and-co-pour-cesar\/","name":"Le Mus\u00e9e D\u00e9partementale de l'Arles Antique s'est associ\u00e9 \u00e0 Taco and Co pour son exposition\"C\u00e9sar\". - Visiter Arles","isPartOf":{"@id":"https:\/\/www.visiterarles.com\/en\/#website"},"primaryImageOfPage":{"@id":"https:\/\/www.visiterarles.com\/blog\/0201\/06\/22\/le-musee-departementale-de-larles-antique-sassocie-a-taco-and-co-pour-cesar\/#primaryimage"},"image":{"@id":"https:\/\/www.visiterarles.com\/blog\/0201\/06\/22\/le-musee-departementale-de-larles-antique-sassocie-a-taco-and-co-pour-cesar\/#primaryimage"},"thumbnailUrl":"https:\/\/www.visiterarles.com\/wp-content\/uploads\/2011\/03\/c\u00e9sar.jpg","datePublished":"1970-01-01T00:00:00+00:00","dateModified":"2011-03-28T07:00:46+00:00","breadcrumb":{"@id":"https:\/\/www.visiterarles.com\/blog\/0201\/06\/22\/le-musee-departementale-de-larles-antique-sassocie-a-taco-and-co-pour-cesar\/#breadcrumb"},"inLanguage":"en-GB","potentialAction":[{"@type":"ReadAction","target":["https:\/\/www.visiterarles.com\/blog\/0201\/06\/22\/le-musee-departementale-de-larles-antique-sassocie-a-taco-and-co-pour-cesar\/"]}]},{"@type":"ImageObject","inLanguage":"en-GB","@id":"https:\/\/www.visiterarles.com\/blog\/0201\/06\/22\/le-musee-departementale-de-larles-antique-sassocie-a-taco-and-co-pour-cesar\/#primaryimage","url":"https:\/\/www.visiterarles.com\/wp-content\/uploads\/2011\/03\/c\u00e9sar.jpg","contentUrl":"https:\/\/www.visiterarles.com\/wp-content\/uploads\/2011\/03\/c\u00e9sar.jpg","width":"315","height":"400","caption":"C\u00e9sar au MDAA \u00e0 Arles"},{"@type":"BreadcrumbList","@id":"https:\/\/www.visiterarles.com\/blog\/0201\/06\/22\/le-musee-departementale-de-larles-antique-sassocie-a-taco-and-co-pour-cesar\/#breadcrumb","itemListElement":[{"@type":"ListItem","position":1,"name":"Home","item":"https:\/\/www.visiterarles.com\/"},{"@type":"ListItem","position":2,"name":"Le Mus\u00e9e D\u00e9partementale de l&rsquo;Arles Antique s&rsquo;est associ\u00e9 \u00e0 Taco and Co pour son exposition\u00a0\u00bbC\u00e9sar\u00a0\u00bb."}]},{"@type":"WebSite","@id":"https:\/\/www.visiterarles.com\/en\/#website","url":"https:\/\/www.visiterarles.com\/en\/","name":"Visiter Arles","description":"Tourisme en Provence \u00e0 Arles","publisher":{"@id":"https:\/\/www.visiterarles.com\/en\/#organization"},"potentialAction":[{"@type":"SearchAction","target":{"@type":"EntryPoint","urlTemplate":"https:\/\/www.visiterarles.com\/en\/?s={search_term_string}"},"query-input":"required name=search_term_string"}],"inLanguage":"en-GB"},{"@type":"Organization","@id":"https:\/\/www.visiterarles.com\/en\/#organization","name":"Visiter Arles","url":"https:\/\/www.visiterarles.com\/en\/","logo":{"@type":"ImageObject","inLanguage":"en-GB","@id":"https:\/\/www.visiterarles.com\/en\/#\/schema\/logo\/image\/","url":"https:\/\/www.visiterarles.com\/wp-content\/uploads\/2017\/10\/taco-and-co-1-1.jpg","contentUrl":"https:\/\/www.visiterarles.com\/wp-content\/uploads\/2017\/10\/taco-and-co-1-1.jpg","width":124,"height":73,"caption":"Visiter Arles"},"image":{"@id":"https:\/\/www.visiterarles.com\/en\/#\/schema\/logo\/image\/"}},{"@type":"Person","@id":"https:\/\/www.visiterarles.com\/en\/#\/schema\/person\/0ef93571b2fe272c676137a002139d56","name":"damien","image":{"@type":"ImageObject","inLanguage":"en-GB","@id":"https:\/\/www.visiterarles.com\/en\/#\/schema\/person\/image\/","url":"https:\/\/secure.gravatar.com\/avatar\/7a0d4f0af72a2d627adac81a8c10a5b6?s=96&d=mm&r=g","contentUrl":"https:\/\/secure.gravatar.com\/avatar\/7a0d4f0af72a2d627adac81a8c10a5b6?s=96&d=mm&r=g","caption":"damien"},"url":"https:\/\/www.visiterarles.com\/en\/blog\/author\/damien\/"}]}},"_links":{"self":[{"href":"https:\/\/www.visiterarles.com\/en\/wp-json\/wp\/v2\/posts\/1041"}],"collection":[{"href":"https:\/\/www.visiterarles.com\/en\/wp-json\/wp\/v2\/posts"}],"about":[{"href":"https:\/\/www.visiterarles.com\/en\/wp-json\/wp\/v2\/types\/post"}],"author":[{"embeddable":true,"href":"https:\/\/www.visiterarles.com\/en\/wp-json\/wp\/v2\/users\/2"}],"replies":[{"embeddable":true,"href":"https:\/\/www.visiterarles.com\/en\/wp-json\/wp\/v2\/comments?post=1041"}],"version-history":[{"count":0,"href":"https:\/\/www.visiterarles.com\/en\/wp-json\/wp\/v2\/posts\/1041\/revisions"}],"wp:featuredmedia":[{"embeddable":true,"href":"https:\/\/www.visiterarles.com\/en\/wp-json\/wp\/v2\/media\/1042"}],"wp:attachment":[{"href":"https:\/\/www.visiterarles.com\/en\/wp-json\/wp\/v2\/media?parent=1041"}],"wp:term":[{"taxonomy":"category","embeddable":true,"href":"https:\/\/www.visiterarles.com\/en\/wp-json\/wp\/v2\/categories?post=1041"},{"taxonomy":"post_tag","embeddable":true,"href":"https:\/\/www.visiterarles.com\/en\/wp-json\/wp\/v2\/tags?post=1041"}],"curies":[{"name":"wp","href":"https:\/\/api.w.org\/{rel}","templated":true}]}}