{"id":1059,"date":"2011-04-05T07:21:09","date_gmt":"2011-04-05T07:21:09","guid":{"rendered":"https:\/\/www.visiterarles.com\/?p=1059"},"modified":"2011-04-05T07:21:09","modified_gmt":"2011-04-05T07:21:09","slug":"feria-de-paques-2011-a-arles-du-22-au-25-avril-2011","status":"publish","type":"post","link":"https:\/\/www.visiterarles.com\/en\/blog\/2011\/04\/05\/feria-de-paques-2011-a-arles-du-22-au-25-avril-2011\/","title":{"rendered":"F\u00e9ria de P\u00e2ques 2011 \u00e0 Arles, du 22 au 25 Avril 2011."},"content":{"rendered":"<p>Taco and Co circulera tous les jours pour la f\u00e9ria de P\u00e2ques 2011 \u00e0 Arles qui se d\u00e9roulera du 22 au 25 Avril 2011.<\/p>\n<p>Les parkings \u00e9tant bond\u00e9s et la circulation compliqu\u00e9e, pensez \u00e0 vous garer en p\u00e9riph\u00e9rie et \u00e0 nous t\u00e9l\u00e9phoner au 0650296000, un v\u00e9lo-taco viendra vous chercher pour vous d\u00e9poser dans le centre ville d&rsquo;Arles.<\/p>\n<p>Bonne f\u00e9ria \u00e0 tous!!!<\/p>\n<figure id=\"attachment_943\" aria-describedby=\"caption-attachment-943\" style=\"width: 150px\" class=\"wp-caption aligncenter\"><a href=\"https:\/\/www.visiterarles.com\/wp-content\/uploads\/2011\/03\/Affiche-f\u00e9ria-P\u00e2ques-2011.jpg\"><img decoding=\"async\" class=\"size-medium wp-image-943\" title=\"Affiche f\u00e9ria P\u00e2ques 2011\" src=\"https:\/\/www.visiterarles.com\/wp-content\/uploads\/2011\/03\/Affiche-f\u00e9ria-P\u00e2ques-2011-150x300.jpg\" alt=\"Affiche f\u00e9ria P\u00e2ques 2011\" width=\"150\" height=\"300\" srcset=\"https:\/\/www.visiterarles.com\/wp-content\/uploads\/2011\/03\/Affiche-f\u00e9ria-P\u00e2ques-2011-150x300.jpg 150w, https:\/\/www.visiterarles.com\/wp-content\/uploads\/2011\/03\/Affiche-f\u00e9ria-P\u00e2ques-2011-512x1024.jpg 512w, https:\/\/www.visiterarles.com\/wp-content\/uploads\/2011\/03\/Affiche-f\u00e9ria-P\u00e2ques-2011.jpg 800w\" sizes=\"(max-width: 150px) 100vw, 150px\" \/><\/a><figcaption id=\"caption-attachment-943\" class=\"wp-caption-text\">Affiche f\u00e9ria P\u00e2ques 2011<\/figcaption><\/figure>\n<p><!--cforms name=\"Contact\"--><\/p>","protected":false},"excerpt":{"rendered":"<p>Taco and Co circulera tous les jours pour la f\u00e9ria de P\u00e2ques 2011 \u00e0 Arles qui se d\u00e9roulera du 22 au 25 Avril 2011. Les parkings \u00e9tant bond\u00e9s et la circulation compliqu\u00e9e, pensez \u00e0 vous garer en p\u00e9riph\u00e9rie et \u00e0 nous t\u00e9l\u00e9phoner au 0650296000, un v\u00e9lo-taco viendra vous chercher pour vous d\u00e9poser dans le centre [&hellip;]<\/p>","protected":false},"author":2,"featured_media":943,"comment_status":"closed","ping_status":"closed","sticky":false,"template":"","format":"standard","meta":{"footnotes":""},"categories":[4,3],"tags":[],"aioseo_notices":[],"yoast_head":"<!-- This site is optimized with the Yoast SEO plugin v22.3 - https:\/\/yoast.com\/wordpress\/plugins\/seo\/ -->\n<title>F\u00e9ria de P\u00e2ques 2011 \u00e0 Arles, du 22 au 25 Avril 2011. - Visiter Arles<\/title>\n<meta name=\"robots\" content=\"index, follow, max-snippet:-1, max-image-preview:large, max-video-preview:-1\" \/>\n<link rel=\"canonical\" href=\"https:\/\/www.visiterarles.com\/en\/blog\/2011\/04\/05\/feria-de-paques-2011-a-arles-du-22-au-25-avril-2011\/\" \/>\n<meta name=\"twitter:label1\" content=\"Written by\" \/>\n\t<meta name=\"twitter:data1\" content=\"damien\" \/>\n<script type=\"application\/ld+json\" class=\"yoast-schema-graph\">{\"@context\":\"https:\/\/schema.org\",\"@graph\":[{\"@type\":\"Article\",\"@id\":\"https:\/\/www.visiterarles.com\/blog\/2011\/04\/05\/feria-de-paques-2011-a-arles-du-22-au-25-avril-2011\/#article\",\"isPartOf\":{\"@id\":\"https:\/\/www.visiterarles.com\/blog\/2011\/04\/05\/feria-de-paques-2011-a-arles-du-22-au-25-avril-2011\/\"},\"author\":{\"name\":\"damien\",\"@id\":\"https:\/\/www.visiterarles.com\/en\/#\/schema\/person\/0ef93571b2fe272c676137a002139d56\"},\"headline\":\"F\u00e9ria de P\u00e2ques 2011 \u00e0 Arles, du 22 au 25 Avril 2011.\",\"datePublished\":\"2011-04-05T07:21:09+00:00\",\"dateModified\":\"2011-04-05T07:21:09+00:00\",\"mainEntityOfPage\":{\"@id\":\"https:\/\/www.visiterarles.com\/blog\/2011\/04\/05\/feria-de-paques-2011-a-arles-du-22-au-25-avril-2011\/\"},\"wordCount\":87,\"publisher\":{\"@id\":\"https:\/\/www.visiterarles.com\/en\/#organization\"},\"image\":{\"@id\":\"https:\/\/www.visiterarles.com\/blog\/2011\/04\/05\/feria-de-paques-2011-a-arles-du-22-au-25-avril-2011\/#primaryimage\"},\"thumbnailUrl\":\"https:\/\/www.visiterarles.com\/wp-content\/uploads\/2011\/03\/Affiche-f\u00e9ria-P\u00e2ques-2011.jpg\",\"articleSection\":[\"accueil\",\"Actualit\u00e9s\"],\"inLanguage\":\"en-GB\"},{\"@type\":\"WebPage\",\"@id\":\"https:\/\/www.visiterarles.com\/blog\/2011\/04\/05\/feria-de-paques-2011-a-arles-du-22-au-25-avril-2011\/\",\"url\":\"https:\/\/www.visiterarles.com\/blog\/2011\/04\/05\/feria-de-paques-2011-a-arles-du-22-au-25-avril-2011\/\",\"name\":\"F\u00e9ria de P\u00e2ques 2011 \u00e0 Arles, du 22 au 25 Avril 2011. - Visiter Arles\",\"isPartOf\":{\"@id\":\"https:\/\/www.visiterarles.com\/en\/#website\"},\"primaryImageOfPage\":{\"@id\":\"https:\/\/www.visiterarles.com\/blog\/2011\/04\/05\/feria-de-paques-2011-a-arles-du-22-au-25-avril-2011\/#primaryimage\"},\"image\":{\"@id\":\"https:\/\/www.visiterarles.com\/blog\/2011\/04\/05\/feria-de-paques-2011-a-arles-du-22-au-25-avril-2011\/#primaryimage\"},\"thumbnailUrl\":\"https:\/\/www.visiterarles.com\/wp-content\/uploads\/2011\/03\/Affiche-f\u00e9ria-P\u00e2ques-2011.jpg\",\"datePublished\":\"2011-04-05T07:21:09+00:00\",\"dateModified\":\"2011-04-05T07:21:09+00:00\",\"breadcrumb\":{\"@id\":\"https:\/\/www.visiterarles.com\/blog\/2011\/04\/05\/feria-de-paques-2011-a-arles-du-22-au-25-avril-2011\/#breadcrumb\"},\"inLanguage\":\"en-GB\",\"potentialAction\":[{\"@type\":\"ReadAction\",\"target\":[\"https:\/\/www.visiterarles.com\/blog\/2011\/04\/05\/feria-de-paques-2011-a-arles-du-22-au-25-avril-2011\/\"]}]},{\"@type\":\"ImageObject\",\"inLanguage\":\"en-GB\",\"@id\":\"https:\/\/www.visiterarles.com\/blog\/2011\/04\/05\/feria-de-paques-2011-a-arles-du-22-au-25-avril-2011\/#primaryimage\",\"url\":\"https:\/\/www.visiterarles.com\/wp-content\/uploads\/2011\/03\/Affiche-f\u00e9ria-P\u00e2ques-2011.jpg\",\"contentUrl\":\"https:\/\/www.visiterarles.com\/wp-content\/uploads\/2011\/03\/Affiche-f\u00e9ria-P\u00e2ques-2011.jpg\",\"width\":\"800\",\"height\":\"1600\",\"caption\":\"Affiche f\u00e9ria P\u00e2ques 2011\"},{\"@type\":\"BreadcrumbList\",\"@id\":\"https:\/\/www.visiterarles.com\/blog\/2011\/04\/05\/feria-de-paques-2011-a-arles-du-22-au-25-avril-2011\/#breadcrumb\",\"itemListElement\":[{\"@type\":\"ListItem\",\"position\":1,\"name\":\"Home\",\"item\":\"https:\/\/www.visiterarles.com\/\"},{\"@type\":\"ListItem\",\"position\":2,\"name\":\"F\u00e9ria de P\u00e2ques 2011 \u00e0 Arles, du 22 au 25 Avril 2011.\"}]},{\"@type\":\"WebSite\",\"@id\":\"https:\/\/www.visiterarles.com\/en\/#website\",\"url\":\"https:\/\/www.visiterarles.com\/en\/\",\"name\":\"Visiter Arles\",\"description\":\"Tourisme en Provence \u00e0 Arles\",\"publisher\":{\"@id\":\"https:\/\/www.visiterarles.com\/en\/#organization\"},\"potentialAction\":[{\"@type\":\"SearchAction\",\"target\":{\"@type\":\"EntryPoint\",\"urlTemplate\":\"https:\/\/www.visiterarles.com\/en\/?s={search_term_string}\"},\"query-input\":\"required name=search_term_string\"}],\"inLanguage\":\"en-GB\"},{\"@type\":\"Organization\",\"@id\":\"https:\/\/www.visiterarles.com\/en\/#organization\",\"name\":\"Visiter Arles\",\"url\":\"https:\/\/www.visiterarles.com\/en\/\",\"logo\":{\"@type\":\"ImageObject\",\"inLanguage\":\"en-GB\",\"@id\":\"https:\/\/www.visiterarles.com\/en\/#\/schema\/logo\/image\/\",\"url\":\"https:\/\/www.visiterarles.com\/wp-content\/uploads\/2017\/10\/taco-and-co-1-1.jpg\",\"contentUrl\":\"https:\/\/www.visiterarles.com\/wp-content\/uploads\/2017\/10\/taco-and-co-1-1.jpg\",\"width\":124,\"height\":73,\"caption\":\"Visiter Arles\"},\"image\":{\"@id\":\"https:\/\/www.visiterarles.com\/en\/#\/schema\/logo\/image\/\"}},{\"@type\":\"Person\",\"@id\":\"https:\/\/www.visiterarles.com\/en\/#\/schema\/person\/0ef93571b2fe272c676137a002139d56\",\"name\":\"damien\",\"image\":{\"@type\":\"ImageObject\",\"inLanguage\":\"en-GB\",\"@id\":\"https:\/\/www.visiterarles.com\/en\/#\/schema\/person\/image\/\",\"url\":\"https:\/\/secure.gravatar.com\/avatar\/7a0d4f0af72a2d627adac81a8c10a5b6?s=96&d=mm&r=g\",\"contentUrl\":\"https:\/\/secure.gravatar.com\/avatar\/7a0d4f0af72a2d627adac81a8c10a5b6?s=96&d=mm&r=g\",\"caption\":\"damien\"},\"url\":\"https:\/\/www.visiterarles.com\/en\/blog\/author\/damien\/\"}]}<\/script>\n<!-- \/ Yoast SEO plugin. -->","yoast_head_json":{"title":"F\u00e9ria de P\u00e2ques 2011 \u00e0 Arles, du 22 au 25 Avril 2011. - Visiter Arles","robots":{"index":"index","follow":"follow","max-snippet":"max-snippet:-1","max-image-preview":"max-image-preview:large","max-video-preview":"max-video-preview:-1"},"canonical":"https:\/\/www.visiterarles.com\/en\/blog\/2011\/04\/05\/feria-de-paques-2011-a-arles-du-22-au-25-avril-2011\/","twitter_misc":{"Written by":"damien"},"schema":{"@context":"https:\/\/schema.org","@graph":[{"@type":"Article","@id":"https:\/\/www.visiterarles.com\/blog\/2011\/04\/05\/feria-de-paques-2011-a-arles-du-22-au-25-avril-2011\/#article","isPartOf":{"@id":"https:\/\/www.visiterarles.com\/blog\/2011\/04\/05\/feria-de-paques-2011-a-arles-du-22-au-25-avril-2011\/"},"author":{"name":"damien","@id":"https:\/\/www.visiterarles.com\/en\/#\/schema\/person\/0ef93571b2fe272c676137a002139d56"},"headline":"F\u00e9ria de P\u00e2ques 2011 \u00e0 Arles, du 22 au 25 Avril 2011.","datePublished":"2011-04-05T07:21:09+00:00","dateModified":"2011-04-05T07:21:09+00:00","mainEntityOfPage":{"@id":"https:\/\/www.visiterarles.com\/blog\/2011\/04\/05\/feria-de-paques-2011-a-arles-du-22-au-25-avril-2011\/"},"wordCount":87,"publisher":{"@id":"https:\/\/www.visiterarles.com\/en\/#organization"},"image":{"@id":"https:\/\/www.visiterarles.com\/blog\/2011\/04\/05\/feria-de-paques-2011-a-arles-du-22-au-25-avril-2011\/#primaryimage"},"thumbnailUrl":"https:\/\/www.visiterarles.com\/wp-content\/uploads\/2011\/03\/Affiche-f\u00e9ria-P\u00e2ques-2011.jpg","articleSection":["accueil","Actualit\u00e9s"],"inLanguage":"en-GB"},{"@type":"WebPage","@id":"https:\/\/www.visiterarles.com\/blog\/2011\/04\/05\/feria-de-paques-2011-a-arles-du-22-au-25-avril-2011\/","url":"https:\/\/www.visiterarles.com\/blog\/2011\/04\/05\/feria-de-paques-2011-a-arles-du-22-au-25-avril-2011\/","name":"F\u00e9ria de P\u00e2ques 2011 \u00e0 Arles, du 22 au 25 Avril 2011. - Visiter Arles","isPartOf":{"@id":"https:\/\/www.visiterarles.com\/en\/#website"},"primaryImageOfPage":{"@id":"https:\/\/www.visiterarles.com\/blog\/2011\/04\/05\/feria-de-paques-2011-a-arles-du-22-au-25-avril-2011\/#primaryimage"},"image":{"@id":"https:\/\/www.visiterarles.com\/blog\/2011\/04\/05\/feria-de-paques-2011-a-arles-du-22-au-25-avril-2011\/#primaryimage"},"thumbnailUrl":"https:\/\/www.visiterarles.com\/wp-content\/uploads\/2011\/03\/Affiche-f\u00e9ria-P\u00e2ques-2011.jpg","datePublished":"2011-04-05T07:21:09+00:00","dateModified":"2011-04-05T07:21:09+00:00","breadcrumb":{"@id":"https:\/\/www.visiterarles.com\/blog\/2011\/04\/05\/feria-de-paques-2011-a-arles-du-22-au-25-avril-2011\/#breadcrumb"},"inLanguage":"en-GB","potentialAction":[{"@type":"ReadAction","target":["https:\/\/www.visiterarles.com\/blog\/2011\/04\/05\/feria-de-paques-2011-a-arles-du-22-au-25-avril-2011\/"]}]},{"@type":"ImageObject","inLanguage":"en-GB","@id":"https:\/\/www.visiterarles.com\/blog\/2011\/04\/05\/feria-de-paques-2011-a-arles-du-22-au-25-avril-2011\/#primaryimage","url":"https:\/\/www.visiterarles.com\/wp-content\/uploads\/2011\/03\/Affiche-f\u00e9ria-P\u00e2ques-2011.jpg","contentUrl":"https:\/\/www.visiterarles.com\/wp-content\/uploads\/2011\/03\/Affiche-f\u00e9ria-P\u00e2ques-2011.jpg","width":"800","height":"1600","caption":"Affiche f\u00e9ria P\u00e2ques 2011"},{"@type":"BreadcrumbList","@id":"https:\/\/www.visiterarles.com\/blog\/2011\/04\/05\/feria-de-paques-2011-a-arles-du-22-au-25-avril-2011\/#breadcrumb","itemListElement":[{"@type":"ListItem","position":1,"name":"Home","item":"https:\/\/www.visiterarles.com\/"},{"@type":"ListItem","position":2,"name":"F\u00e9ria de P\u00e2ques 2011 \u00e0 Arles, du 22 au 25 Avril 2011."}]},{"@type":"WebSite","@id":"https:\/\/www.visiterarles.com\/en\/#website","url":"https:\/\/www.visiterarles.com\/en\/","name":"Visiter Arles","description":"Tourisme en Provence \u00e0 Arles","publisher":{"@id":"https:\/\/www.visiterarles.com\/en\/#organization"},"potentialAction":[{"@type":"SearchAction","target":{"@type":"EntryPoint","urlTemplate":"https:\/\/www.visiterarles.com\/en\/?s={search_term_string}"},"query-input":"required name=search_term_string"}],"inLanguage":"en-GB"},{"@type":"Organization","@id":"https:\/\/www.visiterarles.com\/en\/#organization","name":"Visiter Arles","url":"https:\/\/www.visiterarles.com\/en\/","logo":{"@type":"ImageObject","inLanguage":"en-GB","@id":"https:\/\/www.visiterarles.com\/en\/#\/schema\/logo\/image\/","url":"https:\/\/www.visiterarles.com\/wp-content\/uploads\/2017\/10\/taco-and-co-1-1.jpg","contentUrl":"https:\/\/www.visiterarles.com\/wp-content\/uploads\/2017\/10\/taco-and-co-1-1.jpg","width":124,"height":73,"caption":"Visiter Arles"},"image":{"@id":"https:\/\/www.visiterarles.com\/en\/#\/schema\/logo\/image\/"}},{"@type":"Person","@id":"https:\/\/www.visiterarles.com\/en\/#\/schema\/person\/0ef93571b2fe272c676137a002139d56","name":"damien","image":{"@type":"ImageObject","inLanguage":"en-GB","@id":"https:\/\/www.visiterarles.com\/en\/#\/schema\/person\/image\/","url":"https:\/\/secure.gravatar.com\/avatar\/7a0d4f0af72a2d627adac81a8c10a5b6?s=96&d=mm&r=g","contentUrl":"https:\/\/secure.gravatar.com\/avatar\/7a0d4f0af72a2d627adac81a8c10a5b6?s=96&d=mm&r=g","caption":"damien"},"url":"https:\/\/www.visiterarles.com\/en\/blog\/author\/damien\/"}]}},"_links":{"self":[{"href":"https:\/\/www.visiterarles.com\/en\/wp-json\/wp\/v2\/posts\/1059"}],"collection":[{"href":"https:\/\/www.visiterarles.com\/en\/wp-json\/wp\/v2\/posts"}],"about":[{"href":"https:\/\/www.visiterarles.com\/en\/wp-json\/wp\/v2\/types\/post"}],"author":[{"embeddable":true,"href":"https:\/\/www.visiterarles.com\/en\/wp-json\/wp\/v2\/users\/2"}],"replies":[{"embeddable":true,"href":"https:\/\/www.visiterarles.com\/en\/wp-json\/wp\/v2\/comments?post=1059"}],"version-history":[{"count":0,"href":"https:\/\/www.visiterarles.com\/en\/wp-json\/wp\/v2\/posts\/1059\/revisions"}],"wp:featuredmedia":[{"embeddable":true,"href":"https:\/\/www.visiterarles.com\/en\/wp-json\/wp\/v2\/media\/943"}],"wp:attachment":[{"href":"https:\/\/www.visiterarles.com\/en\/wp-json\/wp\/v2\/media?parent=1059"}],"wp:term":[{"taxonomy":"category","embeddable":true,"href":"https:\/\/www.visiterarles.com\/en\/wp-json\/wp\/v2\/categories?post=1059"},{"taxonomy":"post_tag","embeddable":true,"href":"https:\/\/www.visiterarles.com\/en\/wp-json\/wp\/v2\/tags?post=1059"}],"curies":[{"name":"wp","href":"https:\/\/api.w.org\/{rel}","templated":true}]}}