{"id":1100,"date":"2011-05-24T09:07:50","date_gmt":"2011-05-24T09:07:50","guid":{"rendered":"https:\/\/www.visiterarles.com\/?p=1100"},"modified":"2011-05-24T09:11:14","modified_gmt":"2011-05-24T09:11:14","slug":"la-fete-du-jeu-les-28-et-29-mai-2011-a-lespace-van-gogh-darles","status":"publish","type":"post","link":"https:\/\/www.visiterarles.com\/en\/blog\/2011\/05\/24\/la-fete-du-jeu-les-28-et-29-mai-2011-a-lespace-van-gogh-darles\/","title":{"rendered":"La f\u00eate du jeu, les 28 et 29 Mai 2011 \u00e0 l&rsquo;espace Van Gogh d&rsquo;Arles"},"content":{"rendered":"<p>La f\u00eate du jeu, organis\u00e9 par l\u2019association Martingale, se d\u00e9roulera les 28 et 29 Mai 2011 \u00e0 Arles.<\/p>\n<p>Parce qu\u2019il n\u2019y a pas d\u2019age pour jouer, Taco and Co vous invite tous, petits et grands, \u00e0 vous rendre \u00e0 l\u2019espace Van Gogh les samedi 28 Mai et dimanche 29 Mai de 10h00 \u00e0 19h00 .<\/p>\n<p>De nombreux jeux (g\u00e9ants, en bois, de soci\u00e9t\u00e9,\u00a0traditionnels ou encore de strat\u00e9gie) vous seront propos\u00e9s gratuitement.<\/p>\n<p>Venez nombreux!!!<\/p>\n<figure id=\"attachment_1106\" aria-describedby=\"caption-attachment-1106\" style=\"width: 500px\" class=\"wp-caption aligncenter\"><a href=\"https:\/\/www.visiterarles.com\/wp-content\/uploads\/2011\/05\/Affiche-Fete-du-jeu-2011.jpg\"><img fetchpriority=\"high\" decoding=\"async\" class=\"size-full wp-image-1106\" title=\"F\u00eate du jeu 2011 \u00e0 l'Espace Van Gogh d'Arles\" src=\"https:\/\/www.visiterarles.com\/wp-content\/uploads\/2011\/05\/Affiche-Fete-du-jeu-2011.jpg\" alt=\"F\u00eate du jeu 2011 \u00e0 l'Espace Van Gogh d'Arles\" width=\"500\" height=\"705\" srcset=\"https:\/\/www.visiterarles.com\/wp-content\/uploads\/2011\/05\/Affiche-Fete-du-jeu-2011.jpg 500w, https:\/\/www.visiterarles.com\/wp-content\/uploads\/2011\/05\/Affiche-Fete-du-jeu-2011-212x300.jpg 212w\" sizes=\"(max-width: 500px) 100vw, 500px\" \/><\/a><figcaption id=\"caption-attachment-1106\" class=\"wp-caption-text\">F\u00eate du jeu 2011 \u00e0 l&#39;Espace Van Gogh d&#39;Arles<\/figcaption><\/figure>\n<p>&nbsp;<\/p>\n<p>&nbsp;<\/p>\n<p>&nbsp;<\/p>","protected":false},"excerpt":{"rendered":"<p>La f\u00eate du jeu, organis\u00e9 par l\u2019association Martingale, se d\u00e9roulera les 28 et 29 Mai 2011 \u00e0 Arles. Parce qu\u2019il n\u2019y a pas d\u2019age pour jouer, Taco and Co vous invite tous, petits et grands, \u00e0 vous rendre \u00e0 l\u2019espace Van Gogh les samedi 28 Mai et dimanche 29 Mai de 10h00 \u00e0 19h00 . [&hellip;]<\/p>","protected":false},"author":2,"featured_media":1103,"comment_status":"closed","ping_status":"closed","sticky":false,"template":"","format":"standard","meta":{"footnotes":""},"categories":[4,3],"tags":[],"aioseo_notices":[],"yoast_head":"<!-- This site is optimized with the Yoast SEO plugin v22.3 - https:\/\/yoast.com\/wordpress\/plugins\/seo\/ -->\n<title>La f\u00eate du jeu, les 28 et 29 Mai 2011 \u00e0 l&#039;espace Van Gogh d&#039;Arles - Visiter Arles<\/title>\n<meta name=\"robots\" content=\"index, follow, max-snippet:-1, max-image-preview:large, max-video-preview:-1\" \/>\n<link rel=\"canonical\" href=\"https:\/\/www.visiterarles.com\/en\/blog\/2011\/05\/24\/la-fete-du-jeu-les-28-et-29-mai-2011-a-lespace-van-gogh-darles\/\" \/>\n<meta name=\"twitter:label1\" content=\"Written by\" \/>\n\t<meta name=\"twitter:data1\" content=\"damien\" \/>\n<script type=\"application\/ld+json\" class=\"yoast-schema-graph\">{\"@context\":\"https:\/\/schema.org\",\"@graph\":[{\"@type\":\"Article\",\"@id\":\"https:\/\/www.visiterarles.com\/blog\/2011\/05\/24\/la-fete-du-jeu-les-28-et-29-mai-2011-a-lespace-van-gogh-darles\/#article\",\"isPartOf\":{\"@id\":\"https:\/\/www.visiterarles.com\/blog\/2011\/05\/24\/la-fete-du-jeu-les-28-et-29-mai-2011-a-lespace-van-gogh-darles\/\"},\"author\":{\"name\":\"damien\",\"@id\":\"https:\/\/www.visiterarles.com\/en\/#\/schema\/person\/0ef93571b2fe272c676137a002139d56\"},\"headline\":\"La f\u00eate du jeu, les 28 et 29 Mai 2011 \u00e0 l&rsquo;espace Van Gogh d&rsquo;Arles\",\"datePublished\":\"2011-05-24T09:07:50+00:00\",\"dateModified\":\"2011-05-24T09:11:14+00:00\",\"mainEntityOfPage\":{\"@id\":\"https:\/\/www.visiterarles.com\/blog\/2011\/05\/24\/la-fete-du-jeu-les-28-et-29-mai-2011-a-lespace-van-gogh-darles\/\"},\"wordCount\":110,\"publisher\":{\"@id\":\"https:\/\/www.visiterarles.com\/en\/#organization\"},\"image\":{\"@id\":\"https:\/\/www.visiterarles.com\/blog\/2011\/05\/24\/la-fete-du-jeu-les-28-et-29-mai-2011-a-lespace-van-gogh-darles\/#primaryimage\"},\"thumbnailUrl\":\"https:\/\/www.visiterarles.com\/wp-content\/uploads\/2011\/05\/F\u00eate-du-jeu-2011-\u00e0-Arles2.jpg\",\"articleSection\":[\"accueil\",\"Actualit\u00e9s\"],\"inLanguage\":\"en-GB\"},{\"@type\":\"WebPage\",\"@id\":\"https:\/\/www.visiterarles.com\/blog\/2011\/05\/24\/la-fete-du-jeu-les-28-et-29-mai-2011-a-lespace-van-gogh-darles\/\",\"url\":\"https:\/\/www.visiterarles.com\/blog\/2011\/05\/24\/la-fete-du-jeu-les-28-et-29-mai-2011-a-lespace-van-gogh-darles\/\",\"name\":\"La f\u00eate du jeu, les 28 et 29 Mai 2011 \u00e0 l'espace Van Gogh d'Arles - Visiter Arles\",\"isPartOf\":{\"@id\":\"https:\/\/www.visiterarles.com\/en\/#website\"},\"primaryImageOfPage\":{\"@id\":\"https:\/\/www.visiterarles.com\/blog\/2011\/05\/24\/la-fete-du-jeu-les-28-et-29-mai-2011-a-lespace-van-gogh-darles\/#primaryimage\"},\"image\":{\"@id\":\"https:\/\/www.visiterarles.com\/blog\/2011\/05\/24\/la-fete-du-jeu-les-28-et-29-mai-2011-a-lespace-van-gogh-darles\/#primaryimage\"},\"thumbnailUrl\":\"https:\/\/www.visiterarles.com\/wp-content\/uploads\/2011\/05\/F\u00eate-du-jeu-2011-\u00e0-Arles2.jpg\",\"datePublished\":\"2011-05-24T09:07:50+00:00\",\"dateModified\":\"2011-05-24T09:11:14+00:00\",\"breadcrumb\":{\"@id\":\"https:\/\/www.visiterarles.com\/blog\/2011\/05\/24\/la-fete-du-jeu-les-28-et-29-mai-2011-a-lespace-van-gogh-darles\/#breadcrumb\"},\"inLanguage\":\"en-GB\",\"potentialAction\":[{\"@type\":\"ReadAction\",\"target\":[\"https:\/\/www.visiterarles.com\/blog\/2011\/05\/24\/la-fete-du-jeu-les-28-et-29-mai-2011-a-lespace-van-gogh-darles\/\"]}]},{\"@type\":\"ImageObject\",\"inLanguage\":\"en-GB\",\"@id\":\"https:\/\/www.visiterarles.com\/blog\/2011\/05\/24\/la-fete-du-jeu-les-28-et-29-mai-2011-a-lespace-van-gogh-darles\/#primaryimage\",\"url\":\"https:\/\/www.visiterarles.com\/wp-content\/uploads\/2011\/05\/F\u00eate-du-jeu-2011-\u00e0-Arles2.jpg\",\"contentUrl\":\"https:\/\/www.visiterarles.com\/wp-content\/uploads\/2011\/05\/F\u00eate-du-jeu-2011-\u00e0-Arles2.jpg\",\"width\":\"200\",\"height\":\"200\"},{\"@type\":\"BreadcrumbList\",\"@id\":\"https:\/\/www.visiterarles.com\/blog\/2011\/05\/24\/la-fete-du-jeu-les-28-et-29-mai-2011-a-lespace-van-gogh-darles\/#breadcrumb\",\"itemListElement\":[{\"@type\":\"ListItem\",\"position\":1,\"name\":\"Home\",\"item\":\"https:\/\/www.visiterarles.com\/\"},{\"@type\":\"ListItem\",\"position\":2,\"name\":\"La f\u00eate du jeu, les 28 et 29 Mai 2011 \u00e0 l&rsquo;espace Van Gogh d&rsquo;Arles\"}]},{\"@type\":\"WebSite\",\"@id\":\"https:\/\/www.visiterarles.com\/en\/#website\",\"url\":\"https:\/\/www.visiterarles.com\/en\/\",\"name\":\"Visiter Arles\",\"description\":\"Tourisme en Provence \u00e0 Arles\",\"publisher\":{\"@id\":\"https:\/\/www.visiterarles.com\/en\/#organization\"},\"potentialAction\":[{\"@type\":\"SearchAction\",\"target\":{\"@type\":\"EntryPoint\",\"urlTemplate\":\"https:\/\/www.visiterarles.com\/en\/?s={search_term_string}\"},\"query-input\":\"required name=search_term_string\"}],\"inLanguage\":\"en-GB\"},{\"@type\":\"Organization\",\"@id\":\"https:\/\/www.visiterarles.com\/en\/#organization\",\"name\":\"Visiter Arles\",\"url\":\"https:\/\/www.visiterarles.com\/en\/\",\"logo\":{\"@type\":\"ImageObject\",\"inLanguage\":\"en-GB\",\"@id\":\"https:\/\/www.visiterarles.com\/en\/#\/schema\/logo\/image\/\",\"url\":\"https:\/\/www.visiterarles.com\/wp-content\/uploads\/2017\/10\/taco-and-co-1-1.jpg\",\"contentUrl\":\"https:\/\/www.visiterarles.com\/wp-content\/uploads\/2017\/10\/taco-and-co-1-1.jpg\",\"width\":124,\"height\":73,\"caption\":\"Visiter Arles\"},\"image\":{\"@id\":\"https:\/\/www.visiterarles.com\/en\/#\/schema\/logo\/image\/\"}},{\"@type\":\"Person\",\"@id\":\"https:\/\/www.visiterarles.com\/en\/#\/schema\/person\/0ef93571b2fe272c676137a002139d56\",\"name\":\"damien\",\"image\":{\"@type\":\"ImageObject\",\"inLanguage\":\"en-GB\",\"@id\":\"https:\/\/www.visiterarles.com\/en\/#\/schema\/person\/image\/\",\"url\":\"https:\/\/secure.gravatar.com\/avatar\/7a0d4f0af72a2d627adac81a8c10a5b6?s=96&d=mm&r=g\",\"contentUrl\":\"https:\/\/secure.gravatar.com\/avatar\/7a0d4f0af72a2d627adac81a8c10a5b6?s=96&d=mm&r=g\",\"caption\":\"damien\"},\"url\":\"https:\/\/www.visiterarles.com\/en\/blog\/author\/damien\/\"}]}<\/script>\n<!-- \/ Yoast SEO plugin. -->","yoast_head_json":{"title":"La f\u00eate du jeu, les 28 et 29 Mai 2011 \u00e0 l'espace Van Gogh d'Arles - Visiter Arles","robots":{"index":"index","follow":"follow","max-snippet":"max-snippet:-1","max-image-preview":"max-image-preview:large","max-video-preview":"max-video-preview:-1"},"canonical":"https:\/\/www.visiterarles.com\/en\/blog\/2011\/05\/24\/la-fete-du-jeu-les-28-et-29-mai-2011-a-lespace-van-gogh-darles\/","twitter_misc":{"Written by":"damien"},"schema":{"@context":"https:\/\/schema.org","@graph":[{"@type":"Article","@id":"https:\/\/www.visiterarles.com\/blog\/2011\/05\/24\/la-fete-du-jeu-les-28-et-29-mai-2011-a-lespace-van-gogh-darles\/#article","isPartOf":{"@id":"https:\/\/www.visiterarles.com\/blog\/2011\/05\/24\/la-fete-du-jeu-les-28-et-29-mai-2011-a-lespace-van-gogh-darles\/"},"author":{"name":"damien","@id":"https:\/\/www.visiterarles.com\/en\/#\/schema\/person\/0ef93571b2fe272c676137a002139d56"},"headline":"La f\u00eate du jeu, les 28 et 29 Mai 2011 \u00e0 l&rsquo;espace Van Gogh d&rsquo;Arles","datePublished":"2011-05-24T09:07:50+00:00","dateModified":"2011-05-24T09:11:14+00:00","mainEntityOfPage":{"@id":"https:\/\/www.visiterarles.com\/blog\/2011\/05\/24\/la-fete-du-jeu-les-28-et-29-mai-2011-a-lespace-van-gogh-darles\/"},"wordCount":110,"publisher":{"@id":"https:\/\/www.visiterarles.com\/en\/#organization"},"image":{"@id":"https:\/\/www.visiterarles.com\/blog\/2011\/05\/24\/la-fete-du-jeu-les-28-et-29-mai-2011-a-lespace-van-gogh-darles\/#primaryimage"},"thumbnailUrl":"https:\/\/www.visiterarles.com\/wp-content\/uploads\/2011\/05\/F\u00eate-du-jeu-2011-\u00e0-Arles2.jpg","articleSection":["accueil","Actualit\u00e9s"],"inLanguage":"en-GB"},{"@type":"WebPage","@id":"https:\/\/www.visiterarles.com\/blog\/2011\/05\/24\/la-fete-du-jeu-les-28-et-29-mai-2011-a-lespace-van-gogh-darles\/","url":"https:\/\/www.visiterarles.com\/blog\/2011\/05\/24\/la-fete-du-jeu-les-28-et-29-mai-2011-a-lespace-van-gogh-darles\/","name":"La f\u00eate du jeu, les 28 et 29 Mai 2011 \u00e0 l'espace Van Gogh d'Arles - Visiter Arles","isPartOf":{"@id":"https:\/\/www.visiterarles.com\/en\/#website"},"primaryImageOfPage":{"@id":"https:\/\/www.visiterarles.com\/blog\/2011\/05\/24\/la-fete-du-jeu-les-28-et-29-mai-2011-a-lespace-van-gogh-darles\/#primaryimage"},"image":{"@id":"https:\/\/www.visiterarles.com\/blog\/2011\/05\/24\/la-fete-du-jeu-les-28-et-29-mai-2011-a-lespace-van-gogh-darles\/#primaryimage"},"thumbnailUrl":"https:\/\/www.visiterarles.com\/wp-content\/uploads\/2011\/05\/F\u00eate-du-jeu-2011-\u00e0-Arles2.jpg","datePublished":"2011-05-24T09:07:50+00:00","dateModified":"2011-05-24T09:11:14+00:00","breadcrumb":{"@id":"https:\/\/www.visiterarles.com\/blog\/2011\/05\/24\/la-fete-du-jeu-les-28-et-29-mai-2011-a-lespace-van-gogh-darles\/#breadcrumb"},"inLanguage":"en-GB","potentialAction":[{"@type":"ReadAction","target":["https:\/\/www.visiterarles.com\/blog\/2011\/05\/24\/la-fete-du-jeu-les-28-et-29-mai-2011-a-lespace-van-gogh-darles\/"]}]},{"@type":"ImageObject","inLanguage":"en-GB","@id":"https:\/\/www.visiterarles.com\/blog\/2011\/05\/24\/la-fete-du-jeu-les-28-et-29-mai-2011-a-lespace-van-gogh-darles\/#primaryimage","url":"https:\/\/www.visiterarles.com\/wp-content\/uploads\/2011\/05\/F\u00eate-du-jeu-2011-\u00e0-Arles2.jpg","contentUrl":"https:\/\/www.visiterarles.com\/wp-content\/uploads\/2011\/05\/F\u00eate-du-jeu-2011-\u00e0-Arles2.jpg","width":"200","height":"200"},{"@type":"BreadcrumbList","@id":"https:\/\/www.visiterarles.com\/blog\/2011\/05\/24\/la-fete-du-jeu-les-28-et-29-mai-2011-a-lespace-van-gogh-darles\/#breadcrumb","itemListElement":[{"@type":"ListItem","position":1,"name":"Home","item":"https:\/\/www.visiterarles.com\/"},{"@type":"ListItem","position":2,"name":"La f\u00eate du jeu, les 28 et 29 Mai 2011 \u00e0 l&rsquo;espace Van Gogh d&rsquo;Arles"}]},{"@type":"WebSite","@id":"https:\/\/www.visiterarles.com\/en\/#website","url":"https:\/\/www.visiterarles.com\/en\/","name":"Visiter Arles","description":"Tourisme en Provence \u00e0 Arles","publisher":{"@id":"https:\/\/www.visiterarles.com\/en\/#organization"},"potentialAction":[{"@type":"SearchAction","target":{"@type":"EntryPoint","urlTemplate":"https:\/\/www.visiterarles.com\/en\/?s={search_term_string}"},"query-input":"required name=search_term_string"}],"inLanguage":"en-GB"},{"@type":"Organization","@id":"https:\/\/www.visiterarles.com\/en\/#organization","name":"Visiter Arles","url":"https:\/\/www.visiterarles.com\/en\/","logo":{"@type":"ImageObject","inLanguage":"en-GB","@id":"https:\/\/www.visiterarles.com\/en\/#\/schema\/logo\/image\/","url":"https:\/\/www.visiterarles.com\/wp-content\/uploads\/2017\/10\/taco-and-co-1-1.jpg","contentUrl":"https:\/\/www.visiterarles.com\/wp-content\/uploads\/2017\/10\/taco-and-co-1-1.jpg","width":124,"height":73,"caption":"Visiter Arles"},"image":{"@id":"https:\/\/www.visiterarles.com\/en\/#\/schema\/logo\/image\/"}},{"@type":"Person","@id":"https:\/\/www.visiterarles.com\/en\/#\/schema\/person\/0ef93571b2fe272c676137a002139d56","name":"damien","image":{"@type":"ImageObject","inLanguage":"en-GB","@id":"https:\/\/www.visiterarles.com\/en\/#\/schema\/person\/image\/","url":"https:\/\/secure.gravatar.com\/avatar\/7a0d4f0af72a2d627adac81a8c10a5b6?s=96&d=mm&r=g","contentUrl":"https:\/\/secure.gravatar.com\/avatar\/7a0d4f0af72a2d627adac81a8c10a5b6?s=96&d=mm&r=g","caption":"damien"},"url":"https:\/\/www.visiterarles.com\/en\/blog\/author\/damien\/"}]}},"_links":{"self":[{"href":"https:\/\/www.visiterarles.com\/en\/wp-json\/wp\/v2\/posts\/1100"}],"collection":[{"href":"https:\/\/www.visiterarles.com\/en\/wp-json\/wp\/v2\/posts"}],"about":[{"href":"https:\/\/www.visiterarles.com\/en\/wp-json\/wp\/v2\/types\/post"}],"author":[{"embeddable":true,"href":"https:\/\/www.visiterarles.com\/en\/wp-json\/wp\/v2\/users\/2"}],"replies":[{"embeddable":true,"href":"https:\/\/www.visiterarles.com\/en\/wp-json\/wp\/v2\/comments?post=1100"}],"version-history":[{"count":0,"href":"https:\/\/www.visiterarles.com\/en\/wp-json\/wp\/v2\/posts\/1100\/revisions"}],"wp:featuredmedia":[{"embeddable":true,"href":"https:\/\/www.visiterarles.com\/en\/wp-json\/wp\/v2\/media\/1103"}],"wp:attachment":[{"href":"https:\/\/www.visiterarles.com\/en\/wp-json\/wp\/v2\/media?parent=1100"}],"wp:term":[{"taxonomy":"category","embeddable":true,"href":"https:\/\/www.visiterarles.com\/en\/wp-json\/wp\/v2\/categories?post=1100"},{"taxonomy":"post_tag","embeddable":true,"href":"https:\/\/www.visiterarles.com\/en\/wp-json\/wp\/v2\/tags?post=1100"}],"curies":[{"name":"wp","href":"https:\/\/api.w.org\/{rel}","templated":true}]}}