{"id":1144,"date":"2011-06-08T07:38:22","date_gmt":"2011-06-08T07:38:22","guid":{"rendered":"https:\/\/www.visiterarles.com\/?p=1144"},"modified":"2011-06-08T07:45:12","modified_gmt":"2011-06-08T07:45:12","slug":"ouverture-du-salon-vivre-cote-sud-2011-ce-vendredi-10-juin-a-10h","status":"publish","type":"post","link":"https:\/\/www.visiterarles.com\/en\/blog\/2011\/06\/08\/ouverture-du-salon-vivre-cote-sud-2011-ce-vendredi-10-juin-a-10h\/","title":{"rendered":"Ouverture du salon: Vivre C\u00f4t\u00e9 Sud, vendredi 10 Juin 2011 \u00e0 10h."},"content":{"rendered":"<figure id=\"attachment_1145\" aria-describedby=\"caption-attachment-1145\" style=\"width: 300px\" class=\"wp-caption aligncenter\"> <\/dt>\n<\/dl>\n<\/div>\n<p>J-2 avant l&rsquo;ouverture de la 13\u00e8me \u00e9dition du Salon Vivre C\u00f4t\u00e9 Sud qui se d\u00e9roulera au parc Jourdan d&rsquo;Aix en Provence.<\/p>\n<p>Plus de 200 exposants\u00a0vont vous \u00a0proposer, du 10 au 13 Juin 2011, de multiples animations d\u00e9co et culinaires autour du th\u00e8me de l&rsquo;ann\u00e9e : les \u00ab\u00a0Tabl\u00e9es d&rsquo;\u00e9t\u00e9\u00a0\u00bb&#8230;<\/p>\n<p>Avec\u00a0notamment\u00a0des ateliers culinaires, des d\u00e9monstrations de grands chefs ou encore de nombreuses d\u00e9gustations&#8230;.<\/p>\n<p>Le salon ouvre ses portes \u00e0 partir de 10h et ce jusqu&rsquo;\u00e0 19h.<\/p>\n<p>Nocturne et soir\u00e9e d&rsquo;inauguration Vendredi 10 Juin \u00a0jusqu&rsquo;\u00e0 22h.<\/p>\n<p>Venez nombreux!!!<\/p>\n<p>Plus d&rsquo;informations sur:<a title=\"Vivre c\u00f4t\u00e9 sud\" href=\"http:\/\/www.vivrecotesud.fr\/\" target=\"_blank\">http:\/\/www.vivrecotesud.fr\/<\/a><\/p>\n<div class=\"mceTemp mceIEcenter\">\n<dl id=\"attachment_1146\" class=\"wp-caption aligncenter\" style=\"width: 310px;\">\n<dt class=\"wp-caption-dt\"><a href=\"https:\/\/www.visiterarles.com\/wp-content\/uploads\/2011\/06\/FDR_5114-800x6001.jpg\"><img fetchpriority=\"high\" decoding=\"async\" class=\"size-medium wp-image-1146\" title=\"Vivre C\u00f4t\u00e9 Sud 2011\" src=\"https:\/\/www.visiterarles.com\/wp-content\/uploads\/2011\/06\/FDR_5114-800x6001-300x199.jpg\" alt=\"Vivre C\u00f4t\u00e9 Sud 2011\" width=\"300\" height=\"199\" srcset=\"https:\/\/www.visiterarles.com\/wp-content\/uploads\/2011\/06\/FDR_5114-800x6001-300x199.jpg 300w, https:\/\/www.visiterarles.com\/wp-content\/uploads\/2011\/06\/FDR_5114-800x6001.jpg 800w\" sizes=\"(max-width: 300px) 100vw, 300px\" \/><\/a><figcaption id=\"caption-attachment-1145\" class=\"wp-caption-text\">Vivre C\u00f4t\u00e9 Sud 2011<\/figcaption><\/figure>\n<p>&nbsp;<\/p><\/figure>","protected":false},"excerpt":{"rendered":"<p>&nbsp;<\/p>","protected":false},"author":2,"featured_media":1145,"comment_status":"closed","ping_status":"closed","sticky":false,"template":"","format":"standard","meta":{"footnotes":""},"categories":[4,3],"tags":[],"aioseo_notices":[],"yoast_head":"<!-- This site is optimized with the Yoast SEO plugin v22.3 - https:\/\/yoast.com\/wordpress\/plugins\/seo\/ -->\n<title>Ouverture du salon: Vivre C\u00f4t\u00e9 Sud, vendredi 10 Juin 2011 \u00e0 10h. - Visiter Arles<\/title>\n<meta name=\"robots\" content=\"index, follow, max-snippet:-1, max-image-preview:large, max-video-preview:-1\" \/>\n<link rel=\"canonical\" href=\"https:\/\/www.visiterarles.com\/en\/blog\/2011\/06\/08\/ouverture-du-salon-vivre-cote-sud-2011-ce-vendredi-10-juin-a-10h\/\" \/>\n<meta name=\"twitter:label1\" content=\"Written by\" \/>\n\t<meta name=\"twitter:data1\" content=\"damien\" \/>\n\t<meta name=\"twitter:label2\" content=\"Estimated reading time\" \/>\n\t<meta name=\"twitter:data2\" content=\"1 minute\" \/>\n<script type=\"application\/ld+json\" class=\"yoast-schema-graph\">{\"@context\":\"https:\/\/schema.org\",\"@graph\":[{\"@type\":\"Article\",\"@id\":\"https:\/\/www.visiterarles.com\/en\/blog\/2011\/06\/08\/ouverture-du-salon-vivre-cote-sud-2011-ce-vendredi-10-juin-a-10h\/#article\",\"isPartOf\":{\"@id\":\"https:\/\/www.visiterarles.com\/en\/blog\/2011\/06\/08\/ouverture-du-salon-vivre-cote-sud-2011-ce-vendredi-10-juin-a-10h\/\"},\"author\":{\"name\":\"damien\",\"@id\":\"https:\/\/www.visiterarles.com\/en\/#\/schema\/person\/0ef93571b2fe272c676137a002139d56\"},\"headline\":\"Ouverture du salon: Vivre C\u00f4t\u00e9 Sud, vendredi 10 Juin 2011 \u00e0 10h.\",\"datePublished\":\"2011-06-08T07:38:22+00:00\",\"dateModified\":\"2011-06-08T07:45:12+00:00\",\"mainEntityOfPage\":{\"@id\":\"https:\/\/www.visiterarles.com\/en\/blog\/2011\/06\/08\/ouverture-du-salon-vivre-cote-sud-2011-ce-vendredi-10-juin-a-10h\/\"},\"wordCount\":126,\"publisher\":{\"@id\":\"https:\/\/www.visiterarles.com\/en\/#organization\"},\"image\":{\"@id\":\"https:\/\/www.visiterarles.com\/en\/blog\/2011\/06\/08\/ouverture-du-salon-vivre-cote-sud-2011-ce-vendredi-10-juin-a-10h\/#primaryimage\"},\"thumbnailUrl\":\"https:\/\/www.visiterarles.com\/wp-content\/uploads\/2011\/06\/FDR_5114-800x600.jpg\",\"articleSection\":[\"accueil\",\"Actualit\u00e9s\"],\"inLanguage\":\"en-GB\"},{\"@type\":\"WebPage\",\"@id\":\"https:\/\/www.visiterarles.com\/en\/blog\/2011\/06\/08\/ouverture-du-salon-vivre-cote-sud-2011-ce-vendredi-10-juin-a-10h\/\",\"url\":\"https:\/\/www.visiterarles.com\/en\/blog\/2011\/06\/08\/ouverture-du-salon-vivre-cote-sud-2011-ce-vendredi-10-juin-a-10h\/\",\"name\":\"Ouverture du salon: Vivre C\u00f4t\u00e9 Sud, vendredi 10 Juin 2011 \u00e0 10h. - Visiter Arles\",\"isPartOf\":{\"@id\":\"https:\/\/www.visiterarles.com\/en\/#website\"},\"primaryImageOfPage\":{\"@id\":\"https:\/\/www.visiterarles.com\/en\/blog\/2011\/06\/08\/ouverture-du-salon-vivre-cote-sud-2011-ce-vendredi-10-juin-a-10h\/#primaryimage\"},\"image\":{\"@id\":\"https:\/\/www.visiterarles.com\/en\/blog\/2011\/06\/08\/ouverture-du-salon-vivre-cote-sud-2011-ce-vendredi-10-juin-a-10h\/#primaryimage\"},\"thumbnailUrl\":\"https:\/\/www.visiterarles.com\/wp-content\/uploads\/2011\/06\/FDR_5114-800x600.jpg\",\"datePublished\":\"2011-06-08T07:38:22+00:00\",\"dateModified\":\"2011-06-08T07:45:12+00:00\",\"breadcrumb\":{\"@id\":\"https:\/\/www.visiterarles.com\/en\/blog\/2011\/06\/08\/ouverture-du-salon-vivre-cote-sud-2011-ce-vendredi-10-juin-a-10h\/#breadcrumb\"},\"inLanguage\":\"en-GB\",\"potentialAction\":[{\"@type\":\"ReadAction\",\"target\":[\"https:\/\/www.visiterarles.com\/en\/blog\/2011\/06\/08\/ouverture-du-salon-vivre-cote-sud-2011-ce-vendredi-10-juin-a-10h\/\"]}]},{\"@type\":\"ImageObject\",\"inLanguage\":\"en-GB\",\"@id\":\"https:\/\/www.visiterarles.com\/en\/blog\/2011\/06\/08\/ouverture-du-salon-vivre-cote-sud-2011-ce-vendredi-10-juin-a-10h\/#primaryimage\",\"url\":\"https:\/\/www.visiterarles.com\/wp-content\/uploads\/2011\/06\/FDR_5114-800x600.jpg\",\"contentUrl\":\"https:\/\/www.visiterarles.com\/wp-content\/uploads\/2011\/06\/FDR_5114-800x600.jpg\",\"width\":\"800\",\"height\":\"531\",\"caption\":\"Vivre C\u00f4t\u00e9 Sud 2011\"},{\"@type\":\"BreadcrumbList\",\"@id\":\"https:\/\/www.visiterarles.com\/en\/blog\/2011\/06\/08\/ouverture-du-salon-vivre-cote-sud-2011-ce-vendredi-10-juin-a-10h\/#breadcrumb\",\"itemListElement\":[{\"@type\":\"ListItem\",\"position\":1,\"name\":\"Home\",\"item\":\"https:\/\/www.visiterarles.com\/\"},{\"@type\":\"ListItem\",\"position\":2,\"name\":\"Ouverture du salon: Vivre C\u00f4t\u00e9 Sud, vendredi 10 Juin 2011 \u00e0 10h.\"}]},{\"@type\":\"WebSite\",\"@id\":\"https:\/\/www.visiterarles.com\/en\/#website\",\"url\":\"https:\/\/www.visiterarles.com\/en\/\",\"name\":\"Visiter Arles\",\"description\":\"Tourisme en Provence \u00e0 Arles\",\"publisher\":{\"@id\":\"https:\/\/www.visiterarles.com\/en\/#organization\"},\"potentialAction\":[{\"@type\":\"SearchAction\",\"target\":{\"@type\":\"EntryPoint\",\"urlTemplate\":\"https:\/\/www.visiterarles.com\/en\/?s={search_term_string}\"},\"query-input\":\"required name=search_term_string\"}],\"inLanguage\":\"en-GB\"},{\"@type\":\"Organization\",\"@id\":\"https:\/\/www.visiterarles.com\/en\/#organization\",\"name\":\"Visiter Arles\",\"url\":\"https:\/\/www.visiterarles.com\/en\/\",\"logo\":{\"@type\":\"ImageObject\",\"inLanguage\":\"en-GB\",\"@id\":\"https:\/\/www.visiterarles.com\/en\/#\/schema\/logo\/image\/\",\"url\":\"https:\/\/www.visiterarles.com\/wp-content\/uploads\/2017\/10\/taco-and-co-1-1.jpg\",\"contentUrl\":\"https:\/\/www.visiterarles.com\/wp-content\/uploads\/2017\/10\/taco-and-co-1-1.jpg\",\"width\":124,\"height\":73,\"caption\":\"Visiter Arles\"},\"image\":{\"@id\":\"https:\/\/www.visiterarles.com\/en\/#\/schema\/logo\/image\/\"}},{\"@type\":\"Person\",\"@id\":\"https:\/\/www.visiterarles.com\/en\/#\/schema\/person\/0ef93571b2fe272c676137a002139d56\",\"name\":\"damien\",\"image\":{\"@type\":\"ImageObject\",\"inLanguage\":\"en-GB\",\"@id\":\"https:\/\/www.visiterarles.com\/en\/#\/schema\/person\/image\/\",\"url\":\"https:\/\/secure.gravatar.com\/avatar\/7a0d4f0af72a2d627adac81a8c10a5b6?s=96&d=mm&r=g\",\"contentUrl\":\"https:\/\/secure.gravatar.com\/avatar\/7a0d4f0af72a2d627adac81a8c10a5b6?s=96&d=mm&r=g\",\"caption\":\"damien\"},\"url\":\"https:\/\/www.visiterarles.com\/en\/blog\/author\/damien\/\"}]}<\/script>\n<!-- \/ Yoast SEO plugin. -->","yoast_head_json":{"title":"Ouverture du salon: Vivre C\u00f4t\u00e9 Sud, vendredi 10 Juin 2011 \u00e0 10h. - Visiter Arles","robots":{"index":"index","follow":"follow","max-snippet":"max-snippet:-1","max-image-preview":"max-image-preview:large","max-video-preview":"max-video-preview:-1"},"canonical":"https:\/\/www.visiterarles.com\/en\/blog\/2011\/06\/08\/ouverture-du-salon-vivre-cote-sud-2011-ce-vendredi-10-juin-a-10h\/","twitter_misc":{"Written by":"damien","Estimated reading time":"1 minute"},"schema":{"@context":"https:\/\/schema.org","@graph":[{"@type":"Article","@id":"https:\/\/www.visiterarles.com\/en\/blog\/2011\/06\/08\/ouverture-du-salon-vivre-cote-sud-2011-ce-vendredi-10-juin-a-10h\/#article","isPartOf":{"@id":"https:\/\/www.visiterarles.com\/en\/blog\/2011\/06\/08\/ouverture-du-salon-vivre-cote-sud-2011-ce-vendredi-10-juin-a-10h\/"},"author":{"name":"damien","@id":"https:\/\/www.visiterarles.com\/en\/#\/schema\/person\/0ef93571b2fe272c676137a002139d56"},"headline":"Ouverture du salon: Vivre C\u00f4t\u00e9 Sud, vendredi 10 Juin 2011 \u00e0 10h.","datePublished":"2011-06-08T07:38:22+00:00","dateModified":"2011-06-08T07:45:12+00:00","mainEntityOfPage":{"@id":"https:\/\/www.visiterarles.com\/en\/blog\/2011\/06\/08\/ouverture-du-salon-vivre-cote-sud-2011-ce-vendredi-10-juin-a-10h\/"},"wordCount":126,"publisher":{"@id":"https:\/\/www.visiterarles.com\/en\/#organization"},"image":{"@id":"https:\/\/www.visiterarles.com\/en\/blog\/2011\/06\/08\/ouverture-du-salon-vivre-cote-sud-2011-ce-vendredi-10-juin-a-10h\/#primaryimage"},"thumbnailUrl":"https:\/\/www.visiterarles.com\/wp-content\/uploads\/2011\/06\/FDR_5114-800x600.jpg","articleSection":["accueil","Actualit\u00e9s"],"inLanguage":"en-GB"},{"@type":"WebPage","@id":"https:\/\/www.visiterarles.com\/en\/blog\/2011\/06\/08\/ouverture-du-salon-vivre-cote-sud-2011-ce-vendredi-10-juin-a-10h\/","url":"https:\/\/www.visiterarles.com\/en\/blog\/2011\/06\/08\/ouverture-du-salon-vivre-cote-sud-2011-ce-vendredi-10-juin-a-10h\/","name":"Ouverture du salon: Vivre C\u00f4t\u00e9 Sud, vendredi 10 Juin 2011 \u00e0 10h. - Visiter Arles","isPartOf":{"@id":"https:\/\/www.visiterarles.com\/en\/#website"},"primaryImageOfPage":{"@id":"https:\/\/www.visiterarles.com\/en\/blog\/2011\/06\/08\/ouverture-du-salon-vivre-cote-sud-2011-ce-vendredi-10-juin-a-10h\/#primaryimage"},"image":{"@id":"https:\/\/www.visiterarles.com\/en\/blog\/2011\/06\/08\/ouverture-du-salon-vivre-cote-sud-2011-ce-vendredi-10-juin-a-10h\/#primaryimage"},"thumbnailUrl":"https:\/\/www.visiterarles.com\/wp-content\/uploads\/2011\/06\/FDR_5114-800x600.jpg","datePublished":"2011-06-08T07:38:22+00:00","dateModified":"2011-06-08T07:45:12+00:00","breadcrumb":{"@id":"https:\/\/www.visiterarles.com\/en\/blog\/2011\/06\/08\/ouverture-du-salon-vivre-cote-sud-2011-ce-vendredi-10-juin-a-10h\/#breadcrumb"},"inLanguage":"en-GB","potentialAction":[{"@type":"ReadAction","target":["https:\/\/www.visiterarles.com\/en\/blog\/2011\/06\/08\/ouverture-du-salon-vivre-cote-sud-2011-ce-vendredi-10-juin-a-10h\/"]}]},{"@type":"ImageObject","inLanguage":"en-GB","@id":"https:\/\/www.visiterarles.com\/en\/blog\/2011\/06\/08\/ouverture-du-salon-vivre-cote-sud-2011-ce-vendredi-10-juin-a-10h\/#primaryimage","url":"https:\/\/www.visiterarles.com\/wp-content\/uploads\/2011\/06\/FDR_5114-800x600.jpg","contentUrl":"https:\/\/www.visiterarles.com\/wp-content\/uploads\/2011\/06\/FDR_5114-800x600.jpg","width":"800","height":"531","caption":"Vivre C\u00f4t\u00e9 Sud 2011"},{"@type":"BreadcrumbList","@id":"https:\/\/www.visiterarles.com\/en\/blog\/2011\/06\/08\/ouverture-du-salon-vivre-cote-sud-2011-ce-vendredi-10-juin-a-10h\/#breadcrumb","itemListElement":[{"@type":"ListItem","position":1,"name":"Home","item":"https:\/\/www.visiterarles.com\/"},{"@type":"ListItem","position":2,"name":"Ouverture du salon: Vivre C\u00f4t\u00e9 Sud, vendredi 10 Juin 2011 \u00e0 10h."}]},{"@type":"WebSite","@id":"https:\/\/www.visiterarles.com\/en\/#website","url":"https:\/\/www.visiterarles.com\/en\/","name":"Visiter Arles","description":"Tourisme en Provence \u00e0 Arles","publisher":{"@id":"https:\/\/www.visiterarles.com\/en\/#organization"},"potentialAction":[{"@type":"SearchAction","target":{"@type":"EntryPoint","urlTemplate":"https:\/\/www.visiterarles.com\/en\/?s={search_term_string}"},"query-input":"required name=search_term_string"}],"inLanguage":"en-GB"},{"@type":"Organization","@id":"https:\/\/www.visiterarles.com\/en\/#organization","name":"Visiter Arles","url":"https:\/\/www.visiterarles.com\/en\/","logo":{"@type":"ImageObject","inLanguage":"en-GB","@id":"https:\/\/www.visiterarles.com\/en\/#\/schema\/logo\/image\/","url":"https:\/\/www.visiterarles.com\/wp-content\/uploads\/2017\/10\/taco-and-co-1-1.jpg","contentUrl":"https:\/\/www.visiterarles.com\/wp-content\/uploads\/2017\/10\/taco-and-co-1-1.jpg","width":124,"height":73,"caption":"Visiter Arles"},"image":{"@id":"https:\/\/www.visiterarles.com\/en\/#\/schema\/logo\/image\/"}},{"@type":"Person","@id":"https:\/\/www.visiterarles.com\/en\/#\/schema\/person\/0ef93571b2fe272c676137a002139d56","name":"damien","image":{"@type":"ImageObject","inLanguage":"en-GB","@id":"https:\/\/www.visiterarles.com\/en\/#\/schema\/person\/image\/","url":"https:\/\/secure.gravatar.com\/avatar\/7a0d4f0af72a2d627adac81a8c10a5b6?s=96&d=mm&r=g","contentUrl":"https:\/\/secure.gravatar.com\/avatar\/7a0d4f0af72a2d627adac81a8c10a5b6?s=96&d=mm&r=g","caption":"damien"},"url":"https:\/\/www.visiterarles.com\/en\/blog\/author\/damien\/"}]}},"_links":{"self":[{"href":"https:\/\/www.visiterarles.com\/en\/wp-json\/wp\/v2\/posts\/1144"}],"collection":[{"href":"https:\/\/www.visiterarles.com\/en\/wp-json\/wp\/v2\/posts"}],"about":[{"href":"https:\/\/www.visiterarles.com\/en\/wp-json\/wp\/v2\/types\/post"}],"author":[{"embeddable":true,"href":"https:\/\/www.visiterarles.com\/en\/wp-json\/wp\/v2\/users\/2"}],"replies":[{"embeddable":true,"href":"https:\/\/www.visiterarles.com\/en\/wp-json\/wp\/v2\/comments?post=1144"}],"version-history":[{"count":0,"href":"https:\/\/www.visiterarles.com\/en\/wp-json\/wp\/v2\/posts\/1144\/revisions"}],"wp:featuredmedia":[{"embeddable":true,"href":"https:\/\/www.visiterarles.com\/en\/wp-json\/wp\/v2\/media\/1145"}],"wp:attachment":[{"href":"https:\/\/www.visiterarles.com\/en\/wp-json\/wp\/v2\/media?parent=1144"}],"wp:term":[{"taxonomy":"category","embeddable":true,"href":"https:\/\/www.visiterarles.com\/en\/wp-json\/wp\/v2\/categories?post=1144"},{"taxonomy":"post_tag","embeddable":true,"href":"https:\/\/www.visiterarles.com\/en\/wp-json\/wp\/v2\/tags?post=1144"}],"curies":[{"name":"wp","href":"https:\/\/api.w.org\/{rel}","templated":true}]}}