{"id":1285,"date":"2011-09-20T20:39:37","date_gmt":"2011-09-20T20:39:37","guid":{"rendered":"https:\/\/www.visiterarles.com\/?p=1285"},"modified":"2011-09-20T20:44:31","modified_gmt":"2011-09-20T20:44:31","slug":"semaine-de-la-mobilite-2011","status":"publish","type":"post","link":"https:\/\/www.visiterarles.com\/en\/blog\/2011\/09\/20\/semaine-de-la-mobilite-2011\/","title":{"rendered":"Semaine de la mobilit\u00e9 et de la s\u00e9curit\u00e9 routi\u00e8re 2011"},"content":{"rendered":"<p>Pour la deuxi\u00e8me ann\u00e9e cons\u00e9cutive, Taco and Co participe \u00e0 la semaine europ\u00e9enne de la mobilit\u00e9 et de la s\u00e9curit\u00e9 routi\u00e8re organis\u00e9e \u00e0 Arles du 16 au 22 septembre 2011.<\/p>\n<p>Taco and Co tiendra un stand le mercredi 21 septembre sur la Place de la R\u00e9publique.<\/p>\n<p>A cette occasion, vous pourrez vous renseigner et essayer les v\u00e9los.<\/p>\n<p>Pour plus d&rsquo;informations:\u00a0<a rel=\"nofollow nofollow\" href=\"http:\/\/www.ville-arles.fr\/deplacements\/1-modes-doux\/semaine-mobilite\" target=\"_blank\">http:\/\/www.ville-arles.fr\/deplacements\/1-modes-doux\/semaine-mobilite<\/a><\/p>","protected":false},"excerpt":{"rendered":"<p>Pour la deuxi\u00e8me ann\u00e9e cons\u00e9cutive, Taco and Co participe \u00e0 la semaine europ\u00e9enne de la mobilit\u00e9 et de la s\u00e9curit\u00e9 routi\u00e8re organis\u00e9e \u00e0 Arles du 16 au 22 septembre 2011. Taco and Co tiendra un stand le mercredi 21 septembre sur la Place de la R\u00e9publique. A cette occasion, vous pourrez vous renseigner et essayer [&hellip;]<\/p>","protected":false},"author":2,"featured_media":1286,"comment_status":"closed","ping_status":"closed","sticky":false,"template":"","format":"standard","meta":{"footnotes":""},"categories":[4,3,1],"tags":[],"aioseo_notices":[],"yoast_head":"<!-- This site is optimized with the Yoast SEO plugin v22.3 - https:\/\/yoast.com\/wordpress\/plugins\/seo\/ -->\n<title>Semaine de la mobilit\u00e9 et de la s\u00e9curit\u00e9 routi\u00e8re 2011 - Visiter Arles<\/title>\n<meta name=\"robots\" content=\"index, follow, max-snippet:-1, max-image-preview:large, max-video-preview:-1\" \/>\n<link rel=\"canonical\" href=\"https:\/\/www.visiterarles.com\/en\/blog\/2011\/09\/20\/semaine-de-la-mobilite-2011\/\" \/>\n<meta name=\"twitter:label1\" content=\"Written by\" \/>\n\t<meta name=\"twitter:data1\" content=\"damien\" \/>\n<script type=\"application\/ld+json\" class=\"yoast-schema-graph\">{\"@context\":\"https:\/\/schema.org\",\"@graph\":[{\"@type\":\"Article\",\"@id\":\"https:\/\/www.visiterarles.com\/blog\/2011\/09\/20\/semaine-de-la-mobilite-2011\/#article\",\"isPartOf\":{\"@id\":\"https:\/\/www.visiterarles.com\/blog\/2011\/09\/20\/semaine-de-la-mobilite-2011\/\"},\"author\":{\"name\":\"damien\",\"@id\":\"https:\/\/www.visiterarles.com\/en\/#\/schema\/person\/0ef93571b2fe272c676137a002139d56\"},\"headline\":\"Semaine de la mobilit\u00e9 et de la s\u00e9curit\u00e9 routi\u00e8re 2011\",\"datePublished\":\"2011-09-20T20:39:37+00:00\",\"dateModified\":\"2011-09-20T20:44:31+00:00\",\"mainEntityOfPage\":{\"@id\":\"https:\/\/www.visiterarles.com\/blog\/2011\/09\/20\/semaine-de-la-mobilite-2011\/\"},\"wordCount\":82,\"publisher\":{\"@id\":\"https:\/\/www.visiterarles.com\/en\/#organization\"},\"image\":{\"@id\":\"https:\/\/www.visiterarles.com\/blog\/2011\/09\/20\/semaine-de-la-mobilite-2011\/#primaryimage\"},\"thumbnailUrl\":\"https:\/\/www.visiterarles.com\/wp-content\/uploads\/2011\/09\/visuel-2011-Copier.jpg\",\"articleSection\":[\"accueil\",\"Actualit\u00e9s\",\"Non classifi\u00e9(e)\"],\"inLanguage\":\"en-GB\"},{\"@type\":\"WebPage\",\"@id\":\"https:\/\/www.visiterarles.com\/blog\/2011\/09\/20\/semaine-de-la-mobilite-2011\/\",\"url\":\"https:\/\/www.visiterarles.com\/blog\/2011\/09\/20\/semaine-de-la-mobilite-2011\/\",\"name\":\"Semaine de la mobilit\u00e9 et de la s\u00e9curit\u00e9 routi\u00e8re 2011 - Visiter Arles\",\"isPartOf\":{\"@id\":\"https:\/\/www.visiterarles.com\/en\/#website\"},\"primaryImageOfPage\":{\"@id\":\"https:\/\/www.visiterarles.com\/blog\/2011\/09\/20\/semaine-de-la-mobilite-2011\/#primaryimage\"},\"image\":{\"@id\":\"https:\/\/www.visiterarles.com\/blog\/2011\/09\/20\/semaine-de-la-mobilite-2011\/#primaryimage\"},\"thumbnailUrl\":\"https:\/\/www.visiterarles.com\/wp-content\/uploads\/2011\/09\/visuel-2011-Copier.jpg\",\"datePublished\":\"2011-09-20T20:39:37+00:00\",\"dateModified\":\"2011-09-20T20:44:31+00:00\",\"breadcrumb\":{\"@id\":\"https:\/\/www.visiterarles.com\/blog\/2011\/09\/20\/semaine-de-la-mobilite-2011\/#breadcrumb\"},\"inLanguage\":\"en-GB\",\"potentialAction\":[{\"@type\":\"ReadAction\",\"target\":[\"https:\/\/www.visiterarles.com\/blog\/2011\/09\/20\/semaine-de-la-mobilite-2011\/\"]}]},{\"@type\":\"ImageObject\",\"inLanguage\":\"en-GB\",\"@id\":\"https:\/\/www.visiterarles.com\/blog\/2011\/09\/20\/semaine-de-la-mobilite-2011\/#primaryimage\",\"url\":\"https:\/\/www.visiterarles.com\/wp-content\/uploads\/2011\/09\/visuel-2011-Copier.jpg\",\"contentUrl\":\"https:\/\/www.visiterarles.com\/wp-content\/uploads\/2011\/09\/visuel-2011-Copier.jpg\",\"width\":\"424\",\"height\":\"600\",\"caption\":\"semaine europ\u00e9enne de la mobilit\u00e9\"},{\"@type\":\"BreadcrumbList\",\"@id\":\"https:\/\/www.visiterarles.com\/blog\/2011\/09\/20\/semaine-de-la-mobilite-2011\/#breadcrumb\",\"itemListElement\":[{\"@type\":\"ListItem\",\"position\":1,\"name\":\"Home\",\"item\":\"https:\/\/www.visiterarles.com\/\"},{\"@type\":\"ListItem\",\"position\":2,\"name\":\"Semaine de la mobilit\u00e9 et de la s\u00e9curit\u00e9 routi\u00e8re 2011\"}]},{\"@type\":\"WebSite\",\"@id\":\"https:\/\/www.visiterarles.com\/en\/#website\",\"url\":\"https:\/\/www.visiterarles.com\/en\/\",\"name\":\"Visiter Arles\",\"description\":\"Tourisme en Provence \u00e0 Arles\",\"publisher\":{\"@id\":\"https:\/\/www.visiterarles.com\/en\/#organization\"},\"potentialAction\":[{\"@type\":\"SearchAction\",\"target\":{\"@type\":\"EntryPoint\",\"urlTemplate\":\"https:\/\/www.visiterarles.com\/en\/?s={search_term_string}\"},\"query-input\":\"required name=search_term_string\"}],\"inLanguage\":\"en-GB\"},{\"@type\":\"Organization\",\"@id\":\"https:\/\/www.visiterarles.com\/en\/#organization\",\"name\":\"Visiter Arles\",\"url\":\"https:\/\/www.visiterarles.com\/en\/\",\"logo\":{\"@type\":\"ImageObject\",\"inLanguage\":\"en-GB\",\"@id\":\"https:\/\/www.visiterarles.com\/en\/#\/schema\/logo\/image\/\",\"url\":\"https:\/\/www.visiterarles.com\/wp-content\/uploads\/2017\/10\/taco-and-co-1-1.jpg\",\"contentUrl\":\"https:\/\/www.visiterarles.com\/wp-content\/uploads\/2017\/10\/taco-and-co-1-1.jpg\",\"width\":124,\"height\":73,\"caption\":\"Visiter Arles\"},\"image\":{\"@id\":\"https:\/\/www.visiterarles.com\/en\/#\/schema\/logo\/image\/\"}},{\"@type\":\"Person\",\"@id\":\"https:\/\/www.visiterarles.com\/en\/#\/schema\/person\/0ef93571b2fe272c676137a002139d56\",\"name\":\"damien\",\"image\":{\"@type\":\"ImageObject\",\"inLanguage\":\"en-GB\",\"@id\":\"https:\/\/www.visiterarles.com\/en\/#\/schema\/person\/image\/\",\"url\":\"https:\/\/secure.gravatar.com\/avatar\/7a0d4f0af72a2d627adac81a8c10a5b6?s=96&d=mm&r=g\",\"contentUrl\":\"https:\/\/secure.gravatar.com\/avatar\/7a0d4f0af72a2d627adac81a8c10a5b6?s=96&d=mm&r=g\",\"caption\":\"damien\"},\"url\":\"https:\/\/www.visiterarles.com\/en\/blog\/author\/damien\/\"}]}<\/script>\n<!-- \/ Yoast SEO plugin. -->","yoast_head_json":{"title":"Semaine de la mobilit\u00e9 et de la s\u00e9curit\u00e9 routi\u00e8re 2011 - Visiter Arles","robots":{"index":"index","follow":"follow","max-snippet":"max-snippet:-1","max-image-preview":"max-image-preview:large","max-video-preview":"max-video-preview:-1"},"canonical":"https:\/\/www.visiterarles.com\/en\/blog\/2011\/09\/20\/semaine-de-la-mobilite-2011\/","twitter_misc":{"Written by":"damien"},"schema":{"@context":"https:\/\/schema.org","@graph":[{"@type":"Article","@id":"https:\/\/www.visiterarles.com\/blog\/2011\/09\/20\/semaine-de-la-mobilite-2011\/#article","isPartOf":{"@id":"https:\/\/www.visiterarles.com\/blog\/2011\/09\/20\/semaine-de-la-mobilite-2011\/"},"author":{"name":"damien","@id":"https:\/\/www.visiterarles.com\/en\/#\/schema\/person\/0ef93571b2fe272c676137a002139d56"},"headline":"Semaine de la mobilit\u00e9 et de la s\u00e9curit\u00e9 routi\u00e8re 2011","datePublished":"2011-09-20T20:39:37+00:00","dateModified":"2011-09-20T20:44:31+00:00","mainEntityOfPage":{"@id":"https:\/\/www.visiterarles.com\/blog\/2011\/09\/20\/semaine-de-la-mobilite-2011\/"},"wordCount":82,"publisher":{"@id":"https:\/\/www.visiterarles.com\/en\/#organization"},"image":{"@id":"https:\/\/www.visiterarles.com\/blog\/2011\/09\/20\/semaine-de-la-mobilite-2011\/#primaryimage"},"thumbnailUrl":"https:\/\/www.visiterarles.com\/wp-content\/uploads\/2011\/09\/visuel-2011-Copier.jpg","articleSection":["accueil","Actualit\u00e9s","Non classifi\u00e9(e)"],"inLanguage":"en-GB"},{"@type":"WebPage","@id":"https:\/\/www.visiterarles.com\/blog\/2011\/09\/20\/semaine-de-la-mobilite-2011\/","url":"https:\/\/www.visiterarles.com\/blog\/2011\/09\/20\/semaine-de-la-mobilite-2011\/","name":"Semaine de la mobilit\u00e9 et de la s\u00e9curit\u00e9 routi\u00e8re 2011 - Visiter Arles","isPartOf":{"@id":"https:\/\/www.visiterarles.com\/en\/#website"},"primaryImageOfPage":{"@id":"https:\/\/www.visiterarles.com\/blog\/2011\/09\/20\/semaine-de-la-mobilite-2011\/#primaryimage"},"image":{"@id":"https:\/\/www.visiterarles.com\/blog\/2011\/09\/20\/semaine-de-la-mobilite-2011\/#primaryimage"},"thumbnailUrl":"https:\/\/www.visiterarles.com\/wp-content\/uploads\/2011\/09\/visuel-2011-Copier.jpg","datePublished":"2011-09-20T20:39:37+00:00","dateModified":"2011-09-20T20:44:31+00:00","breadcrumb":{"@id":"https:\/\/www.visiterarles.com\/blog\/2011\/09\/20\/semaine-de-la-mobilite-2011\/#breadcrumb"},"inLanguage":"en-GB","potentialAction":[{"@type":"ReadAction","target":["https:\/\/www.visiterarles.com\/blog\/2011\/09\/20\/semaine-de-la-mobilite-2011\/"]}]},{"@type":"ImageObject","inLanguage":"en-GB","@id":"https:\/\/www.visiterarles.com\/blog\/2011\/09\/20\/semaine-de-la-mobilite-2011\/#primaryimage","url":"https:\/\/www.visiterarles.com\/wp-content\/uploads\/2011\/09\/visuel-2011-Copier.jpg","contentUrl":"https:\/\/www.visiterarles.com\/wp-content\/uploads\/2011\/09\/visuel-2011-Copier.jpg","width":"424","height":"600","caption":"semaine europ\u00e9enne de la mobilit\u00e9"},{"@type":"BreadcrumbList","@id":"https:\/\/www.visiterarles.com\/blog\/2011\/09\/20\/semaine-de-la-mobilite-2011\/#breadcrumb","itemListElement":[{"@type":"ListItem","position":1,"name":"Home","item":"https:\/\/www.visiterarles.com\/"},{"@type":"ListItem","position":2,"name":"Semaine de la mobilit\u00e9 et de la s\u00e9curit\u00e9 routi\u00e8re 2011"}]},{"@type":"WebSite","@id":"https:\/\/www.visiterarles.com\/en\/#website","url":"https:\/\/www.visiterarles.com\/en\/","name":"Visiter Arles","description":"Tourisme en Provence \u00e0 Arles","publisher":{"@id":"https:\/\/www.visiterarles.com\/en\/#organization"},"potentialAction":[{"@type":"SearchAction","target":{"@type":"EntryPoint","urlTemplate":"https:\/\/www.visiterarles.com\/en\/?s={search_term_string}"},"query-input":"required name=search_term_string"}],"inLanguage":"en-GB"},{"@type":"Organization","@id":"https:\/\/www.visiterarles.com\/en\/#organization","name":"Visiter Arles","url":"https:\/\/www.visiterarles.com\/en\/","logo":{"@type":"ImageObject","inLanguage":"en-GB","@id":"https:\/\/www.visiterarles.com\/en\/#\/schema\/logo\/image\/","url":"https:\/\/www.visiterarles.com\/wp-content\/uploads\/2017\/10\/taco-and-co-1-1.jpg","contentUrl":"https:\/\/www.visiterarles.com\/wp-content\/uploads\/2017\/10\/taco-and-co-1-1.jpg","width":124,"height":73,"caption":"Visiter Arles"},"image":{"@id":"https:\/\/www.visiterarles.com\/en\/#\/schema\/logo\/image\/"}},{"@type":"Person","@id":"https:\/\/www.visiterarles.com\/en\/#\/schema\/person\/0ef93571b2fe272c676137a002139d56","name":"damien","image":{"@type":"ImageObject","inLanguage":"en-GB","@id":"https:\/\/www.visiterarles.com\/en\/#\/schema\/person\/image\/","url":"https:\/\/secure.gravatar.com\/avatar\/7a0d4f0af72a2d627adac81a8c10a5b6?s=96&d=mm&r=g","contentUrl":"https:\/\/secure.gravatar.com\/avatar\/7a0d4f0af72a2d627adac81a8c10a5b6?s=96&d=mm&r=g","caption":"damien"},"url":"https:\/\/www.visiterarles.com\/en\/blog\/author\/damien\/"}]}},"_links":{"self":[{"href":"https:\/\/www.visiterarles.com\/en\/wp-json\/wp\/v2\/posts\/1285"}],"collection":[{"href":"https:\/\/www.visiterarles.com\/en\/wp-json\/wp\/v2\/posts"}],"about":[{"href":"https:\/\/www.visiterarles.com\/en\/wp-json\/wp\/v2\/types\/post"}],"author":[{"embeddable":true,"href":"https:\/\/www.visiterarles.com\/en\/wp-json\/wp\/v2\/users\/2"}],"replies":[{"embeddable":true,"href":"https:\/\/www.visiterarles.com\/en\/wp-json\/wp\/v2\/comments?post=1285"}],"version-history":[{"count":0,"href":"https:\/\/www.visiterarles.com\/en\/wp-json\/wp\/v2\/posts\/1285\/revisions"}],"wp:featuredmedia":[{"embeddable":true,"href":"https:\/\/www.visiterarles.com\/en\/wp-json\/wp\/v2\/media\/1286"}],"wp:attachment":[{"href":"https:\/\/www.visiterarles.com\/en\/wp-json\/wp\/v2\/media?parent=1285"}],"wp:term":[{"taxonomy":"category","embeddable":true,"href":"https:\/\/www.visiterarles.com\/en\/wp-json\/wp\/v2\/categories?post=1285"},{"taxonomy":"post_tag","embeddable":true,"href":"https:\/\/www.visiterarles.com\/en\/wp-json\/wp\/v2\/tags?post=1285"}],"curies":[{"name":"wp","href":"https:\/\/api.w.org\/{rel}","templated":true}]}}