{"id":1315,"date":"2011-10-26T12:09:47","date_gmt":"2011-10-26T12:09:47","guid":{"rendered":"https:\/\/www.visiterarles.com\/?p=1315"},"modified":"2011-10-26T12:09:47","modified_gmt":"2011-10-26T12:09:47","slug":"jean-martin-vous-presente-rcaberre-le-dimanche-30-octobre-a-13h30-au-stade-mailhan-a-arles","status":"publish","type":"post","link":"https:\/\/www.visiterarles.com\/en\/blog\/2011\/10\/26\/jean-martin-vous-presente-rcaberre-le-dimanche-30-octobre-a-13h30-au-stade-mailhan-a-arles\/","title":{"rendered":"Jean Martin vous pr\u00e9sente RCA\/Berre le dimanche 30 Octobre \u00e0 13h30 au stade Mailhan \u00e0 Arles."},"content":{"rendered":"<p>Jean Martin et Taco and Co vous invitent \u00e0 vous rendre au stade Mailhan le Dimanche 30 Octobre \u00e0 partir de 13h30 pour assister \u00e0 la 4\u00e8me journ\u00e9e du championnat de rugby de f\u00e9d\u00e9ral 3.<\/p>\n<p>Venez nombreux soutenir le RCA, qui\u00a0accueille\u00a0l&rsquo;\u00e9quipe de Berre, leader invaincu de ce championnat &#8230;. pour l&rsquo;instant.<\/p>\n<figure id=\"attachment_1316\" aria-describedby=\"caption-attachment-1316\" style=\"width: 400px\" class=\"wp-caption aligncenter\"><a href=\"https:\/\/www.visiterarles.com\/wp-content\/uploads\/2011\/10\/IMG_0625-Copier.jpg\"><img fetchpriority=\"high\" decoding=\"async\" class=\"size-full wp-image-1316\" title=\"Jean Martin pr\u00e9sente RCA \/ Berre\" src=\"https:\/\/www.visiterarles.com\/wp-content\/uploads\/2011\/10\/IMG_0625-Copier.jpg\" alt=\"Jean Martin pr\u00e9sente RCA \/ Berre\" width=\"400\" height=\"600\" srcset=\"https:\/\/www.visiterarles.com\/wp-content\/uploads\/2011\/10\/IMG_0625-Copier.jpg 400w, https:\/\/www.visiterarles.com\/wp-content\/uploads\/2011\/10\/IMG_0625-Copier-200x300.jpg 200w\" sizes=\"(max-width: 400px) 100vw, 400px\" \/><\/a><figcaption id=\"caption-attachment-1316\" class=\"wp-caption-text\">Jean Martin pr\u00e9sente RCA \/ Berre<\/figcaption><\/figure>","protected":false},"excerpt":{"rendered":"<p>Jean Martin et Taco and Co vous invitent \u00e0 vous rendre au stade Mailhan le Dimanche 30 Octobre \u00e0 partir de 13h30 pour assister \u00e0 la 4\u00e8me journ\u00e9e du championnat de rugby de f\u00e9d\u00e9ral 3. Venez nombreux soutenir le RCA, qui\u00a0accueille\u00a0l&rsquo;\u00e9quipe de Berre, leader invaincu de ce championnat &#8230;. pour l&rsquo;instant.<\/p>","protected":false},"author":2,"featured_media":1316,"comment_status":"closed","ping_status":"closed","sticky":false,"template":"","format":"standard","meta":{"footnotes":""},"categories":[4,3],"tags":[],"aioseo_notices":[],"yoast_head":"<!-- This site is optimized with the Yoast SEO plugin v22.3 - https:\/\/yoast.com\/wordpress\/plugins\/seo\/ -->\n<title>Jean Martin vous pr\u00e9sente RCA\/Berre le dimanche 30 Octobre \u00e0 13h30 au stade Mailhan \u00e0 Arles. - Visiter Arles<\/title>\n<meta name=\"robots\" content=\"index, follow, max-snippet:-1, max-image-preview:large, max-video-preview:-1\" \/>\n<link rel=\"canonical\" href=\"https:\/\/www.visiterarles.com\/en\/blog\/2011\/10\/26\/jean-martin-vous-presente-rcaberre-le-dimanche-30-octobre-a-13h30-au-stade-mailhan-a-arles\/\" \/>\n<meta name=\"twitter:label1\" content=\"Written by\" \/>\n\t<meta name=\"twitter:data1\" content=\"damien\" \/>\n<script type=\"application\/ld+json\" class=\"yoast-schema-graph\">{\"@context\":\"https:\/\/schema.org\",\"@graph\":[{\"@type\":\"Article\",\"@id\":\"https:\/\/www.visiterarles.com\/blog\/2011\/10\/26\/jean-martin-vous-presente-rcaberre-le-dimanche-30-octobre-a-13h30-au-stade-mailhan-a-arles\/#article\",\"isPartOf\":{\"@id\":\"https:\/\/www.visiterarles.com\/blog\/2011\/10\/26\/jean-martin-vous-presente-rcaberre-le-dimanche-30-octobre-a-13h30-au-stade-mailhan-a-arles\/\"},\"author\":{\"name\":\"damien\",\"@id\":\"https:\/\/www.visiterarles.com\/en\/#\/schema\/person\/0ef93571b2fe272c676137a002139d56\"},\"headline\":\"Jean Martin vous pr\u00e9sente RCA\/Berre le dimanche 30 Octobre \u00e0 13h30 au stade Mailhan \u00e0 Arles.\",\"datePublished\":\"2011-10-26T12:09:47+00:00\",\"dateModified\":\"2011-10-26T12:09:47+00:00\",\"mainEntityOfPage\":{\"@id\":\"https:\/\/www.visiterarles.com\/blog\/2011\/10\/26\/jean-martin-vous-presente-rcaberre-le-dimanche-30-octobre-a-13h30-au-stade-mailhan-a-arles\/\"},\"wordCount\":81,\"publisher\":{\"@id\":\"https:\/\/www.visiterarles.com\/en\/#organization\"},\"image\":{\"@id\":\"https:\/\/www.visiterarles.com\/blog\/2011\/10\/26\/jean-martin-vous-presente-rcaberre-le-dimanche-30-octobre-a-13h30-au-stade-mailhan-a-arles\/#primaryimage\"},\"thumbnailUrl\":\"https:\/\/www.visiterarles.com\/wp-content\/uploads\/2011\/10\/IMG_0625-Copier.jpg\",\"articleSection\":[\"accueil\",\"Actualit\u00e9s\"],\"inLanguage\":\"en-GB\"},{\"@type\":\"WebPage\",\"@id\":\"https:\/\/www.visiterarles.com\/blog\/2011\/10\/26\/jean-martin-vous-presente-rcaberre-le-dimanche-30-octobre-a-13h30-au-stade-mailhan-a-arles\/\",\"url\":\"https:\/\/www.visiterarles.com\/blog\/2011\/10\/26\/jean-martin-vous-presente-rcaberre-le-dimanche-30-octobre-a-13h30-au-stade-mailhan-a-arles\/\",\"name\":\"Jean Martin vous pr\u00e9sente RCA\/Berre le dimanche 30 Octobre \u00e0 13h30 au stade Mailhan \u00e0 Arles. - Visiter Arles\",\"isPartOf\":{\"@id\":\"https:\/\/www.visiterarles.com\/en\/#website\"},\"primaryImageOfPage\":{\"@id\":\"https:\/\/www.visiterarles.com\/blog\/2011\/10\/26\/jean-martin-vous-presente-rcaberre-le-dimanche-30-octobre-a-13h30-au-stade-mailhan-a-arles\/#primaryimage\"},\"image\":{\"@id\":\"https:\/\/www.visiterarles.com\/blog\/2011\/10\/26\/jean-martin-vous-presente-rcaberre-le-dimanche-30-octobre-a-13h30-au-stade-mailhan-a-arles\/#primaryimage\"},\"thumbnailUrl\":\"https:\/\/www.visiterarles.com\/wp-content\/uploads\/2011\/10\/IMG_0625-Copier.jpg\",\"datePublished\":\"2011-10-26T12:09:47+00:00\",\"dateModified\":\"2011-10-26T12:09:47+00:00\",\"breadcrumb\":{\"@id\":\"https:\/\/www.visiterarles.com\/blog\/2011\/10\/26\/jean-martin-vous-presente-rcaberre-le-dimanche-30-octobre-a-13h30-au-stade-mailhan-a-arles\/#breadcrumb\"},\"inLanguage\":\"en-GB\",\"potentialAction\":[{\"@type\":\"ReadAction\",\"target\":[\"https:\/\/www.visiterarles.com\/blog\/2011\/10\/26\/jean-martin-vous-presente-rcaberre-le-dimanche-30-octobre-a-13h30-au-stade-mailhan-a-arles\/\"]}]},{\"@type\":\"ImageObject\",\"inLanguage\":\"en-GB\",\"@id\":\"https:\/\/www.visiterarles.com\/blog\/2011\/10\/26\/jean-martin-vous-presente-rcaberre-le-dimanche-30-octobre-a-13h30-au-stade-mailhan-a-arles\/#primaryimage\",\"url\":\"https:\/\/www.visiterarles.com\/wp-content\/uploads\/2011\/10\/IMG_0625-Copier.jpg\",\"contentUrl\":\"https:\/\/www.visiterarles.com\/wp-content\/uploads\/2011\/10\/IMG_0625-Copier.jpg\",\"width\":\"400\",\"height\":\"600\",\"caption\":\"Jean Martin pr\u00e9sente RCA \/ Berre\"},{\"@type\":\"BreadcrumbList\",\"@id\":\"https:\/\/www.visiterarles.com\/blog\/2011\/10\/26\/jean-martin-vous-presente-rcaberre-le-dimanche-30-octobre-a-13h30-au-stade-mailhan-a-arles\/#breadcrumb\",\"itemListElement\":[{\"@type\":\"ListItem\",\"position\":1,\"name\":\"Home\",\"item\":\"https:\/\/www.visiterarles.com\/\"},{\"@type\":\"ListItem\",\"position\":2,\"name\":\"Jean Martin vous pr\u00e9sente RCA\/Berre le dimanche 30 Octobre \u00e0 13h30 au stade Mailhan \u00e0 Arles.\"}]},{\"@type\":\"WebSite\",\"@id\":\"https:\/\/www.visiterarles.com\/en\/#website\",\"url\":\"https:\/\/www.visiterarles.com\/en\/\",\"name\":\"Visiter Arles\",\"description\":\"Tourisme en Provence \u00e0 Arles\",\"publisher\":{\"@id\":\"https:\/\/www.visiterarles.com\/en\/#organization\"},\"potentialAction\":[{\"@type\":\"SearchAction\",\"target\":{\"@type\":\"EntryPoint\",\"urlTemplate\":\"https:\/\/www.visiterarles.com\/en\/?s={search_term_string}\"},\"query-input\":\"required name=search_term_string\"}],\"inLanguage\":\"en-GB\"},{\"@type\":\"Organization\",\"@id\":\"https:\/\/www.visiterarles.com\/en\/#organization\",\"name\":\"Visiter Arles\",\"url\":\"https:\/\/www.visiterarles.com\/en\/\",\"logo\":{\"@type\":\"ImageObject\",\"inLanguage\":\"en-GB\",\"@id\":\"https:\/\/www.visiterarles.com\/en\/#\/schema\/logo\/image\/\",\"url\":\"https:\/\/www.visiterarles.com\/wp-content\/uploads\/2017\/10\/taco-and-co-1-1.jpg\",\"contentUrl\":\"https:\/\/www.visiterarles.com\/wp-content\/uploads\/2017\/10\/taco-and-co-1-1.jpg\",\"width\":124,\"height\":73,\"caption\":\"Visiter Arles\"},\"image\":{\"@id\":\"https:\/\/www.visiterarles.com\/en\/#\/schema\/logo\/image\/\"}},{\"@type\":\"Person\",\"@id\":\"https:\/\/www.visiterarles.com\/en\/#\/schema\/person\/0ef93571b2fe272c676137a002139d56\",\"name\":\"damien\",\"image\":{\"@type\":\"ImageObject\",\"inLanguage\":\"en-GB\",\"@id\":\"https:\/\/www.visiterarles.com\/en\/#\/schema\/person\/image\/\",\"url\":\"https:\/\/secure.gravatar.com\/avatar\/7a0d4f0af72a2d627adac81a8c10a5b6?s=96&d=mm&r=g\",\"contentUrl\":\"https:\/\/secure.gravatar.com\/avatar\/7a0d4f0af72a2d627adac81a8c10a5b6?s=96&d=mm&r=g\",\"caption\":\"damien\"},\"url\":\"https:\/\/www.visiterarles.com\/en\/blog\/author\/damien\/\"}]}<\/script>\n<!-- \/ Yoast SEO plugin. -->","yoast_head_json":{"title":"Jean Martin vous pr\u00e9sente RCA\/Berre le dimanche 30 Octobre \u00e0 13h30 au stade Mailhan \u00e0 Arles. - Visiter Arles","robots":{"index":"index","follow":"follow","max-snippet":"max-snippet:-1","max-image-preview":"max-image-preview:large","max-video-preview":"max-video-preview:-1"},"canonical":"https:\/\/www.visiterarles.com\/en\/blog\/2011\/10\/26\/jean-martin-vous-presente-rcaberre-le-dimanche-30-octobre-a-13h30-au-stade-mailhan-a-arles\/","twitter_misc":{"Written by":"damien"},"schema":{"@context":"https:\/\/schema.org","@graph":[{"@type":"Article","@id":"https:\/\/www.visiterarles.com\/blog\/2011\/10\/26\/jean-martin-vous-presente-rcaberre-le-dimanche-30-octobre-a-13h30-au-stade-mailhan-a-arles\/#article","isPartOf":{"@id":"https:\/\/www.visiterarles.com\/blog\/2011\/10\/26\/jean-martin-vous-presente-rcaberre-le-dimanche-30-octobre-a-13h30-au-stade-mailhan-a-arles\/"},"author":{"name":"damien","@id":"https:\/\/www.visiterarles.com\/en\/#\/schema\/person\/0ef93571b2fe272c676137a002139d56"},"headline":"Jean Martin vous pr\u00e9sente RCA\/Berre le dimanche 30 Octobre \u00e0 13h30 au stade Mailhan \u00e0 Arles.","datePublished":"2011-10-26T12:09:47+00:00","dateModified":"2011-10-26T12:09:47+00:00","mainEntityOfPage":{"@id":"https:\/\/www.visiterarles.com\/blog\/2011\/10\/26\/jean-martin-vous-presente-rcaberre-le-dimanche-30-octobre-a-13h30-au-stade-mailhan-a-arles\/"},"wordCount":81,"publisher":{"@id":"https:\/\/www.visiterarles.com\/en\/#organization"},"image":{"@id":"https:\/\/www.visiterarles.com\/blog\/2011\/10\/26\/jean-martin-vous-presente-rcaberre-le-dimanche-30-octobre-a-13h30-au-stade-mailhan-a-arles\/#primaryimage"},"thumbnailUrl":"https:\/\/www.visiterarles.com\/wp-content\/uploads\/2011\/10\/IMG_0625-Copier.jpg","articleSection":["accueil","Actualit\u00e9s"],"inLanguage":"en-GB"},{"@type":"WebPage","@id":"https:\/\/www.visiterarles.com\/blog\/2011\/10\/26\/jean-martin-vous-presente-rcaberre-le-dimanche-30-octobre-a-13h30-au-stade-mailhan-a-arles\/","url":"https:\/\/www.visiterarles.com\/blog\/2011\/10\/26\/jean-martin-vous-presente-rcaberre-le-dimanche-30-octobre-a-13h30-au-stade-mailhan-a-arles\/","name":"Jean Martin vous pr\u00e9sente RCA\/Berre le dimanche 30 Octobre \u00e0 13h30 au stade Mailhan \u00e0 Arles. - Visiter Arles","isPartOf":{"@id":"https:\/\/www.visiterarles.com\/en\/#website"},"primaryImageOfPage":{"@id":"https:\/\/www.visiterarles.com\/blog\/2011\/10\/26\/jean-martin-vous-presente-rcaberre-le-dimanche-30-octobre-a-13h30-au-stade-mailhan-a-arles\/#primaryimage"},"image":{"@id":"https:\/\/www.visiterarles.com\/blog\/2011\/10\/26\/jean-martin-vous-presente-rcaberre-le-dimanche-30-octobre-a-13h30-au-stade-mailhan-a-arles\/#primaryimage"},"thumbnailUrl":"https:\/\/www.visiterarles.com\/wp-content\/uploads\/2011\/10\/IMG_0625-Copier.jpg","datePublished":"2011-10-26T12:09:47+00:00","dateModified":"2011-10-26T12:09:47+00:00","breadcrumb":{"@id":"https:\/\/www.visiterarles.com\/blog\/2011\/10\/26\/jean-martin-vous-presente-rcaberre-le-dimanche-30-octobre-a-13h30-au-stade-mailhan-a-arles\/#breadcrumb"},"inLanguage":"en-GB","potentialAction":[{"@type":"ReadAction","target":["https:\/\/www.visiterarles.com\/blog\/2011\/10\/26\/jean-martin-vous-presente-rcaberre-le-dimanche-30-octobre-a-13h30-au-stade-mailhan-a-arles\/"]}]},{"@type":"ImageObject","inLanguage":"en-GB","@id":"https:\/\/www.visiterarles.com\/blog\/2011\/10\/26\/jean-martin-vous-presente-rcaberre-le-dimanche-30-octobre-a-13h30-au-stade-mailhan-a-arles\/#primaryimage","url":"https:\/\/www.visiterarles.com\/wp-content\/uploads\/2011\/10\/IMG_0625-Copier.jpg","contentUrl":"https:\/\/www.visiterarles.com\/wp-content\/uploads\/2011\/10\/IMG_0625-Copier.jpg","width":"400","height":"600","caption":"Jean Martin pr\u00e9sente RCA \/ Berre"},{"@type":"BreadcrumbList","@id":"https:\/\/www.visiterarles.com\/blog\/2011\/10\/26\/jean-martin-vous-presente-rcaberre-le-dimanche-30-octobre-a-13h30-au-stade-mailhan-a-arles\/#breadcrumb","itemListElement":[{"@type":"ListItem","position":1,"name":"Home","item":"https:\/\/www.visiterarles.com\/"},{"@type":"ListItem","position":2,"name":"Jean Martin vous pr\u00e9sente RCA\/Berre le dimanche 30 Octobre \u00e0 13h30 au stade Mailhan \u00e0 Arles."}]},{"@type":"WebSite","@id":"https:\/\/www.visiterarles.com\/en\/#website","url":"https:\/\/www.visiterarles.com\/en\/","name":"Visiter Arles","description":"Tourisme en Provence \u00e0 Arles","publisher":{"@id":"https:\/\/www.visiterarles.com\/en\/#organization"},"potentialAction":[{"@type":"SearchAction","target":{"@type":"EntryPoint","urlTemplate":"https:\/\/www.visiterarles.com\/en\/?s={search_term_string}"},"query-input":"required name=search_term_string"}],"inLanguage":"en-GB"},{"@type":"Organization","@id":"https:\/\/www.visiterarles.com\/en\/#organization","name":"Visiter Arles","url":"https:\/\/www.visiterarles.com\/en\/","logo":{"@type":"ImageObject","inLanguage":"en-GB","@id":"https:\/\/www.visiterarles.com\/en\/#\/schema\/logo\/image\/","url":"https:\/\/www.visiterarles.com\/wp-content\/uploads\/2017\/10\/taco-and-co-1-1.jpg","contentUrl":"https:\/\/www.visiterarles.com\/wp-content\/uploads\/2017\/10\/taco-and-co-1-1.jpg","width":124,"height":73,"caption":"Visiter Arles"},"image":{"@id":"https:\/\/www.visiterarles.com\/en\/#\/schema\/logo\/image\/"}},{"@type":"Person","@id":"https:\/\/www.visiterarles.com\/en\/#\/schema\/person\/0ef93571b2fe272c676137a002139d56","name":"damien","image":{"@type":"ImageObject","inLanguage":"en-GB","@id":"https:\/\/www.visiterarles.com\/en\/#\/schema\/person\/image\/","url":"https:\/\/secure.gravatar.com\/avatar\/7a0d4f0af72a2d627adac81a8c10a5b6?s=96&d=mm&r=g","contentUrl":"https:\/\/secure.gravatar.com\/avatar\/7a0d4f0af72a2d627adac81a8c10a5b6?s=96&d=mm&r=g","caption":"damien"},"url":"https:\/\/www.visiterarles.com\/en\/blog\/author\/damien\/"}]}},"_links":{"self":[{"href":"https:\/\/www.visiterarles.com\/en\/wp-json\/wp\/v2\/posts\/1315"}],"collection":[{"href":"https:\/\/www.visiterarles.com\/en\/wp-json\/wp\/v2\/posts"}],"about":[{"href":"https:\/\/www.visiterarles.com\/en\/wp-json\/wp\/v2\/types\/post"}],"author":[{"embeddable":true,"href":"https:\/\/www.visiterarles.com\/en\/wp-json\/wp\/v2\/users\/2"}],"replies":[{"embeddable":true,"href":"https:\/\/www.visiterarles.com\/en\/wp-json\/wp\/v2\/comments?post=1315"}],"version-history":[{"count":0,"href":"https:\/\/www.visiterarles.com\/en\/wp-json\/wp\/v2\/posts\/1315\/revisions"}],"wp:featuredmedia":[{"embeddable":true,"href":"https:\/\/www.visiterarles.com\/en\/wp-json\/wp\/v2\/media\/1316"}],"wp:attachment":[{"href":"https:\/\/www.visiterarles.com\/en\/wp-json\/wp\/v2\/media?parent=1315"}],"wp:term":[{"taxonomy":"category","embeddable":true,"href":"https:\/\/www.visiterarles.com\/en\/wp-json\/wp\/v2\/categories?post=1315"},{"taxonomy":"post_tag","embeddable":true,"href":"https:\/\/www.visiterarles.com\/en\/wp-json\/wp\/v2\/tags?post=1315"}],"curies":[{"name":"wp","href":"https:\/\/api.w.org\/{rel}","templated":true}]}}