{"id":1349,"date":"2011-11-16T11:02:41","date_gmt":"2011-11-16T11:02:41","guid":{"rendered":"https:\/\/www.visiterarles.com\/?p=1349"},"modified":"2011-11-16T11:02:41","modified_gmt":"2011-11-16T11:02:41","slug":"reunion-publique-pour-presenter-lopah-le-21-novembre-au-theatre-municipal-darles","status":"publish","type":"post","link":"https:\/\/www.visiterarles.com\/en\/blog\/2011\/11\/16\/reunion-publique-pour-presenter-lopah-le-21-novembre-au-theatre-municipal-darles\/","title":{"rendered":"R\u00e9union publique pour pr\u00e9senter l&rsquo;OPAH, le 21 Novembre au Th\u00e9\u00e2tre municipal d&rsquo;Arles"},"content":{"rendered":"<p><strong>Taco and Co et l&rsquo;ACCM<\/strong> vous invite \u00e0 vous rendre, au Th\u00e9atre municipal d&rsquo;Arles le 21 Novembre \u00e0 Arles, pour assister \u00e0 la<strong> r\u00e9union publique<\/strong> de pr\u00e9sentation de <strong>l&rsquo;OPAH<\/strong>, <strong>l&rsquo;op\u00e9ration programm\u00e9e d&rsquo;am\u00e9lioration de l&rsquo;habitat.<\/strong><\/p>\n<p><strong>L&rsquo;OPAH dans sa version 2011\/2012<\/strong> a connu quelques modifications mais \u00a0permet toujours d&rsquo;attribuer <strong>des aides aux propri\u00e9taires<\/strong> bailleurs et \/ ou occupants pour la r\u00e9habilitation de leurs<strong> logements anciens,<\/strong> sous certaines conditions.<\/p>\n<p>Pour avoir plus d&rsquo;informations sur les aides, les subventions ou pour avoir des conseils, vous pouvez t\u00e9l\u00e9phoner au 0490499562 \u00a0.<\/p>\n<figure id=\"attachment_1350\" aria-describedby=\"caption-attachment-1350\" style=\"width: 800px\" class=\"wp-caption aligncenter\"><a href=\"https:\/\/www.visiterarles.com\/wp-content\/uploads\/2011\/11\/IMG_0718-Copier.jpg\"><img fetchpriority=\"high\" decoding=\"async\" class=\"size-full wp-image-1350\" title=\"OPAH de l'agglo 2011\/2012\" src=\"https:\/\/www.visiterarles.com\/wp-content\/uploads\/2011\/11\/IMG_0718-Copier.jpg\" alt=\"OPAH de l'agglo 2011\/2012\" width=\"800\" height=\"533\" srcset=\"https:\/\/www.visiterarles.com\/wp-content\/uploads\/2011\/11\/IMG_0718-Copier.jpg 800w, https:\/\/www.visiterarles.com\/wp-content\/uploads\/2011\/11\/IMG_0718-Copier-300x199.jpg 300w\" sizes=\"(max-width: 800px) 100vw, 800px\" \/><\/a><figcaption id=\"caption-attachment-1350\" class=\"wp-caption-text\">R\u00e9union publique le 21 Novembre 2011 au th\u00e9\u00e2tre municipal<\/figcaption><\/figure>\n<h2><\/h2>","protected":false},"excerpt":{"rendered":"<p>Taco and Co et l&rsquo;ACCM vous invite \u00e0 vous rendre, au Th\u00e9atre municipal d&rsquo;Arles le 21 Novembre \u00e0 Arles, pour assister \u00e0 la r\u00e9union publique de pr\u00e9sentation de l&rsquo;OPAH, l&rsquo;op\u00e9ration programm\u00e9e d&rsquo;am\u00e9lioration de l&rsquo;habitat. L&rsquo;OPAH dans sa version 2011\/2012 a connu quelques modifications mais \u00a0permet toujours d&rsquo;attribuer des aides aux propri\u00e9taires bailleurs et \/ ou [&hellip;]<\/p>","protected":false},"author":2,"featured_media":1352,"comment_status":"closed","ping_status":"closed","sticky":false,"template":"","format":"standard","meta":{"footnotes":""},"categories":[4,3],"tags":[],"aioseo_notices":[],"yoast_head":"<!-- This site is optimized with the Yoast SEO plugin v22.3 - https:\/\/yoast.com\/wordpress\/plugins\/seo\/ -->\n<title>R\u00e9union publique pour pr\u00e9senter l&#039;OPAH, le 21 Novembre au Th\u00e9\u00e2tre municipal d&#039;Arles - Visiter Arles<\/title>\n<meta name=\"robots\" content=\"index, follow, max-snippet:-1, max-image-preview:large, max-video-preview:-1\" \/>\n<link rel=\"canonical\" href=\"https:\/\/www.visiterarles.com\/en\/blog\/2011\/11\/16\/reunion-publique-pour-presenter-lopah-le-21-novembre-au-theatre-municipal-darles\/\" \/>\n<meta name=\"twitter:label1\" content=\"Written by\" \/>\n\t<meta name=\"twitter:data1\" content=\"damien\" \/>\n\t<meta name=\"twitter:label2\" content=\"Estimated reading time\" \/>\n\t<meta name=\"twitter:data2\" content=\"1 minute\" \/>\n<script type=\"application\/ld+json\" class=\"yoast-schema-graph\">{\"@context\":\"https:\/\/schema.org\",\"@graph\":[{\"@type\":\"Article\",\"@id\":\"https:\/\/www.visiterarles.com\/blog\/2011\/11\/16\/reunion-publique-pour-presenter-lopah-le-21-novembre-au-theatre-municipal-darles\/#article\",\"isPartOf\":{\"@id\":\"https:\/\/www.visiterarles.com\/blog\/2011\/11\/16\/reunion-publique-pour-presenter-lopah-le-21-novembre-au-theatre-municipal-darles\/\"},\"author\":{\"name\":\"damien\",\"@id\":\"https:\/\/www.visiterarles.com\/en\/#\/schema\/person\/0ef93571b2fe272c676137a002139d56\"},\"headline\":\"R\u00e9union publique pour pr\u00e9senter l&rsquo;OPAH, le 21 Novembre au Th\u00e9\u00e2tre municipal d&rsquo;Arles\",\"datePublished\":\"2011-11-16T11:02:41+00:00\",\"dateModified\":\"2011-11-16T11:02:41+00:00\",\"mainEntityOfPage\":{\"@id\":\"https:\/\/www.visiterarles.com\/blog\/2011\/11\/16\/reunion-publique-pour-presenter-lopah-le-21-novembre-au-theatre-municipal-darles\/\"},\"wordCount\":130,\"publisher\":{\"@id\":\"https:\/\/www.visiterarles.com\/en\/#organization\"},\"image\":{\"@id\":\"https:\/\/www.visiterarles.com\/blog\/2011\/11\/16\/reunion-publique-pour-presenter-lopah-le-21-novembre-au-theatre-municipal-darles\/#primaryimage\"},\"thumbnailUrl\":\"https:\/\/www.visiterarles.com\/wp-content\/uploads\/2011\/11\/IMG_0718-Copier2.jpg\",\"articleSection\":[\"accueil\",\"Actualit\u00e9s\"],\"inLanguage\":\"en-GB\"},{\"@type\":\"WebPage\",\"@id\":\"https:\/\/www.visiterarles.com\/blog\/2011\/11\/16\/reunion-publique-pour-presenter-lopah-le-21-novembre-au-theatre-municipal-darles\/\",\"url\":\"https:\/\/www.visiterarles.com\/blog\/2011\/11\/16\/reunion-publique-pour-presenter-lopah-le-21-novembre-au-theatre-municipal-darles\/\",\"name\":\"R\u00e9union publique pour pr\u00e9senter l'OPAH, le 21 Novembre au Th\u00e9\u00e2tre municipal d'Arles - Visiter Arles\",\"isPartOf\":{\"@id\":\"https:\/\/www.visiterarles.com\/en\/#website\"},\"primaryImageOfPage\":{\"@id\":\"https:\/\/www.visiterarles.com\/blog\/2011\/11\/16\/reunion-publique-pour-presenter-lopah-le-21-novembre-au-theatre-municipal-darles\/#primaryimage\"},\"image\":{\"@id\":\"https:\/\/www.visiterarles.com\/blog\/2011\/11\/16\/reunion-publique-pour-presenter-lopah-le-21-novembre-au-theatre-municipal-darles\/#primaryimage\"},\"thumbnailUrl\":\"https:\/\/www.visiterarles.com\/wp-content\/uploads\/2011\/11\/IMG_0718-Copier2.jpg\",\"datePublished\":\"2011-11-16T11:02:41+00:00\",\"dateModified\":\"2011-11-16T11:02:41+00:00\",\"breadcrumb\":{\"@id\":\"https:\/\/www.visiterarles.com\/blog\/2011\/11\/16\/reunion-publique-pour-presenter-lopah-le-21-novembre-au-theatre-municipal-darles\/#breadcrumb\"},\"inLanguage\":\"en-GB\",\"potentialAction\":[{\"@type\":\"ReadAction\",\"target\":[\"https:\/\/www.visiterarles.com\/blog\/2011\/11\/16\/reunion-publique-pour-presenter-lopah-le-21-novembre-au-theatre-municipal-darles\/\"]}]},{\"@type\":\"ImageObject\",\"inLanguage\":\"en-GB\",\"@id\":\"https:\/\/www.visiterarles.com\/blog\/2011\/11\/16\/reunion-publique-pour-presenter-lopah-le-21-novembre-au-theatre-municipal-darles\/#primaryimage\",\"url\":\"https:\/\/www.visiterarles.com\/wp-content\/uploads\/2011\/11\/IMG_0718-Copier2.jpg\",\"contentUrl\":\"https:\/\/www.visiterarles.com\/wp-content\/uploads\/2011\/11\/IMG_0718-Copier2.jpg\",\"width\":\"800\",\"height\":\"533\"},{\"@type\":\"BreadcrumbList\",\"@id\":\"https:\/\/www.visiterarles.com\/blog\/2011\/11\/16\/reunion-publique-pour-presenter-lopah-le-21-novembre-au-theatre-municipal-darles\/#breadcrumb\",\"itemListElement\":[{\"@type\":\"ListItem\",\"position\":1,\"name\":\"Home\",\"item\":\"https:\/\/www.visiterarles.com\/\"},{\"@type\":\"ListItem\",\"position\":2,\"name\":\"R\u00e9union publique pour pr\u00e9senter l&rsquo;OPAH, le 21 Novembre au Th\u00e9\u00e2tre municipal d&rsquo;Arles\"}]},{\"@type\":\"WebSite\",\"@id\":\"https:\/\/www.visiterarles.com\/en\/#website\",\"url\":\"https:\/\/www.visiterarles.com\/en\/\",\"name\":\"Visiter Arles\",\"description\":\"Tourisme en Provence \u00e0 Arles\",\"publisher\":{\"@id\":\"https:\/\/www.visiterarles.com\/en\/#organization\"},\"potentialAction\":[{\"@type\":\"SearchAction\",\"target\":{\"@type\":\"EntryPoint\",\"urlTemplate\":\"https:\/\/www.visiterarles.com\/en\/?s={search_term_string}\"},\"query-input\":\"required name=search_term_string\"}],\"inLanguage\":\"en-GB\"},{\"@type\":\"Organization\",\"@id\":\"https:\/\/www.visiterarles.com\/en\/#organization\",\"name\":\"Visiter Arles\",\"url\":\"https:\/\/www.visiterarles.com\/en\/\",\"logo\":{\"@type\":\"ImageObject\",\"inLanguage\":\"en-GB\",\"@id\":\"https:\/\/www.visiterarles.com\/en\/#\/schema\/logo\/image\/\",\"url\":\"https:\/\/www.visiterarles.com\/wp-content\/uploads\/2017\/10\/taco-and-co-1-1.jpg\",\"contentUrl\":\"https:\/\/www.visiterarles.com\/wp-content\/uploads\/2017\/10\/taco-and-co-1-1.jpg\",\"width\":124,\"height\":73,\"caption\":\"Visiter Arles\"},\"image\":{\"@id\":\"https:\/\/www.visiterarles.com\/en\/#\/schema\/logo\/image\/\"}},{\"@type\":\"Person\",\"@id\":\"https:\/\/www.visiterarles.com\/en\/#\/schema\/person\/0ef93571b2fe272c676137a002139d56\",\"name\":\"damien\",\"image\":{\"@type\":\"ImageObject\",\"inLanguage\":\"en-GB\",\"@id\":\"https:\/\/www.visiterarles.com\/en\/#\/schema\/person\/image\/\",\"url\":\"https:\/\/secure.gravatar.com\/avatar\/7a0d4f0af72a2d627adac81a8c10a5b6?s=96&d=mm&r=g\",\"contentUrl\":\"https:\/\/secure.gravatar.com\/avatar\/7a0d4f0af72a2d627adac81a8c10a5b6?s=96&d=mm&r=g\",\"caption\":\"damien\"},\"url\":\"https:\/\/www.visiterarles.com\/en\/blog\/author\/damien\/\"}]}<\/script>\n<!-- \/ Yoast SEO plugin. -->","yoast_head_json":{"title":"R\u00e9union publique pour pr\u00e9senter l'OPAH, le 21 Novembre au Th\u00e9\u00e2tre municipal d'Arles - Visiter Arles","robots":{"index":"index","follow":"follow","max-snippet":"max-snippet:-1","max-image-preview":"max-image-preview:large","max-video-preview":"max-video-preview:-1"},"canonical":"https:\/\/www.visiterarles.com\/en\/blog\/2011\/11\/16\/reunion-publique-pour-presenter-lopah-le-21-novembre-au-theatre-municipal-darles\/","twitter_misc":{"Written by":"damien","Estimated reading time":"1 minute"},"schema":{"@context":"https:\/\/schema.org","@graph":[{"@type":"Article","@id":"https:\/\/www.visiterarles.com\/blog\/2011\/11\/16\/reunion-publique-pour-presenter-lopah-le-21-novembre-au-theatre-municipal-darles\/#article","isPartOf":{"@id":"https:\/\/www.visiterarles.com\/blog\/2011\/11\/16\/reunion-publique-pour-presenter-lopah-le-21-novembre-au-theatre-municipal-darles\/"},"author":{"name":"damien","@id":"https:\/\/www.visiterarles.com\/en\/#\/schema\/person\/0ef93571b2fe272c676137a002139d56"},"headline":"R\u00e9union publique pour pr\u00e9senter l&rsquo;OPAH, le 21 Novembre au Th\u00e9\u00e2tre municipal d&rsquo;Arles","datePublished":"2011-11-16T11:02:41+00:00","dateModified":"2011-11-16T11:02:41+00:00","mainEntityOfPage":{"@id":"https:\/\/www.visiterarles.com\/blog\/2011\/11\/16\/reunion-publique-pour-presenter-lopah-le-21-novembre-au-theatre-municipal-darles\/"},"wordCount":130,"publisher":{"@id":"https:\/\/www.visiterarles.com\/en\/#organization"},"image":{"@id":"https:\/\/www.visiterarles.com\/blog\/2011\/11\/16\/reunion-publique-pour-presenter-lopah-le-21-novembre-au-theatre-municipal-darles\/#primaryimage"},"thumbnailUrl":"https:\/\/www.visiterarles.com\/wp-content\/uploads\/2011\/11\/IMG_0718-Copier2.jpg","articleSection":["accueil","Actualit\u00e9s"],"inLanguage":"en-GB"},{"@type":"WebPage","@id":"https:\/\/www.visiterarles.com\/blog\/2011\/11\/16\/reunion-publique-pour-presenter-lopah-le-21-novembre-au-theatre-municipal-darles\/","url":"https:\/\/www.visiterarles.com\/blog\/2011\/11\/16\/reunion-publique-pour-presenter-lopah-le-21-novembre-au-theatre-municipal-darles\/","name":"R\u00e9union publique pour pr\u00e9senter l'OPAH, le 21 Novembre au Th\u00e9\u00e2tre municipal d'Arles - Visiter Arles","isPartOf":{"@id":"https:\/\/www.visiterarles.com\/en\/#website"},"primaryImageOfPage":{"@id":"https:\/\/www.visiterarles.com\/blog\/2011\/11\/16\/reunion-publique-pour-presenter-lopah-le-21-novembre-au-theatre-municipal-darles\/#primaryimage"},"image":{"@id":"https:\/\/www.visiterarles.com\/blog\/2011\/11\/16\/reunion-publique-pour-presenter-lopah-le-21-novembre-au-theatre-municipal-darles\/#primaryimage"},"thumbnailUrl":"https:\/\/www.visiterarles.com\/wp-content\/uploads\/2011\/11\/IMG_0718-Copier2.jpg","datePublished":"2011-11-16T11:02:41+00:00","dateModified":"2011-11-16T11:02:41+00:00","breadcrumb":{"@id":"https:\/\/www.visiterarles.com\/blog\/2011\/11\/16\/reunion-publique-pour-presenter-lopah-le-21-novembre-au-theatre-municipal-darles\/#breadcrumb"},"inLanguage":"en-GB","potentialAction":[{"@type":"ReadAction","target":["https:\/\/www.visiterarles.com\/blog\/2011\/11\/16\/reunion-publique-pour-presenter-lopah-le-21-novembre-au-theatre-municipal-darles\/"]}]},{"@type":"ImageObject","inLanguage":"en-GB","@id":"https:\/\/www.visiterarles.com\/blog\/2011\/11\/16\/reunion-publique-pour-presenter-lopah-le-21-novembre-au-theatre-municipal-darles\/#primaryimage","url":"https:\/\/www.visiterarles.com\/wp-content\/uploads\/2011\/11\/IMG_0718-Copier2.jpg","contentUrl":"https:\/\/www.visiterarles.com\/wp-content\/uploads\/2011\/11\/IMG_0718-Copier2.jpg","width":"800","height":"533"},{"@type":"BreadcrumbList","@id":"https:\/\/www.visiterarles.com\/blog\/2011\/11\/16\/reunion-publique-pour-presenter-lopah-le-21-novembre-au-theatre-municipal-darles\/#breadcrumb","itemListElement":[{"@type":"ListItem","position":1,"name":"Home","item":"https:\/\/www.visiterarles.com\/"},{"@type":"ListItem","position":2,"name":"R\u00e9union publique pour pr\u00e9senter l&rsquo;OPAH, le 21 Novembre au Th\u00e9\u00e2tre municipal d&rsquo;Arles"}]},{"@type":"WebSite","@id":"https:\/\/www.visiterarles.com\/en\/#website","url":"https:\/\/www.visiterarles.com\/en\/","name":"Visiter Arles","description":"Tourisme en Provence \u00e0 Arles","publisher":{"@id":"https:\/\/www.visiterarles.com\/en\/#organization"},"potentialAction":[{"@type":"SearchAction","target":{"@type":"EntryPoint","urlTemplate":"https:\/\/www.visiterarles.com\/en\/?s={search_term_string}"},"query-input":"required name=search_term_string"}],"inLanguage":"en-GB"},{"@type":"Organization","@id":"https:\/\/www.visiterarles.com\/en\/#organization","name":"Visiter Arles","url":"https:\/\/www.visiterarles.com\/en\/","logo":{"@type":"ImageObject","inLanguage":"en-GB","@id":"https:\/\/www.visiterarles.com\/en\/#\/schema\/logo\/image\/","url":"https:\/\/www.visiterarles.com\/wp-content\/uploads\/2017\/10\/taco-and-co-1-1.jpg","contentUrl":"https:\/\/www.visiterarles.com\/wp-content\/uploads\/2017\/10\/taco-and-co-1-1.jpg","width":124,"height":73,"caption":"Visiter Arles"},"image":{"@id":"https:\/\/www.visiterarles.com\/en\/#\/schema\/logo\/image\/"}},{"@type":"Person","@id":"https:\/\/www.visiterarles.com\/en\/#\/schema\/person\/0ef93571b2fe272c676137a002139d56","name":"damien","image":{"@type":"ImageObject","inLanguage":"en-GB","@id":"https:\/\/www.visiterarles.com\/en\/#\/schema\/person\/image\/","url":"https:\/\/secure.gravatar.com\/avatar\/7a0d4f0af72a2d627adac81a8c10a5b6?s=96&d=mm&r=g","contentUrl":"https:\/\/secure.gravatar.com\/avatar\/7a0d4f0af72a2d627adac81a8c10a5b6?s=96&d=mm&r=g","caption":"damien"},"url":"https:\/\/www.visiterarles.com\/en\/blog\/author\/damien\/"}]}},"_links":{"self":[{"href":"https:\/\/www.visiterarles.com\/en\/wp-json\/wp\/v2\/posts\/1349"}],"collection":[{"href":"https:\/\/www.visiterarles.com\/en\/wp-json\/wp\/v2\/posts"}],"about":[{"href":"https:\/\/www.visiterarles.com\/en\/wp-json\/wp\/v2\/types\/post"}],"author":[{"embeddable":true,"href":"https:\/\/www.visiterarles.com\/en\/wp-json\/wp\/v2\/users\/2"}],"replies":[{"embeddable":true,"href":"https:\/\/www.visiterarles.com\/en\/wp-json\/wp\/v2\/comments?post=1349"}],"version-history":[{"count":0,"href":"https:\/\/www.visiterarles.com\/en\/wp-json\/wp\/v2\/posts\/1349\/revisions"}],"wp:featuredmedia":[{"embeddable":true,"href":"https:\/\/www.visiterarles.com\/en\/wp-json\/wp\/v2\/media\/1352"}],"wp:attachment":[{"href":"https:\/\/www.visiterarles.com\/en\/wp-json\/wp\/v2\/media?parent=1349"}],"wp:term":[{"taxonomy":"category","embeddable":true,"href":"https:\/\/www.visiterarles.com\/en\/wp-json\/wp\/v2\/categories?post=1349"},{"taxonomy":"post_tag","embeddable":true,"href":"https:\/\/www.visiterarles.com\/en\/wp-json\/wp\/v2\/tags?post=1349"}],"curies":[{"name":"wp","href":"https:\/\/api.w.org\/{rel}","templated":true}]}}