{"id":1382,"date":"2011-12-14T08:44:57","date_gmt":"2011-12-14T08:44:57","guid":{"rendered":"https:\/\/www.visiterarles.com\/?p=1382"},"modified":"2011-12-27T10:33:08","modified_gmt":"2011-12-27T10:33:08","slug":"taco-and-co-participe-au-festival-droles-de-noel-2011-a-arles","status":"publish","type":"post","link":"https:\/\/www.visiterarles.com\/en\/blog\/2011\/12\/14\/taco-and-co-participe-au-festival-droles-de-noel-2011-a-arles\/","title":{"rendered":"Taco and Co participe au festival \u00ab\u00a0Dr\u00f4les de No\u00ebl 2011\u00a0\u00bb \u00e0 Arles."},"content":{"rendered":"<p>3 \u00a0dr\u00f4les de v\u00e9los de Taco and Co seront \u00e0 votre disposition gratuitement de 15h \u00e0 18h pendant toute la dur\u00e9e du festival \u00ab\u00a0Dr\u00f4le de No\u00ebl 2011\u00a0\u00bb \u00e0 Arles.<br \/>\nPour monter \u00e0 bord de ces dr\u00f4les de v\u00e9los et vous d\u00e9placer gratuitement d&rsquo;un spectacle \u00e0 l&rsquo;autre, il vous suffira de vous rendre dans une des 3 gares mises en place sur la place Voltaire, place de la R\u00e9publique et la place Paul Doumer et de r\u00e9pondre correctement \u00e0 une devinette ou \u00e0 une \u00e9nigme.<\/p>\n<p>On vous attend \u00a0nombreux en gare Taco and Co!!!!<\/p>\n<p>Pour plus d&rsquo;informations:<a href=\"http:\/\/www.droles-de-noels.fr\/spectacle.php?sp=taco2011\" target=\"_blank\">\u00a0http:\/\/www.droles-de-noels.fr\/spectacle.php?sp=taco2011<\/a><\/p>\n<div class=\"mceTemp mceIEcenter\">\n<figure id=\"attachment_1389\" aria-describedby=\"caption-attachment-1389\" style=\"width: 300px\" class=\"wp-caption aligncenter\"><a href=\"https:\/\/www.visiterarles.com\/wp-content\/uploads\/2011\/12\/IMG_0827-Copier.jpg\"><img fetchpriority=\"high\" decoding=\"async\" class=\"size-medium wp-image-1389\" title=\"Dr\u00f4les de No\u00ebl 2011\" src=\"https:\/\/www.visiterarles.com\/wp-content\/uploads\/2011\/12\/IMG_0827-Copier-300x199.jpg\" alt=\"Dr\u00f4les de No\u00ebl 2011\" width=\"300\" height=\"199\" srcset=\"https:\/\/www.visiterarles.com\/wp-content\/uploads\/2011\/12\/IMG_0827-Copier-300x199.jpg 300w, https:\/\/www.visiterarles.com\/wp-content\/uploads\/2011\/12\/IMG_0827-Copier.jpg 800w\" sizes=\"(max-width: 300px) 100vw, 300px\" \/><\/a><figcaption id=\"caption-attachment-1389\" class=\"wp-caption-text\">Dr\u00f4les de No\u00ebl 2011<\/figcaption><\/figure>\n<figure id=\"attachment_1392\" aria-describedby=\"caption-attachment-1392\" style=\"width: 300px\" class=\"wp-caption aligncenter\"><a href=\"https:\/\/www.visiterarles.com\/wp-content\/uploads\/2011\/12\/IMG_0831-Copier.jpg\"><img decoding=\"async\" class=\"size-medium wp-image-1392\" title=\"Gare de v\u00e9lo-taco sur la Place voltaire \u00e0 Arles.\" src=\"https:\/\/www.visiterarles.com\/wp-content\/uploads\/2011\/12\/IMG_0831-Copier-300x199.jpg\" alt=\"Gare de v\u00e9lo-taco sur la Place voltaire \u00e0 Arles.\" width=\"300\" height=\"199\" srcset=\"https:\/\/www.visiterarles.com\/wp-content\/uploads\/2011\/12\/IMG_0831-Copier-300x199.jpg 300w, https:\/\/www.visiterarles.com\/wp-content\/uploads\/2011\/12\/IMG_0831-Copier.jpg 800w\" sizes=\"(max-width: 300px) 100vw, 300px\" \/><\/a><figcaption id=\"caption-attachment-1392\" class=\"wp-caption-text\">Gare de v\u00e9lo-taco sur la Place voltaire \u00e0 Arles.<\/figcaption><\/figure>\n<dl id=\"attachment_1385\" class=\"wp-caption aligncenter\" style=\"width: 486px;\">\n<dt class=\"wp-caption-dt\"><\/dt>\n<\/dl>\n<\/div>","protected":false},"excerpt":{"rendered":"<p>3 \u00a0dr\u00f4les de v\u00e9los de Taco and Co seront \u00e0 votre disposition gratuitement de 15h \u00e0 18h pendant toute la dur\u00e9e du festival \u00ab\u00a0Dr\u00f4le de No\u00ebl 2011\u00a0\u00bb \u00e0 Arles. Pour monter \u00e0 bord de ces dr\u00f4les de v\u00e9los et vous d\u00e9placer gratuitement d&rsquo;un spectacle \u00e0 l&rsquo;autre, il vous suffira de vous rendre dans une des [&hellip;]<\/p>","protected":false},"author":2,"featured_media":1390,"comment_status":"closed","ping_status":"closed","sticky":false,"template":"","format":"standard","meta":{"footnotes":""},"categories":[4,3],"tags":[],"aioseo_notices":[],"yoast_head":"<!-- This site is optimized with the Yoast SEO plugin v22.3 - https:\/\/yoast.com\/wordpress\/plugins\/seo\/ -->\n<title>Taco and Co participe au festival &quot;Dr\u00f4les de No\u00ebl 2011&quot; \u00e0 Arles. - Visiter Arles<\/title>\n<meta name=\"robots\" content=\"index, follow, max-snippet:-1, max-image-preview:large, max-video-preview:-1\" \/>\n<link rel=\"canonical\" href=\"https:\/\/www.visiterarles.com\/en\/blog\/2011\/12\/14\/taco-and-co-participe-au-festival-droles-de-noel-2011-a-arles\/\" \/>\n<meta name=\"twitter:label1\" content=\"Written by\" \/>\n\t<meta name=\"twitter:data1\" content=\"damien\" \/>\n\t<meta name=\"twitter:label2\" content=\"Estimated reading time\" \/>\n\t<meta name=\"twitter:data2\" content=\"1 minute\" \/>\n<script type=\"application\/ld+json\" class=\"yoast-schema-graph\">{\"@context\":\"https:\/\/schema.org\",\"@graph\":[{\"@type\":\"Article\",\"@id\":\"https:\/\/www.visiterarles.com\/en\/blog\/2011\/12\/14\/taco-and-co-participe-au-festival-droles-de-noel-2011-a-arles\/#article\",\"isPartOf\":{\"@id\":\"https:\/\/www.visiterarles.com\/en\/blog\/2011\/12\/14\/taco-and-co-participe-au-festival-droles-de-noel-2011-a-arles\/\"},\"author\":{\"name\":\"damien\",\"@id\":\"https:\/\/www.visiterarles.com\/en\/#\/schema\/person\/0ef93571b2fe272c676137a002139d56\"},\"headline\":\"Taco and Co participe au festival \u00ab\u00a0Dr\u00f4les de No\u00ebl 2011\u00a0\u00bb \u00e0 Arles.\",\"datePublished\":\"2011-12-14T08:44:57+00:00\",\"dateModified\":\"2011-12-27T10:33:08+00:00\",\"mainEntityOfPage\":{\"@id\":\"https:\/\/www.visiterarles.com\/en\/blog\/2011\/12\/14\/taco-and-co-participe-au-festival-droles-de-noel-2011-a-arles\/\"},\"wordCount\":149,\"publisher\":{\"@id\":\"https:\/\/www.visiterarles.com\/en\/#organization\"},\"image\":{\"@id\":\"https:\/\/www.visiterarles.com\/en\/blog\/2011\/12\/14\/taco-and-co-participe-au-festival-droles-de-noel-2011-a-arles\/#primaryimage\"},\"thumbnailUrl\":\"https:\/\/www.visiterarles.com\/wp-content\/uploads\/2011\/12\/IMG_0822-Copier.jpg\",\"articleSection\":[\"accueil\",\"Actualit\u00e9s\"],\"inLanguage\":\"en-GB\"},{\"@type\":\"WebPage\",\"@id\":\"https:\/\/www.visiterarles.com\/en\/blog\/2011\/12\/14\/taco-and-co-participe-au-festival-droles-de-noel-2011-a-arles\/\",\"url\":\"https:\/\/www.visiterarles.com\/en\/blog\/2011\/12\/14\/taco-and-co-participe-au-festival-droles-de-noel-2011-a-arles\/\",\"name\":\"Taco and Co participe au festival \\\"Dr\u00f4les de No\u00ebl 2011\\\" \u00e0 Arles. - Visiter Arles\",\"isPartOf\":{\"@id\":\"https:\/\/www.visiterarles.com\/en\/#website\"},\"primaryImageOfPage\":{\"@id\":\"https:\/\/www.visiterarles.com\/en\/blog\/2011\/12\/14\/taco-and-co-participe-au-festival-droles-de-noel-2011-a-arles\/#primaryimage\"},\"image\":{\"@id\":\"https:\/\/www.visiterarles.com\/en\/blog\/2011\/12\/14\/taco-and-co-participe-au-festival-droles-de-noel-2011-a-arles\/#primaryimage\"},\"thumbnailUrl\":\"https:\/\/www.visiterarles.com\/wp-content\/uploads\/2011\/12\/IMG_0822-Copier.jpg\",\"datePublished\":\"2011-12-14T08:44:57+00:00\",\"dateModified\":\"2011-12-27T10:33:08+00:00\",\"breadcrumb\":{\"@id\":\"https:\/\/www.visiterarles.com\/en\/blog\/2011\/12\/14\/taco-and-co-participe-au-festival-droles-de-noel-2011-a-arles\/#breadcrumb\"},\"inLanguage\":\"en-GB\",\"potentialAction\":[{\"@type\":\"ReadAction\",\"target\":[\"https:\/\/www.visiterarles.com\/en\/blog\/2011\/12\/14\/taco-and-co-participe-au-festival-droles-de-noel-2011-a-arles\/\"]}]},{\"@type\":\"ImageObject\",\"inLanguage\":\"en-GB\",\"@id\":\"https:\/\/www.visiterarles.com\/en\/blog\/2011\/12\/14\/taco-and-co-participe-au-festival-droles-de-noel-2011-a-arles\/#primaryimage\",\"url\":\"https:\/\/www.visiterarles.com\/wp-content\/uploads\/2011\/12\/IMG_0822-Copier.jpg\",\"contentUrl\":\"https:\/\/www.visiterarles.com\/wp-content\/uploads\/2011\/12\/IMG_0822-Copier.jpg\",\"width\":\"400\",\"height\":\"600\"},{\"@type\":\"BreadcrumbList\",\"@id\":\"https:\/\/www.visiterarles.com\/en\/blog\/2011\/12\/14\/taco-and-co-participe-au-festival-droles-de-noel-2011-a-arles\/#breadcrumb\",\"itemListElement\":[{\"@type\":\"ListItem\",\"position\":1,\"name\":\"Home\",\"item\":\"https:\/\/www.visiterarles.com\/\"},{\"@type\":\"ListItem\",\"position\":2,\"name\":\"Taco and Co participe au festival \u00ab\u00a0Dr\u00f4les de No\u00ebl 2011\u00a0\u00bb \u00e0 Arles.\"}]},{\"@type\":\"WebSite\",\"@id\":\"https:\/\/www.visiterarles.com\/en\/#website\",\"url\":\"https:\/\/www.visiterarles.com\/en\/\",\"name\":\"Visiter Arles\",\"description\":\"Tourisme en Provence \u00e0 Arles\",\"publisher\":{\"@id\":\"https:\/\/www.visiterarles.com\/en\/#organization\"},\"potentialAction\":[{\"@type\":\"SearchAction\",\"target\":{\"@type\":\"EntryPoint\",\"urlTemplate\":\"https:\/\/www.visiterarles.com\/en\/?s={search_term_string}\"},\"query-input\":\"required name=search_term_string\"}],\"inLanguage\":\"en-GB\"},{\"@type\":\"Organization\",\"@id\":\"https:\/\/www.visiterarles.com\/en\/#organization\",\"name\":\"Visiter Arles\",\"url\":\"https:\/\/www.visiterarles.com\/en\/\",\"logo\":{\"@type\":\"ImageObject\",\"inLanguage\":\"en-GB\",\"@id\":\"https:\/\/www.visiterarles.com\/en\/#\/schema\/logo\/image\/\",\"url\":\"https:\/\/www.visiterarles.com\/wp-content\/uploads\/2017\/10\/taco-and-co-1-1.jpg\",\"contentUrl\":\"https:\/\/www.visiterarles.com\/wp-content\/uploads\/2017\/10\/taco-and-co-1-1.jpg\",\"width\":124,\"height\":73,\"caption\":\"Visiter Arles\"},\"image\":{\"@id\":\"https:\/\/www.visiterarles.com\/en\/#\/schema\/logo\/image\/\"}},{\"@type\":\"Person\",\"@id\":\"https:\/\/www.visiterarles.com\/en\/#\/schema\/person\/0ef93571b2fe272c676137a002139d56\",\"name\":\"damien\",\"image\":{\"@type\":\"ImageObject\",\"inLanguage\":\"en-GB\",\"@id\":\"https:\/\/www.visiterarles.com\/en\/#\/schema\/person\/image\/\",\"url\":\"https:\/\/secure.gravatar.com\/avatar\/7a0d4f0af72a2d627adac81a8c10a5b6?s=96&d=mm&r=g\",\"contentUrl\":\"https:\/\/secure.gravatar.com\/avatar\/7a0d4f0af72a2d627adac81a8c10a5b6?s=96&d=mm&r=g\",\"caption\":\"damien\"},\"url\":\"https:\/\/www.visiterarles.com\/en\/blog\/author\/damien\/\"}]}<\/script>\n<!-- \/ Yoast SEO plugin. -->","yoast_head_json":{"title":"Taco and Co participe au festival \"Dr\u00f4les de No\u00ebl 2011\" \u00e0 Arles. - Visiter Arles","robots":{"index":"index","follow":"follow","max-snippet":"max-snippet:-1","max-image-preview":"max-image-preview:large","max-video-preview":"max-video-preview:-1"},"canonical":"https:\/\/www.visiterarles.com\/en\/blog\/2011\/12\/14\/taco-and-co-participe-au-festival-droles-de-noel-2011-a-arles\/","twitter_misc":{"Written by":"damien","Estimated reading time":"1 minute"},"schema":{"@context":"https:\/\/schema.org","@graph":[{"@type":"Article","@id":"https:\/\/www.visiterarles.com\/en\/blog\/2011\/12\/14\/taco-and-co-participe-au-festival-droles-de-noel-2011-a-arles\/#article","isPartOf":{"@id":"https:\/\/www.visiterarles.com\/en\/blog\/2011\/12\/14\/taco-and-co-participe-au-festival-droles-de-noel-2011-a-arles\/"},"author":{"name":"damien","@id":"https:\/\/www.visiterarles.com\/en\/#\/schema\/person\/0ef93571b2fe272c676137a002139d56"},"headline":"Taco and Co participe au festival \u00ab\u00a0Dr\u00f4les de No\u00ebl 2011\u00a0\u00bb \u00e0 Arles.","datePublished":"2011-12-14T08:44:57+00:00","dateModified":"2011-12-27T10:33:08+00:00","mainEntityOfPage":{"@id":"https:\/\/www.visiterarles.com\/en\/blog\/2011\/12\/14\/taco-and-co-participe-au-festival-droles-de-noel-2011-a-arles\/"},"wordCount":149,"publisher":{"@id":"https:\/\/www.visiterarles.com\/en\/#organization"},"image":{"@id":"https:\/\/www.visiterarles.com\/en\/blog\/2011\/12\/14\/taco-and-co-participe-au-festival-droles-de-noel-2011-a-arles\/#primaryimage"},"thumbnailUrl":"https:\/\/www.visiterarles.com\/wp-content\/uploads\/2011\/12\/IMG_0822-Copier.jpg","articleSection":["accueil","Actualit\u00e9s"],"inLanguage":"en-GB"},{"@type":"WebPage","@id":"https:\/\/www.visiterarles.com\/en\/blog\/2011\/12\/14\/taco-and-co-participe-au-festival-droles-de-noel-2011-a-arles\/","url":"https:\/\/www.visiterarles.com\/en\/blog\/2011\/12\/14\/taco-and-co-participe-au-festival-droles-de-noel-2011-a-arles\/","name":"Taco and Co participe au festival \"Dr\u00f4les de No\u00ebl 2011\" \u00e0 Arles. - Visiter Arles","isPartOf":{"@id":"https:\/\/www.visiterarles.com\/en\/#website"},"primaryImageOfPage":{"@id":"https:\/\/www.visiterarles.com\/en\/blog\/2011\/12\/14\/taco-and-co-participe-au-festival-droles-de-noel-2011-a-arles\/#primaryimage"},"image":{"@id":"https:\/\/www.visiterarles.com\/en\/blog\/2011\/12\/14\/taco-and-co-participe-au-festival-droles-de-noel-2011-a-arles\/#primaryimage"},"thumbnailUrl":"https:\/\/www.visiterarles.com\/wp-content\/uploads\/2011\/12\/IMG_0822-Copier.jpg","datePublished":"2011-12-14T08:44:57+00:00","dateModified":"2011-12-27T10:33:08+00:00","breadcrumb":{"@id":"https:\/\/www.visiterarles.com\/en\/blog\/2011\/12\/14\/taco-and-co-participe-au-festival-droles-de-noel-2011-a-arles\/#breadcrumb"},"inLanguage":"en-GB","potentialAction":[{"@type":"ReadAction","target":["https:\/\/www.visiterarles.com\/en\/blog\/2011\/12\/14\/taco-and-co-participe-au-festival-droles-de-noel-2011-a-arles\/"]}]},{"@type":"ImageObject","inLanguage":"en-GB","@id":"https:\/\/www.visiterarles.com\/en\/blog\/2011\/12\/14\/taco-and-co-participe-au-festival-droles-de-noel-2011-a-arles\/#primaryimage","url":"https:\/\/www.visiterarles.com\/wp-content\/uploads\/2011\/12\/IMG_0822-Copier.jpg","contentUrl":"https:\/\/www.visiterarles.com\/wp-content\/uploads\/2011\/12\/IMG_0822-Copier.jpg","width":"400","height":"600"},{"@type":"BreadcrumbList","@id":"https:\/\/www.visiterarles.com\/en\/blog\/2011\/12\/14\/taco-and-co-participe-au-festival-droles-de-noel-2011-a-arles\/#breadcrumb","itemListElement":[{"@type":"ListItem","position":1,"name":"Home","item":"https:\/\/www.visiterarles.com\/"},{"@type":"ListItem","position":2,"name":"Taco and Co participe au festival \u00ab\u00a0Dr\u00f4les de No\u00ebl 2011\u00a0\u00bb \u00e0 Arles."}]},{"@type":"WebSite","@id":"https:\/\/www.visiterarles.com\/en\/#website","url":"https:\/\/www.visiterarles.com\/en\/","name":"Visiter Arles","description":"Tourisme en Provence \u00e0 Arles","publisher":{"@id":"https:\/\/www.visiterarles.com\/en\/#organization"},"potentialAction":[{"@type":"SearchAction","target":{"@type":"EntryPoint","urlTemplate":"https:\/\/www.visiterarles.com\/en\/?s={search_term_string}"},"query-input":"required name=search_term_string"}],"inLanguage":"en-GB"},{"@type":"Organization","@id":"https:\/\/www.visiterarles.com\/en\/#organization","name":"Visiter Arles","url":"https:\/\/www.visiterarles.com\/en\/","logo":{"@type":"ImageObject","inLanguage":"en-GB","@id":"https:\/\/www.visiterarles.com\/en\/#\/schema\/logo\/image\/","url":"https:\/\/www.visiterarles.com\/wp-content\/uploads\/2017\/10\/taco-and-co-1-1.jpg","contentUrl":"https:\/\/www.visiterarles.com\/wp-content\/uploads\/2017\/10\/taco-and-co-1-1.jpg","width":124,"height":73,"caption":"Visiter Arles"},"image":{"@id":"https:\/\/www.visiterarles.com\/en\/#\/schema\/logo\/image\/"}},{"@type":"Person","@id":"https:\/\/www.visiterarles.com\/en\/#\/schema\/person\/0ef93571b2fe272c676137a002139d56","name":"damien","image":{"@type":"ImageObject","inLanguage":"en-GB","@id":"https:\/\/www.visiterarles.com\/en\/#\/schema\/person\/image\/","url":"https:\/\/secure.gravatar.com\/avatar\/7a0d4f0af72a2d627adac81a8c10a5b6?s=96&d=mm&r=g","contentUrl":"https:\/\/secure.gravatar.com\/avatar\/7a0d4f0af72a2d627adac81a8c10a5b6?s=96&d=mm&r=g","caption":"damien"},"url":"https:\/\/www.visiterarles.com\/en\/blog\/author\/damien\/"}]}},"_links":{"self":[{"href":"https:\/\/www.visiterarles.com\/en\/wp-json\/wp\/v2\/posts\/1382"}],"collection":[{"href":"https:\/\/www.visiterarles.com\/en\/wp-json\/wp\/v2\/posts"}],"about":[{"href":"https:\/\/www.visiterarles.com\/en\/wp-json\/wp\/v2\/types\/post"}],"author":[{"embeddable":true,"href":"https:\/\/www.visiterarles.com\/en\/wp-json\/wp\/v2\/users\/2"}],"replies":[{"embeddable":true,"href":"https:\/\/www.visiterarles.com\/en\/wp-json\/wp\/v2\/comments?post=1382"}],"version-history":[{"count":0,"href":"https:\/\/www.visiterarles.com\/en\/wp-json\/wp\/v2\/posts\/1382\/revisions"}],"wp:featuredmedia":[{"embeddable":true,"href":"https:\/\/www.visiterarles.com\/en\/wp-json\/wp\/v2\/media\/1390"}],"wp:attachment":[{"href":"https:\/\/www.visiterarles.com\/en\/wp-json\/wp\/v2\/media?parent=1382"}],"wp:term":[{"taxonomy":"category","embeddable":true,"href":"https:\/\/www.visiterarles.com\/en\/wp-json\/wp\/v2\/categories?post=1382"},{"taxonomy":"post_tag","embeddable":true,"href":"https:\/\/www.visiterarles.com\/en\/wp-json\/wp\/v2\/tags?post=1382"}],"curies":[{"name":"wp","href":"https:\/\/api.w.org\/{rel}","templated":true}]}}