{"id":1469,"date":"2012-03-28T07:47:25","date_gmt":"2012-03-28T07:47:25","guid":{"rendered":"https:\/\/www.visiterarles.com\/?p=1469"},"modified":"2012-03-28T07:47:25","modified_gmt":"2012-03-28T07:47:25","slug":"feria-de-paques-2012-bodega-du-rugby-du-5-au-9-avril-sur-lesplanade-charles-de-gaulle","status":"publish","type":"post","link":"https:\/\/www.visiterarles.com\/en\/blog\/2012\/03\/28\/feria-de-paques-2012-bodega-du-rugby-du-5-au-9-avril-sur-lesplanade-charles-de-gaulle\/","title":{"rendered":"F\u00e9ria de P\u00e2ques 2012 : Bodega du rugby du 5 au 9 Avril sur l&rsquo;esplanade  Charles de Gaulle"},"content":{"rendered":"<p>A l&rsquo;occasion de la f\u00e9ria de P\u00e2ques 2012 \u00e0 Arles, Taco and Co vous invite \u00e0 vous rendre nombreux \u00e0\u00a0l\u2019incontournable\u00a0\u00ab\u00a0Bodega du Rugby\u00a0\u00bb, sur l&rsquo;esplanade Charles de Gaule du 5 au 9 Avril 2012.<\/p>\n<p>Ambiance assur\u00e9e avec les dj&rsquo;s Paul Ferrier et Mat G jusqu&rsquo;\u00e0 4h00.<\/p>\n<p>Restauration sur place avec un menu: plat du jour+fromage ou dessert+caf\u00e9= 13 euros<\/p>\n<p>Vendredi 6 Avril: Gardianne de taureau.<\/p>\n<p>Samedi 7 Avril: Gigot d&rsquo;agneau de 7h.<\/p>\n<p>Dimanche 8 Avril: Parmentier de canard.<\/p>\n<p>Lundi 9 Avril:\u00a0Paella\u00a0royale.<\/p>\n<figure id=\"attachment_1470\" aria-describedby=\"caption-attachment-1470\" style=\"width: 400px\" class=\"wp-caption aligncenter\"><a href=\"https:\/\/www.visiterarles.com\/wp-content\/uploads\/2012\/03\/IMG_1105-Copier.jpg\"><img fetchpriority=\"high\" decoding=\"async\" class=\"size-full wp-image-1470\" title=\"Affiche Bodega du rugby, P\u00e2ques 2012, Arles.\" src=\"https:\/\/www.visiterarles.com\/wp-content\/uploads\/2012\/03\/IMG_1105-Copier.jpg\" alt=\"Affiche Bodega du rugby, P\u00e2ques 2012, Arles\" width=\"400\" height=\"600\" srcset=\"https:\/\/www.visiterarles.com\/wp-content\/uploads\/2012\/03\/IMG_1105-Copier.jpg 400w, https:\/\/www.visiterarles.com\/wp-content\/uploads\/2012\/03\/IMG_1105-Copier-200x300.jpg 200w\" sizes=\"(max-width: 400px) 100vw, 400px\" \/><\/a><figcaption id=\"caption-attachment-1470\" class=\"wp-caption-text\">Affiche Bodega du rugby, P\u00e2ques 2012, Arles<\/figcaption><\/figure>","protected":false},"excerpt":{"rendered":"<p>A l&rsquo;occasion de la f\u00e9ria de P\u00e2ques 2012 \u00e0 Arles, Taco and Co vous invite \u00e0 vous rendre nombreux \u00e0\u00a0l\u2019incontournable\u00a0\u00ab\u00a0Bodega du Rugby\u00a0\u00bb, sur l&rsquo;esplanade Charles de Gaule du 5 au 9 Avril 2012. Ambiance assur\u00e9e avec les dj&rsquo;s Paul Ferrier et Mat G jusqu&rsquo;\u00e0 4h00. Restauration sur place avec un menu: plat du jour+fromage ou [&hellip;]<\/p>","protected":false},"author":2,"featured_media":1470,"comment_status":"closed","ping_status":"closed","sticky":false,"template":"","format":"standard","meta":{"footnotes":""},"categories":[4,3],"tags":[],"aioseo_notices":[],"yoast_head":"<!-- This site is optimized with the Yoast SEO plugin v22.3 - https:\/\/yoast.com\/wordpress\/plugins\/seo\/ -->\n<title>F\u00e9ria de P\u00e2ques 2012 : Bodega du rugby du 5 au 9 Avril sur l&#039;esplanade Charles de Gaulle  - Visiter Arles<\/title>\n<meta name=\"robots\" content=\"index, follow, max-snippet:-1, max-image-preview:large, max-video-preview:-1\" \/>\n<link rel=\"canonical\" href=\"https:\/\/www.visiterarles.com\/en\/blog\/2012\/03\/28\/feria-de-paques-2012-bodega-du-rugby-du-5-au-9-avril-sur-lesplanade-charles-de-gaulle\/\" \/>\n<meta name=\"twitter:label1\" content=\"Written by\" \/>\n\t<meta name=\"twitter:data1\" content=\"damien\" \/>\n<script type=\"application\/ld+json\" class=\"yoast-schema-graph\">{\"@context\":\"https:\/\/schema.org\",\"@graph\":[{\"@type\":\"Article\",\"@id\":\"https:\/\/www.visiterarles.com\/blog\/2012\/03\/28\/feria-de-paques-2012-bodega-du-rugby-du-5-au-9-avril-sur-lesplanade-charles-de-gaulle\/#article\",\"isPartOf\":{\"@id\":\"https:\/\/www.visiterarles.com\/blog\/2012\/03\/28\/feria-de-paques-2012-bodega-du-rugby-du-5-au-9-avril-sur-lesplanade-charles-de-gaulle\/\"},\"author\":{\"name\":\"damien\",\"@id\":\"https:\/\/www.visiterarles.com\/en\/#\/schema\/person\/0ef93571b2fe272c676137a002139d56\"},\"headline\":\"F\u00e9ria de P\u00e2ques 2012 : Bodega du rugby du 5 au 9 Avril sur l&rsquo;esplanade Charles de Gaulle\",\"datePublished\":\"2012-03-28T07:47:25+00:00\",\"dateModified\":\"2012-03-28T07:47:25+00:00\",\"mainEntityOfPage\":{\"@id\":\"https:\/\/www.visiterarles.com\/blog\/2012\/03\/28\/feria-de-paques-2012-bodega-du-rugby-du-5-au-9-avril-sur-lesplanade-charles-de-gaulle\/\"},\"wordCount\":114,\"publisher\":{\"@id\":\"https:\/\/www.visiterarles.com\/en\/#organization\"},\"image\":{\"@id\":\"https:\/\/www.visiterarles.com\/blog\/2012\/03\/28\/feria-de-paques-2012-bodega-du-rugby-du-5-au-9-avril-sur-lesplanade-charles-de-gaulle\/#primaryimage\"},\"thumbnailUrl\":\"https:\/\/www.visiterarles.com\/wp-content\/uploads\/2012\/03\/IMG_1105-Copier.jpg\",\"articleSection\":[\"accueil\",\"Actualit\u00e9s\"],\"inLanguage\":\"en-GB\"},{\"@type\":\"WebPage\",\"@id\":\"https:\/\/www.visiterarles.com\/blog\/2012\/03\/28\/feria-de-paques-2012-bodega-du-rugby-du-5-au-9-avril-sur-lesplanade-charles-de-gaulle\/\",\"url\":\"https:\/\/www.visiterarles.com\/blog\/2012\/03\/28\/feria-de-paques-2012-bodega-du-rugby-du-5-au-9-avril-sur-lesplanade-charles-de-gaulle\/\",\"name\":\"F\u00e9ria de P\u00e2ques 2012 : Bodega du rugby du 5 au 9 Avril sur l'esplanade Charles de Gaulle - Visiter Arles\",\"isPartOf\":{\"@id\":\"https:\/\/www.visiterarles.com\/en\/#website\"},\"primaryImageOfPage\":{\"@id\":\"https:\/\/www.visiterarles.com\/blog\/2012\/03\/28\/feria-de-paques-2012-bodega-du-rugby-du-5-au-9-avril-sur-lesplanade-charles-de-gaulle\/#primaryimage\"},\"image\":{\"@id\":\"https:\/\/www.visiterarles.com\/blog\/2012\/03\/28\/feria-de-paques-2012-bodega-du-rugby-du-5-au-9-avril-sur-lesplanade-charles-de-gaulle\/#primaryimage\"},\"thumbnailUrl\":\"https:\/\/www.visiterarles.com\/wp-content\/uploads\/2012\/03\/IMG_1105-Copier.jpg\",\"datePublished\":\"2012-03-28T07:47:25+00:00\",\"dateModified\":\"2012-03-28T07:47:25+00:00\",\"breadcrumb\":{\"@id\":\"https:\/\/www.visiterarles.com\/blog\/2012\/03\/28\/feria-de-paques-2012-bodega-du-rugby-du-5-au-9-avril-sur-lesplanade-charles-de-gaulle\/#breadcrumb\"},\"inLanguage\":\"en-GB\",\"potentialAction\":[{\"@type\":\"ReadAction\",\"target\":[\"https:\/\/www.visiterarles.com\/blog\/2012\/03\/28\/feria-de-paques-2012-bodega-du-rugby-du-5-au-9-avril-sur-lesplanade-charles-de-gaulle\/\"]}]},{\"@type\":\"ImageObject\",\"inLanguage\":\"en-GB\",\"@id\":\"https:\/\/www.visiterarles.com\/blog\/2012\/03\/28\/feria-de-paques-2012-bodega-du-rugby-du-5-au-9-avril-sur-lesplanade-charles-de-gaulle\/#primaryimage\",\"url\":\"https:\/\/www.visiterarles.com\/wp-content\/uploads\/2012\/03\/IMG_1105-Copier.jpg\",\"contentUrl\":\"https:\/\/www.visiterarles.com\/wp-content\/uploads\/2012\/03\/IMG_1105-Copier.jpg\",\"width\":\"400\",\"height\":\"600\",\"caption\":\"Affiche Bodega du rugby, P\u00e2ques 2012, Arles\"},{\"@type\":\"BreadcrumbList\",\"@id\":\"https:\/\/www.visiterarles.com\/blog\/2012\/03\/28\/feria-de-paques-2012-bodega-du-rugby-du-5-au-9-avril-sur-lesplanade-charles-de-gaulle\/#breadcrumb\",\"itemListElement\":[{\"@type\":\"ListItem\",\"position\":1,\"name\":\"Home\",\"item\":\"https:\/\/www.visiterarles.com\/\"},{\"@type\":\"ListItem\",\"position\":2,\"name\":\"F\u00e9ria de P\u00e2ques 2012 : Bodega du rugby du 5 au 9 Avril sur l&rsquo;esplanade Charles de Gaulle\"}]},{\"@type\":\"WebSite\",\"@id\":\"https:\/\/www.visiterarles.com\/en\/#website\",\"url\":\"https:\/\/www.visiterarles.com\/en\/\",\"name\":\"Visiter Arles\",\"description\":\"Tourisme en Provence \u00e0 Arles\",\"publisher\":{\"@id\":\"https:\/\/www.visiterarles.com\/en\/#organization\"},\"potentialAction\":[{\"@type\":\"SearchAction\",\"target\":{\"@type\":\"EntryPoint\",\"urlTemplate\":\"https:\/\/www.visiterarles.com\/en\/?s={search_term_string}\"},\"query-input\":\"required name=search_term_string\"}],\"inLanguage\":\"en-GB\"},{\"@type\":\"Organization\",\"@id\":\"https:\/\/www.visiterarles.com\/en\/#organization\",\"name\":\"Visiter Arles\",\"url\":\"https:\/\/www.visiterarles.com\/en\/\",\"logo\":{\"@type\":\"ImageObject\",\"inLanguage\":\"en-GB\",\"@id\":\"https:\/\/www.visiterarles.com\/en\/#\/schema\/logo\/image\/\",\"url\":\"https:\/\/www.visiterarles.com\/wp-content\/uploads\/2017\/10\/taco-and-co-1-1.jpg\",\"contentUrl\":\"https:\/\/www.visiterarles.com\/wp-content\/uploads\/2017\/10\/taco-and-co-1-1.jpg\",\"width\":124,\"height\":73,\"caption\":\"Visiter Arles\"},\"image\":{\"@id\":\"https:\/\/www.visiterarles.com\/en\/#\/schema\/logo\/image\/\"}},{\"@type\":\"Person\",\"@id\":\"https:\/\/www.visiterarles.com\/en\/#\/schema\/person\/0ef93571b2fe272c676137a002139d56\",\"name\":\"damien\",\"image\":{\"@type\":\"ImageObject\",\"inLanguage\":\"en-GB\",\"@id\":\"https:\/\/www.visiterarles.com\/en\/#\/schema\/person\/image\/\",\"url\":\"https:\/\/secure.gravatar.com\/avatar\/7a0d4f0af72a2d627adac81a8c10a5b6?s=96&d=mm&r=g\",\"contentUrl\":\"https:\/\/secure.gravatar.com\/avatar\/7a0d4f0af72a2d627adac81a8c10a5b6?s=96&d=mm&r=g\",\"caption\":\"damien\"},\"url\":\"https:\/\/www.visiterarles.com\/en\/blog\/author\/damien\/\"}]}<\/script>\n<!-- \/ Yoast SEO plugin. -->","yoast_head_json":{"title":"F\u00e9ria de P\u00e2ques 2012 : Bodega du rugby du 5 au 9 Avril sur l'esplanade Charles de Gaulle  - Visiter Arles","robots":{"index":"index","follow":"follow","max-snippet":"max-snippet:-1","max-image-preview":"max-image-preview:large","max-video-preview":"max-video-preview:-1"},"canonical":"https:\/\/www.visiterarles.com\/en\/blog\/2012\/03\/28\/feria-de-paques-2012-bodega-du-rugby-du-5-au-9-avril-sur-lesplanade-charles-de-gaulle\/","twitter_misc":{"Written by":"damien"},"schema":{"@context":"https:\/\/schema.org","@graph":[{"@type":"Article","@id":"https:\/\/www.visiterarles.com\/blog\/2012\/03\/28\/feria-de-paques-2012-bodega-du-rugby-du-5-au-9-avril-sur-lesplanade-charles-de-gaulle\/#article","isPartOf":{"@id":"https:\/\/www.visiterarles.com\/blog\/2012\/03\/28\/feria-de-paques-2012-bodega-du-rugby-du-5-au-9-avril-sur-lesplanade-charles-de-gaulle\/"},"author":{"name":"damien","@id":"https:\/\/www.visiterarles.com\/en\/#\/schema\/person\/0ef93571b2fe272c676137a002139d56"},"headline":"F\u00e9ria de P\u00e2ques 2012 : Bodega du rugby du 5 au 9 Avril sur l&rsquo;esplanade Charles de Gaulle","datePublished":"2012-03-28T07:47:25+00:00","dateModified":"2012-03-28T07:47:25+00:00","mainEntityOfPage":{"@id":"https:\/\/www.visiterarles.com\/blog\/2012\/03\/28\/feria-de-paques-2012-bodega-du-rugby-du-5-au-9-avril-sur-lesplanade-charles-de-gaulle\/"},"wordCount":114,"publisher":{"@id":"https:\/\/www.visiterarles.com\/en\/#organization"},"image":{"@id":"https:\/\/www.visiterarles.com\/blog\/2012\/03\/28\/feria-de-paques-2012-bodega-du-rugby-du-5-au-9-avril-sur-lesplanade-charles-de-gaulle\/#primaryimage"},"thumbnailUrl":"https:\/\/www.visiterarles.com\/wp-content\/uploads\/2012\/03\/IMG_1105-Copier.jpg","articleSection":["accueil","Actualit\u00e9s"],"inLanguage":"en-GB"},{"@type":"WebPage","@id":"https:\/\/www.visiterarles.com\/blog\/2012\/03\/28\/feria-de-paques-2012-bodega-du-rugby-du-5-au-9-avril-sur-lesplanade-charles-de-gaulle\/","url":"https:\/\/www.visiterarles.com\/blog\/2012\/03\/28\/feria-de-paques-2012-bodega-du-rugby-du-5-au-9-avril-sur-lesplanade-charles-de-gaulle\/","name":"F\u00e9ria de P\u00e2ques 2012 : Bodega du rugby du 5 au 9 Avril sur l'esplanade Charles de Gaulle - Visiter Arles","isPartOf":{"@id":"https:\/\/www.visiterarles.com\/en\/#website"},"primaryImageOfPage":{"@id":"https:\/\/www.visiterarles.com\/blog\/2012\/03\/28\/feria-de-paques-2012-bodega-du-rugby-du-5-au-9-avril-sur-lesplanade-charles-de-gaulle\/#primaryimage"},"image":{"@id":"https:\/\/www.visiterarles.com\/blog\/2012\/03\/28\/feria-de-paques-2012-bodega-du-rugby-du-5-au-9-avril-sur-lesplanade-charles-de-gaulle\/#primaryimage"},"thumbnailUrl":"https:\/\/www.visiterarles.com\/wp-content\/uploads\/2012\/03\/IMG_1105-Copier.jpg","datePublished":"2012-03-28T07:47:25+00:00","dateModified":"2012-03-28T07:47:25+00:00","breadcrumb":{"@id":"https:\/\/www.visiterarles.com\/blog\/2012\/03\/28\/feria-de-paques-2012-bodega-du-rugby-du-5-au-9-avril-sur-lesplanade-charles-de-gaulle\/#breadcrumb"},"inLanguage":"en-GB","potentialAction":[{"@type":"ReadAction","target":["https:\/\/www.visiterarles.com\/blog\/2012\/03\/28\/feria-de-paques-2012-bodega-du-rugby-du-5-au-9-avril-sur-lesplanade-charles-de-gaulle\/"]}]},{"@type":"ImageObject","inLanguage":"en-GB","@id":"https:\/\/www.visiterarles.com\/blog\/2012\/03\/28\/feria-de-paques-2012-bodega-du-rugby-du-5-au-9-avril-sur-lesplanade-charles-de-gaulle\/#primaryimage","url":"https:\/\/www.visiterarles.com\/wp-content\/uploads\/2012\/03\/IMG_1105-Copier.jpg","contentUrl":"https:\/\/www.visiterarles.com\/wp-content\/uploads\/2012\/03\/IMG_1105-Copier.jpg","width":"400","height":"600","caption":"Affiche Bodega du rugby, P\u00e2ques 2012, Arles"},{"@type":"BreadcrumbList","@id":"https:\/\/www.visiterarles.com\/blog\/2012\/03\/28\/feria-de-paques-2012-bodega-du-rugby-du-5-au-9-avril-sur-lesplanade-charles-de-gaulle\/#breadcrumb","itemListElement":[{"@type":"ListItem","position":1,"name":"Home","item":"https:\/\/www.visiterarles.com\/"},{"@type":"ListItem","position":2,"name":"F\u00e9ria de P\u00e2ques 2012 : Bodega du rugby du 5 au 9 Avril sur l&rsquo;esplanade Charles de Gaulle"}]},{"@type":"WebSite","@id":"https:\/\/www.visiterarles.com\/en\/#website","url":"https:\/\/www.visiterarles.com\/en\/","name":"Visiter Arles","description":"Tourisme en Provence \u00e0 Arles","publisher":{"@id":"https:\/\/www.visiterarles.com\/en\/#organization"},"potentialAction":[{"@type":"SearchAction","target":{"@type":"EntryPoint","urlTemplate":"https:\/\/www.visiterarles.com\/en\/?s={search_term_string}"},"query-input":"required name=search_term_string"}],"inLanguage":"en-GB"},{"@type":"Organization","@id":"https:\/\/www.visiterarles.com\/en\/#organization","name":"Visiter Arles","url":"https:\/\/www.visiterarles.com\/en\/","logo":{"@type":"ImageObject","inLanguage":"en-GB","@id":"https:\/\/www.visiterarles.com\/en\/#\/schema\/logo\/image\/","url":"https:\/\/www.visiterarles.com\/wp-content\/uploads\/2017\/10\/taco-and-co-1-1.jpg","contentUrl":"https:\/\/www.visiterarles.com\/wp-content\/uploads\/2017\/10\/taco-and-co-1-1.jpg","width":124,"height":73,"caption":"Visiter Arles"},"image":{"@id":"https:\/\/www.visiterarles.com\/en\/#\/schema\/logo\/image\/"}},{"@type":"Person","@id":"https:\/\/www.visiterarles.com\/en\/#\/schema\/person\/0ef93571b2fe272c676137a002139d56","name":"damien","image":{"@type":"ImageObject","inLanguage":"en-GB","@id":"https:\/\/www.visiterarles.com\/en\/#\/schema\/person\/image\/","url":"https:\/\/secure.gravatar.com\/avatar\/7a0d4f0af72a2d627adac81a8c10a5b6?s=96&d=mm&r=g","contentUrl":"https:\/\/secure.gravatar.com\/avatar\/7a0d4f0af72a2d627adac81a8c10a5b6?s=96&d=mm&r=g","caption":"damien"},"url":"https:\/\/www.visiterarles.com\/en\/blog\/author\/damien\/"}]}},"_links":{"self":[{"href":"https:\/\/www.visiterarles.com\/en\/wp-json\/wp\/v2\/posts\/1469"}],"collection":[{"href":"https:\/\/www.visiterarles.com\/en\/wp-json\/wp\/v2\/posts"}],"about":[{"href":"https:\/\/www.visiterarles.com\/en\/wp-json\/wp\/v2\/types\/post"}],"author":[{"embeddable":true,"href":"https:\/\/www.visiterarles.com\/en\/wp-json\/wp\/v2\/users\/2"}],"replies":[{"embeddable":true,"href":"https:\/\/www.visiterarles.com\/en\/wp-json\/wp\/v2\/comments?post=1469"}],"version-history":[{"count":0,"href":"https:\/\/www.visiterarles.com\/en\/wp-json\/wp\/v2\/posts\/1469\/revisions"}],"wp:featuredmedia":[{"embeddable":true,"href":"https:\/\/www.visiterarles.com\/en\/wp-json\/wp\/v2\/media\/1470"}],"wp:attachment":[{"href":"https:\/\/www.visiterarles.com\/en\/wp-json\/wp\/v2\/media?parent=1469"}],"wp:term":[{"taxonomy":"category","embeddable":true,"href":"https:\/\/www.visiterarles.com\/en\/wp-json\/wp\/v2\/categories?post=1469"},{"taxonomy":"post_tag","embeddable":true,"href":"https:\/\/www.visiterarles.com\/en\/wp-json\/wp\/v2\/tags?post=1469"}],"curies":[{"name":"wp","href":"https:\/\/api.w.org\/{rel}","templated":true}]}}