{"id":1585,"date":"2012-06-24T08:16:33","date_gmt":"2012-06-24T08:16:33","guid":{"rendered":"https:\/\/www.visiterarles.com\/?p=1585"},"modified":"2012-06-24T08:16:33","modified_gmt":"2012-06-24T08:16:33","slug":"taco-and-co-partenaire-des-rencontres-darles-2012","status":"publish","type":"post","link":"https:\/\/www.visiterarles.com\/en\/blog\/2012\/06\/24\/taco-and-co-partenaire-des-rencontres-darles-2012\/","title":{"rendered":"Taco and Co: Partenaire des Rencontres d&rsquo;Arles 2012."},"content":{"rendered":"<p>Pour la 3\u00e9me ann\u00e9e cons\u00e9cutive, <strong>Taco and Co<\/strong> s&rsquo;associe aux Rencontres Internationales de la photographie d&rsquo;Arles \u00a0pour vous faire d\u00e9couvrir jusqu&rsquo;\u00e0 60 expositions du 2 Juillet au 22 Septembre 2012.<\/p>\n<p>Nos \u00a0v\u00e9los vous transportent de site en site de 9h \u00e0 22h, \u00a0r\u00e9servation\u00a0apr\u00e8s 2o heures.<\/p>\n<p>Deux gares Taco and co sont pr\u00e9vus devant les billetteries des\u00a0Rencontres \u00a0place de la R\u00e9publique et ateliers SNCF<\/p>\n<p>La semaine d\u2019ouverture se\u00a0d\u00e9roulera\u00a0du 2 au 8 juillet 2012 avec de nombreuses inaugurations.<\/p>\n<p>Pour plus d&rsquo;informations:\u00a0<a href=\"http:\/\/www.rencontres-arles.com\/\" target=\"_blank\">http:\/\/www.rencontres-arles.com<\/a><\/p>\n<figure id=\"attachment_1586\" aria-describedby=\"caption-attachment-1586\" style=\"width: 200px\" class=\"wp-caption aligncenter\"><a href=\"https:\/\/www.visiterarles.com\/wp-content\/uploads\/2012\/06\/IMG_1383-Copier.jpg\"><img fetchpriority=\"high\" decoding=\"async\" class=\"size-medium wp-image-1586\" src=\"https:\/\/www.visiterarles.com\/wp-content\/uploads\/2012\/06\/IMG_1383-Copier-200x300.jpg\" alt=\"Les Rencontres d'Arles 2012\" width=\"200\" height=\"300\" srcset=\"https:\/\/www.visiterarles.com\/wp-content\/uploads\/2012\/06\/IMG_1383-Copier-200x300.jpg 200w, https:\/\/www.visiterarles.com\/wp-content\/uploads\/2012\/06\/IMG_1383-Copier.jpg 400w\" sizes=\"(max-width: 200px) 100vw, 200px\" \/><\/a><figcaption id=\"caption-attachment-1586\" class=\"wp-caption-text\">Les Rencontres d&#039;Arles 2012<\/figcaption><\/figure>\n<p>&nbsp;<\/p>","protected":false},"excerpt":{"rendered":"<p>Pour la 3\u00e9me ann\u00e9e cons\u00e9cutive, Taco and Co s&rsquo;associe aux Rencontres Internationales de la photographie d&rsquo;Arles \u00a0pour vous faire d\u00e9couvrir jusqu&rsquo;\u00e0 60 expositions du 2 Juillet au 22 Septembre 2012. Nos \u00a0v\u00e9los vous transportent de site en site de 9h \u00e0 22h, \u00a0r\u00e9servation\u00a0apr\u00e8s 2o heures. Deux gares Taco and co sont pr\u00e9vus devant les billetteries [&hellip;]<\/p>","protected":false},"author":2,"featured_media":1587,"comment_status":"closed","ping_status":"closed","sticky":false,"template":"","format":"standard","meta":{"footnotes":""},"categories":[4,3],"tags":[],"aioseo_notices":[],"yoast_head":"<!-- This site is optimized with the Yoast SEO plugin v22.3 - https:\/\/yoast.com\/wordpress\/plugins\/seo\/ -->\n<title>Taco and Co: Partenaire des Rencontres d&#039;Arles 2012. - Visiter Arles<\/title>\n<meta name=\"robots\" content=\"index, follow, max-snippet:-1, max-image-preview:large, max-video-preview:-1\" \/>\n<link rel=\"canonical\" href=\"https:\/\/www.visiterarles.com\/en\/blog\/2012\/06\/24\/taco-and-co-partenaire-des-rencontres-darles-2012\/\" \/>\n<meta name=\"twitter:label1\" content=\"Written by\" \/>\n\t<meta name=\"twitter:data1\" content=\"damien\" \/>\n\t<meta name=\"twitter:label2\" content=\"Estimated reading time\" \/>\n\t<meta name=\"twitter:data2\" content=\"1 minute\" \/>\n<script type=\"application\/ld+json\" class=\"yoast-schema-graph\">{\"@context\":\"https:\/\/schema.org\",\"@graph\":[{\"@type\":\"Article\",\"@id\":\"https:\/\/www.visiterarles.com\/blog\/2012\/06\/24\/taco-and-co-partenaire-des-rencontres-darles-2012\/#article\",\"isPartOf\":{\"@id\":\"https:\/\/www.visiterarles.com\/blog\/2012\/06\/24\/taco-and-co-partenaire-des-rencontres-darles-2012\/\"},\"author\":{\"name\":\"damien\",\"@id\":\"https:\/\/www.visiterarles.com\/en\/#\/schema\/person\/0ef93571b2fe272c676137a002139d56\"},\"headline\":\"Taco and Co: Partenaire des Rencontres d&rsquo;Arles 2012.\",\"datePublished\":\"2012-06-24T08:16:33+00:00\",\"dateModified\":\"2012-06-24T08:16:33+00:00\",\"mainEntityOfPage\":{\"@id\":\"https:\/\/www.visiterarles.com\/blog\/2012\/06\/24\/taco-and-co-partenaire-des-rencontres-darles-2012\/\"},\"wordCount\":113,\"publisher\":{\"@id\":\"https:\/\/www.visiterarles.com\/en\/#organization\"},\"image\":{\"@id\":\"https:\/\/www.visiterarles.com\/blog\/2012\/06\/24\/taco-and-co-partenaire-des-rencontres-darles-2012\/#primaryimage\"},\"thumbnailUrl\":\"https:\/\/www.visiterarles.com\/wp-content\/uploads\/2012\/06\/IMG_1389-Copier.jpg\",\"articleSection\":[\"accueil\",\"Actualit\u00e9s\"],\"inLanguage\":\"en-GB\"},{\"@type\":\"WebPage\",\"@id\":\"https:\/\/www.visiterarles.com\/blog\/2012\/06\/24\/taco-and-co-partenaire-des-rencontres-darles-2012\/\",\"url\":\"https:\/\/www.visiterarles.com\/blog\/2012\/06\/24\/taco-and-co-partenaire-des-rencontres-darles-2012\/\",\"name\":\"Taco and Co: Partenaire des Rencontres d'Arles 2012. - Visiter Arles\",\"isPartOf\":{\"@id\":\"https:\/\/www.visiterarles.com\/en\/#website\"},\"primaryImageOfPage\":{\"@id\":\"https:\/\/www.visiterarles.com\/blog\/2012\/06\/24\/taco-and-co-partenaire-des-rencontres-darles-2012\/#primaryimage\"},\"image\":{\"@id\":\"https:\/\/www.visiterarles.com\/blog\/2012\/06\/24\/taco-and-co-partenaire-des-rencontres-darles-2012\/#primaryimage\"},\"thumbnailUrl\":\"https:\/\/www.visiterarles.com\/wp-content\/uploads\/2012\/06\/IMG_1389-Copier.jpg\",\"datePublished\":\"2012-06-24T08:16:33+00:00\",\"dateModified\":\"2012-06-24T08:16:33+00:00\",\"breadcrumb\":{\"@id\":\"https:\/\/www.visiterarles.com\/blog\/2012\/06\/24\/taco-and-co-partenaire-des-rencontres-darles-2012\/#breadcrumb\"},\"inLanguage\":\"en-GB\",\"potentialAction\":[{\"@type\":\"ReadAction\",\"target\":[\"https:\/\/www.visiterarles.com\/blog\/2012\/06\/24\/taco-and-co-partenaire-des-rencontres-darles-2012\/\"]}]},{\"@type\":\"ImageObject\",\"inLanguage\":\"en-GB\",\"@id\":\"https:\/\/www.visiterarles.com\/blog\/2012\/06\/24\/taco-and-co-partenaire-des-rencontres-darles-2012\/#primaryimage\",\"url\":\"https:\/\/www.visiterarles.com\/wp-content\/uploads\/2012\/06\/IMG_1389-Copier.jpg\",\"contentUrl\":\"https:\/\/www.visiterarles.com\/wp-content\/uploads\/2012\/06\/IMG_1389-Copier.jpg\",\"width\":\"400\",\"height\":\"600\",\"caption\":\"Rencontres d'Arles 2012\"},{\"@type\":\"BreadcrumbList\",\"@id\":\"https:\/\/www.visiterarles.com\/blog\/2012\/06\/24\/taco-and-co-partenaire-des-rencontres-darles-2012\/#breadcrumb\",\"itemListElement\":[{\"@type\":\"ListItem\",\"position\":1,\"name\":\"Home\",\"item\":\"https:\/\/www.visiterarles.com\/\"},{\"@type\":\"ListItem\",\"position\":2,\"name\":\"Taco and Co: Partenaire des Rencontres d&rsquo;Arles 2012.\"}]},{\"@type\":\"WebSite\",\"@id\":\"https:\/\/www.visiterarles.com\/en\/#website\",\"url\":\"https:\/\/www.visiterarles.com\/en\/\",\"name\":\"Visiter Arles\",\"description\":\"Tourisme en Provence \u00e0 Arles\",\"publisher\":{\"@id\":\"https:\/\/www.visiterarles.com\/en\/#organization\"},\"potentialAction\":[{\"@type\":\"SearchAction\",\"target\":{\"@type\":\"EntryPoint\",\"urlTemplate\":\"https:\/\/www.visiterarles.com\/en\/?s={search_term_string}\"},\"query-input\":\"required name=search_term_string\"}],\"inLanguage\":\"en-GB\"},{\"@type\":\"Organization\",\"@id\":\"https:\/\/www.visiterarles.com\/en\/#organization\",\"name\":\"Visiter Arles\",\"url\":\"https:\/\/www.visiterarles.com\/en\/\",\"logo\":{\"@type\":\"ImageObject\",\"inLanguage\":\"en-GB\",\"@id\":\"https:\/\/www.visiterarles.com\/en\/#\/schema\/logo\/image\/\",\"url\":\"https:\/\/www.visiterarles.com\/wp-content\/uploads\/2017\/10\/taco-and-co-1-1.jpg\",\"contentUrl\":\"https:\/\/www.visiterarles.com\/wp-content\/uploads\/2017\/10\/taco-and-co-1-1.jpg\",\"width\":124,\"height\":73,\"caption\":\"Visiter Arles\"},\"image\":{\"@id\":\"https:\/\/www.visiterarles.com\/en\/#\/schema\/logo\/image\/\"}},{\"@type\":\"Person\",\"@id\":\"https:\/\/www.visiterarles.com\/en\/#\/schema\/person\/0ef93571b2fe272c676137a002139d56\",\"name\":\"damien\",\"image\":{\"@type\":\"ImageObject\",\"inLanguage\":\"en-GB\",\"@id\":\"https:\/\/www.visiterarles.com\/en\/#\/schema\/person\/image\/\",\"url\":\"https:\/\/secure.gravatar.com\/avatar\/7a0d4f0af72a2d627adac81a8c10a5b6?s=96&d=mm&r=g\",\"contentUrl\":\"https:\/\/secure.gravatar.com\/avatar\/7a0d4f0af72a2d627adac81a8c10a5b6?s=96&d=mm&r=g\",\"caption\":\"damien\"},\"url\":\"https:\/\/www.visiterarles.com\/en\/blog\/author\/damien\/\"}]}<\/script>\n<!-- \/ Yoast SEO plugin. -->","yoast_head_json":{"title":"Taco and Co: Partenaire des Rencontres d'Arles 2012. - Visiter Arles","robots":{"index":"index","follow":"follow","max-snippet":"max-snippet:-1","max-image-preview":"max-image-preview:large","max-video-preview":"max-video-preview:-1"},"canonical":"https:\/\/www.visiterarles.com\/en\/blog\/2012\/06\/24\/taco-and-co-partenaire-des-rencontres-darles-2012\/","twitter_misc":{"Written by":"damien","Estimated reading time":"1 minute"},"schema":{"@context":"https:\/\/schema.org","@graph":[{"@type":"Article","@id":"https:\/\/www.visiterarles.com\/blog\/2012\/06\/24\/taco-and-co-partenaire-des-rencontres-darles-2012\/#article","isPartOf":{"@id":"https:\/\/www.visiterarles.com\/blog\/2012\/06\/24\/taco-and-co-partenaire-des-rencontres-darles-2012\/"},"author":{"name":"damien","@id":"https:\/\/www.visiterarles.com\/en\/#\/schema\/person\/0ef93571b2fe272c676137a002139d56"},"headline":"Taco and Co: Partenaire des Rencontres d&rsquo;Arles 2012.","datePublished":"2012-06-24T08:16:33+00:00","dateModified":"2012-06-24T08:16:33+00:00","mainEntityOfPage":{"@id":"https:\/\/www.visiterarles.com\/blog\/2012\/06\/24\/taco-and-co-partenaire-des-rencontres-darles-2012\/"},"wordCount":113,"publisher":{"@id":"https:\/\/www.visiterarles.com\/en\/#organization"},"image":{"@id":"https:\/\/www.visiterarles.com\/blog\/2012\/06\/24\/taco-and-co-partenaire-des-rencontres-darles-2012\/#primaryimage"},"thumbnailUrl":"https:\/\/www.visiterarles.com\/wp-content\/uploads\/2012\/06\/IMG_1389-Copier.jpg","articleSection":["accueil","Actualit\u00e9s"],"inLanguage":"en-GB"},{"@type":"WebPage","@id":"https:\/\/www.visiterarles.com\/blog\/2012\/06\/24\/taco-and-co-partenaire-des-rencontres-darles-2012\/","url":"https:\/\/www.visiterarles.com\/blog\/2012\/06\/24\/taco-and-co-partenaire-des-rencontres-darles-2012\/","name":"Taco and Co: Partenaire des Rencontres d'Arles 2012. - Visiter Arles","isPartOf":{"@id":"https:\/\/www.visiterarles.com\/en\/#website"},"primaryImageOfPage":{"@id":"https:\/\/www.visiterarles.com\/blog\/2012\/06\/24\/taco-and-co-partenaire-des-rencontres-darles-2012\/#primaryimage"},"image":{"@id":"https:\/\/www.visiterarles.com\/blog\/2012\/06\/24\/taco-and-co-partenaire-des-rencontres-darles-2012\/#primaryimage"},"thumbnailUrl":"https:\/\/www.visiterarles.com\/wp-content\/uploads\/2012\/06\/IMG_1389-Copier.jpg","datePublished":"2012-06-24T08:16:33+00:00","dateModified":"2012-06-24T08:16:33+00:00","breadcrumb":{"@id":"https:\/\/www.visiterarles.com\/blog\/2012\/06\/24\/taco-and-co-partenaire-des-rencontres-darles-2012\/#breadcrumb"},"inLanguage":"en-GB","potentialAction":[{"@type":"ReadAction","target":["https:\/\/www.visiterarles.com\/blog\/2012\/06\/24\/taco-and-co-partenaire-des-rencontres-darles-2012\/"]}]},{"@type":"ImageObject","inLanguage":"en-GB","@id":"https:\/\/www.visiterarles.com\/blog\/2012\/06\/24\/taco-and-co-partenaire-des-rencontres-darles-2012\/#primaryimage","url":"https:\/\/www.visiterarles.com\/wp-content\/uploads\/2012\/06\/IMG_1389-Copier.jpg","contentUrl":"https:\/\/www.visiterarles.com\/wp-content\/uploads\/2012\/06\/IMG_1389-Copier.jpg","width":"400","height":"600","caption":"Rencontres d'Arles 2012"},{"@type":"BreadcrumbList","@id":"https:\/\/www.visiterarles.com\/blog\/2012\/06\/24\/taco-and-co-partenaire-des-rencontres-darles-2012\/#breadcrumb","itemListElement":[{"@type":"ListItem","position":1,"name":"Home","item":"https:\/\/www.visiterarles.com\/"},{"@type":"ListItem","position":2,"name":"Taco and Co: Partenaire des Rencontres d&rsquo;Arles 2012."}]},{"@type":"WebSite","@id":"https:\/\/www.visiterarles.com\/en\/#website","url":"https:\/\/www.visiterarles.com\/en\/","name":"Visiter Arles","description":"Tourisme en Provence \u00e0 Arles","publisher":{"@id":"https:\/\/www.visiterarles.com\/en\/#organization"},"potentialAction":[{"@type":"SearchAction","target":{"@type":"EntryPoint","urlTemplate":"https:\/\/www.visiterarles.com\/en\/?s={search_term_string}"},"query-input":"required name=search_term_string"}],"inLanguage":"en-GB"},{"@type":"Organization","@id":"https:\/\/www.visiterarles.com\/en\/#organization","name":"Visiter Arles","url":"https:\/\/www.visiterarles.com\/en\/","logo":{"@type":"ImageObject","inLanguage":"en-GB","@id":"https:\/\/www.visiterarles.com\/en\/#\/schema\/logo\/image\/","url":"https:\/\/www.visiterarles.com\/wp-content\/uploads\/2017\/10\/taco-and-co-1-1.jpg","contentUrl":"https:\/\/www.visiterarles.com\/wp-content\/uploads\/2017\/10\/taco-and-co-1-1.jpg","width":124,"height":73,"caption":"Visiter Arles"},"image":{"@id":"https:\/\/www.visiterarles.com\/en\/#\/schema\/logo\/image\/"}},{"@type":"Person","@id":"https:\/\/www.visiterarles.com\/en\/#\/schema\/person\/0ef93571b2fe272c676137a002139d56","name":"damien","image":{"@type":"ImageObject","inLanguage":"en-GB","@id":"https:\/\/www.visiterarles.com\/en\/#\/schema\/person\/image\/","url":"https:\/\/secure.gravatar.com\/avatar\/7a0d4f0af72a2d627adac81a8c10a5b6?s=96&d=mm&r=g","contentUrl":"https:\/\/secure.gravatar.com\/avatar\/7a0d4f0af72a2d627adac81a8c10a5b6?s=96&d=mm&r=g","caption":"damien"},"url":"https:\/\/www.visiterarles.com\/en\/blog\/author\/damien\/"}]}},"_links":{"self":[{"href":"https:\/\/www.visiterarles.com\/en\/wp-json\/wp\/v2\/posts\/1585"}],"collection":[{"href":"https:\/\/www.visiterarles.com\/en\/wp-json\/wp\/v2\/posts"}],"about":[{"href":"https:\/\/www.visiterarles.com\/en\/wp-json\/wp\/v2\/types\/post"}],"author":[{"embeddable":true,"href":"https:\/\/www.visiterarles.com\/en\/wp-json\/wp\/v2\/users\/2"}],"replies":[{"embeddable":true,"href":"https:\/\/www.visiterarles.com\/en\/wp-json\/wp\/v2\/comments?post=1585"}],"version-history":[{"count":0,"href":"https:\/\/www.visiterarles.com\/en\/wp-json\/wp\/v2\/posts\/1585\/revisions"}],"wp:featuredmedia":[{"embeddable":true,"href":"https:\/\/www.visiterarles.com\/en\/wp-json\/wp\/v2\/media\/1587"}],"wp:attachment":[{"href":"https:\/\/www.visiterarles.com\/en\/wp-json\/wp\/v2\/media?parent=1585"}],"wp:term":[{"taxonomy":"category","embeddable":true,"href":"https:\/\/www.visiterarles.com\/en\/wp-json\/wp\/v2\/categories?post=1585"},{"taxonomy":"post_tag","embeddable":true,"href":"https:\/\/www.visiterarles.com\/en\/wp-json\/wp\/v2\/tags?post=1585"}],"curies":[{"name":"wp","href":"https:\/\/api.w.org\/{rel}","templated":true}]}}