{"id":1620,"date":"2012-07-02T19:59:17","date_gmt":"2012-07-02T19:59:17","guid":{"rendered":"https:\/\/www.visiterarles.com\/?p=1620"},"modified":"2012-07-02T19:59:17","modified_gmt":"2012-07-02T19:59:17","slug":"festival-des-suds-2012-a-arles","status":"publish","type":"post","link":"https:\/\/www.visiterarles.com\/en\/blog\/2012\/07\/02\/festival-des-suds-2012-a-arles\/","title":{"rendered":"Festival des Suds 2012 \u00e0 Arles"},"content":{"rendered":"<p>Cette ann\u00e9e encore, Taco and co est partenaire \u00a0du c\u00e9l\u00e8bre Festival des Suds d&rsquo;Arles. Celui-ci d\u00e9butera le 9 juillet et se d\u00e9roulera jusqu&rsquo;au 15 Juillet 2012.<\/p>\n<p>Les 4 v\u00e9los tacos peuvent vous transporter de sc\u00e8ne en sc\u00e8ne pendant toute la dur\u00e9e du festival.<\/p>\n<p>Contactez-nous au 06 50 29 6000.<\/p>\n<p>Pour plus d&rsquo;informations sur le programme des Suds:<a title=\"Les Suds \u00e0 Arles\" href=\"http:\/\/www.suds-arles.com\/\" target=\"_blank\">http:\/\/www.suds-arles.com\/<\/a><\/p>\n<p><a href=\"https:\/\/www.visiterarles.com\/wp-content\/uploads\/2012\/07\/Img4CE20570-Copier1.jpg\"><img fetchpriority=\"high\" decoding=\"async\" class=\"aligncenter size-medium wp-image-1622\" title=\"Img4CE20570 (Copier)\" src=\"https:\/\/www.visiterarles.com\/wp-content\/uploads\/2012\/07\/Img4CE20570-Copier1-300x225.jpg\" alt=\"\" width=\"300\" height=\"225\" srcset=\"https:\/\/www.visiterarles.com\/wp-content\/uploads\/2012\/07\/Img4CE20570-Copier1-300x225.jpg 300w, https:\/\/www.visiterarles.com\/wp-content\/uploads\/2012\/07\/Img4CE20570-Copier1.jpg 800w\" sizes=\"(max-width: 300px) 100vw, 300px\" \/><\/a><\/p>","protected":false},"excerpt":{"rendered":"<p>Cette ann\u00e9e encore, Taco and co est partenaire \u00a0du c\u00e9l\u00e8bre Festival des Suds d&rsquo;Arles. Celui-ci d\u00e9butera le 9 juillet et se d\u00e9roulera jusqu&rsquo;au 15 Juillet 2012. Les 4 v\u00e9los tacos peuvent vous transporter de sc\u00e8ne en sc\u00e8ne pendant toute la dur\u00e9e du festival. Contactez-nous au 06 50 29 6000. Pour plus d&rsquo;informations sur le programme [&hellip;]<\/p>","protected":false},"author":2,"featured_media":1623,"comment_status":"closed","ping_status":"closed","sticky":false,"template":"","format":"standard","meta":{"footnotes":""},"categories":[4,3],"tags":[],"aioseo_notices":[],"yoast_head":"<!-- This site is optimized with the Yoast SEO plugin v22.3 - https:\/\/yoast.com\/wordpress\/plugins\/seo\/ -->\n<title>Festival des Suds 2012 \u00e0 Arles - Visiter Arles<\/title>\n<meta name=\"robots\" content=\"index, follow, max-snippet:-1, max-image-preview:large, max-video-preview:-1\" \/>\n<link rel=\"canonical\" href=\"https:\/\/www.visiterarles.com\/en\/blog\/2012\/07\/02\/festival-des-suds-2012-a-arles\/\" \/>\n<meta name=\"twitter:label1\" content=\"Written by\" \/>\n\t<meta name=\"twitter:data1\" content=\"damien\" \/>\n<script type=\"application\/ld+json\" class=\"yoast-schema-graph\">{\"@context\":\"https:\/\/schema.org\",\"@graph\":[{\"@type\":\"Article\",\"@id\":\"https:\/\/www.visiterarles.com\/en\/blog\/2012\/07\/02\/festival-des-suds-2012-a-arles\/#article\",\"isPartOf\":{\"@id\":\"https:\/\/www.visiterarles.com\/en\/blog\/2012\/07\/02\/festival-des-suds-2012-a-arles\/\"},\"author\":{\"name\":\"damien\",\"@id\":\"https:\/\/www.visiterarles.com\/en\/#\/schema\/person\/0ef93571b2fe272c676137a002139d56\"},\"headline\":\"Festival des Suds 2012 \u00e0 Arles\",\"datePublished\":\"2012-07-02T19:59:17+00:00\",\"dateModified\":\"2012-07-02T19:59:17+00:00\",\"mainEntityOfPage\":{\"@id\":\"https:\/\/www.visiterarles.com\/en\/blog\/2012\/07\/02\/festival-des-suds-2012-a-arles\/\"},\"wordCount\":69,\"publisher\":{\"@id\":\"https:\/\/www.visiterarles.com\/en\/#organization\"},\"image\":{\"@id\":\"https:\/\/www.visiterarles.com\/en\/blog\/2012\/07\/02\/festival-des-suds-2012-a-arles\/#primaryimage\"},\"thumbnailUrl\":\"https:\/\/www.visiterarles.com\/wp-content\/uploads\/2012\/07\/Img4CE20570-Copier2.jpg\",\"articleSection\":[\"accueil\",\"Actualit\u00e9s\"],\"inLanguage\":\"en-GB\"},{\"@type\":\"WebPage\",\"@id\":\"https:\/\/www.visiterarles.com\/en\/blog\/2012\/07\/02\/festival-des-suds-2012-a-arles\/\",\"url\":\"https:\/\/www.visiterarles.com\/en\/blog\/2012\/07\/02\/festival-des-suds-2012-a-arles\/\",\"name\":\"Festival des Suds 2012 \u00e0 Arles - Visiter Arles\",\"isPartOf\":{\"@id\":\"https:\/\/www.visiterarles.com\/en\/#website\"},\"primaryImageOfPage\":{\"@id\":\"https:\/\/www.visiterarles.com\/en\/blog\/2012\/07\/02\/festival-des-suds-2012-a-arles\/#primaryimage\"},\"image\":{\"@id\":\"https:\/\/www.visiterarles.com\/en\/blog\/2012\/07\/02\/festival-des-suds-2012-a-arles\/#primaryimage\"},\"thumbnailUrl\":\"https:\/\/www.visiterarles.com\/wp-content\/uploads\/2012\/07\/Img4CE20570-Copier2.jpg\",\"datePublished\":\"2012-07-02T19:59:17+00:00\",\"dateModified\":\"2012-07-02T19:59:17+00:00\",\"breadcrumb\":{\"@id\":\"https:\/\/www.visiterarles.com\/en\/blog\/2012\/07\/02\/festival-des-suds-2012-a-arles\/#breadcrumb\"},\"inLanguage\":\"en-GB\",\"potentialAction\":[{\"@type\":\"ReadAction\",\"target\":[\"https:\/\/www.visiterarles.com\/en\/blog\/2012\/07\/02\/festival-des-suds-2012-a-arles\/\"]}]},{\"@type\":\"ImageObject\",\"inLanguage\":\"en-GB\",\"@id\":\"https:\/\/www.visiterarles.com\/en\/blog\/2012\/07\/02\/festival-des-suds-2012-a-arles\/#primaryimage\",\"url\":\"https:\/\/www.visiterarles.com\/wp-content\/uploads\/2012\/07\/Img4CE20570-Copier2.jpg\",\"contentUrl\":\"https:\/\/www.visiterarles.com\/wp-content\/uploads\/2012\/07\/Img4CE20570-Copier2.jpg\",\"width\":\"800\",\"height\":\"600\"},{\"@type\":\"BreadcrumbList\",\"@id\":\"https:\/\/www.visiterarles.com\/en\/blog\/2012\/07\/02\/festival-des-suds-2012-a-arles\/#breadcrumb\",\"itemListElement\":[{\"@type\":\"ListItem\",\"position\":1,\"name\":\"Home\",\"item\":\"https:\/\/www.visiterarles.com\/\"},{\"@type\":\"ListItem\",\"position\":2,\"name\":\"Festival des Suds 2012 \u00e0 Arles\"}]},{\"@type\":\"WebSite\",\"@id\":\"https:\/\/www.visiterarles.com\/en\/#website\",\"url\":\"https:\/\/www.visiterarles.com\/en\/\",\"name\":\"Visiter Arles\",\"description\":\"Tourisme en Provence \u00e0 Arles\",\"publisher\":{\"@id\":\"https:\/\/www.visiterarles.com\/en\/#organization\"},\"potentialAction\":[{\"@type\":\"SearchAction\",\"target\":{\"@type\":\"EntryPoint\",\"urlTemplate\":\"https:\/\/www.visiterarles.com\/en\/?s={search_term_string}\"},\"query-input\":\"required name=search_term_string\"}],\"inLanguage\":\"en-GB\"},{\"@type\":\"Organization\",\"@id\":\"https:\/\/www.visiterarles.com\/en\/#organization\",\"name\":\"Visiter Arles\",\"url\":\"https:\/\/www.visiterarles.com\/en\/\",\"logo\":{\"@type\":\"ImageObject\",\"inLanguage\":\"en-GB\",\"@id\":\"https:\/\/www.visiterarles.com\/en\/#\/schema\/logo\/image\/\",\"url\":\"https:\/\/www.visiterarles.com\/wp-content\/uploads\/2017\/10\/taco-and-co-1-1.jpg\",\"contentUrl\":\"https:\/\/www.visiterarles.com\/wp-content\/uploads\/2017\/10\/taco-and-co-1-1.jpg\",\"width\":124,\"height\":73,\"caption\":\"Visiter Arles\"},\"image\":{\"@id\":\"https:\/\/www.visiterarles.com\/en\/#\/schema\/logo\/image\/\"}},{\"@type\":\"Person\",\"@id\":\"https:\/\/www.visiterarles.com\/en\/#\/schema\/person\/0ef93571b2fe272c676137a002139d56\",\"name\":\"damien\",\"image\":{\"@type\":\"ImageObject\",\"inLanguage\":\"en-GB\",\"@id\":\"https:\/\/www.visiterarles.com\/en\/#\/schema\/person\/image\/\",\"url\":\"https:\/\/secure.gravatar.com\/avatar\/7a0d4f0af72a2d627adac81a8c10a5b6?s=96&d=mm&r=g\",\"contentUrl\":\"https:\/\/secure.gravatar.com\/avatar\/7a0d4f0af72a2d627adac81a8c10a5b6?s=96&d=mm&r=g\",\"caption\":\"damien\"},\"url\":\"https:\/\/www.visiterarles.com\/en\/blog\/author\/damien\/\"}]}<\/script>\n<!-- \/ Yoast SEO plugin. -->","yoast_head_json":{"title":"Festival des Suds 2012 \u00e0 Arles - Visiter Arles","robots":{"index":"index","follow":"follow","max-snippet":"max-snippet:-1","max-image-preview":"max-image-preview:large","max-video-preview":"max-video-preview:-1"},"canonical":"https:\/\/www.visiterarles.com\/en\/blog\/2012\/07\/02\/festival-des-suds-2012-a-arles\/","twitter_misc":{"Written by":"damien"},"schema":{"@context":"https:\/\/schema.org","@graph":[{"@type":"Article","@id":"https:\/\/www.visiterarles.com\/en\/blog\/2012\/07\/02\/festival-des-suds-2012-a-arles\/#article","isPartOf":{"@id":"https:\/\/www.visiterarles.com\/en\/blog\/2012\/07\/02\/festival-des-suds-2012-a-arles\/"},"author":{"name":"damien","@id":"https:\/\/www.visiterarles.com\/en\/#\/schema\/person\/0ef93571b2fe272c676137a002139d56"},"headline":"Festival des Suds 2012 \u00e0 Arles","datePublished":"2012-07-02T19:59:17+00:00","dateModified":"2012-07-02T19:59:17+00:00","mainEntityOfPage":{"@id":"https:\/\/www.visiterarles.com\/en\/blog\/2012\/07\/02\/festival-des-suds-2012-a-arles\/"},"wordCount":69,"publisher":{"@id":"https:\/\/www.visiterarles.com\/en\/#organization"},"image":{"@id":"https:\/\/www.visiterarles.com\/en\/blog\/2012\/07\/02\/festival-des-suds-2012-a-arles\/#primaryimage"},"thumbnailUrl":"https:\/\/www.visiterarles.com\/wp-content\/uploads\/2012\/07\/Img4CE20570-Copier2.jpg","articleSection":["accueil","Actualit\u00e9s"],"inLanguage":"en-GB"},{"@type":"WebPage","@id":"https:\/\/www.visiterarles.com\/en\/blog\/2012\/07\/02\/festival-des-suds-2012-a-arles\/","url":"https:\/\/www.visiterarles.com\/en\/blog\/2012\/07\/02\/festival-des-suds-2012-a-arles\/","name":"Festival des Suds 2012 \u00e0 Arles - Visiter Arles","isPartOf":{"@id":"https:\/\/www.visiterarles.com\/en\/#website"},"primaryImageOfPage":{"@id":"https:\/\/www.visiterarles.com\/en\/blog\/2012\/07\/02\/festival-des-suds-2012-a-arles\/#primaryimage"},"image":{"@id":"https:\/\/www.visiterarles.com\/en\/blog\/2012\/07\/02\/festival-des-suds-2012-a-arles\/#primaryimage"},"thumbnailUrl":"https:\/\/www.visiterarles.com\/wp-content\/uploads\/2012\/07\/Img4CE20570-Copier2.jpg","datePublished":"2012-07-02T19:59:17+00:00","dateModified":"2012-07-02T19:59:17+00:00","breadcrumb":{"@id":"https:\/\/www.visiterarles.com\/en\/blog\/2012\/07\/02\/festival-des-suds-2012-a-arles\/#breadcrumb"},"inLanguage":"en-GB","potentialAction":[{"@type":"ReadAction","target":["https:\/\/www.visiterarles.com\/en\/blog\/2012\/07\/02\/festival-des-suds-2012-a-arles\/"]}]},{"@type":"ImageObject","inLanguage":"en-GB","@id":"https:\/\/www.visiterarles.com\/en\/blog\/2012\/07\/02\/festival-des-suds-2012-a-arles\/#primaryimage","url":"https:\/\/www.visiterarles.com\/wp-content\/uploads\/2012\/07\/Img4CE20570-Copier2.jpg","contentUrl":"https:\/\/www.visiterarles.com\/wp-content\/uploads\/2012\/07\/Img4CE20570-Copier2.jpg","width":"800","height":"600"},{"@type":"BreadcrumbList","@id":"https:\/\/www.visiterarles.com\/en\/blog\/2012\/07\/02\/festival-des-suds-2012-a-arles\/#breadcrumb","itemListElement":[{"@type":"ListItem","position":1,"name":"Home","item":"https:\/\/www.visiterarles.com\/"},{"@type":"ListItem","position":2,"name":"Festival des Suds 2012 \u00e0 Arles"}]},{"@type":"WebSite","@id":"https:\/\/www.visiterarles.com\/en\/#website","url":"https:\/\/www.visiterarles.com\/en\/","name":"Visiter Arles","description":"Tourisme en Provence \u00e0 Arles","publisher":{"@id":"https:\/\/www.visiterarles.com\/en\/#organization"},"potentialAction":[{"@type":"SearchAction","target":{"@type":"EntryPoint","urlTemplate":"https:\/\/www.visiterarles.com\/en\/?s={search_term_string}"},"query-input":"required name=search_term_string"}],"inLanguage":"en-GB"},{"@type":"Organization","@id":"https:\/\/www.visiterarles.com\/en\/#organization","name":"Visiter Arles","url":"https:\/\/www.visiterarles.com\/en\/","logo":{"@type":"ImageObject","inLanguage":"en-GB","@id":"https:\/\/www.visiterarles.com\/en\/#\/schema\/logo\/image\/","url":"https:\/\/www.visiterarles.com\/wp-content\/uploads\/2017\/10\/taco-and-co-1-1.jpg","contentUrl":"https:\/\/www.visiterarles.com\/wp-content\/uploads\/2017\/10\/taco-and-co-1-1.jpg","width":124,"height":73,"caption":"Visiter Arles"},"image":{"@id":"https:\/\/www.visiterarles.com\/en\/#\/schema\/logo\/image\/"}},{"@type":"Person","@id":"https:\/\/www.visiterarles.com\/en\/#\/schema\/person\/0ef93571b2fe272c676137a002139d56","name":"damien","image":{"@type":"ImageObject","inLanguage":"en-GB","@id":"https:\/\/www.visiterarles.com\/en\/#\/schema\/person\/image\/","url":"https:\/\/secure.gravatar.com\/avatar\/7a0d4f0af72a2d627adac81a8c10a5b6?s=96&d=mm&r=g","contentUrl":"https:\/\/secure.gravatar.com\/avatar\/7a0d4f0af72a2d627adac81a8c10a5b6?s=96&d=mm&r=g","caption":"damien"},"url":"https:\/\/www.visiterarles.com\/en\/blog\/author\/damien\/"}]}},"_links":{"self":[{"href":"https:\/\/www.visiterarles.com\/en\/wp-json\/wp\/v2\/posts\/1620"}],"collection":[{"href":"https:\/\/www.visiterarles.com\/en\/wp-json\/wp\/v2\/posts"}],"about":[{"href":"https:\/\/www.visiterarles.com\/en\/wp-json\/wp\/v2\/types\/post"}],"author":[{"embeddable":true,"href":"https:\/\/www.visiterarles.com\/en\/wp-json\/wp\/v2\/users\/2"}],"replies":[{"embeddable":true,"href":"https:\/\/www.visiterarles.com\/en\/wp-json\/wp\/v2\/comments?post=1620"}],"version-history":[{"count":0,"href":"https:\/\/www.visiterarles.com\/en\/wp-json\/wp\/v2\/posts\/1620\/revisions"}],"wp:featuredmedia":[{"embeddable":true,"href":"https:\/\/www.visiterarles.com\/en\/wp-json\/wp\/v2\/media\/1623"}],"wp:attachment":[{"href":"https:\/\/www.visiterarles.com\/en\/wp-json\/wp\/v2\/media?parent=1620"}],"wp:term":[{"taxonomy":"category","embeddable":true,"href":"https:\/\/www.visiterarles.com\/en\/wp-json\/wp\/v2\/categories?post=1620"},{"taxonomy":"post_tag","embeddable":true,"href":"https:\/\/www.visiterarles.com\/en\/wp-json\/wp\/v2\/tags?post=1620"}],"curies":[{"name":"wp","href":"https:\/\/api.w.org\/{rel}","templated":true}]}}