{"id":1699,"date":"2012-08-23T14:03:43","date_gmt":"2012-08-23T14:03:43","guid":{"rendered":"https:\/\/www.visiterarles.com\/?p=1699"},"modified":"2012-08-23T14:03:43","modified_gmt":"2012-08-23T14:03:43","slug":"feria-du-riz-2012-a-arles-voila-le-programme","status":"publish","type":"post","link":"https:\/\/www.visiterarles.com\/en\/blog\/2012\/08\/23\/feria-du-riz-2012-a-arles-voila-le-programme\/","title":{"rendered":"F\u00e9ria du riz 2012 \u00e0 Arles: voil\u00e0 le programme!!"},"content":{"rendered":"<p>La f\u00e9ria du riz d&rsquo;Arles aura lieu du 7 au 9 Septembre 2012, Taco and co vous souhaite une bonne f\u00e9rias et vous pr\u00e9sente le programme des\u00a0festivit\u00e9s :<\/p>\n<p><strong><span style=\"color: #ff0000;\"><strong>Vendredi 7 \u00a0Septembre 2012<\/strong><\/span><\/strong><\/p>\n<p><span style=\"font-family: verdana, geneva; font-size: small;\"><strong style=\"font-size: small;\"><span style=\"color: #0000ff;\">16h30<\/span><\/strong><span style=\"font-size: small;\">\u00a0&#8211; Devant les Ar\u00e8nes \u2013\u00a0<\/span><span style=\"color: #0000ff;\">CONCERT D\u2019UNE PE\u00d1A<\/span><\/p>\n<p><strong style=\"font-size: small;\"><span style=\"color: #0000ff;\">17h30<\/span><\/strong><span style=\"font-size: small;\">\u00a0&#8211; Ar\u00e8nes d&rsquo;Arles &#8211;<\/span><span style=\"color: #0000ff;\">\u00a0NOVILLADA<\/span><span style=\"font-size: small;\">\u00a0<\/span><em style=\"font-size: small;\"><strong>(organisation Ar\u00e8nes d\u2019Arles)<\/strong><\/em><\/p>\n<p><span style=\"color: #0000ff;\"><strong>18h30<\/strong><\/span><span style=\"font-size: small;\">\u00a0&#8211; Boulevard Victor Hugo \u2013\u00a0<\/span><span style=\"color: #0000ff;\">ANIMATION D\u2019UNE PE\u00d1A\u00a0<\/span><\/p>\n<p><strong style=\"font-size: small;\"><span style=\"color: #0000ff;\">19h30<\/span><\/strong><span style=\"font-size: small;\">\u00a0&#8211; Boulevard Victor Hugo \u2013\u00a0<\/span><span style=\"color: #0000ff;\">BANDIDO\u00a0<\/span><\/p>\n<p><strong style=\"font-size: small;\"><span style=\"color: #0000ff;\">21h30\u00a0<\/span><\/strong><span style=\"font-size: small;\">\u2013 Ar\u00e8nes d\u2019Arles &#8211;\u00a0<\/span><em style=\"font-size: small;\"><strong>(organisation Ar\u00e8nes d\u2019Arles)<\/strong><\/em><br \/>\n<span style=\"font-size: small;\">\u00a0\u00a0\u00a0\u00a0\u00a0\u00a0\u00a0\u00a0\u00a0\u00a0\u00a0\u00a0\u00a0<\/span><span style=\"color: #0000ff;\">Championnat d\u2019Europe des RECORTADORES<br \/>\n<\/span><br \/>\n<span style=\"color: #ff0000; font-size: medium;\"><strong>Samedi 8 Septembre 2012:<\/strong><\/span><\/span><\/p>\n<p><span style=\"font-family: verdana, geneva; font-size: small;\"><br \/>\n<strong style=\"font-size: small;\"><span style=\"color: #0000ff;\">10h00<\/span><\/strong><span style=\"font-size: small;\">\u00a0&#8211; Cavalerie \/ Voltaire &#8211;\u00a0<\/span><span style=\"color: #0000ff;\">ENCIERRO\u00a0<\/span><\/p>\n<p><span style=\"color: #0000ff;\"><strong>11h30<\/strong><\/span><span style=\"font-size: small;\">\u00a0&#8211; Place de la Croisi\u00e8re &#8211; Ar\u00e8nes portatives\u00a0<\/span><br \/>\n<span style=\"font-size: small;\">\u00a0\u00a0\u00a0\u00a0\u00a0\u00a0\u00a0\u00a0\u00a0\u00a0\u00a0\u00a0\u00a0<\/span><span style=\"color: #0000ff;\">TAUREAUX EMBOULES pour les amateurs<\/span><\/p>\n<p><strong style=\"font-size: small;\"><span style=\"color: #0000ff;\">12h00<\/span><\/strong><span style=\"font-size: small;\">\u00a0&#8211; Boulevard Victor Hugo \u2013\u00a0<\/span><span style=\"color: #0000ff;\">ANIMATION DES PE\u00d1AS<\/span><\/p>\n<p><span style=\"color: #0000ff;\"><strong>13h00<\/strong><\/span><span style=\"font-size: small;\">\u00a0&#8211; Boulevard Victor Hugo \u2013\u00a0<\/span><span style=\"color: #0000ff;\">ABRIVADO\u00a0<\/span><\/p>\n<p><strong style=\"font-size: small;\"><span style=\"color: #0000ff;\">15h00<\/span><\/strong><span style=\"font-size: small;\">\u00a0&#8211; Place de la Croisi\u00e8re &#8211; Ar\u00e8nes portatives\u00a0<\/span><br \/>\n<span style=\"font-size: small;\">\u00a0\u00a0\u00a0\u00a0\u00a0\u00a0\u00a0\u00a0\u00a0\u00a0\u00a0\u00a0<\/span><span style=\"color: #0000ff;\">COURSE CAMARGUAISE pour l&rsquo;Ecoles Taurine\u00a0 d\u2019Arles<\/span><\/p>\n<p><strong style=\"font-size: small;\"><span style=\"color: #0000ff;\">16h30<\/span><\/strong><span style=\"font-size: small;\">\u00a0&#8211; Devant les Ar\u00e8nes &#8211;\u00a0<\/span><span style=\"color: #0000ff;\">CONCERT DES PE\u00d1AS<\/span><\/p>\n<p><strong style=\"font-size: small;\"><span style=\"color: #0000ff;\">17h30<\/span><\/strong><span style=\"font-size: small;\">\u00a0&#8211; Ar\u00e8nes d&rsquo;Arles &#8211;\u00a0<\/span><span style=\"color: #0000ff;\">CORRIDA GOYESQUE<\/span><span style=\"font-size: small;\">\u00a0<\/span><em style=\"font-size: small;\"><strong>(organisation Ar\u00e8nes d\u2019Arles)<\/strong><\/em><\/p>\n<p><span style=\"color: #0000ff;\"><strong>18h30<\/strong><\/span><span style=\"font-size: small;\">\u00a0&#8211; Boulevard des Lices &#8211;\u00a0<\/span><span style=\"color: #0000ff;\">ANIMATION DES PE\u00d1AS<\/span><\/p>\n<p><strong style=\"font-size: small;\"><span style=\"color: #0000ff;\">19h30<\/span><\/strong><span style=\"font-size: small;\">\u00a0&#8211; Boulevard des Lices &#8211;\u00a0<\/span><span style=\"color: #0000ff;\">BANDIDO\u00a0<\/span><\/p>\n<p><strong style=\"font-size: small;\"><span style=\"color: #0000ff;\">21h30<\/span><\/strong><span style=\"font-size: small;\">\u00a0&#8211; Ar\u00e8nes d\u2019Arles \u2013\u00a0<\/span><span style=\"color: #0000ff;\">SPECTACLE EQUESTRE<\/span><span style=\"font-size: small;\">\u00a0(entr\u00e9e gratuite)<\/span><br \/>\n<span style=\"font-size: small;\">\u00a0\u00a0\u00a0\u00a0\u00a0\u00a0\u00a0\u00a0\u00a0\u00a0\u00a0\u00a0<\/span><em style=\"font-size: small;\"><strong>Organis\u00e9 par l&rsquo;office de tourisme<\/strong><\/em><\/p>\n<p><strong style=\"font-size: small;\"><span style=\"color: #0000ff;\">21h30<\/span><\/strong><span style=\"font-size: small;\">\u00a0&#8211; Place Voltaire \u2013\u00a0<\/span><span style=\"color: #0000ff;\">CONCERT \u00ab\u00a0CALLE FLAMENCA\u00a0\u00bb<\/span><br \/>\n<span style=\"font-size: small;\">\u00a0\u00a0\u00a0\u00a0\u00a0\u00a0\u00a0\u00a0\u00a0\u00a0\u00a0\u00a0<\/span><em style=\"font-size: small;\"><strong>Organis\u00e9 par la Mairie d&rsquo;Arles<\/strong><\/em><\/span><span style=\"font-family: verdana, geneva; font-size: small;\"><\/p>\n<p><strong><span style=\"color: #ff0000; font-size: medium;\">Dimanche 9 septembre 2012<br \/>\n<\/span><\/strong><br \/>\n<strong><span style=\"color: #0000ff;\">10h00\u00a0<\/span><\/strong>&#8211; Cavalerie \/ Voltaire &#8211;\u00a0<span style=\"color: #0000ff;\">ENCIERRO\u00a0<\/span><\/p>\n<p><strong><span style=\"color: #0000ff;\">10h00<\/span><\/strong>\u00a0&#8211; Devant les Ar\u00e8nes \u2013 AUBADE DES PE\u00d1AS<\/p>\n<p><strong><span style=\"color: #0000ff;\">11h00<\/span><\/strong>\u00a0\u2013 Ar\u00e8nes d\u2019Arles &#8211;\u00a0<span style=\"color: #0000ff;\">Novillada Classe pratique sans Picadors\u00a0<\/span><br \/>\n<em><strong>Organisation Ar\u00e8nes d\u2019Arles en collaboration avec l&rsquo;\u00e9cole taurine d&rsquo;Arles\u00a0<\/strong><\/em><br \/>\n(Entr\u00e9e gratuite sur invitation)<\/p>\n<p><strong><span style=\"color: #0000ff;\">12h00<\/span><\/strong>\u00a0&#8211; Boulevard Victor Hugo \u2013\u00a0<span style=\"color: #0000ff;\">ANIMATION DES PE\u00d1AS<\/span><\/p>\n<p><span style=\"color: #0000ff;\"><strong>13h00<\/strong><\/span>\u00a0&#8211; Boulevard des Lices \u2013\u00a0<span style=\"color: #0000ff;\">FESTIVAL D\u2019ABRIVADO<\/span><\/p>\n<p><strong><span style=\"color: #0000ff;\">14h30<\/span><\/strong>\u00a0&#8211; Place de la Croisi\u00e8re &#8211; Ar\u00e8nes portatives<br \/>\n<span style=\"color: #0000ff;\">DEMONSTRATION DE RECORTADORES<\/span><\/p>\n<p><strong><span style=\"color: #0000ff;\">15h00<\/span><\/strong>\u00a0&#8211; Place de la Croisi\u00e8re &#8211; Ar\u00e8nes portatives<br \/>\n<span style=\"color: #0000ff;\">CAPEA Finale du Troph\u00e9e Hommage \u00e0 Pierre POULY<\/span><br \/>\n<em><strong>Organisation : L\u2019Estrambord\u00a0 Moul\u00e9sien \u2013 La Bandido de Moul\u00e8s \u2013 Le Comit\u00e9 de la F\u00e9ria<\/strong><\/em><\/p>\n<p><strong><span style=\"color: #0000ff;\">16h00<\/span><\/strong>\u00a0&#8211; Devant les Ar\u00e8nes &#8211;\u00a0<span style=\"color: #0000ff;\">CONCERT DES PE\u00d1AS<\/span><\/p>\n<p><strong><span style=\"color: #0000ff;\">17h00<\/span><\/strong>\u00a0&#8211; Ar\u00e8nes d\u2019ARLES \u2013\u00a0<span style=\"color: #0000ff;\">CORRIDA CONCOURS<\/span>\u00a0<strong><em>(organisation Ar\u00e8nes d\u2019Arles)<\/em><\/strong><\/p>\n<p><strong><span style=\"color: #0000ff;\">18h00<\/span><\/strong>\u00a0&#8211; Boulevard des Lices &#8211;\u00a0<span style=\"color: #0000ff;\">ANIMATION DES PE\u00d1AS<\/span><\/p>\n<p><span style=\"color: #0000ff;\"><strong>19h00<\/strong><\/span>\u00a0&#8211; Boulevard des Lices &#8211;\u00a0<span style=\"color: #0000ff;\">BANDIDO FINALE\u00a0<\/span><\/span><\/p>\n<p>&nbsp;<\/p>\n<figure id=\"attachment_1700\" aria-describedby=\"caption-attachment-1700\" style=\"width: 200px\" class=\"wp-caption aligncenter\"><a href=\"https:\/\/www.visiterarles.com\/wp-content\/uploads\/2012\/08\/feria_riz_2012.jpg\"><img fetchpriority=\"high\" decoding=\"async\" class=\"size-medium wp-image-1700\" title=\"F\u00e9ria du riz 2012, Arles\" src=\"https:\/\/www.visiterarles.com\/wp-content\/uploads\/2012\/08\/feria_riz_2012-200x300.jpg\" alt=\"F\u00e9ria du riz 2012, Arles\" width=\"200\" height=\"300\" srcset=\"https:\/\/www.visiterarles.com\/wp-content\/uploads\/2012\/08\/feria_riz_2012-200x300.jpg 200w, https:\/\/www.visiterarles.com\/wp-content\/uploads\/2012\/08\/feria_riz_2012.jpg 270w\" sizes=\"(max-width: 200px) 100vw, 200px\" \/><\/a><figcaption id=\"caption-attachment-1700\" class=\"wp-caption-text\">F\u00e9ria du riz 2012, Arles<\/figcaption><\/figure>\n<p><span style=\"font-family: verdana, geneva; font-size: small;\"><br \/>\n<\/span><\/p>","protected":false},"excerpt":{"rendered":"<p>La f\u00e9ria du riz d&rsquo;Arles aura lieu du 7 au 9 Septembre 2012, Taco and co vous souhaite une bonne f\u00e9rias et vous pr\u00e9sente le programme des\u00a0festivit\u00e9s : Vendredi 7 \u00a0Septembre 2012 16h30\u00a0&#8211; Devant les Ar\u00e8nes \u2013\u00a0CONCERT D\u2019UNE PE\u00d1A 17h30\u00a0&#8211; Ar\u00e8nes d&rsquo;Arles &#8211;\u00a0NOVILLADA\u00a0(organisation Ar\u00e8nes d\u2019Arles) 18h30\u00a0&#8211; Boulevard Victor Hugo \u2013\u00a0ANIMATION D\u2019UNE PE\u00d1A\u00a0 19h30\u00a0&#8211; Boulevard Victor [&hellip;]<\/p>","protected":false},"author":2,"featured_media":1700,"comment_status":"closed","ping_status":"closed","sticky":false,"template":"","format":"standard","meta":{"footnotes":""},"categories":[4,3],"tags":[],"aioseo_notices":[],"yoast_head":"<!-- This site is optimized with the Yoast SEO plugin v22.3 - https:\/\/yoast.com\/wordpress\/plugins\/seo\/ -->\n<title>F\u00e9ria du riz 2012 \u00e0 Arles: voil\u00e0 le programme!! - Visiter Arles<\/title>\n<meta name=\"robots\" content=\"index, follow, max-snippet:-1, max-image-preview:large, max-video-preview:-1\" \/>\n<link rel=\"canonical\" href=\"https:\/\/www.visiterarles.com\/en\/blog\/2012\/08\/23\/feria-du-riz-2012-a-arles-voila-le-programme\/\" \/>\n<meta name=\"twitter:label1\" content=\"Written by\" \/>\n\t<meta name=\"twitter:data1\" content=\"damien\" \/>\n\t<meta name=\"twitter:label2\" content=\"Estimated reading time\" \/>\n\t<meta name=\"twitter:data2\" content=\"2 minutes\" \/>\n<script type=\"application\/ld+json\" class=\"yoast-schema-graph\">{\"@context\":\"https:\/\/schema.org\",\"@graph\":[{\"@type\":\"Article\",\"@id\":\"https:\/\/www.visiterarles.com\/blog\/2012\/08\/23\/feria-du-riz-2012-a-arles-voila-le-programme\/#article\",\"isPartOf\":{\"@id\":\"https:\/\/www.visiterarles.com\/blog\/2012\/08\/23\/feria-du-riz-2012-a-arles-voila-le-programme\/\"},\"author\":{\"name\":\"damien\",\"@id\":\"https:\/\/www.visiterarles.com\/en\/#\/schema\/person\/0ef93571b2fe272c676137a002139d56\"},\"headline\":\"F\u00e9ria du riz 2012 \u00e0 Arles: voil\u00e0 le programme!!\",\"datePublished\":\"2012-08-23T14:03:43+00:00\",\"dateModified\":\"2012-08-23T14:03:43+00:00\",\"mainEntityOfPage\":{\"@id\":\"https:\/\/www.visiterarles.com\/blog\/2012\/08\/23\/feria-du-riz-2012-a-arles-voila-le-programme\/\"},\"wordCount\":394,\"publisher\":{\"@id\":\"https:\/\/www.visiterarles.com\/en\/#organization\"},\"image\":{\"@id\":\"https:\/\/www.visiterarles.com\/blog\/2012\/08\/23\/feria-du-riz-2012-a-arles-voila-le-programme\/#primaryimage\"},\"thumbnailUrl\":\"https:\/\/www.visiterarles.com\/wp-content\/uploads\/2012\/08\/feria_riz_2012.jpg\",\"articleSection\":[\"accueil\",\"Actualit\u00e9s\"],\"inLanguage\":\"en-GB\"},{\"@type\":\"WebPage\",\"@id\":\"https:\/\/www.visiterarles.com\/blog\/2012\/08\/23\/feria-du-riz-2012-a-arles-voila-le-programme\/\",\"url\":\"https:\/\/www.visiterarles.com\/blog\/2012\/08\/23\/feria-du-riz-2012-a-arles-voila-le-programme\/\",\"name\":\"F\u00e9ria du riz 2012 \u00e0 Arles: voil\u00e0 le programme!! - Visiter Arles\",\"isPartOf\":{\"@id\":\"https:\/\/www.visiterarles.com\/en\/#website\"},\"primaryImageOfPage\":{\"@id\":\"https:\/\/www.visiterarles.com\/blog\/2012\/08\/23\/feria-du-riz-2012-a-arles-voila-le-programme\/#primaryimage\"},\"image\":{\"@id\":\"https:\/\/www.visiterarles.com\/blog\/2012\/08\/23\/feria-du-riz-2012-a-arles-voila-le-programme\/#primaryimage\"},\"thumbnailUrl\":\"https:\/\/www.visiterarles.com\/wp-content\/uploads\/2012\/08\/feria_riz_2012.jpg\",\"datePublished\":\"2012-08-23T14:03:43+00:00\",\"dateModified\":\"2012-08-23T14:03:43+00:00\",\"breadcrumb\":{\"@id\":\"https:\/\/www.visiterarles.com\/blog\/2012\/08\/23\/feria-du-riz-2012-a-arles-voila-le-programme\/#breadcrumb\"},\"inLanguage\":\"en-GB\",\"potentialAction\":[{\"@type\":\"ReadAction\",\"target\":[\"https:\/\/www.visiterarles.com\/blog\/2012\/08\/23\/feria-du-riz-2012-a-arles-voila-le-programme\/\"]}]},{\"@type\":\"ImageObject\",\"inLanguage\":\"en-GB\",\"@id\":\"https:\/\/www.visiterarles.com\/blog\/2012\/08\/23\/feria-du-riz-2012-a-arles-voila-le-programme\/#primaryimage\",\"url\":\"https:\/\/www.visiterarles.com\/wp-content\/uploads\/2012\/08\/feria_riz_2012.jpg\",\"contentUrl\":\"https:\/\/www.visiterarles.com\/wp-content\/uploads\/2012\/08\/feria_riz_2012.jpg\",\"width\":\"270\",\"height\":\"403\",\"caption\":\"F\u00e9ria du riz 2012, Arles\"},{\"@type\":\"BreadcrumbList\",\"@id\":\"https:\/\/www.visiterarles.com\/blog\/2012\/08\/23\/feria-du-riz-2012-a-arles-voila-le-programme\/#breadcrumb\",\"itemListElement\":[{\"@type\":\"ListItem\",\"position\":1,\"name\":\"Home\",\"item\":\"https:\/\/www.visiterarles.com\/\"},{\"@type\":\"ListItem\",\"position\":2,\"name\":\"F\u00e9ria du riz 2012 \u00e0 Arles: voil\u00e0 le programme!!\"}]},{\"@type\":\"WebSite\",\"@id\":\"https:\/\/www.visiterarles.com\/en\/#website\",\"url\":\"https:\/\/www.visiterarles.com\/en\/\",\"name\":\"Visiter Arles\",\"description\":\"Tourisme en Provence \u00e0 Arles\",\"publisher\":{\"@id\":\"https:\/\/www.visiterarles.com\/en\/#organization\"},\"potentialAction\":[{\"@type\":\"SearchAction\",\"target\":{\"@type\":\"EntryPoint\",\"urlTemplate\":\"https:\/\/www.visiterarles.com\/en\/?s={search_term_string}\"},\"query-input\":\"required name=search_term_string\"}],\"inLanguage\":\"en-GB\"},{\"@type\":\"Organization\",\"@id\":\"https:\/\/www.visiterarles.com\/en\/#organization\",\"name\":\"Visiter Arles\",\"url\":\"https:\/\/www.visiterarles.com\/en\/\",\"logo\":{\"@type\":\"ImageObject\",\"inLanguage\":\"en-GB\",\"@id\":\"https:\/\/www.visiterarles.com\/en\/#\/schema\/logo\/image\/\",\"url\":\"https:\/\/www.visiterarles.com\/wp-content\/uploads\/2017\/10\/taco-and-co-1-1.jpg\",\"contentUrl\":\"https:\/\/www.visiterarles.com\/wp-content\/uploads\/2017\/10\/taco-and-co-1-1.jpg\",\"width\":124,\"height\":73,\"caption\":\"Visiter Arles\"},\"image\":{\"@id\":\"https:\/\/www.visiterarles.com\/en\/#\/schema\/logo\/image\/\"}},{\"@type\":\"Person\",\"@id\":\"https:\/\/www.visiterarles.com\/en\/#\/schema\/person\/0ef93571b2fe272c676137a002139d56\",\"name\":\"damien\",\"image\":{\"@type\":\"ImageObject\",\"inLanguage\":\"en-GB\",\"@id\":\"https:\/\/www.visiterarles.com\/en\/#\/schema\/person\/image\/\",\"url\":\"https:\/\/secure.gravatar.com\/avatar\/7a0d4f0af72a2d627adac81a8c10a5b6?s=96&d=mm&r=g\",\"contentUrl\":\"https:\/\/secure.gravatar.com\/avatar\/7a0d4f0af72a2d627adac81a8c10a5b6?s=96&d=mm&r=g\",\"caption\":\"damien\"},\"url\":\"https:\/\/www.visiterarles.com\/en\/blog\/author\/damien\/\"}]}<\/script>\n<!-- \/ Yoast SEO plugin. -->","yoast_head_json":{"title":"F\u00e9ria du riz 2012 \u00e0 Arles: voil\u00e0 le programme!! - Visiter Arles","robots":{"index":"index","follow":"follow","max-snippet":"max-snippet:-1","max-image-preview":"max-image-preview:large","max-video-preview":"max-video-preview:-1"},"canonical":"https:\/\/www.visiterarles.com\/en\/blog\/2012\/08\/23\/feria-du-riz-2012-a-arles-voila-le-programme\/","twitter_misc":{"Written by":"damien","Estimated reading time":"2 minutes"},"schema":{"@context":"https:\/\/schema.org","@graph":[{"@type":"Article","@id":"https:\/\/www.visiterarles.com\/blog\/2012\/08\/23\/feria-du-riz-2012-a-arles-voila-le-programme\/#article","isPartOf":{"@id":"https:\/\/www.visiterarles.com\/blog\/2012\/08\/23\/feria-du-riz-2012-a-arles-voila-le-programme\/"},"author":{"name":"damien","@id":"https:\/\/www.visiterarles.com\/en\/#\/schema\/person\/0ef93571b2fe272c676137a002139d56"},"headline":"F\u00e9ria du riz 2012 \u00e0 Arles: voil\u00e0 le programme!!","datePublished":"2012-08-23T14:03:43+00:00","dateModified":"2012-08-23T14:03:43+00:00","mainEntityOfPage":{"@id":"https:\/\/www.visiterarles.com\/blog\/2012\/08\/23\/feria-du-riz-2012-a-arles-voila-le-programme\/"},"wordCount":394,"publisher":{"@id":"https:\/\/www.visiterarles.com\/en\/#organization"},"image":{"@id":"https:\/\/www.visiterarles.com\/blog\/2012\/08\/23\/feria-du-riz-2012-a-arles-voila-le-programme\/#primaryimage"},"thumbnailUrl":"https:\/\/www.visiterarles.com\/wp-content\/uploads\/2012\/08\/feria_riz_2012.jpg","articleSection":["accueil","Actualit\u00e9s"],"inLanguage":"en-GB"},{"@type":"WebPage","@id":"https:\/\/www.visiterarles.com\/blog\/2012\/08\/23\/feria-du-riz-2012-a-arles-voila-le-programme\/","url":"https:\/\/www.visiterarles.com\/blog\/2012\/08\/23\/feria-du-riz-2012-a-arles-voila-le-programme\/","name":"F\u00e9ria du riz 2012 \u00e0 Arles: voil\u00e0 le programme!! - Visiter Arles","isPartOf":{"@id":"https:\/\/www.visiterarles.com\/en\/#website"},"primaryImageOfPage":{"@id":"https:\/\/www.visiterarles.com\/blog\/2012\/08\/23\/feria-du-riz-2012-a-arles-voila-le-programme\/#primaryimage"},"image":{"@id":"https:\/\/www.visiterarles.com\/blog\/2012\/08\/23\/feria-du-riz-2012-a-arles-voila-le-programme\/#primaryimage"},"thumbnailUrl":"https:\/\/www.visiterarles.com\/wp-content\/uploads\/2012\/08\/feria_riz_2012.jpg","datePublished":"2012-08-23T14:03:43+00:00","dateModified":"2012-08-23T14:03:43+00:00","breadcrumb":{"@id":"https:\/\/www.visiterarles.com\/blog\/2012\/08\/23\/feria-du-riz-2012-a-arles-voila-le-programme\/#breadcrumb"},"inLanguage":"en-GB","potentialAction":[{"@type":"ReadAction","target":["https:\/\/www.visiterarles.com\/blog\/2012\/08\/23\/feria-du-riz-2012-a-arles-voila-le-programme\/"]}]},{"@type":"ImageObject","inLanguage":"en-GB","@id":"https:\/\/www.visiterarles.com\/blog\/2012\/08\/23\/feria-du-riz-2012-a-arles-voila-le-programme\/#primaryimage","url":"https:\/\/www.visiterarles.com\/wp-content\/uploads\/2012\/08\/feria_riz_2012.jpg","contentUrl":"https:\/\/www.visiterarles.com\/wp-content\/uploads\/2012\/08\/feria_riz_2012.jpg","width":"270","height":"403","caption":"F\u00e9ria du riz 2012, Arles"},{"@type":"BreadcrumbList","@id":"https:\/\/www.visiterarles.com\/blog\/2012\/08\/23\/feria-du-riz-2012-a-arles-voila-le-programme\/#breadcrumb","itemListElement":[{"@type":"ListItem","position":1,"name":"Home","item":"https:\/\/www.visiterarles.com\/"},{"@type":"ListItem","position":2,"name":"F\u00e9ria du riz 2012 \u00e0 Arles: voil\u00e0 le programme!!"}]},{"@type":"WebSite","@id":"https:\/\/www.visiterarles.com\/en\/#website","url":"https:\/\/www.visiterarles.com\/en\/","name":"Visiter Arles","description":"Tourisme en Provence \u00e0 Arles","publisher":{"@id":"https:\/\/www.visiterarles.com\/en\/#organization"},"potentialAction":[{"@type":"SearchAction","target":{"@type":"EntryPoint","urlTemplate":"https:\/\/www.visiterarles.com\/en\/?s={search_term_string}"},"query-input":"required name=search_term_string"}],"inLanguage":"en-GB"},{"@type":"Organization","@id":"https:\/\/www.visiterarles.com\/en\/#organization","name":"Visiter Arles","url":"https:\/\/www.visiterarles.com\/en\/","logo":{"@type":"ImageObject","inLanguage":"en-GB","@id":"https:\/\/www.visiterarles.com\/en\/#\/schema\/logo\/image\/","url":"https:\/\/www.visiterarles.com\/wp-content\/uploads\/2017\/10\/taco-and-co-1-1.jpg","contentUrl":"https:\/\/www.visiterarles.com\/wp-content\/uploads\/2017\/10\/taco-and-co-1-1.jpg","width":124,"height":73,"caption":"Visiter Arles"},"image":{"@id":"https:\/\/www.visiterarles.com\/en\/#\/schema\/logo\/image\/"}},{"@type":"Person","@id":"https:\/\/www.visiterarles.com\/en\/#\/schema\/person\/0ef93571b2fe272c676137a002139d56","name":"damien","image":{"@type":"ImageObject","inLanguage":"en-GB","@id":"https:\/\/www.visiterarles.com\/en\/#\/schema\/person\/image\/","url":"https:\/\/secure.gravatar.com\/avatar\/7a0d4f0af72a2d627adac81a8c10a5b6?s=96&d=mm&r=g","contentUrl":"https:\/\/secure.gravatar.com\/avatar\/7a0d4f0af72a2d627adac81a8c10a5b6?s=96&d=mm&r=g","caption":"damien"},"url":"https:\/\/www.visiterarles.com\/en\/blog\/author\/damien\/"}]}},"_links":{"self":[{"href":"https:\/\/www.visiterarles.com\/en\/wp-json\/wp\/v2\/posts\/1699"}],"collection":[{"href":"https:\/\/www.visiterarles.com\/en\/wp-json\/wp\/v2\/posts"}],"about":[{"href":"https:\/\/www.visiterarles.com\/en\/wp-json\/wp\/v2\/types\/post"}],"author":[{"embeddable":true,"href":"https:\/\/www.visiterarles.com\/en\/wp-json\/wp\/v2\/users\/2"}],"replies":[{"embeddable":true,"href":"https:\/\/www.visiterarles.com\/en\/wp-json\/wp\/v2\/comments?post=1699"}],"version-history":[{"count":0,"href":"https:\/\/www.visiterarles.com\/en\/wp-json\/wp\/v2\/posts\/1699\/revisions"}],"wp:featuredmedia":[{"embeddable":true,"href":"https:\/\/www.visiterarles.com\/en\/wp-json\/wp\/v2\/media\/1700"}],"wp:attachment":[{"href":"https:\/\/www.visiterarles.com\/en\/wp-json\/wp\/v2\/media?parent=1699"}],"wp:term":[{"taxonomy":"category","embeddable":true,"href":"https:\/\/www.visiterarles.com\/en\/wp-json\/wp\/v2\/categories?post=1699"},{"taxonomy":"post_tag","embeddable":true,"href":"https:\/\/www.visiterarles.com\/en\/wp-json\/wp\/v2\/tags?post=1699"}],"curies":[{"name":"wp","href":"https:\/\/api.w.org\/{rel}","templated":true}]}}