{"id":1881,"date":"2012-11-24T10:47:08","date_gmt":"2012-11-24T10:47:08","guid":{"rendered":"https:\/\/www.visiterarles.com\/?p=1881"},"modified":"2012-11-24T10:47:08","modified_gmt":"2012-11-24T10:47:08","slug":"fete-de-lhuile-nouvelle-des-mouliniers-de-la-vallee-des-baux-les-1er-et-2-decembre-a-fontvieille","status":"publish","type":"post","link":"https:\/\/www.visiterarles.com\/en\/blog\/2012\/11\/24\/fete-de-lhuile-nouvelle-des-mouliniers-de-la-vallee-des-baux-les-1er-et-2-decembre-a-fontvieille\/","title":{"rendered":"F\u00eate de l&rsquo;huile nouvelle des Mouliniers de la vall\u00e9e des Baux, les 1er et 2 d\u00e9cembre \u00e0 Fontvieille."},"content":{"rendered":"<p>Les Mouliniers de la Vall\u00e9e des Baux de Provence vous invitent \u00e0 la F\u00eate de l&rsquo;huile nouvelle 2012, les 1er et 2 d\u00e9cembre dans la salle Etienne Moulin de Fontvieille pour 2 jours de c\u00e9l\u00e9bration et de d\u00e9gustations.<\/p>\n<p>Au programme de \u00a0cette \u00e9dition 2012: March\u00e9 aux huiles, d\u00e9gustations,\u00a0d\u00e9monstrations\u00a0de cuisine par de grands chefs \u00e9toil\u00e9s et concours\u00a0d\u2019A\u00efoli.<\/p>\n<p>Venez nombreux\u00a0f\u00eater\u00a0l&rsquo;huile nouvelle des Mouliniers de la vall\u00e9e des Baux \u00e0 Fontvieille les 1er et 2 D\u00e9cembre de 9h30 \u00e0 19h.<\/p>\n<p>&nbsp;<\/p>\n<figure id=\"attachment_1882\" aria-describedby=\"caption-attachment-1882\" style=\"width: 200px\" class=\"wp-caption aligncenter\"><a href=\"https:\/\/www.visiterarles.com\/wp-content\/uploads\/2012\/11\/IMG_2111-Copier.jpg\"><img fetchpriority=\"high\" decoding=\"async\" class=\"size-medium wp-image-1882\" src=\"https:\/\/www.visiterarles.com\/wp-content\/uploads\/2012\/11\/IMG_2111-Copier-200x300.jpg\" alt=\"F\u00eate de l'huile nouvelle 2012 \u00e0 Fontvieille\" width=\"200\" height=\"300\" srcset=\"https:\/\/www.visiterarles.com\/wp-content\/uploads\/2012\/11\/IMG_2111-Copier-200x300.jpg 200w, https:\/\/www.visiterarles.com\/wp-content\/uploads\/2012\/11\/IMG_2111-Copier.jpg 400w\" sizes=\"(max-width: 200px) 100vw, 200px\" \/><\/a><figcaption id=\"caption-attachment-1882\" class=\"wp-caption-text\">F\u00eate de l&rsquo;huile nouvelle 2012 \u00e0 Fontvieille<\/figcaption><\/figure>\n<figure id=\"attachment_1883\" aria-describedby=\"caption-attachment-1883\" style=\"width: 200px\" class=\"wp-caption aligncenter\"><a href=\"https:\/\/www.visiterarles.com\/wp-content\/uploads\/2012\/11\/IMG_2105-Copier.jpg\"><img decoding=\"async\" class=\"size-medium wp-image-1883\" src=\"https:\/\/www.visiterarles.com\/wp-content\/uploads\/2012\/11\/IMG_2105-Copier-200x300.jpg\" alt=\"L'huile nouvelle des Mouliniers de la vall\u00e9e des Baux\" width=\"200\" height=\"300\" srcset=\"https:\/\/www.visiterarles.com\/wp-content\/uploads\/2012\/11\/IMG_2105-Copier-200x300.jpg 200w, https:\/\/www.visiterarles.com\/wp-content\/uploads\/2012\/11\/IMG_2105-Copier.jpg 400w\" sizes=\"(max-width: 200px) 100vw, 200px\" \/><\/a><figcaption id=\"caption-attachment-1883\" class=\"wp-caption-text\">L&rsquo;huile nouvelle des Mouliniers de la vall\u00e9e des Baux<\/figcaption><\/figure>","protected":false},"excerpt":{"rendered":"<p>Les Mouliniers de la Vall\u00e9e des Baux de Provence vous invitent \u00e0 la F\u00eate de l&rsquo;huile nouvelle 2012, les 1er et 2 d\u00e9cembre dans la salle Etienne Moulin de Fontvieille pour 2 jours de c\u00e9l\u00e9bration et de d\u00e9gustations. Au programme de \u00a0cette \u00e9dition 2012: March\u00e9 aux huiles, d\u00e9gustations,\u00a0d\u00e9monstrations\u00a0de cuisine par de grands chefs \u00e9toil\u00e9s et [&hellip;]<\/p>","protected":false},"author":2,"featured_media":1883,"comment_status":"closed","ping_status":"closed","sticky":false,"template":"","format":"standard","meta":{"footnotes":""},"categories":[4,3],"tags":[],"aioseo_notices":[],"yoast_head":"<!-- This site is optimized with the Yoast SEO plugin v22.3 - https:\/\/yoast.com\/wordpress\/plugins\/seo\/ -->\n<title>F\u00eate de l&#039;huile nouvelle des Mouliniers de la vall\u00e9e des Baux, les 1er et 2 d\u00e9cembre \u00e0 Fontvieille. - Visiter Arles<\/title>\n<meta name=\"robots\" content=\"index, follow, max-snippet:-1, max-image-preview:large, max-video-preview:-1\" \/>\n<link rel=\"canonical\" href=\"https:\/\/www.visiterarles.com\/en\/blog\/2012\/11\/24\/fete-de-lhuile-nouvelle-des-mouliniers-de-la-vallee-des-baux-les-1er-et-2-decembre-a-fontvieille\/\" \/>\n<meta name=\"twitter:label1\" content=\"Written by\" \/>\n\t<meta name=\"twitter:data1\" content=\"damien\" \/>\n\t<meta name=\"twitter:label2\" content=\"Estimated reading time\" \/>\n\t<meta name=\"twitter:data2\" content=\"1 minute\" \/>\n<script type=\"application\/ld+json\" class=\"yoast-schema-graph\">{\"@context\":\"https:\/\/schema.org\",\"@graph\":[{\"@type\":\"Article\",\"@id\":\"https:\/\/www.visiterarles.com\/en\/blog\/2012\/11\/24\/fete-de-lhuile-nouvelle-des-mouliniers-de-la-vallee-des-baux-les-1er-et-2-decembre-a-fontvieille\/#article\",\"isPartOf\":{\"@id\":\"https:\/\/www.visiterarles.com\/en\/blog\/2012\/11\/24\/fete-de-lhuile-nouvelle-des-mouliniers-de-la-vallee-des-baux-les-1er-et-2-decembre-a-fontvieille\/\"},\"author\":{\"name\":\"damien\",\"@id\":\"https:\/\/www.visiterarles.com\/en\/#\/schema\/person\/0ef93571b2fe272c676137a002139d56\"},\"headline\":\"F\u00eate de l&rsquo;huile nouvelle des Mouliniers de la vall\u00e9e des Baux, les 1er et 2 d\u00e9cembre \u00e0 Fontvieille.\",\"datePublished\":\"2012-11-24T10:47:08+00:00\",\"dateModified\":\"2012-11-24T10:47:08+00:00\",\"mainEntityOfPage\":{\"@id\":\"https:\/\/www.visiterarles.com\/en\/blog\/2012\/11\/24\/fete-de-lhuile-nouvelle-des-mouliniers-de-la-vallee-des-baux-les-1er-et-2-decembre-a-fontvieille\/\"},\"wordCount\":143,\"publisher\":{\"@id\":\"https:\/\/www.visiterarles.com\/en\/#organization\"},\"image\":{\"@id\":\"https:\/\/www.visiterarles.com\/en\/blog\/2012\/11\/24\/fete-de-lhuile-nouvelle-des-mouliniers-de-la-vallee-des-baux-les-1er-et-2-decembre-a-fontvieille\/#primaryimage\"},\"thumbnailUrl\":\"https:\/\/www.visiterarles.com\/wp-content\/uploads\/2012\/11\/IMG_2105-Copier.jpg\",\"articleSection\":[\"accueil\",\"Actualit\u00e9s\"],\"inLanguage\":\"en-GB\"},{\"@type\":\"WebPage\",\"@id\":\"https:\/\/www.visiterarles.com\/en\/blog\/2012\/11\/24\/fete-de-lhuile-nouvelle-des-mouliniers-de-la-vallee-des-baux-les-1er-et-2-decembre-a-fontvieille\/\",\"url\":\"https:\/\/www.visiterarles.com\/en\/blog\/2012\/11\/24\/fete-de-lhuile-nouvelle-des-mouliniers-de-la-vallee-des-baux-les-1er-et-2-decembre-a-fontvieille\/\",\"name\":\"F\u00eate de l'huile nouvelle des Mouliniers de la vall\u00e9e des Baux, les 1er et 2 d\u00e9cembre \u00e0 Fontvieille. - Visiter Arles\",\"isPartOf\":{\"@id\":\"https:\/\/www.visiterarles.com\/en\/#website\"},\"primaryImageOfPage\":{\"@id\":\"https:\/\/www.visiterarles.com\/en\/blog\/2012\/11\/24\/fete-de-lhuile-nouvelle-des-mouliniers-de-la-vallee-des-baux-les-1er-et-2-decembre-a-fontvieille\/#primaryimage\"},\"image\":{\"@id\":\"https:\/\/www.visiterarles.com\/en\/blog\/2012\/11\/24\/fete-de-lhuile-nouvelle-des-mouliniers-de-la-vallee-des-baux-les-1er-et-2-decembre-a-fontvieille\/#primaryimage\"},\"thumbnailUrl\":\"https:\/\/www.visiterarles.com\/wp-content\/uploads\/2012\/11\/IMG_2105-Copier.jpg\",\"datePublished\":\"2012-11-24T10:47:08+00:00\",\"dateModified\":\"2012-11-24T10:47:08+00:00\",\"breadcrumb\":{\"@id\":\"https:\/\/www.visiterarles.com\/en\/blog\/2012\/11\/24\/fete-de-lhuile-nouvelle-des-mouliniers-de-la-vallee-des-baux-les-1er-et-2-decembre-a-fontvieille\/#breadcrumb\"},\"inLanguage\":\"en-GB\",\"potentialAction\":[{\"@type\":\"ReadAction\",\"target\":[\"https:\/\/www.visiterarles.com\/en\/blog\/2012\/11\/24\/fete-de-lhuile-nouvelle-des-mouliniers-de-la-vallee-des-baux-les-1er-et-2-decembre-a-fontvieille\/\"]}]},{\"@type\":\"ImageObject\",\"inLanguage\":\"en-GB\",\"@id\":\"https:\/\/www.visiterarles.com\/en\/blog\/2012\/11\/24\/fete-de-lhuile-nouvelle-des-mouliniers-de-la-vallee-des-baux-les-1er-et-2-decembre-a-fontvieille\/#primaryimage\",\"url\":\"https:\/\/www.visiterarles.com\/wp-content\/uploads\/2012\/11\/IMG_2105-Copier.jpg\",\"contentUrl\":\"https:\/\/www.visiterarles.com\/wp-content\/uploads\/2012\/11\/IMG_2105-Copier.jpg\",\"width\":\"400\",\"height\":\"600\",\"caption\":\"L'huile nouvelle des Mouliniers de la vall\u00e9e des Baux\"},{\"@type\":\"BreadcrumbList\",\"@id\":\"https:\/\/www.visiterarles.com\/en\/blog\/2012\/11\/24\/fete-de-lhuile-nouvelle-des-mouliniers-de-la-vallee-des-baux-les-1er-et-2-decembre-a-fontvieille\/#breadcrumb\",\"itemListElement\":[{\"@type\":\"ListItem\",\"position\":1,\"name\":\"Home\",\"item\":\"https:\/\/www.visiterarles.com\/\"},{\"@type\":\"ListItem\",\"position\":2,\"name\":\"F\u00eate de l&rsquo;huile nouvelle des Mouliniers de la vall\u00e9e des Baux, les 1er et 2 d\u00e9cembre \u00e0 Fontvieille.\"}]},{\"@type\":\"WebSite\",\"@id\":\"https:\/\/www.visiterarles.com\/en\/#website\",\"url\":\"https:\/\/www.visiterarles.com\/en\/\",\"name\":\"Visiter Arles\",\"description\":\"Tourisme en Provence \u00e0 Arles\",\"publisher\":{\"@id\":\"https:\/\/www.visiterarles.com\/en\/#organization\"},\"potentialAction\":[{\"@type\":\"SearchAction\",\"target\":{\"@type\":\"EntryPoint\",\"urlTemplate\":\"https:\/\/www.visiterarles.com\/en\/?s={search_term_string}\"},\"query-input\":\"required name=search_term_string\"}],\"inLanguage\":\"en-GB\"},{\"@type\":\"Organization\",\"@id\":\"https:\/\/www.visiterarles.com\/en\/#organization\",\"name\":\"Visiter Arles\",\"url\":\"https:\/\/www.visiterarles.com\/en\/\",\"logo\":{\"@type\":\"ImageObject\",\"inLanguage\":\"en-GB\",\"@id\":\"https:\/\/www.visiterarles.com\/en\/#\/schema\/logo\/image\/\",\"url\":\"https:\/\/www.visiterarles.com\/wp-content\/uploads\/2017\/10\/taco-and-co-1-1.jpg\",\"contentUrl\":\"https:\/\/www.visiterarles.com\/wp-content\/uploads\/2017\/10\/taco-and-co-1-1.jpg\",\"width\":124,\"height\":73,\"caption\":\"Visiter Arles\"},\"image\":{\"@id\":\"https:\/\/www.visiterarles.com\/en\/#\/schema\/logo\/image\/\"}},{\"@type\":\"Person\",\"@id\":\"https:\/\/www.visiterarles.com\/en\/#\/schema\/person\/0ef93571b2fe272c676137a002139d56\",\"name\":\"damien\",\"image\":{\"@type\":\"ImageObject\",\"inLanguage\":\"en-GB\",\"@id\":\"https:\/\/www.visiterarles.com\/en\/#\/schema\/person\/image\/\",\"url\":\"https:\/\/secure.gravatar.com\/avatar\/7a0d4f0af72a2d627adac81a8c10a5b6?s=96&d=mm&r=g\",\"contentUrl\":\"https:\/\/secure.gravatar.com\/avatar\/7a0d4f0af72a2d627adac81a8c10a5b6?s=96&d=mm&r=g\",\"caption\":\"damien\"},\"url\":\"https:\/\/www.visiterarles.com\/en\/blog\/author\/damien\/\"}]}<\/script>\n<!-- \/ Yoast SEO plugin. -->","yoast_head_json":{"title":"F\u00eate de l'huile nouvelle des Mouliniers de la vall\u00e9e des Baux, les 1er et 2 d\u00e9cembre \u00e0 Fontvieille. - Visiter Arles","robots":{"index":"index","follow":"follow","max-snippet":"max-snippet:-1","max-image-preview":"max-image-preview:large","max-video-preview":"max-video-preview:-1"},"canonical":"https:\/\/www.visiterarles.com\/en\/blog\/2012\/11\/24\/fete-de-lhuile-nouvelle-des-mouliniers-de-la-vallee-des-baux-les-1er-et-2-decembre-a-fontvieille\/","twitter_misc":{"Written by":"damien","Estimated reading time":"1 minute"},"schema":{"@context":"https:\/\/schema.org","@graph":[{"@type":"Article","@id":"https:\/\/www.visiterarles.com\/en\/blog\/2012\/11\/24\/fete-de-lhuile-nouvelle-des-mouliniers-de-la-vallee-des-baux-les-1er-et-2-decembre-a-fontvieille\/#article","isPartOf":{"@id":"https:\/\/www.visiterarles.com\/en\/blog\/2012\/11\/24\/fete-de-lhuile-nouvelle-des-mouliniers-de-la-vallee-des-baux-les-1er-et-2-decembre-a-fontvieille\/"},"author":{"name":"damien","@id":"https:\/\/www.visiterarles.com\/en\/#\/schema\/person\/0ef93571b2fe272c676137a002139d56"},"headline":"F\u00eate de l&rsquo;huile nouvelle des Mouliniers de la vall\u00e9e des Baux, les 1er et 2 d\u00e9cembre \u00e0 Fontvieille.","datePublished":"2012-11-24T10:47:08+00:00","dateModified":"2012-11-24T10:47:08+00:00","mainEntityOfPage":{"@id":"https:\/\/www.visiterarles.com\/en\/blog\/2012\/11\/24\/fete-de-lhuile-nouvelle-des-mouliniers-de-la-vallee-des-baux-les-1er-et-2-decembre-a-fontvieille\/"},"wordCount":143,"publisher":{"@id":"https:\/\/www.visiterarles.com\/en\/#organization"},"image":{"@id":"https:\/\/www.visiterarles.com\/en\/blog\/2012\/11\/24\/fete-de-lhuile-nouvelle-des-mouliniers-de-la-vallee-des-baux-les-1er-et-2-decembre-a-fontvieille\/#primaryimage"},"thumbnailUrl":"https:\/\/www.visiterarles.com\/wp-content\/uploads\/2012\/11\/IMG_2105-Copier.jpg","articleSection":["accueil","Actualit\u00e9s"],"inLanguage":"en-GB"},{"@type":"WebPage","@id":"https:\/\/www.visiterarles.com\/en\/blog\/2012\/11\/24\/fete-de-lhuile-nouvelle-des-mouliniers-de-la-vallee-des-baux-les-1er-et-2-decembre-a-fontvieille\/","url":"https:\/\/www.visiterarles.com\/en\/blog\/2012\/11\/24\/fete-de-lhuile-nouvelle-des-mouliniers-de-la-vallee-des-baux-les-1er-et-2-decembre-a-fontvieille\/","name":"F\u00eate de l'huile nouvelle des Mouliniers de la vall\u00e9e des Baux, les 1er et 2 d\u00e9cembre \u00e0 Fontvieille. - Visiter Arles","isPartOf":{"@id":"https:\/\/www.visiterarles.com\/en\/#website"},"primaryImageOfPage":{"@id":"https:\/\/www.visiterarles.com\/en\/blog\/2012\/11\/24\/fete-de-lhuile-nouvelle-des-mouliniers-de-la-vallee-des-baux-les-1er-et-2-decembre-a-fontvieille\/#primaryimage"},"image":{"@id":"https:\/\/www.visiterarles.com\/en\/blog\/2012\/11\/24\/fete-de-lhuile-nouvelle-des-mouliniers-de-la-vallee-des-baux-les-1er-et-2-decembre-a-fontvieille\/#primaryimage"},"thumbnailUrl":"https:\/\/www.visiterarles.com\/wp-content\/uploads\/2012\/11\/IMG_2105-Copier.jpg","datePublished":"2012-11-24T10:47:08+00:00","dateModified":"2012-11-24T10:47:08+00:00","breadcrumb":{"@id":"https:\/\/www.visiterarles.com\/en\/blog\/2012\/11\/24\/fete-de-lhuile-nouvelle-des-mouliniers-de-la-vallee-des-baux-les-1er-et-2-decembre-a-fontvieille\/#breadcrumb"},"inLanguage":"en-GB","potentialAction":[{"@type":"ReadAction","target":["https:\/\/www.visiterarles.com\/en\/blog\/2012\/11\/24\/fete-de-lhuile-nouvelle-des-mouliniers-de-la-vallee-des-baux-les-1er-et-2-decembre-a-fontvieille\/"]}]},{"@type":"ImageObject","inLanguage":"en-GB","@id":"https:\/\/www.visiterarles.com\/en\/blog\/2012\/11\/24\/fete-de-lhuile-nouvelle-des-mouliniers-de-la-vallee-des-baux-les-1er-et-2-decembre-a-fontvieille\/#primaryimage","url":"https:\/\/www.visiterarles.com\/wp-content\/uploads\/2012\/11\/IMG_2105-Copier.jpg","contentUrl":"https:\/\/www.visiterarles.com\/wp-content\/uploads\/2012\/11\/IMG_2105-Copier.jpg","width":"400","height":"600","caption":"L'huile nouvelle des Mouliniers de la vall\u00e9e des Baux"},{"@type":"BreadcrumbList","@id":"https:\/\/www.visiterarles.com\/en\/blog\/2012\/11\/24\/fete-de-lhuile-nouvelle-des-mouliniers-de-la-vallee-des-baux-les-1er-et-2-decembre-a-fontvieille\/#breadcrumb","itemListElement":[{"@type":"ListItem","position":1,"name":"Home","item":"https:\/\/www.visiterarles.com\/"},{"@type":"ListItem","position":2,"name":"F\u00eate de l&rsquo;huile nouvelle des Mouliniers de la vall\u00e9e des Baux, les 1er et 2 d\u00e9cembre \u00e0 Fontvieille."}]},{"@type":"WebSite","@id":"https:\/\/www.visiterarles.com\/en\/#website","url":"https:\/\/www.visiterarles.com\/en\/","name":"Visiter Arles","description":"Tourisme en Provence \u00e0 Arles","publisher":{"@id":"https:\/\/www.visiterarles.com\/en\/#organization"},"potentialAction":[{"@type":"SearchAction","target":{"@type":"EntryPoint","urlTemplate":"https:\/\/www.visiterarles.com\/en\/?s={search_term_string}"},"query-input":"required name=search_term_string"}],"inLanguage":"en-GB"},{"@type":"Organization","@id":"https:\/\/www.visiterarles.com\/en\/#organization","name":"Visiter Arles","url":"https:\/\/www.visiterarles.com\/en\/","logo":{"@type":"ImageObject","inLanguage":"en-GB","@id":"https:\/\/www.visiterarles.com\/en\/#\/schema\/logo\/image\/","url":"https:\/\/www.visiterarles.com\/wp-content\/uploads\/2017\/10\/taco-and-co-1-1.jpg","contentUrl":"https:\/\/www.visiterarles.com\/wp-content\/uploads\/2017\/10\/taco-and-co-1-1.jpg","width":124,"height":73,"caption":"Visiter Arles"},"image":{"@id":"https:\/\/www.visiterarles.com\/en\/#\/schema\/logo\/image\/"}},{"@type":"Person","@id":"https:\/\/www.visiterarles.com\/en\/#\/schema\/person\/0ef93571b2fe272c676137a002139d56","name":"damien","image":{"@type":"ImageObject","inLanguage":"en-GB","@id":"https:\/\/www.visiterarles.com\/en\/#\/schema\/person\/image\/","url":"https:\/\/secure.gravatar.com\/avatar\/7a0d4f0af72a2d627adac81a8c10a5b6?s=96&d=mm&r=g","contentUrl":"https:\/\/secure.gravatar.com\/avatar\/7a0d4f0af72a2d627adac81a8c10a5b6?s=96&d=mm&r=g","caption":"damien"},"url":"https:\/\/www.visiterarles.com\/en\/blog\/author\/damien\/"}]}},"_links":{"self":[{"href":"https:\/\/www.visiterarles.com\/en\/wp-json\/wp\/v2\/posts\/1881"}],"collection":[{"href":"https:\/\/www.visiterarles.com\/en\/wp-json\/wp\/v2\/posts"}],"about":[{"href":"https:\/\/www.visiterarles.com\/en\/wp-json\/wp\/v2\/types\/post"}],"author":[{"embeddable":true,"href":"https:\/\/www.visiterarles.com\/en\/wp-json\/wp\/v2\/users\/2"}],"replies":[{"embeddable":true,"href":"https:\/\/www.visiterarles.com\/en\/wp-json\/wp\/v2\/comments?post=1881"}],"version-history":[{"count":0,"href":"https:\/\/www.visiterarles.com\/en\/wp-json\/wp\/v2\/posts\/1881\/revisions"}],"wp:featuredmedia":[{"embeddable":true,"href":"https:\/\/www.visiterarles.com\/en\/wp-json\/wp\/v2\/media\/1883"}],"wp:attachment":[{"href":"https:\/\/www.visiterarles.com\/en\/wp-json\/wp\/v2\/media?parent=1881"}],"wp:term":[{"taxonomy":"category","embeddable":true,"href":"https:\/\/www.visiterarles.com\/en\/wp-json\/wp\/v2\/categories?post=1881"},{"taxonomy":"post_tag","embeddable":true,"href":"https:\/\/www.visiterarles.com\/en\/wp-json\/wp\/v2\/tags?post=1881"}],"curies":[{"name":"wp","href":"https:\/\/api.w.org\/{rel}","templated":true}]}}