{"id":1946,"date":"2012-11-30T14:49:37","date_gmt":"2012-11-30T14:49:37","guid":{"rendered":"https:\/\/www.visiterarles.com\/?p=1946"},"modified":"2012-11-30T14:54:56","modified_gmt":"2012-11-30T14:54:56","slug":"publicite-mobile-et-ecologique-sur-arles-les-mouliniers-de-la-vallee-des-baux-ont-choisit-taco-and-co","status":"publish","type":"post","link":"https:\/\/www.visiterarles.com\/en\/blog\/2012\/11\/30\/publicite-mobile-et-ecologique-sur-arles-les-mouliniers-de-la-vallee-des-baux-ont-choisit-taco-and-co\/","title":{"rendered":"Publicit\u00e9 mobile et \u00e9cologique sur Arles: les Mouliniers de la vall\u00e9e des baux ont choisit Taco and Co"},"content":{"rendered":"<p>Pour annoncer sa f\u00eate de l&rsquo;huile nouvelle \u00e0 Fontvieille, les mouliniers de la vall\u00e9e des Baux ont choisit Taco and Co pour effectuer une campagne de publicit\u00e9 mobile et \u00e9cologique dans le centre ville d&rsquo; Arles.<\/p>\n<p>Merci \u00e0 eux.<\/p>\n<figure id=\"attachment_1883\" aria-describedby=\"caption-attachment-1883\" style=\"width: 200px\" class=\"wp-caption aligncenter\"><a href=\"https:\/\/www.visiterarles.com\/wp-content\/uploads\/2012\/11\/IMG_2105-Copier.jpg\"><img fetchpriority=\"high\" decoding=\"async\" class=\"size-medium wp-image-1883\" src=\"https:\/\/www.visiterarles.com\/wp-content\/uploads\/2012\/11\/IMG_2105-Copier-200x300.jpg\" alt=\"L'huile nouvelle des Mouliniers de la vall\u00e9e des Baux\" width=\"200\" height=\"300\" srcset=\"https:\/\/www.visiterarles.com\/wp-content\/uploads\/2012\/11\/IMG_2105-Copier-200x300.jpg 200w, https:\/\/www.visiterarles.com\/wp-content\/uploads\/2012\/11\/IMG_2105-Copier.jpg 400w\" sizes=\"(max-width: 200px) 100vw, 200px\" \/><\/a><figcaption id=\"caption-attachment-1883\" class=\"wp-caption-text\">L&rsquo;huile nouvelle des Mouliniers de la vall\u00e9e des Baux<\/figcaption><\/figure>","protected":false},"excerpt":{"rendered":"<p>Pour annoncer sa f\u00eate de l&rsquo;huile nouvelle \u00e0 Fontvieille, les mouliniers de la vall\u00e9e des Baux ont choisit Taco and Co pour effectuer une campagne de publicit\u00e9 mobile et \u00e9cologique dans le centre ville d&rsquo; Arles. Merci \u00e0 eux.<\/p>","protected":false},"author":2,"featured_media":1883,"comment_status":"closed","ping_status":"closed","sticky":false,"template":"","format":"standard","meta":{"footnotes":""},"categories":[11,12],"tags":[],"aioseo_notices":[],"yoast_head":"<!-- This site is optimized with the Yoast SEO plugin v22.3 - https:\/\/yoast.com\/wordpress\/plugins\/seo\/ -->\n<title>Publicit\u00e9 mobile et \u00e9cologique sur Arles: les Mouliniers de la vall\u00e9e des baux ont choisit Taco and Co - Visiter Arles<\/title>\n<meta name=\"robots\" content=\"index, follow, max-snippet:-1, max-image-preview:large, max-video-preview:-1\" \/>\n<link rel=\"canonical\" href=\"https:\/\/www.visiterarles.com\/en\/blog\/2012\/11\/30\/publicite-mobile-et-ecologique-sur-arles-les-mouliniers-de-la-vallee-des-baux-ont-choisit-taco-and-co\/\" \/>\n<meta name=\"twitter:label1\" content=\"Written by\" \/>\n\t<meta name=\"twitter:data1\" content=\"damien\" \/>\n<script type=\"application\/ld+json\" class=\"yoast-schema-graph\">{\"@context\":\"https:\/\/schema.org\",\"@graph\":[{\"@type\":\"Article\",\"@id\":\"https:\/\/www.visiterarles.com\/blog\/2012\/11\/30\/publicite-mobile-et-ecologique-sur-arles-les-mouliniers-de-la-vallee-des-baux-ont-choisit-taco-and-co\/#article\",\"isPartOf\":{\"@id\":\"https:\/\/www.visiterarles.com\/blog\/2012\/11\/30\/publicite-mobile-et-ecologique-sur-arles-les-mouliniers-de-la-vallee-des-baux-ont-choisit-taco-and-co\/\"},\"author\":{\"name\":\"damien\",\"@id\":\"https:\/\/www.visiterarles.com\/en\/#\/schema\/person\/0ef93571b2fe272c676137a002139d56\"},\"headline\":\"Publicit\u00e9 mobile et \u00e9cologique sur Arles: les Mouliniers de la vall\u00e9e des baux ont choisit Taco and Co\",\"datePublished\":\"2012-11-30T14:49:37+00:00\",\"dateModified\":\"2012-11-30T14:54:56+00:00\",\"mainEntityOfPage\":{\"@id\":\"https:\/\/www.visiterarles.com\/blog\/2012\/11\/30\/publicite-mobile-et-ecologique-sur-arles-les-mouliniers-de-la-vallee-des-baux-ont-choisit-taco-and-co\/\"},\"wordCount\":77,\"publisher\":{\"@id\":\"https:\/\/www.visiterarles.com\/en\/#organization\"},\"image\":{\"@id\":\"https:\/\/www.visiterarles.com\/blog\/2012\/11\/30\/publicite-mobile-et-ecologique-sur-arles-les-mouliniers-de-la-vallee-des-baux-ont-choisit-taco-and-co\/#primaryimage\"},\"thumbnailUrl\":\"https:\/\/www.visiterarles.com\/wp-content\/uploads\/2012\/11\/IMG_2105-Copier.jpg\",\"articleSection\":[\"Ils nous ont fait confiance\",\"Les associations\"],\"inLanguage\":\"en-GB\"},{\"@type\":\"WebPage\",\"@id\":\"https:\/\/www.visiterarles.com\/blog\/2012\/11\/30\/publicite-mobile-et-ecologique-sur-arles-les-mouliniers-de-la-vallee-des-baux-ont-choisit-taco-and-co\/\",\"url\":\"https:\/\/www.visiterarles.com\/blog\/2012\/11\/30\/publicite-mobile-et-ecologique-sur-arles-les-mouliniers-de-la-vallee-des-baux-ont-choisit-taco-and-co\/\",\"name\":\"Publicit\u00e9 mobile et \u00e9cologique sur Arles: les Mouliniers de la vall\u00e9e des baux ont choisit Taco and Co - Visiter Arles\",\"isPartOf\":{\"@id\":\"https:\/\/www.visiterarles.com\/en\/#website\"},\"primaryImageOfPage\":{\"@id\":\"https:\/\/www.visiterarles.com\/blog\/2012\/11\/30\/publicite-mobile-et-ecologique-sur-arles-les-mouliniers-de-la-vallee-des-baux-ont-choisit-taco-and-co\/#primaryimage\"},\"image\":{\"@id\":\"https:\/\/www.visiterarles.com\/blog\/2012\/11\/30\/publicite-mobile-et-ecologique-sur-arles-les-mouliniers-de-la-vallee-des-baux-ont-choisit-taco-and-co\/#primaryimage\"},\"thumbnailUrl\":\"https:\/\/www.visiterarles.com\/wp-content\/uploads\/2012\/11\/IMG_2105-Copier.jpg\",\"datePublished\":\"2012-11-30T14:49:37+00:00\",\"dateModified\":\"2012-11-30T14:54:56+00:00\",\"breadcrumb\":{\"@id\":\"https:\/\/www.visiterarles.com\/blog\/2012\/11\/30\/publicite-mobile-et-ecologique-sur-arles-les-mouliniers-de-la-vallee-des-baux-ont-choisit-taco-and-co\/#breadcrumb\"},\"inLanguage\":\"en-GB\",\"potentialAction\":[{\"@type\":\"ReadAction\",\"target\":[\"https:\/\/www.visiterarles.com\/blog\/2012\/11\/30\/publicite-mobile-et-ecologique-sur-arles-les-mouliniers-de-la-vallee-des-baux-ont-choisit-taco-and-co\/\"]}]},{\"@type\":\"ImageObject\",\"inLanguage\":\"en-GB\",\"@id\":\"https:\/\/www.visiterarles.com\/blog\/2012\/11\/30\/publicite-mobile-et-ecologique-sur-arles-les-mouliniers-de-la-vallee-des-baux-ont-choisit-taco-and-co\/#primaryimage\",\"url\":\"https:\/\/www.visiterarles.com\/wp-content\/uploads\/2012\/11\/IMG_2105-Copier.jpg\",\"contentUrl\":\"https:\/\/www.visiterarles.com\/wp-content\/uploads\/2012\/11\/IMG_2105-Copier.jpg\",\"width\":\"400\",\"height\":\"600\",\"caption\":\"L'huile nouvelle des Mouliniers de la vall\u00e9e des Baux\"},{\"@type\":\"BreadcrumbList\",\"@id\":\"https:\/\/www.visiterarles.com\/blog\/2012\/11\/30\/publicite-mobile-et-ecologique-sur-arles-les-mouliniers-de-la-vallee-des-baux-ont-choisit-taco-and-co\/#breadcrumb\",\"itemListElement\":[{\"@type\":\"ListItem\",\"position\":1,\"name\":\"Home\",\"item\":\"https:\/\/www.visiterarles.com\/\"},{\"@type\":\"ListItem\",\"position\":2,\"name\":\"Publicit\u00e9 mobile et \u00e9cologique sur Arles: les Mouliniers de la vall\u00e9e des baux ont choisit Taco and Co\"}]},{\"@type\":\"WebSite\",\"@id\":\"https:\/\/www.visiterarles.com\/en\/#website\",\"url\":\"https:\/\/www.visiterarles.com\/en\/\",\"name\":\"Visiter Arles\",\"description\":\"Tourisme en Provence \u00e0 Arles\",\"publisher\":{\"@id\":\"https:\/\/www.visiterarles.com\/en\/#organization\"},\"potentialAction\":[{\"@type\":\"SearchAction\",\"target\":{\"@type\":\"EntryPoint\",\"urlTemplate\":\"https:\/\/www.visiterarles.com\/en\/?s={search_term_string}\"},\"query-input\":\"required name=search_term_string\"}],\"inLanguage\":\"en-GB\"},{\"@type\":\"Organization\",\"@id\":\"https:\/\/www.visiterarles.com\/en\/#organization\",\"name\":\"Visiter Arles\",\"url\":\"https:\/\/www.visiterarles.com\/en\/\",\"logo\":{\"@type\":\"ImageObject\",\"inLanguage\":\"en-GB\",\"@id\":\"https:\/\/www.visiterarles.com\/en\/#\/schema\/logo\/image\/\",\"url\":\"https:\/\/www.visiterarles.com\/wp-content\/uploads\/2017\/10\/taco-and-co-1-1.jpg\",\"contentUrl\":\"https:\/\/www.visiterarles.com\/wp-content\/uploads\/2017\/10\/taco-and-co-1-1.jpg\",\"width\":124,\"height\":73,\"caption\":\"Visiter Arles\"},\"image\":{\"@id\":\"https:\/\/www.visiterarles.com\/en\/#\/schema\/logo\/image\/\"}},{\"@type\":\"Person\",\"@id\":\"https:\/\/www.visiterarles.com\/en\/#\/schema\/person\/0ef93571b2fe272c676137a002139d56\",\"name\":\"damien\",\"image\":{\"@type\":\"ImageObject\",\"inLanguage\":\"en-GB\",\"@id\":\"https:\/\/www.visiterarles.com\/en\/#\/schema\/person\/image\/\",\"url\":\"https:\/\/secure.gravatar.com\/avatar\/7a0d4f0af72a2d627adac81a8c10a5b6?s=96&d=mm&r=g\",\"contentUrl\":\"https:\/\/secure.gravatar.com\/avatar\/7a0d4f0af72a2d627adac81a8c10a5b6?s=96&d=mm&r=g\",\"caption\":\"damien\"},\"url\":\"https:\/\/www.visiterarles.com\/en\/blog\/author\/damien\/\"}]}<\/script>\n<!-- \/ Yoast SEO plugin. -->","yoast_head_json":{"title":"Publicit\u00e9 mobile et \u00e9cologique sur Arles: les Mouliniers de la vall\u00e9e des baux ont choisit Taco and Co - Visiter Arles","robots":{"index":"index","follow":"follow","max-snippet":"max-snippet:-1","max-image-preview":"max-image-preview:large","max-video-preview":"max-video-preview:-1"},"canonical":"https:\/\/www.visiterarles.com\/en\/blog\/2012\/11\/30\/publicite-mobile-et-ecologique-sur-arles-les-mouliniers-de-la-vallee-des-baux-ont-choisit-taco-and-co\/","twitter_misc":{"Written by":"damien"},"schema":{"@context":"https:\/\/schema.org","@graph":[{"@type":"Article","@id":"https:\/\/www.visiterarles.com\/blog\/2012\/11\/30\/publicite-mobile-et-ecologique-sur-arles-les-mouliniers-de-la-vallee-des-baux-ont-choisit-taco-and-co\/#article","isPartOf":{"@id":"https:\/\/www.visiterarles.com\/blog\/2012\/11\/30\/publicite-mobile-et-ecologique-sur-arles-les-mouliniers-de-la-vallee-des-baux-ont-choisit-taco-and-co\/"},"author":{"name":"damien","@id":"https:\/\/www.visiterarles.com\/en\/#\/schema\/person\/0ef93571b2fe272c676137a002139d56"},"headline":"Publicit\u00e9 mobile et \u00e9cologique sur Arles: les Mouliniers de la vall\u00e9e des baux ont choisit Taco and Co","datePublished":"2012-11-30T14:49:37+00:00","dateModified":"2012-11-30T14:54:56+00:00","mainEntityOfPage":{"@id":"https:\/\/www.visiterarles.com\/blog\/2012\/11\/30\/publicite-mobile-et-ecologique-sur-arles-les-mouliniers-de-la-vallee-des-baux-ont-choisit-taco-and-co\/"},"wordCount":77,"publisher":{"@id":"https:\/\/www.visiterarles.com\/en\/#organization"},"image":{"@id":"https:\/\/www.visiterarles.com\/blog\/2012\/11\/30\/publicite-mobile-et-ecologique-sur-arles-les-mouliniers-de-la-vallee-des-baux-ont-choisit-taco-and-co\/#primaryimage"},"thumbnailUrl":"https:\/\/www.visiterarles.com\/wp-content\/uploads\/2012\/11\/IMG_2105-Copier.jpg","articleSection":["Ils nous ont fait confiance","Les associations"],"inLanguage":"en-GB"},{"@type":"WebPage","@id":"https:\/\/www.visiterarles.com\/blog\/2012\/11\/30\/publicite-mobile-et-ecologique-sur-arles-les-mouliniers-de-la-vallee-des-baux-ont-choisit-taco-and-co\/","url":"https:\/\/www.visiterarles.com\/blog\/2012\/11\/30\/publicite-mobile-et-ecologique-sur-arles-les-mouliniers-de-la-vallee-des-baux-ont-choisit-taco-and-co\/","name":"Publicit\u00e9 mobile et \u00e9cologique sur Arles: les Mouliniers de la vall\u00e9e des baux ont choisit Taco and Co - Visiter Arles","isPartOf":{"@id":"https:\/\/www.visiterarles.com\/en\/#website"},"primaryImageOfPage":{"@id":"https:\/\/www.visiterarles.com\/blog\/2012\/11\/30\/publicite-mobile-et-ecologique-sur-arles-les-mouliniers-de-la-vallee-des-baux-ont-choisit-taco-and-co\/#primaryimage"},"image":{"@id":"https:\/\/www.visiterarles.com\/blog\/2012\/11\/30\/publicite-mobile-et-ecologique-sur-arles-les-mouliniers-de-la-vallee-des-baux-ont-choisit-taco-and-co\/#primaryimage"},"thumbnailUrl":"https:\/\/www.visiterarles.com\/wp-content\/uploads\/2012\/11\/IMG_2105-Copier.jpg","datePublished":"2012-11-30T14:49:37+00:00","dateModified":"2012-11-30T14:54:56+00:00","breadcrumb":{"@id":"https:\/\/www.visiterarles.com\/blog\/2012\/11\/30\/publicite-mobile-et-ecologique-sur-arles-les-mouliniers-de-la-vallee-des-baux-ont-choisit-taco-and-co\/#breadcrumb"},"inLanguage":"en-GB","potentialAction":[{"@type":"ReadAction","target":["https:\/\/www.visiterarles.com\/blog\/2012\/11\/30\/publicite-mobile-et-ecologique-sur-arles-les-mouliniers-de-la-vallee-des-baux-ont-choisit-taco-and-co\/"]}]},{"@type":"ImageObject","inLanguage":"en-GB","@id":"https:\/\/www.visiterarles.com\/blog\/2012\/11\/30\/publicite-mobile-et-ecologique-sur-arles-les-mouliniers-de-la-vallee-des-baux-ont-choisit-taco-and-co\/#primaryimage","url":"https:\/\/www.visiterarles.com\/wp-content\/uploads\/2012\/11\/IMG_2105-Copier.jpg","contentUrl":"https:\/\/www.visiterarles.com\/wp-content\/uploads\/2012\/11\/IMG_2105-Copier.jpg","width":"400","height":"600","caption":"L'huile nouvelle des Mouliniers de la vall\u00e9e des Baux"},{"@type":"BreadcrumbList","@id":"https:\/\/www.visiterarles.com\/blog\/2012\/11\/30\/publicite-mobile-et-ecologique-sur-arles-les-mouliniers-de-la-vallee-des-baux-ont-choisit-taco-and-co\/#breadcrumb","itemListElement":[{"@type":"ListItem","position":1,"name":"Home","item":"https:\/\/www.visiterarles.com\/"},{"@type":"ListItem","position":2,"name":"Publicit\u00e9 mobile et \u00e9cologique sur Arles: les Mouliniers de la vall\u00e9e des baux ont choisit Taco and Co"}]},{"@type":"WebSite","@id":"https:\/\/www.visiterarles.com\/en\/#website","url":"https:\/\/www.visiterarles.com\/en\/","name":"Visiter Arles","description":"Tourisme en Provence \u00e0 Arles","publisher":{"@id":"https:\/\/www.visiterarles.com\/en\/#organization"},"potentialAction":[{"@type":"SearchAction","target":{"@type":"EntryPoint","urlTemplate":"https:\/\/www.visiterarles.com\/en\/?s={search_term_string}"},"query-input":"required name=search_term_string"}],"inLanguage":"en-GB"},{"@type":"Organization","@id":"https:\/\/www.visiterarles.com\/en\/#organization","name":"Visiter Arles","url":"https:\/\/www.visiterarles.com\/en\/","logo":{"@type":"ImageObject","inLanguage":"en-GB","@id":"https:\/\/www.visiterarles.com\/en\/#\/schema\/logo\/image\/","url":"https:\/\/www.visiterarles.com\/wp-content\/uploads\/2017\/10\/taco-and-co-1-1.jpg","contentUrl":"https:\/\/www.visiterarles.com\/wp-content\/uploads\/2017\/10\/taco-and-co-1-1.jpg","width":124,"height":73,"caption":"Visiter Arles"},"image":{"@id":"https:\/\/www.visiterarles.com\/en\/#\/schema\/logo\/image\/"}},{"@type":"Person","@id":"https:\/\/www.visiterarles.com\/en\/#\/schema\/person\/0ef93571b2fe272c676137a002139d56","name":"damien","image":{"@type":"ImageObject","inLanguage":"en-GB","@id":"https:\/\/www.visiterarles.com\/en\/#\/schema\/person\/image\/","url":"https:\/\/secure.gravatar.com\/avatar\/7a0d4f0af72a2d627adac81a8c10a5b6?s=96&d=mm&r=g","contentUrl":"https:\/\/secure.gravatar.com\/avatar\/7a0d4f0af72a2d627adac81a8c10a5b6?s=96&d=mm&r=g","caption":"damien"},"url":"https:\/\/www.visiterarles.com\/en\/blog\/author\/damien\/"}]}},"_links":{"self":[{"href":"https:\/\/www.visiterarles.com\/en\/wp-json\/wp\/v2\/posts\/1946"}],"collection":[{"href":"https:\/\/www.visiterarles.com\/en\/wp-json\/wp\/v2\/posts"}],"about":[{"href":"https:\/\/www.visiterarles.com\/en\/wp-json\/wp\/v2\/types\/post"}],"author":[{"embeddable":true,"href":"https:\/\/www.visiterarles.com\/en\/wp-json\/wp\/v2\/users\/2"}],"replies":[{"embeddable":true,"href":"https:\/\/www.visiterarles.com\/en\/wp-json\/wp\/v2\/comments?post=1946"}],"version-history":[{"count":0,"href":"https:\/\/www.visiterarles.com\/en\/wp-json\/wp\/v2\/posts\/1946\/revisions"}],"wp:featuredmedia":[{"embeddable":true,"href":"https:\/\/www.visiterarles.com\/en\/wp-json\/wp\/v2\/media\/1883"}],"wp:attachment":[{"href":"https:\/\/www.visiterarles.com\/en\/wp-json\/wp\/v2\/media?parent=1946"}],"wp:term":[{"taxonomy":"category","embeddable":true,"href":"https:\/\/www.visiterarles.com\/en\/wp-json\/wp\/v2\/categories?post=1946"},{"taxonomy":"post_tag","embeddable":true,"href":"https:\/\/www.visiterarles.com\/en\/wp-json\/wp\/v2\/tags?post=1946"}],"curies":[{"name":"wp","href":"https:\/\/api.w.org\/{rel}","templated":true}]}}