{"id":1955,"date":"2012-12-01T08:07:13","date_gmt":"2012-12-01T08:07:13","guid":{"rendered":"https:\/\/www.visiterarles.com\/?p=1955"},"modified":"2012-12-01T08:07:13","modified_gmt":"2012-12-01T08:07:13","slug":"les-100-ans-dharmonie-municipale-le-8-decembre-grand-theatre-de-provence","status":"publish","type":"post","link":"https:\/\/www.visiterarles.com\/en\/blog\/2012\/12\/01\/les-100-ans-dharmonie-municipale-le-8-decembre-grand-theatre-de-provence\/","title":{"rendered":"Les 100 ans d&rsquo;Harmonie Municipale le 8 d\u00e9cembre, Grand Th\u00e9\u00e2tre de Provence"},"content":{"rendered":"<p><strong>Harmonie Municipale \u2666 100<sup>e<\/sup>\u00a0anniversaire<\/strong><br \/>\n<strong>Concert | 20<\/strong><strong>h30 | Grand Th\u00e9\u00e2tre de Provence | Tarifs 15 \u20ac, r\u00e9duit 10 \u20ac et 6 \u20ac |\u00a0T\u00e9l. 06 84 13 43 08<\/strong><strong>\u00a0| R\u00e9servation au 08 2013 2013<\/strong><br \/>\n200 musiciens sur sc\u00e8ne avec la participation exceptionnelle d\u2019Olivier Derbesse, petite clarinette solo de l\u2019Orchestre Philharmonique de Paris.<\/p>\n<p>Renseignements sur http:\/\/centenaire.hmap\/fr\/billetterie<br \/>\n<a href=\"https:\/\/www.visiterarles.com\/wp-content\/uploads\/2012\/12\/Harmoni-municipale.jpg\"><img fetchpriority=\"high\" decoding=\"async\" class=\"aligncenter size-medium wp-image-1956\" src=\"https:\/\/www.visiterarles.com\/wp-content\/uploads\/2012\/12\/Harmoni-municipale-225x300.jpg\" alt=\"\" width=\"225\" height=\"300\" srcset=\"https:\/\/www.visiterarles.com\/wp-content\/uploads\/2012\/12\/Harmoni-municipale-225x300.jpg 225w, https:\/\/www.visiterarles.com\/wp-content\/uploads\/2012\/12\/Harmoni-municipale-768x1024.jpg 768w, https:\/\/www.visiterarles.com\/wp-content\/uploads\/2012\/12\/Harmoni-municipale.jpg 1536w\" sizes=\"(max-width: 225px) 100vw, 225px\" \/><\/a><\/p>","protected":false},"excerpt":{"rendered":"<p>Harmonie Municipale \u2666 100e\u00a0anniversaire Concert | 20h30 | Grand Th\u00e9\u00e2tre de Provence | Tarifs 15 \u20ac, r\u00e9duit 10 \u20ac et 6 \u20ac |\u00a0T\u00e9l. 06 84 13 43 08\u00a0| R\u00e9servation au 08 2013 2013 200 musiciens sur sc\u00e8ne avec la participation exceptionnelle d\u2019Olivier Derbesse, petite clarinette solo de l\u2019Orchestre Philharmonique de Paris. Renseignements sur http:\/\/centenaire.hmap\/fr\/billetterie<\/p>","protected":false},"author":2,"featured_media":1956,"comment_status":"closed","ping_status":"closed","sticky":false,"template":"","format":"standard","meta":{"footnotes":""},"categories":[4,3],"tags":[],"aioseo_notices":[],"yoast_head":"<!-- This site is optimized with the Yoast SEO plugin v22.3 - https:\/\/yoast.com\/wordpress\/plugins\/seo\/ -->\n<title>Les 100 ans d&#039;Harmonie Municipale le 8 d\u00e9cembre, Grand Th\u00e9\u00e2tre de Provence - Visiter Arles<\/title>\n<meta name=\"robots\" content=\"index, follow, max-snippet:-1, max-image-preview:large, max-video-preview:-1\" \/>\n<link rel=\"canonical\" href=\"https:\/\/www.visiterarles.com\/en\/blog\/2012\/12\/01\/les-100-ans-dharmonie-municipale-le-8-decembre-grand-theatre-de-provence\/\" \/>\n<meta name=\"twitter:label1\" content=\"Written by\" \/>\n\t<meta name=\"twitter:data1\" content=\"damien\" \/>\n<script type=\"application\/ld+json\" class=\"yoast-schema-graph\">{\"@context\":\"https:\/\/schema.org\",\"@graph\":[{\"@type\":\"Article\",\"@id\":\"https:\/\/www.visiterarles.com\/en\/blog\/2012\/12\/01\/les-100-ans-dharmonie-municipale-le-8-decembre-grand-theatre-de-provence\/#article\",\"isPartOf\":{\"@id\":\"https:\/\/www.visiterarles.com\/en\/blog\/2012\/12\/01\/les-100-ans-dharmonie-municipale-le-8-decembre-grand-theatre-de-provence\/\"},\"author\":{\"name\":\"damien\",\"@id\":\"https:\/\/www.visiterarles.com\/en\/#\/schema\/person\/0ef93571b2fe272c676137a002139d56\"},\"headline\":\"Les 100 ans d&rsquo;Harmonie Municipale le 8 d\u00e9cembre, Grand Th\u00e9\u00e2tre de Provence\",\"datePublished\":\"2012-12-01T08:07:13+00:00\",\"dateModified\":\"2012-12-01T08:07:13+00:00\",\"mainEntityOfPage\":{\"@id\":\"https:\/\/www.visiterarles.com\/en\/blog\/2012\/12\/01\/les-100-ans-dharmonie-municipale-le-8-decembre-grand-theatre-de-provence\/\"},\"wordCount\":60,\"publisher\":{\"@id\":\"https:\/\/www.visiterarles.com\/en\/#organization\"},\"image\":{\"@id\":\"https:\/\/www.visiterarles.com\/en\/blog\/2012\/12\/01\/les-100-ans-dharmonie-municipale-le-8-decembre-grand-theatre-de-provence\/#primaryimage\"},\"thumbnailUrl\":\"https:\/\/www.visiterarles.com\/wp-content\/uploads\/2012\/12\/Harmoni-municipale.jpg\",\"articleSection\":[\"accueil\",\"Actualit\u00e9s\"],\"inLanguage\":\"en-GB\"},{\"@type\":\"WebPage\",\"@id\":\"https:\/\/www.visiterarles.com\/en\/blog\/2012\/12\/01\/les-100-ans-dharmonie-municipale-le-8-decembre-grand-theatre-de-provence\/\",\"url\":\"https:\/\/www.visiterarles.com\/en\/blog\/2012\/12\/01\/les-100-ans-dharmonie-municipale-le-8-decembre-grand-theatre-de-provence\/\",\"name\":\"Les 100 ans d'Harmonie Municipale le 8 d\u00e9cembre, Grand Th\u00e9\u00e2tre de Provence - Visiter Arles\",\"isPartOf\":{\"@id\":\"https:\/\/www.visiterarles.com\/en\/#website\"},\"primaryImageOfPage\":{\"@id\":\"https:\/\/www.visiterarles.com\/en\/blog\/2012\/12\/01\/les-100-ans-dharmonie-municipale-le-8-decembre-grand-theatre-de-provence\/#primaryimage\"},\"image\":{\"@id\":\"https:\/\/www.visiterarles.com\/en\/blog\/2012\/12\/01\/les-100-ans-dharmonie-municipale-le-8-decembre-grand-theatre-de-provence\/#primaryimage\"},\"thumbnailUrl\":\"https:\/\/www.visiterarles.com\/wp-content\/uploads\/2012\/12\/Harmoni-municipale.jpg\",\"datePublished\":\"2012-12-01T08:07:13+00:00\",\"dateModified\":\"2012-12-01T08:07:13+00:00\",\"breadcrumb\":{\"@id\":\"https:\/\/www.visiterarles.com\/en\/blog\/2012\/12\/01\/les-100-ans-dharmonie-municipale-le-8-decembre-grand-theatre-de-provence\/#breadcrumb\"},\"inLanguage\":\"en-GB\",\"potentialAction\":[{\"@type\":\"ReadAction\",\"target\":[\"https:\/\/www.visiterarles.com\/en\/blog\/2012\/12\/01\/les-100-ans-dharmonie-municipale-le-8-decembre-grand-theatre-de-provence\/\"]}]},{\"@type\":\"ImageObject\",\"inLanguage\":\"en-GB\",\"@id\":\"https:\/\/www.visiterarles.com\/en\/blog\/2012\/12\/01\/les-100-ans-dharmonie-municipale-le-8-decembre-grand-theatre-de-provence\/#primaryimage\",\"url\":\"https:\/\/www.visiterarles.com\/wp-content\/uploads\/2012\/12\/Harmoni-municipale.jpg\",\"contentUrl\":\"https:\/\/www.visiterarles.com\/wp-content\/uploads\/2012\/12\/Harmoni-municipale.jpg\",\"width\":\"1536\",\"height\":\"2048\"},{\"@type\":\"BreadcrumbList\",\"@id\":\"https:\/\/www.visiterarles.com\/en\/blog\/2012\/12\/01\/les-100-ans-dharmonie-municipale-le-8-decembre-grand-theatre-de-provence\/#breadcrumb\",\"itemListElement\":[{\"@type\":\"ListItem\",\"position\":1,\"name\":\"Home\",\"item\":\"https:\/\/www.visiterarles.com\/\"},{\"@type\":\"ListItem\",\"position\":2,\"name\":\"Les 100 ans d&rsquo;Harmonie Municipale le 8 d\u00e9cembre, Grand Th\u00e9\u00e2tre de Provence\"}]},{\"@type\":\"WebSite\",\"@id\":\"https:\/\/www.visiterarles.com\/en\/#website\",\"url\":\"https:\/\/www.visiterarles.com\/en\/\",\"name\":\"Visiter Arles\",\"description\":\"Tourisme en Provence \u00e0 Arles\",\"publisher\":{\"@id\":\"https:\/\/www.visiterarles.com\/en\/#organization\"},\"potentialAction\":[{\"@type\":\"SearchAction\",\"target\":{\"@type\":\"EntryPoint\",\"urlTemplate\":\"https:\/\/www.visiterarles.com\/en\/?s={search_term_string}\"},\"query-input\":\"required name=search_term_string\"}],\"inLanguage\":\"en-GB\"},{\"@type\":\"Organization\",\"@id\":\"https:\/\/www.visiterarles.com\/en\/#organization\",\"name\":\"Visiter Arles\",\"url\":\"https:\/\/www.visiterarles.com\/en\/\",\"logo\":{\"@type\":\"ImageObject\",\"inLanguage\":\"en-GB\",\"@id\":\"https:\/\/www.visiterarles.com\/en\/#\/schema\/logo\/image\/\",\"url\":\"https:\/\/www.visiterarles.com\/wp-content\/uploads\/2017\/10\/taco-and-co-1-1.jpg\",\"contentUrl\":\"https:\/\/www.visiterarles.com\/wp-content\/uploads\/2017\/10\/taco-and-co-1-1.jpg\",\"width\":124,\"height\":73,\"caption\":\"Visiter Arles\"},\"image\":{\"@id\":\"https:\/\/www.visiterarles.com\/en\/#\/schema\/logo\/image\/\"}},{\"@type\":\"Person\",\"@id\":\"https:\/\/www.visiterarles.com\/en\/#\/schema\/person\/0ef93571b2fe272c676137a002139d56\",\"name\":\"damien\",\"image\":{\"@type\":\"ImageObject\",\"inLanguage\":\"en-GB\",\"@id\":\"https:\/\/www.visiterarles.com\/en\/#\/schema\/person\/image\/\",\"url\":\"https:\/\/secure.gravatar.com\/avatar\/7a0d4f0af72a2d627adac81a8c10a5b6?s=96&d=mm&r=g\",\"contentUrl\":\"https:\/\/secure.gravatar.com\/avatar\/7a0d4f0af72a2d627adac81a8c10a5b6?s=96&d=mm&r=g\",\"caption\":\"damien\"},\"url\":\"https:\/\/www.visiterarles.com\/en\/blog\/author\/damien\/\"}]}<\/script>\n<!-- \/ Yoast SEO plugin. -->","yoast_head_json":{"title":"Les 100 ans d'Harmonie Municipale le 8 d\u00e9cembre, Grand Th\u00e9\u00e2tre de Provence - Visiter Arles","robots":{"index":"index","follow":"follow","max-snippet":"max-snippet:-1","max-image-preview":"max-image-preview:large","max-video-preview":"max-video-preview:-1"},"canonical":"https:\/\/www.visiterarles.com\/en\/blog\/2012\/12\/01\/les-100-ans-dharmonie-municipale-le-8-decembre-grand-theatre-de-provence\/","twitter_misc":{"Written by":"damien"},"schema":{"@context":"https:\/\/schema.org","@graph":[{"@type":"Article","@id":"https:\/\/www.visiterarles.com\/en\/blog\/2012\/12\/01\/les-100-ans-dharmonie-municipale-le-8-decembre-grand-theatre-de-provence\/#article","isPartOf":{"@id":"https:\/\/www.visiterarles.com\/en\/blog\/2012\/12\/01\/les-100-ans-dharmonie-municipale-le-8-decembre-grand-theatre-de-provence\/"},"author":{"name":"damien","@id":"https:\/\/www.visiterarles.com\/en\/#\/schema\/person\/0ef93571b2fe272c676137a002139d56"},"headline":"Les 100 ans d&rsquo;Harmonie Municipale le 8 d\u00e9cembre, Grand Th\u00e9\u00e2tre de Provence","datePublished":"2012-12-01T08:07:13+00:00","dateModified":"2012-12-01T08:07:13+00:00","mainEntityOfPage":{"@id":"https:\/\/www.visiterarles.com\/en\/blog\/2012\/12\/01\/les-100-ans-dharmonie-municipale-le-8-decembre-grand-theatre-de-provence\/"},"wordCount":60,"publisher":{"@id":"https:\/\/www.visiterarles.com\/en\/#organization"},"image":{"@id":"https:\/\/www.visiterarles.com\/en\/blog\/2012\/12\/01\/les-100-ans-dharmonie-municipale-le-8-decembre-grand-theatre-de-provence\/#primaryimage"},"thumbnailUrl":"https:\/\/www.visiterarles.com\/wp-content\/uploads\/2012\/12\/Harmoni-municipale.jpg","articleSection":["accueil","Actualit\u00e9s"],"inLanguage":"en-GB"},{"@type":"WebPage","@id":"https:\/\/www.visiterarles.com\/en\/blog\/2012\/12\/01\/les-100-ans-dharmonie-municipale-le-8-decembre-grand-theatre-de-provence\/","url":"https:\/\/www.visiterarles.com\/en\/blog\/2012\/12\/01\/les-100-ans-dharmonie-municipale-le-8-decembre-grand-theatre-de-provence\/","name":"Les 100 ans d'Harmonie Municipale le 8 d\u00e9cembre, Grand Th\u00e9\u00e2tre de Provence - Visiter Arles","isPartOf":{"@id":"https:\/\/www.visiterarles.com\/en\/#website"},"primaryImageOfPage":{"@id":"https:\/\/www.visiterarles.com\/en\/blog\/2012\/12\/01\/les-100-ans-dharmonie-municipale-le-8-decembre-grand-theatre-de-provence\/#primaryimage"},"image":{"@id":"https:\/\/www.visiterarles.com\/en\/blog\/2012\/12\/01\/les-100-ans-dharmonie-municipale-le-8-decembre-grand-theatre-de-provence\/#primaryimage"},"thumbnailUrl":"https:\/\/www.visiterarles.com\/wp-content\/uploads\/2012\/12\/Harmoni-municipale.jpg","datePublished":"2012-12-01T08:07:13+00:00","dateModified":"2012-12-01T08:07:13+00:00","breadcrumb":{"@id":"https:\/\/www.visiterarles.com\/en\/blog\/2012\/12\/01\/les-100-ans-dharmonie-municipale-le-8-decembre-grand-theatre-de-provence\/#breadcrumb"},"inLanguage":"en-GB","potentialAction":[{"@type":"ReadAction","target":["https:\/\/www.visiterarles.com\/en\/blog\/2012\/12\/01\/les-100-ans-dharmonie-municipale-le-8-decembre-grand-theatre-de-provence\/"]}]},{"@type":"ImageObject","inLanguage":"en-GB","@id":"https:\/\/www.visiterarles.com\/en\/blog\/2012\/12\/01\/les-100-ans-dharmonie-municipale-le-8-decembre-grand-theatre-de-provence\/#primaryimage","url":"https:\/\/www.visiterarles.com\/wp-content\/uploads\/2012\/12\/Harmoni-municipale.jpg","contentUrl":"https:\/\/www.visiterarles.com\/wp-content\/uploads\/2012\/12\/Harmoni-municipale.jpg","width":"1536","height":"2048"},{"@type":"BreadcrumbList","@id":"https:\/\/www.visiterarles.com\/en\/blog\/2012\/12\/01\/les-100-ans-dharmonie-municipale-le-8-decembre-grand-theatre-de-provence\/#breadcrumb","itemListElement":[{"@type":"ListItem","position":1,"name":"Home","item":"https:\/\/www.visiterarles.com\/"},{"@type":"ListItem","position":2,"name":"Les 100 ans d&rsquo;Harmonie Municipale le 8 d\u00e9cembre, Grand Th\u00e9\u00e2tre de Provence"}]},{"@type":"WebSite","@id":"https:\/\/www.visiterarles.com\/en\/#website","url":"https:\/\/www.visiterarles.com\/en\/","name":"Visiter Arles","description":"Tourisme en Provence \u00e0 Arles","publisher":{"@id":"https:\/\/www.visiterarles.com\/en\/#organization"},"potentialAction":[{"@type":"SearchAction","target":{"@type":"EntryPoint","urlTemplate":"https:\/\/www.visiterarles.com\/en\/?s={search_term_string}"},"query-input":"required name=search_term_string"}],"inLanguage":"en-GB"},{"@type":"Organization","@id":"https:\/\/www.visiterarles.com\/en\/#organization","name":"Visiter Arles","url":"https:\/\/www.visiterarles.com\/en\/","logo":{"@type":"ImageObject","inLanguage":"en-GB","@id":"https:\/\/www.visiterarles.com\/en\/#\/schema\/logo\/image\/","url":"https:\/\/www.visiterarles.com\/wp-content\/uploads\/2017\/10\/taco-and-co-1-1.jpg","contentUrl":"https:\/\/www.visiterarles.com\/wp-content\/uploads\/2017\/10\/taco-and-co-1-1.jpg","width":124,"height":73,"caption":"Visiter Arles"},"image":{"@id":"https:\/\/www.visiterarles.com\/en\/#\/schema\/logo\/image\/"}},{"@type":"Person","@id":"https:\/\/www.visiterarles.com\/en\/#\/schema\/person\/0ef93571b2fe272c676137a002139d56","name":"damien","image":{"@type":"ImageObject","inLanguage":"en-GB","@id":"https:\/\/www.visiterarles.com\/en\/#\/schema\/person\/image\/","url":"https:\/\/secure.gravatar.com\/avatar\/7a0d4f0af72a2d627adac81a8c10a5b6?s=96&d=mm&r=g","contentUrl":"https:\/\/secure.gravatar.com\/avatar\/7a0d4f0af72a2d627adac81a8c10a5b6?s=96&d=mm&r=g","caption":"damien"},"url":"https:\/\/www.visiterarles.com\/en\/blog\/author\/damien\/"}]}},"_links":{"self":[{"href":"https:\/\/www.visiterarles.com\/en\/wp-json\/wp\/v2\/posts\/1955"}],"collection":[{"href":"https:\/\/www.visiterarles.com\/en\/wp-json\/wp\/v2\/posts"}],"about":[{"href":"https:\/\/www.visiterarles.com\/en\/wp-json\/wp\/v2\/types\/post"}],"author":[{"embeddable":true,"href":"https:\/\/www.visiterarles.com\/en\/wp-json\/wp\/v2\/users\/2"}],"replies":[{"embeddable":true,"href":"https:\/\/www.visiterarles.com\/en\/wp-json\/wp\/v2\/comments?post=1955"}],"version-history":[{"count":0,"href":"https:\/\/www.visiterarles.com\/en\/wp-json\/wp\/v2\/posts\/1955\/revisions"}],"wp:featuredmedia":[{"embeddable":true,"href":"https:\/\/www.visiterarles.com\/en\/wp-json\/wp\/v2\/media\/1956"}],"wp:attachment":[{"href":"https:\/\/www.visiterarles.com\/en\/wp-json\/wp\/v2\/media?parent=1955"}],"wp:term":[{"taxonomy":"category","embeddable":true,"href":"https:\/\/www.visiterarles.com\/en\/wp-json\/wp\/v2\/categories?post=1955"},{"taxonomy":"post_tag","embeddable":true,"href":"https:\/\/www.visiterarles.com\/en\/wp-json\/wp\/v2\/tags?post=1955"}],"curies":[{"name":"wp","href":"https:\/\/api.w.org\/{rel}","templated":true}]}}