{"id":2012,"date":"2012-12-13T14:44:28","date_gmt":"2012-12-13T14:44:28","guid":{"rendered":"https:\/\/www.visiterarles.com\/?p=2012"},"modified":"2012-12-13T15:48:52","modified_gmt":"2012-12-13T15:48:52","slug":"lannuaire-ecolo-lannuaire-gratuit-des-professionnels-du-developpement-durable","status":"publish","type":"post","link":"https:\/\/www.visiterarles.com\/en\/blog\/2012\/12\/13\/lannuaire-ecolo-lannuaire-gratuit-des-professionnels-du-developpement-durable\/","title":{"rendered":"L&rsquo;annuaire \u00e9colo: L&rsquo;annuaire gratuit des professionnels du d\u00e9veloppement durable"},"content":{"rendered":"<p>D\u00e9couvrez l&rsquo;annuaire \u00e9colo et tous les professionnels des \u00e9nergies nouvelles, du\u00a0d\u00e9veloppement\u00a0durable et de l&rsquo;environnement.<\/p>\n<p><a title=\"http:\/\/www.annuaireecolo.fr\" href=\"http:\/\/www.annuaireecolo.fr\" target=\"_blank\">http:\/\/www.annuaireecolo.fr<\/a><\/p>","protected":false},"excerpt":{"rendered":"<p>D\u00e9couvrez l&rsquo;annuaire \u00e9colo et tous les professionnels des \u00e9nergies nouvelles, du\u00a0d\u00e9veloppement\u00a0durable et de l&rsquo;environnement. http:\/\/www.annuaireecolo.fr<\/p>","protected":false},"author":2,"featured_media":0,"comment_status":"closed","ping_status":"closed","sticky":false,"template":"","format":"standard","meta":{"footnotes":""},"categories":[18,15],"tags":[],"aioseo_notices":[],"yoast_head":"<!-- This site is optimized with the Yoast SEO plugin v22.3 - https:\/\/yoast.com\/wordpress\/plugins\/seo\/ -->\n<title>L&#039;annuaire \u00e9colo: L&#039;annuaire gratuit des professionnels du d\u00e9veloppement durable - Visiter Arles<\/title>\n<meta name=\"robots\" content=\"index, follow, max-snippet:-1, max-image-preview:large, max-video-preview:-1\" \/>\n<link rel=\"canonical\" href=\"https:\/\/www.visiterarles.com\/en\/blog\/2012\/12\/13\/lannuaire-ecolo-lannuaire-gratuit-des-professionnels-du-developpement-durable\/\" \/>\n<meta name=\"twitter:label1\" content=\"Written by\" \/>\n\t<meta name=\"twitter:data1\" content=\"damien\" \/>\n<script type=\"application\/ld+json\" class=\"yoast-schema-graph\">{\"@context\":\"https:\/\/schema.org\",\"@graph\":[{\"@type\":\"Article\",\"@id\":\"https:\/\/www.visiterarles.com\/en\/blog\/2012\/12\/13\/lannuaire-ecolo-lannuaire-gratuit-des-professionnels-du-developpement-durable\/#article\",\"isPartOf\":{\"@id\":\"https:\/\/www.visiterarles.com\/en\/blog\/2012\/12\/13\/lannuaire-ecolo-lannuaire-gratuit-des-professionnels-du-developpement-durable\/\"},\"author\":{\"name\":\"damien\",\"@id\":\"https:\/\/www.visiterarles.com\/en\/#\/schema\/person\/0ef93571b2fe272c676137a002139d56\"},\"headline\":\"L&rsquo;annuaire \u00e9colo: L&rsquo;annuaire gratuit des professionnels du d\u00e9veloppement durable\",\"datePublished\":\"2012-12-13T14:44:28+00:00\",\"dateModified\":\"2012-12-13T15:48:52+00:00\",\"mainEntityOfPage\":{\"@id\":\"https:\/\/www.visiterarles.com\/en\/blog\/2012\/12\/13\/lannuaire-ecolo-lannuaire-gratuit-des-professionnels-du-developpement-durable\/\"},\"wordCount\":36,\"publisher\":{\"@id\":\"https:\/\/www.visiterarles.com\/en\/#organization\"},\"articleSection\":[\"Les partenaires\",\"Liens utiles\"],\"inLanguage\":\"en-GB\"},{\"@type\":\"WebPage\",\"@id\":\"https:\/\/www.visiterarles.com\/en\/blog\/2012\/12\/13\/lannuaire-ecolo-lannuaire-gratuit-des-professionnels-du-developpement-durable\/\",\"url\":\"https:\/\/www.visiterarles.com\/en\/blog\/2012\/12\/13\/lannuaire-ecolo-lannuaire-gratuit-des-professionnels-du-developpement-durable\/\",\"name\":\"L'annuaire \u00e9colo: L'annuaire gratuit des professionnels du d\u00e9veloppement durable - Visiter Arles\",\"isPartOf\":{\"@id\":\"https:\/\/www.visiterarles.com\/en\/#website\"},\"datePublished\":\"2012-12-13T14:44:28+00:00\",\"dateModified\":\"2012-12-13T15:48:52+00:00\",\"breadcrumb\":{\"@id\":\"https:\/\/www.visiterarles.com\/en\/blog\/2012\/12\/13\/lannuaire-ecolo-lannuaire-gratuit-des-professionnels-du-developpement-durable\/#breadcrumb\"},\"inLanguage\":\"en-GB\",\"potentialAction\":[{\"@type\":\"ReadAction\",\"target\":[\"https:\/\/www.visiterarles.com\/en\/blog\/2012\/12\/13\/lannuaire-ecolo-lannuaire-gratuit-des-professionnels-du-developpement-durable\/\"]}]},{\"@type\":\"BreadcrumbList\",\"@id\":\"https:\/\/www.visiterarles.com\/en\/blog\/2012\/12\/13\/lannuaire-ecolo-lannuaire-gratuit-des-professionnels-du-developpement-durable\/#breadcrumb\",\"itemListElement\":[{\"@type\":\"ListItem\",\"position\":1,\"name\":\"Home\",\"item\":\"https:\/\/www.visiterarles.com\/\"},{\"@type\":\"ListItem\",\"position\":2,\"name\":\"L&rsquo;annuaire \u00e9colo: L&rsquo;annuaire gratuit des professionnels du d\u00e9veloppement durable\"}]},{\"@type\":\"WebSite\",\"@id\":\"https:\/\/www.visiterarles.com\/en\/#website\",\"url\":\"https:\/\/www.visiterarles.com\/en\/\",\"name\":\"Visiter Arles\",\"description\":\"Tourisme en Provence \u00e0 Arles\",\"publisher\":{\"@id\":\"https:\/\/www.visiterarles.com\/en\/#organization\"},\"potentialAction\":[{\"@type\":\"SearchAction\",\"target\":{\"@type\":\"EntryPoint\",\"urlTemplate\":\"https:\/\/www.visiterarles.com\/en\/?s={search_term_string}\"},\"query-input\":\"required name=search_term_string\"}],\"inLanguage\":\"en-GB\"},{\"@type\":\"Organization\",\"@id\":\"https:\/\/www.visiterarles.com\/en\/#organization\",\"name\":\"Visiter Arles\",\"url\":\"https:\/\/www.visiterarles.com\/en\/\",\"logo\":{\"@type\":\"ImageObject\",\"inLanguage\":\"en-GB\",\"@id\":\"https:\/\/www.visiterarles.com\/en\/#\/schema\/logo\/image\/\",\"url\":\"https:\/\/www.visiterarles.com\/wp-content\/uploads\/2017\/10\/taco-and-co-1-1.jpg\",\"contentUrl\":\"https:\/\/www.visiterarles.com\/wp-content\/uploads\/2017\/10\/taco-and-co-1-1.jpg\",\"width\":124,\"height\":73,\"caption\":\"Visiter Arles\"},\"image\":{\"@id\":\"https:\/\/www.visiterarles.com\/en\/#\/schema\/logo\/image\/\"}},{\"@type\":\"Person\",\"@id\":\"https:\/\/www.visiterarles.com\/en\/#\/schema\/person\/0ef93571b2fe272c676137a002139d56\",\"name\":\"damien\",\"image\":{\"@type\":\"ImageObject\",\"inLanguage\":\"en-GB\",\"@id\":\"https:\/\/www.visiterarles.com\/en\/#\/schema\/person\/image\/\",\"url\":\"https:\/\/secure.gravatar.com\/avatar\/7a0d4f0af72a2d627adac81a8c10a5b6?s=96&d=mm&r=g\",\"contentUrl\":\"https:\/\/secure.gravatar.com\/avatar\/7a0d4f0af72a2d627adac81a8c10a5b6?s=96&d=mm&r=g\",\"caption\":\"damien\"},\"url\":\"https:\/\/www.visiterarles.com\/en\/blog\/author\/damien\/\"}]}<\/script>\n<!-- \/ Yoast SEO plugin. -->","yoast_head_json":{"title":"L'annuaire \u00e9colo: L'annuaire gratuit des professionnels du d\u00e9veloppement durable - Visiter Arles","robots":{"index":"index","follow":"follow","max-snippet":"max-snippet:-1","max-image-preview":"max-image-preview:large","max-video-preview":"max-video-preview:-1"},"canonical":"https:\/\/www.visiterarles.com\/en\/blog\/2012\/12\/13\/lannuaire-ecolo-lannuaire-gratuit-des-professionnels-du-developpement-durable\/","twitter_misc":{"Written by":"damien"},"schema":{"@context":"https:\/\/schema.org","@graph":[{"@type":"Article","@id":"https:\/\/www.visiterarles.com\/en\/blog\/2012\/12\/13\/lannuaire-ecolo-lannuaire-gratuit-des-professionnels-du-developpement-durable\/#article","isPartOf":{"@id":"https:\/\/www.visiterarles.com\/en\/blog\/2012\/12\/13\/lannuaire-ecolo-lannuaire-gratuit-des-professionnels-du-developpement-durable\/"},"author":{"name":"damien","@id":"https:\/\/www.visiterarles.com\/en\/#\/schema\/person\/0ef93571b2fe272c676137a002139d56"},"headline":"L&rsquo;annuaire \u00e9colo: L&rsquo;annuaire gratuit des professionnels du d\u00e9veloppement durable","datePublished":"2012-12-13T14:44:28+00:00","dateModified":"2012-12-13T15:48:52+00:00","mainEntityOfPage":{"@id":"https:\/\/www.visiterarles.com\/en\/blog\/2012\/12\/13\/lannuaire-ecolo-lannuaire-gratuit-des-professionnels-du-developpement-durable\/"},"wordCount":36,"publisher":{"@id":"https:\/\/www.visiterarles.com\/en\/#organization"},"articleSection":["Les partenaires","Liens utiles"],"inLanguage":"en-GB"},{"@type":"WebPage","@id":"https:\/\/www.visiterarles.com\/en\/blog\/2012\/12\/13\/lannuaire-ecolo-lannuaire-gratuit-des-professionnels-du-developpement-durable\/","url":"https:\/\/www.visiterarles.com\/en\/blog\/2012\/12\/13\/lannuaire-ecolo-lannuaire-gratuit-des-professionnels-du-developpement-durable\/","name":"L'annuaire \u00e9colo: L'annuaire gratuit des professionnels du d\u00e9veloppement durable - Visiter Arles","isPartOf":{"@id":"https:\/\/www.visiterarles.com\/en\/#website"},"datePublished":"2012-12-13T14:44:28+00:00","dateModified":"2012-12-13T15:48:52+00:00","breadcrumb":{"@id":"https:\/\/www.visiterarles.com\/en\/blog\/2012\/12\/13\/lannuaire-ecolo-lannuaire-gratuit-des-professionnels-du-developpement-durable\/#breadcrumb"},"inLanguage":"en-GB","potentialAction":[{"@type":"ReadAction","target":["https:\/\/www.visiterarles.com\/en\/blog\/2012\/12\/13\/lannuaire-ecolo-lannuaire-gratuit-des-professionnels-du-developpement-durable\/"]}]},{"@type":"BreadcrumbList","@id":"https:\/\/www.visiterarles.com\/en\/blog\/2012\/12\/13\/lannuaire-ecolo-lannuaire-gratuit-des-professionnels-du-developpement-durable\/#breadcrumb","itemListElement":[{"@type":"ListItem","position":1,"name":"Home","item":"https:\/\/www.visiterarles.com\/"},{"@type":"ListItem","position":2,"name":"L&rsquo;annuaire \u00e9colo: L&rsquo;annuaire gratuit des professionnels du d\u00e9veloppement durable"}]},{"@type":"WebSite","@id":"https:\/\/www.visiterarles.com\/en\/#website","url":"https:\/\/www.visiterarles.com\/en\/","name":"Visiter Arles","description":"Tourisme en Provence \u00e0 Arles","publisher":{"@id":"https:\/\/www.visiterarles.com\/en\/#organization"},"potentialAction":[{"@type":"SearchAction","target":{"@type":"EntryPoint","urlTemplate":"https:\/\/www.visiterarles.com\/en\/?s={search_term_string}"},"query-input":"required name=search_term_string"}],"inLanguage":"en-GB"},{"@type":"Organization","@id":"https:\/\/www.visiterarles.com\/en\/#organization","name":"Visiter Arles","url":"https:\/\/www.visiterarles.com\/en\/","logo":{"@type":"ImageObject","inLanguage":"en-GB","@id":"https:\/\/www.visiterarles.com\/en\/#\/schema\/logo\/image\/","url":"https:\/\/www.visiterarles.com\/wp-content\/uploads\/2017\/10\/taco-and-co-1-1.jpg","contentUrl":"https:\/\/www.visiterarles.com\/wp-content\/uploads\/2017\/10\/taco-and-co-1-1.jpg","width":124,"height":73,"caption":"Visiter Arles"},"image":{"@id":"https:\/\/www.visiterarles.com\/en\/#\/schema\/logo\/image\/"}},{"@type":"Person","@id":"https:\/\/www.visiterarles.com\/en\/#\/schema\/person\/0ef93571b2fe272c676137a002139d56","name":"damien","image":{"@type":"ImageObject","inLanguage":"en-GB","@id":"https:\/\/www.visiterarles.com\/en\/#\/schema\/person\/image\/","url":"https:\/\/secure.gravatar.com\/avatar\/7a0d4f0af72a2d627adac81a8c10a5b6?s=96&d=mm&r=g","contentUrl":"https:\/\/secure.gravatar.com\/avatar\/7a0d4f0af72a2d627adac81a8c10a5b6?s=96&d=mm&r=g","caption":"damien"},"url":"https:\/\/www.visiterarles.com\/en\/blog\/author\/damien\/"}]}},"_links":{"self":[{"href":"https:\/\/www.visiterarles.com\/en\/wp-json\/wp\/v2\/posts\/2012"}],"collection":[{"href":"https:\/\/www.visiterarles.com\/en\/wp-json\/wp\/v2\/posts"}],"about":[{"href":"https:\/\/www.visiterarles.com\/en\/wp-json\/wp\/v2\/types\/post"}],"author":[{"embeddable":true,"href":"https:\/\/www.visiterarles.com\/en\/wp-json\/wp\/v2\/users\/2"}],"replies":[{"embeddable":true,"href":"https:\/\/www.visiterarles.com\/en\/wp-json\/wp\/v2\/comments?post=2012"}],"version-history":[{"count":0,"href":"https:\/\/www.visiterarles.com\/en\/wp-json\/wp\/v2\/posts\/2012\/revisions"}],"wp:attachment":[{"href":"https:\/\/www.visiterarles.com\/en\/wp-json\/wp\/v2\/media?parent=2012"}],"wp:term":[{"taxonomy":"category","embeddable":true,"href":"https:\/\/www.visiterarles.com\/en\/wp-json\/wp\/v2\/categories?post=2012"},{"taxonomy":"post_tag","embeddable":true,"href":"https:\/\/www.visiterarles.com\/en\/wp-json\/wp\/v2\/tags?post=2012"}],"curies":[{"name":"wp","href":"https:\/\/api.w.org\/{rel}","templated":true}]}}