{"id":2339,"date":"2013-06-18T13:30:54","date_gmt":"2013-06-18T13:30:54","guid":{"rendered":"https:\/\/www.visiterarles.com\/?p=2339"},"modified":"2013-06-19T16:48:13","modified_gmt":"2013-06-19T16:48:13","slug":"les-rencontres-darles-2013-du-1er-juillet-au-22-septembre-2013-a-arles","status":"publish","type":"post","link":"https:\/\/www.visiterarles.com\/en\/blog\/2013\/06\/18\/les-rencontres-darles-2013-du-1er-juillet-au-22-septembre-2013-a-arles\/","title":{"rendered":"Les Rencontres d&rsquo;Arles 2013, du 1er Juillet au 22 Septembre 2013 \u00e0 Arles"},"content":{"rendered":"<p>Les Rencontres d&rsquo;Arles, le \u00a0fameux festival international de la photographie aura lieu du 1er Juillet au 22 Septembre \u00e0 Arles.<\/p>\n<p>Pour cette \u00e9dition 2013 intitul\u00e9 \u00ab\u00a0Arles in Black\u00a0\u00bb, d\u00e9couvrez plus de 50 expositions avec une majorit\u00e9 de tirage en noir et blanc.<\/p>\n<p>Les Rencontres d&rsquo;Arles, c&rsquo;est aussi des stages et des conf\u00e9rences.<\/p>\n<p>Pour plus d&rsquo;informations: \u00a0<a title=\"http:\/\/www.rencontres-arles.com\/A11\/Home\" href=\"http:\/\/www.rencontres-arles.com\/A11\/Home\" target=\"_blank\">http:\/\/www.rencontres-arles.com\/A11\/Home<\/a><\/p>\n<figure id=\"attachment_2340\" aria-describedby=\"caption-attachment-2340\" style=\"width: 800px\" class=\"wp-caption aligncenter\"><a href=\"https:\/\/www.visiterarles.com\/wp-content\/uploads\/2013\/06\/IMG_2739-Copier.jpg\"><img fetchpriority=\"high\" decoding=\"async\" class=\"size-full wp-image-2340\" alt=\"Les Rencontres d'Arles 2013\" src=\"https:\/\/www.visiterarles.com\/wp-content\/uploads\/2013\/06\/IMG_2739-Copier.jpg\" width=\"800\" height=\"533\" srcset=\"https:\/\/www.visiterarles.com\/wp-content\/uploads\/2013\/06\/IMG_2739-Copier.jpg 800w, https:\/\/www.visiterarles.com\/wp-content\/uploads\/2013\/06\/IMG_2739-Copier-300x199.jpg 300w\" sizes=\"(max-width: 800px) 100vw, 800px\" \/><\/a><figcaption id=\"caption-attachment-2340\" class=\"wp-caption-text\">Les Rencontres d&rsquo;Arles 2013<\/figcaption><\/figure>","protected":false},"excerpt":{"rendered":"<p>Les Rencontres d&rsquo;Arles, le \u00a0fameux festival international de la photographie aura lieu du 1er Juillet au 22 Septembre \u00e0 Arles. Pour cette \u00e9dition 2013 intitul\u00e9 \u00ab\u00a0Arles in Black\u00a0\u00bb, d\u00e9couvrez plus de 50 expositions avec une majorit\u00e9 de tirage en noir et blanc. Les Rencontres d&rsquo;Arles, c&rsquo;est aussi des stages et des conf\u00e9rences. Pour plus d&rsquo;informations: [&hellip;]<\/p>","protected":false},"author":2,"featured_media":2341,"comment_status":"closed","ping_status":"closed","sticky":false,"template":"","format":"standard","meta":{"footnotes":""},"categories":[4,3],"tags":[],"aioseo_notices":[],"yoast_head":"<!-- This site is optimized with the Yoast SEO plugin v22.3 - https:\/\/yoast.com\/wordpress\/plugins\/seo\/ -->\n<title>Les Rencontres d&#039;Arles 2013, du 1er Juillet au 22 Septembre 2013 \u00e0 Arles - Visiter Arles<\/title>\n<meta name=\"robots\" content=\"index, follow, max-snippet:-1, max-image-preview:large, max-video-preview:-1\" \/>\n<link rel=\"canonical\" href=\"https:\/\/www.visiterarles.com\/en\/blog\/2013\/06\/18\/les-rencontres-darles-2013-du-1er-juillet-au-22-septembre-2013-a-arles\/\" \/>\n<meta name=\"twitter:label1\" content=\"Written by\" \/>\n\t<meta name=\"twitter:data1\" content=\"damien\" \/>\n<script type=\"application\/ld+json\" class=\"yoast-schema-graph\">{\"@context\":\"https:\/\/schema.org\",\"@graph\":[{\"@type\":\"Article\",\"@id\":\"https:\/\/www.visiterarles.com\/blog\/2013\/06\/18\/les-rencontres-darles-2013-du-1er-juillet-au-22-septembre-2013-a-arles\/#article\",\"isPartOf\":{\"@id\":\"https:\/\/www.visiterarles.com\/blog\/2013\/06\/18\/les-rencontres-darles-2013-du-1er-juillet-au-22-septembre-2013-a-arles\/\"},\"author\":{\"name\":\"damien\",\"@id\":\"https:\/\/www.visiterarles.com\/en\/#\/schema\/person\/0ef93571b2fe272c676137a002139d56\"},\"headline\":\"Les Rencontres d&rsquo;Arles 2013, du 1er Juillet au 22 Septembre 2013 \u00e0 Arles\",\"datePublished\":\"2013-06-18T13:30:54+00:00\",\"dateModified\":\"2013-06-19T16:48:13+00:00\",\"mainEntityOfPage\":{\"@id\":\"https:\/\/www.visiterarles.com\/blog\/2013\/06\/18\/les-rencontres-darles-2013-du-1er-juillet-au-22-septembre-2013-a-arles\/\"},\"wordCount\":84,\"publisher\":{\"@id\":\"https:\/\/www.visiterarles.com\/en\/#organization\"},\"image\":{\"@id\":\"https:\/\/www.visiterarles.com\/blog\/2013\/06\/18\/les-rencontres-darles-2013-du-1er-juillet-au-22-septembre-2013-a-arles\/#primaryimage\"},\"thumbnailUrl\":\"https:\/\/www.visiterarles.com\/wp-content\/uploads\/2013\/06\/IMG_2740-Copier.jpg\",\"articleSection\":[\"accueil\",\"Actualit\u00e9s\"],\"inLanguage\":\"en-GB\"},{\"@type\":\"WebPage\",\"@id\":\"https:\/\/www.visiterarles.com\/blog\/2013\/06\/18\/les-rencontres-darles-2013-du-1er-juillet-au-22-septembre-2013-a-arles\/\",\"url\":\"https:\/\/www.visiterarles.com\/blog\/2013\/06\/18\/les-rencontres-darles-2013-du-1er-juillet-au-22-septembre-2013-a-arles\/\",\"name\":\"Les Rencontres d'Arles 2013, du 1er Juillet au 22 Septembre 2013 \u00e0 Arles - Visiter Arles\",\"isPartOf\":{\"@id\":\"https:\/\/www.visiterarles.com\/en\/#website\"},\"primaryImageOfPage\":{\"@id\":\"https:\/\/www.visiterarles.com\/blog\/2013\/06\/18\/les-rencontres-darles-2013-du-1er-juillet-au-22-septembre-2013-a-arles\/#primaryimage\"},\"image\":{\"@id\":\"https:\/\/www.visiterarles.com\/blog\/2013\/06\/18\/les-rencontres-darles-2013-du-1er-juillet-au-22-septembre-2013-a-arles\/#primaryimage\"},\"thumbnailUrl\":\"https:\/\/www.visiterarles.com\/wp-content\/uploads\/2013\/06\/IMG_2740-Copier.jpg\",\"datePublished\":\"2013-06-18T13:30:54+00:00\",\"dateModified\":\"2013-06-19T16:48:13+00:00\",\"breadcrumb\":{\"@id\":\"https:\/\/www.visiterarles.com\/blog\/2013\/06\/18\/les-rencontres-darles-2013-du-1er-juillet-au-22-septembre-2013-a-arles\/#breadcrumb\"},\"inLanguage\":\"en-GB\",\"potentialAction\":[{\"@type\":\"ReadAction\",\"target\":[\"https:\/\/www.visiterarles.com\/blog\/2013\/06\/18\/les-rencontres-darles-2013-du-1er-juillet-au-22-septembre-2013-a-arles\/\"]}]},{\"@type\":\"ImageObject\",\"inLanguage\":\"en-GB\",\"@id\":\"https:\/\/www.visiterarles.com\/blog\/2013\/06\/18\/les-rencontres-darles-2013-du-1er-juillet-au-22-septembre-2013-a-arles\/#primaryimage\",\"url\":\"https:\/\/www.visiterarles.com\/wp-content\/uploads\/2013\/06\/IMG_2740-Copier.jpg\",\"contentUrl\":\"https:\/\/www.visiterarles.com\/wp-content\/uploads\/2013\/06\/IMG_2740-Copier.jpg\",\"width\":400,\"height\":600,\"caption\":\"Arles in black, les rencontres d'Arles 2013\"},{\"@type\":\"BreadcrumbList\",\"@id\":\"https:\/\/www.visiterarles.com\/blog\/2013\/06\/18\/les-rencontres-darles-2013-du-1er-juillet-au-22-septembre-2013-a-arles\/#breadcrumb\",\"itemListElement\":[{\"@type\":\"ListItem\",\"position\":1,\"name\":\"Home\",\"item\":\"https:\/\/www.visiterarles.com\/\"},{\"@type\":\"ListItem\",\"position\":2,\"name\":\"Les Rencontres d&rsquo;Arles 2013, du 1er Juillet au 22 Septembre 2013 \u00e0 Arles\"}]},{\"@type\":\"WebSite\",\"@id\":\"https:\/\/www.visiterarles.com\/en\/#website\",\"url\":\"https:\/\/www.visiterarles.com\/en\/\",\"name\":\"Visiter Arles\",\"description\":\"Tourisme en Provence \u00e0 Arles\",\"publisher\":{\"@id\":\"https:\/\/www.visiterarles.com\/en\/#organization\"},\"potentialAction\":[{\"@type\":\"SearchAction\",\"target\":{\"@type\":\"EntryPoint\",\"urlTemplate\":\"https:\/\/www.visiterarles.com\/en\/?s={search_term_string}\"},\"query-input\":\"required name=search_term_string\"}],\"inLanguage\":\"en-GB\"},{\"@type\":\"Organization\",\"@id\":\"https:\/\/www.visiterarles.com\/en\/#organization\",\"name\":\"Visiter Arles\",\"url\":\"https:\/\/www.visiterarles.com\/en\/\",\"logo\":{\"@type\":\"ImageObject\",\"inLanguage\":\"en-GB\",\"@id\":\"https:\/\/www.visiterarles.com\/en\/#\/schema\/logo\/image\/\",\"url\":\"https:\/\/www.visiterarles.com\/wp-content\/uploads\/2017\/10\/taco-and-co-1-1.jpg\",\"contentUrl\":\"https:\/\/www.visiterarles.com\/wp-content\/uploads\/2017\/10\/taco-and-co-1-1.jpg\",\"width\":124,\"height\":73,\"caption\":\"Visiter Arles\"},\"image\":{\"@id\":\"https:\/\/www.visiterarles.com\/en\/#\/schema\/logo\/image\/\"}},{\"@type\":\"Person\",\"@id\":\"https:\/\/www.visiterarles.com\/en\/#\/schema\/person\/0ef93571b2fe272c676137a002139d56\",\"name\":\"damien\",\"image\":{\"@type\":\"ImageObject\",\"inLanguage\":\"en-GB\",\"@id\":\"https:\/\/www.visiterarles.com\/en\/#\/schema\/person\/image\/\",\"url\":\"https:\/\/secure.gravatar.com\/avatar\/7a0d4f0af72a2d627adac81a8c10a5b6?s=96&d=mm&r=g\",\"contentUrl\":\"https:\/\/secure.gravatar.com\/avatar\/7a0d4f0af72a2d627adac81a8c10a5b6?s=96&d=mm&r=g\",\"caption\":\"damien\"},\"url\":\"https:\/\/www.visiterarles.com\/en\/blog\/author\/damien\/\"}]}<\/script>\n<!-- \/ Yoast SEO plugin. -->","yoast_head_json":{"title":"Les Rencontres d'Arles 2013, du 1er Juillet au 22 Septembre 2013 \u00e0 Arles - Visiter Arles","robots":{"index":"index","follow":"follow","max-snippet":"max-snippet:-1","max-image-preview":"max-image-preview:large","max-video-preview":"max-video-preview:-1"},"canonical":"https:\/\/www.visiterarles.com\/en\/blog\/2013\/06\/18\/les-rencontres-darles-2013-du-1er-juillet-au-22-septembre-2013-a-arles\/","twitter_misc":{"Written by":"damien"},"schema":{"@context":"https:\/\/schema.org","@graph":[{"@type":"Article","@id":"https:\/\/www.visiterarles.com\/blog\/2013\/06\/18\/les-rencontres-darles-2013-du-1er-juillet-au-22-septembre-2013-a-arles\/#article","isPartOf":{"@id":"https:\/\/www.visiterarles.com\/blog\/2013\/06\/18\/les-rencontres-darles-2013-du-1er-juillet-au-22-septembre-2013-a-arles\/"},"author":{"name":"damien","@id":"https:\/\/www.visiterarles.com\/en\/#\/schema\/person\/0ef93571b2fe272c676137a002139d56"},"headline":"Les Rencontres d&rsquo;Arles 2013, du 1er Juillet au 22 Septembre 2013 \u00e0 Arles","datePublished":"2013-06-18T13:30:54+00:00","dateModified":"2013-06-19T16:48:13+00:00","mainEntityOfPage":{"@id":"https:\/\/www.visiterarles.com\/blog\/2013\/06\/18\/les-rencontres-darles-2013-du-1er-juillet-au-22-septembre-2013-a-arles\/"},"wordCount":84,"publisher":{"@id":"https:\/\/www.visiterarles.com\/en\/#organization"},"image":{"@id":"https:\/\/www.visiterarles.com\/blog\/2013\/06\/18\/les-rencontres-darles-2013-du-1er-juillet-au-22-septembre-2013-a-arles\/#primaryimage"},"thumbnailUrl":"https:\/\/www.visiterarles.com\/wp-content\/uploads\/2013\/06\/IMG_2740-Copier.jpg","articleSection":["accueil","Actualit\u00e9s"],"inLanguage":"en-GB"},{"@type":"WebPage","@id":"https:\/\/www.visiterarles.com\/blog\/2013\/06\/18\/les-rencontres-darles-2013-du-1er-juillet-au-22-septembre-2013-a-arles\/","url":"https:\/\/www.visiterarles.com\/blog\/2013\/06\/18\/les-rencontres-darles-2013-du-1er-juillet-au-22-septembre-2013-a-arles\/","name":"Les Rencontres d'Arles 2013, du 1er Juillet au 22 Septembre 2013 \u00e0 Arles - Visiter Arles","isPartOf":{"@id":"https:\/\/www.visiterarles.com\/en\/#website"},"primaryImageOfPage":{"@id":"https:\/\/www.visiterarles.com\/blog\/2013\/06\/18\/les-rencontres-darles-2013-du-1er-juillet-au-22-septembre-2013-a-arles\/#primaryimage"},"image":{"@id":"https:\/\/www.visiterarles.com\/blog\/2013\/06\/18\/les-rencontres-darles-2013-du-1er-juillet-au-22-septembre-2013-a-arles\/#primaryimage"},"thumbnailUrl":"https:\/\/www.visiterarles.com\/wp-content\/uploads\/2013\/06\/IMG_2740-Copier.jpg","datePublished":"2013-06-18T13:30:54+00:00","dateModified":"2013-06-19T16:48:13+00:00","breadcrumb":{"@id":"https:\/\/www.visiterarles.com\/blog\/2013\/06\/18\/les-rencontres-darles-2013-du-1er-juillet-au-22-septembre-2013-a-arles\/#breadcrumb"},"inLanguage":"en-GB","potentialAction":[{"@type":"ReadAction","target":["https:\/\/www.visiterarles.com\/blog\/2013\/06\/18\/les-rencontres-darles-2013-du-1er-juillet-au-22-septembre-2013-a-arles\/"]}]},{"@type":"ImageObject","inLanguage":"en-GB","@id":"https:\/\/www.visiterarles.com\/blog\/2013\/06\/18\/les-rencontres-darles-2013-du-1er-juillet-au-22-septembre-2013-a-arles\/#primaryimage","url":"https:\/\/www.visiterarles.com\/wp-content\/uploads\/2013\/06\/IMG_2740-Copier.jpg","contentUrl":"https:\/\/www.visiterarles.com\/wp-content\/uploads\/2013\/06\/IMG_2740-Copier.jpg","width":400,"height":600,"caption":"Arles in black, les rencontres d'Arles 2013"},{"@type":"BreadcrumbList","@id":"https:\/\/www.visiterarles.com\/blog\/2013\/06\/18\/les-rencontres-darles-2013-du-1er-juillet-au-22-septembre-2013-a-arles\/#breadcrumb","itemListElement":[{"@type":"ListItem","position":1,"name":"Home","item":"https:\/\/www.visiterarles.com\/"},{"@type":"ListItem","position":2,"name":"Les Rencontres d&rsquo;Arles 2013, du 1er Juillet au 22 Septembre 2013 \u00e0 Arles"}]},{"@type":"WebSite","@id":"https:\/\/www.visiterarles.com\/en\/#website","url":"https:\/\/www.visiterarles.com\/en\/","name":"Visiter Arles","description":"Tourisme en Provence \u00e0 Arles","publisher":{"@id":"https:\/\/www.visiterarles.com\/en\/#organization"},"potentialAction":[{"@type":"SearchAction","target":{"@type":"EntryPoint","urlTemplate":"https:\/\/www.visiterarles.com\/en\/?s={search_term_string}"},"query-input":"required name=search_term_string"}],"inLanguage":"en-GB"},{"@type":"Organization","@id":"https:\/\/www.visiterarles.com\/en\/#organization","name":"Visiter Arles","url":"https:\/\/www.visiterarles.com\/en\/","logo":{"@type":"ImageObject","inLanguage":"en-GB","@id":"https:\/\/www.visiterarles.com\/en\/#\/schema\/logo\/image\/","url":"https:\/\/www.visiterarles.com\/wp-content\/uploads\/2017\/10\/taco-and-co-1-1.jpg","contentUrl":"https:\/\/www.visiterarles.com\/wp-content\/uploads\/2017\/10\/taco-and-co-1-1.jpg","width":124,"height":73,"caption":"Visiter Arles"},"image":{"@id":"https:\/\/www.visiterarles.com\/en\/#\/schema\/logo\/image\/"}},{"@type":"Person","@id":"https:\/\/www.visiterarles.com\/en\/#\/schema\/person\/0ef93571b2fe272c676137a002139d56","name":"damien","image":{"@type":"ImageObject","inLanguage":"en-GB","@id":"https:\/\/www.visiterarles.com\/en\/#\/schema\/person\/image\/","url":"https:\/\/secure.gravatar.com\/avatar\/7a0d4f0af72a2d627adac81a8c10a5b6?s=96&d=mm&r=g","contentUrl":"https:\/\/secure.gravatar.com\/avatar\/7a0d4f0af72a2d627adac81a8c10a5b6?s=96&d=mm&r=g","caption":"damien"},"url":"https:\/\/www.visiterarles.com\/en\/blog\/author\/damien\/"}]}},"_links":{"self":[{"href":"https:\/\/www.visiterarles.com\/en\/wp-json\/wp\/v2\/posts\/2339"}],"collection":[{"href":"https:\/\/www.visiterarles.com\/en\/wp-json\/wp\/v2\/posts"}],"about":[{"href":"https:\/\/www.visiterarles.com\/en\/wp-json\/wp\/v2\/types\/post"}],"author":[{"embeddable":true,"href":"https:\/\/www.visiterarles.com\/en\/wp-json\/wp\/v2\/users\/2"}],"replies":[{"embeddable":true,"href":"https:\/\/www.visiterarles.com\/en\/wp-json\/wp\/v2\/comments?post=2339"}],"version-history":[{"count":0,"href":"https:\/\/www.visiterarles.com\/en\/wp-json\/wp\/v2\/posts\/2339\/revisions"}],"wp:featuredmedia":[{"embeddable":true,"href":"https:\/\/www.visiterarles.com\/en\/wp-json\/wp\/v2\/media\/2341"}],"wp:attachment":[{"href":"https:\/\/www.visiterarles.com\/en\/wp-json\/wp\/v2\/media?parent=2339"}],"wp:term":[{"taxonomy":"category","embeddable":true,"href":"https:\/\/www.visiterarles.com\/en\/wp-json\/wp\/v2\/categories?post=2339"},{"taxonomy":"post_tag","embeddable":true,"href":"https:\/\/www.visiterarles.com\/en\/wp-json\/wp\/v2\/tags?post=2339"}],"curies":[{"name":"wp","href":"https:\/\/api.w.org\/{rel}","templated":true}]}}