{"id":2396,"date":"2013-06-27T07:36:05","date_gmt":"2013-06-27T07:36:05","guid":{"rendered":"https:\/\/www.visiterarles.com\/?p=2396"},"modified":"2013-06-26T07:46:09","modified_gmt":"2013-06-26T07:46:09","slug":"gare-sncf-darles-consigne-a-bagages-en-gare-darles","status":"publish","type":"post","link":"https:\/\/www.visiterarles.com\/en\/blog\/2013\/06\/27\/gare-sncf-darles-consigne-a-bagages-en-gare-darles\/","title":{"rendered":"Gare SNCF d&rsquo;Arles: Consigne \u00e0 bagages en gare d&rsquo;Arles."},"content":{"rendered":"<p>Une consigne \u00e0 bagage est \u00e0 votre disposition en gare SNCF d&rsquo;Arles.Taco and Co vous propose une consigne \u00e0 bagage d\u00e8s votre arriv\u00e9e \u00e0 la gare d&rsquo;Arles pour profiter pleinement de votre passage sur Arles et de ses \u00a0nombreux\u00a0\u00e9v\u00e9nements \u00a0 comme le festival des Suds, les Rencontres d&rsquo;Arles, les expositions culturelles MP2013&#8230;<\/p>\n<p>Situ\u00e9 dans les anciens locaux de la gare routi\u00e8re \u00e0 20m en face de la gare SNCF, Taco and Co vous accueille tous les jours de 8h \u00e0 20h et vous propose de nombreux services: Consigne \u00e0 bagages, location de v\u00e9los, transport \u00a0en v\u00e9lo taco, visite de la ville&#8230;..<\/p>\n<p>A bient\u00f4t.<\/p>\n<figure id=\"attachment_2389\" aria-describedby=\"caption-attachment-2389\" style=\"width: 800px\" class=\"wp-caption aligncenter\"><a href=\"https:\/\/www.visiterarles.com\/wp-content\/uploads\/2013\/06\/Taco-and-Co-en-gare-dArles.jpg\"><img fetchpriority=\"high\" decoding=\"async\" class=\"size-full wp-image-2389\" alt=\"Taco and Co en gare SNCF d'Arles\" src=\"https:\/\/www.visiterarles.com\/wp-content\/uploads\/2013\/06\/Taco-and-Co-en-gare-dArles.jpg\" width=\"800\" height=\"533\" srcset=\"https:\/\/www.visiterarles.com\/wp-content\/uploads\/2013\/06\/Taco-and-Co-en-gare-dArles.jpg 800w, https:\/\/www.visiterarles.com\/wp-content\/uploads\/2013\/06\/Taco-and-Co-en-gare-dArles-300x199.jpg 300w\" sizes=\"(max-width: 800px) 100vw, 800px\" \/><\/a><figcaption id=\"caption-attachment-2389\" class=\"wp-caption-text\">Taco and Co en gare SNCF d&rsquo;Arles<\/figcaption><\/figure>\n<p>&nbsp;<\/p>","protected":false},"excerpt":{"rendered":"<p>Une consigne \u00e0 bagage est \u00e0 votre disposition en gare SNCF d&rsquo;Arles.Taco and Co vous propose une consigne \u00e0 bagage d\u00e8s votre arriv\u00e9e \u00e0 la gare d&rsquo;Arles pour profiter pleinement de votre passage sur Arles et de ses \u00a0nombreux\u00a0\u00e9v\u00e9nements \u00a0 comme le festival des Suds, les Rencontres d&rsquo;Arles, les expositions culturelles MP2013&#8230; Situ\u00e9 dans les [&hellip;]<\/p>","protected":false},"author":2,"featured_media":2389,"comment_status":"closed","ping_status":"closed","sticky":false,"template":"","format":"standard","meta":{"footnotes":""},"categories":[4,3],"tags":[],"aioseo_notices":[],"yoast_head":"<!-- This site is optimized with the Yoast SEO plugin v22.3 - https:\/\/yoast.com\/wordpress\/plugins\/seo\/ -->\n<title>Gare SNCF d&#039;Arles: Consigne \u00e0 bagages en gare d&#039;Arles.  - Visiter Arles<\/title>\n<meta name=\"robots\" content=\"index, follow, max-snippet:-1, max-image-preview:large, max-video-preview:-1\" \/>\n<link rel=\"canonical\" href=\"https:\/\/www.visiterarles.com\/en\/blog\/2013\/06\/27\/gare-sncf-darles-consigne-a-bagages-en-gare-darles\/\" \/>\n<meta name=\"twitter:label1\" content=\"Written by\" \/>\n\t<meta name=\"twitter:data1\" content=\"damien\" \/>\n\t<meta name=\"twitter:label2\" content=\"Estimated reading time\" \/>\n\t<meta name=\"twitter:data2\" content=\"1 minute\" \/>\n<script type=\"application\/ld+json\" class=\"yoast-schema-graph\">{\"@context\":\"https:\/\/schema.org\",\"@graph\":[{\"@type\":\"Article\",\"@id\":\"https:\/\/www.visiterarles.com\/en\/blog\/2013\/06\/27\/gare-sncf-darles-consigne-a-bagages-en-gare-darles\/#article\",\"isPartOf\":{\"@id\":\"https:\/\/www.visiterarles.com\/en\/blog\/2013\/06\/27\/gare-sncf-darles-consigne-a-bagages-en-gare-darles\/\"},\"author\":{\"name\":\"damien\",\"@id\":\"https:\/\/www.visiterarles.com\/en\/#\/schema\/person\/0ef93571b2fe272c676137a002139d56\"},\"headline\":\"Gare SNCF d&rsquo;Arles: Consigne \u00e0 bagages en gare d&rsquo;Arles.\",\"datePublished\":\"2013-06-27T07:36:05+00:00\",\"dateModified\":\"2013-06-26T07:46:09+00:00\",\"mainEntityOfPage\":{\"@id\":\"https:\/\/www.visiterarles.com\/en\/blog\/2013\/06\/27\/gare-sncf-darles-consigne-a-bagages-en-gare-darles\/\"},\"wordCount\":133,\"publisher\":{\"@id\":\"https:\/\/www.visiterarles.com\/en\/#organization\"},\"image\":{\"@id\":\"https:\/\/www.visiterarles.com\/en\/blog\/2013\/06\/27\/gare-sncf-darles-consigne-a-bagages-en-gare-darles\/#primaryimage\"},\"thumbnailUrl\":\"https:\/\/www.visiterarles.com\/wp-content\/uploads\/2013\/06\/Taco-and-Co-en-gare-dArles.jpg\",\"articleSection\":[\"accueil\",\"Actualit\u00e9s\"],\"inLanguage\":\"en-GB\"},{\"@type\":\"WebPage\",\"@id\":\"https:\/\/www.visiterarles.com\/en\/blog\/2013\/06\/27\/gare-sncf-darles-consigne-a-bagages-en-gare-darles\/\",\"url\":\"https:\/\/www.visiterarles.com\/en\/blog\/2013\/06\/27\/gare-sncf-darles-consigne-a-bagages-en-gare-darles\/\",\"name\":\"Gare SNCF d'Arles: Consigne \u00e0 bagages en gare d'Arles. - Visiter Arles\",\"isPartOf\":{\"@id\":\"https:\/\/www.visiterarles.com\/en\/#website\"},\"primaryImageOfPage\":{\"@id\":\"https:\/\/www.visiterarles.com\/en\/blog\/2013\/06\/27\/gare-sncf-darles-consigne-a-bagages-en-gare-darles\/#primaryimage\"},\"image\":{\"@id\":\"https:\/\/www.visiterarles.com\/en\/blog\/2013\/06\/27\/gare-sncf-darles-consigne-a-bagages-en-gare-darles\/#primaryimage\"},\"thumbnailUrl\":\"https:\/\/www.visiterarles.com\/wp-content\/uploads\/2013\/06\/Taco-and-Co-en-gare-dArles.jpg\",\"datePublished\":\"2013-06-27T07:36:05+00:00\",\"dateModified\":\"2013-06-26T07:46:09+00:00\",\"breadcrumb\":{\"@id\":\"https:\/\/www.visiterarles.com\/en\/blog\/2013\/06\/27\/gare-sncf-darles-consigne-a-bagages-en-gare-darles\/#breadcrumb\"},\"inLanguage\":\"en-GB\",\"potentialAction\":[{\"@type\":\"ReadAction\",\"target\":[\"https:\/\/www.visiterarles.com\/en\/blog\/2013\/06\/27\/gare-sncf-darles-consigne-a-bagages-en-gare-darles\/\"]}]},{\"@type\":\"ImageObject\",\"inLanguage\":\"en-GB\",\"@id\":\"https:\/\/www.visiterarles.com\/en\/blog\/2013\/06\/27\/gare-sncf-darles-consigne-a-bagages-en-gare-darles\/#primaryimage\",\"url\":\"https:\/\/www.visiterarles.com\/wp-content\/uploads\/2013\/06\/Taco-and-Co-en-gare-dArles.jpg\",\"contentUrl\":\"https:\/\/www.visiterarles.com\/wp-content\/uploads\/2013\/06\/Taco-and-Co-en-gare-dArles.jpg\",\"width\":800,\"height\":533,\"caption\":\"Taco and Co en gare SNCF d'Arles\"},{\"@type\":\"BreadcrumbList\",\"@id\":\"https:\/\/www.visiterarles.com\/en\/blog\/2013\/06\/27\/gare-sncf-darles-consigne-a-bagages-en-gare-darles\/#breadcrumb\",\"itemListElement\":[{\"@type\":\"ListItem\",\"position\":1,\"name\":\"Home\",\"item\":\"https:\/\/www.visiterarles.com\/\"},{\"@type\":\"ListItem\",\"position\":2,\"name\":\"Gare SNCF d&rsquo;Arles: Consigne \u00e0 bagages en gare d&rsquo;Arles.\"}]},{\"@type\":\"WebSite\",\"@id\":\"https:\/\/www.visiterarles.com\/en\/#website\",\"url\":\"https:\/\/www.visiterarles.com\/en\/\",\"name\":\"Visiter Arles\",\"description\":\"Tourisme en Provence \u00e0 Arles\",\"publisher\":{\"@id\":\"https:\/\/www.visiterarles.com\/en\/#organization\"},\"potentialAction\":[{\"@type\":\"SearchAction\",\"target\":{\"@type\":\"EntryPoint\",\"urlTemplate\":\"https:\/\/www.visiterarles.com\/en\/?s={search_term_string}\"},\"query-input\":\"required name=search_term_string\"}],\"inLanguage\":\"en-GB\"},{\"@type\":\"Organization\",\"@id\":\"https:\/\/www.visiterarles.com\/en\/#organization\",\"name\":\"Visiter Arles\",\"url\":\"https:\/\/www.visiterarles.com\/en\/\",\"logo\":{\"@type\":\"ImageObject\",\"inLanguage\":\"en-GB\",\"@id\":\"https:\/\/www.visiterarles.com\/en\/#\/schema\/logo\/image\/\",\"url\":\"https:\/\/www.visiterarles.com\/wp-content\/uploads\/2017\/10\/taco-and-co-1-1.jpg\",\"contentUrl\":\"https:\/\/www.visiterarles.com\/wp-content\/uploads\/2017\/10\/taco-and-co-1-1.jpg\",\"width\":124,\"height\":73,\"caption\":\"Visiter Arles\"},\"image\":{\"@id\":\"https:\/\/www.visiterarles.com\/en\/#\/schema\/logo\/image\/\"}},{\"@type\":\"Person\",\"@id\":\"https:\/\/www.visiterarles.com\/en\/#\/schema\/person\/0ef93571b2fe272c676137a002139d56\",\"name\":\"damien\",\"image\":{\"@type\":\"ImageObject\",\"inLanguage\":\"en-GB\",\"@id\":\"https:\/\/www.visiterarles.com\/en\/#\/schema\/person\/image\/\",\"url\":\"https:\/\/secure.gravatar.com\/avatar\/7a0d4f0af72a2d627adac81a8c10a5b6?s=96&d=mm&r=g\",\"contentUrl\":\"https:\/\/secure.gravatar.com\/avatar\/7a0d4f0af72a2d627adac81a8c10a5b6?s=96&d=mm&r=g\",\"caption\":\"damien\"},\"url\":\"https:\/\/www.visiterarles.com\/en\/blog\/author\/damien\/\"}]}<\/script>\n<!-- \/ Yoast SEO plugin. -->","yoast_head_json":{"title":"Gare SNCF d'Arles: Consigne \u00e0 bagages en gare d'Arles.  - Visiter Arles","robots":{"index":"index","follow":"follow","max-snippet":"max-snippet:-1","max-image-preview":"max-image-preview:large","max-video-preview":"max-video-preview:-1"},"canonical":"https:\/\/www.visiterarles.com\/en\/blog\/2013\/06\/27\/gare-sncf-darles-consigne-a-bagages-en-gare-darles\/","twitter_misc":{"Written by":"damien","Estimated reading time":"1 minute"},"schema":{"@context":"https:\/\/schema.org","@graph":[{"@type":"Article","@id":"https:\/\/www.visiterarles.com\/en\/blog\/2013\/06\/27\/gare-sncf-darles-consigne-a-bagages-en-gare-darles\/#article","isPartOf":{"@id":"https:\/\/www.visiterarles.com\/en\/blog\/2013\/06\/27\/gare-sncf-darles-consigne-a-bagages-en-gare-darles\/"},"author":{"name":"damien","@id":"https:\/\/www.visiterarles.com\/en\/#\/schema\/person\/0ef93571b2fe272c676137a002139d56"},"headline":"Gare SNCF d&rsquo;Arles: Consigne \u00e0 bagages en gare d&rsquo;Arles.","datePublished":"2013-06-27T07:36:05+00:00","dateModified":"2013-06-26T07:46:09+00:00","mainEntityOfPage":{"@id":"https:\/\/www.visiterarles.com\/en\/blog\/2013\/06\/27\/gare-sncf-darles-consigne-a-bagages-en-gare-darles\/"},"wordCount":133,"publisher":{"@id":"https:\/\/www.visiterarles.com\/en\/#organization"},"image":{"@id":"https:\/\/www.visiterarles.com\/en\/blog\/2013\/06\/27\/gare-sncf-darles-consigne-a-bagages-en-gare-darles\/#primaryimage"},"thumbnailUrl":"https:\/\/www.visiterarles.com\/wp-content\/uploads\/2013\/06\/Taco-and-Co-en-gare-dArles.jpg","articleSection":["accueil","Actualit\u00e9s"],"inLanguage":"en-GB"},{"@type":"WebPage","@id":"https:\/\/www.visiterarles.com\/en\/blog\/2013\/06\/27\/gare-sncf-darles-consigne-a-bagages-en-gare-darles\/","url":"https:\/\/www.visiterarles.com\/en\/blog\/2013\/06\/27\/gare-sncf-darles-consigne-a-bagages-en-gare-darles\/","name":"Gare SNCF d'Arles: Consigne \u00e0 bagages en gare d'Arles. - Visiter Arles","isPartOf":{"@id":"https:\/\/www.visiterarles.com\/en\/#website"},"primaryImageOfPage":{"@id":"https:\/\/www.visiterarles.com\/en\/blog\/2013\/06\/27\/gare-sncf-darles-consigne-a-bagages-en-gare-darles\/#primaryimage"},"image":{"@id":"https:\/\/www.visiterarles.com\/en\/blog\/2013\/06\/27\/gare-sncf-darles-consigne-a-bagages-en-gare-darles\/#primaryimage"},"thumbnailUrl":"https:\/\/www.visiterarles.com\/wp-content\/uploads\/2013\/06\/Taco-and-Co-en-gare-dArles.jpg","datePublished":"2013-06-27T07:36:05+00:00","dateModified":"2013-06-26T07:46:09+00:00","breadcrumb":{"@id":"https:\/\/www.visiterarles.com\/en\/blog\/2013\/06\/27\/gare-sncf-darles-consigne-a-bagages-en-gare-darles\/#breadcrumb"},"inLanguage":"en-GB","potentialAction":[{"@type":"ReadAction","target":["https:\/\/www.visiterarles.com\/en\/blog\/2013\/06\/27\/gare-sncf-darles-consigne-a-bagages-en-gare-darles\/"]}]},{"@type":"ImageObject","inLanguage":"en-GB","@id":"https:\/\/www.visiterarles.com\/en\/blog\/2013\/06\/27\/gare-sncf-darles-consigne-a-bagages-en-gare-darles\/#primaryimage","url":"https:\/\/www.visiterarles.com\/wp-content\/uploads\/2013\/06\/Taco-and-Co-en-gare-dArles.jpg","contentUrl":"https:\/\/www.visiterarles.com\/wp-content\/uploads\/2013\/06\/Taco-and-Co-en-gare-dArles.jpg","width":800,"height":533,"caption":"Taco and Co en gare SNCF d'Arles"},{"@type":"BreadcrumbList","@id":"https:\/\/www.visiterarles.com\/en\/blog\/2013\/06\/27\/gare-sncf-darles-consigne-a-bagages-en-gare-darles\/#breadcrumb","itemListElement":[{"@type":"ListItem","position":1,"name":"Home","item":"https:\/\/www.visiterarles.com\/"},{"@type":"ListItem","position":2,"name":"Gare SNCF d&rsquo;Arles: Consigne \u00e0 bagages en gare d&rsquo;Arles."}]},{"@type":"WebSite","@id":"https:\/\/www.visiterarles.com\/en\/#website","url":"https:\/\/www.visiterarles.com\/en\/","name":"Visiter Arles","description":"Tourisme en Provence \u00e0 Arles","publisher":{"@id":"https:\/\/www.visiterarles.com\/en\/#organization"},"potentialAction":[{"@type":"SearchAction","target":{"@type":"EntryPoint","urlTemplate":"https:\/\/www.visiterarles.com\/en\/?s={search_term_string}"},"query-input":"required name=search_term_string"}],"inLanguage":"en-GB"},{"@type":"Organization","@id":"https:\/\/www.visiterarles.com\/en\/#organization","name":"Visiter Arles","url":"https:\/\/www.visiterarles.com\/en\/","logo":{"@type":"ImageObject","inLanguage":"en-GB","@id":"https:\/\/www.visiterarles.com\/en\/#\/schema\/logo\/image\/","url":"https:\/\/www.visiterarles.com\/wp-content\/uploads\/2017\/10\/taco-and-co-1-1.jpg","contentUrl":"https:\/\/www.visiterarles.com\/wp-content\/uploads\/2017\/10\/taco-and-co-1-1.jpg","width":124,"height":73,"caption":"Visiter Arles"},"image":{"@id":"https:\/\/www.visiterarles.com\/en\/#\/schema\/logo\/image\/"}},{"@type":"Person","@id":"https:\/\/www.visiterarles.com\/en\/#\/schema\/person\/0ef93571b2fe272c676137a002139d56","name":"damien","image":{"@type":"ImageObject","inLanguage":"en-GB","@id":"https:\/\/www.visiterarles.com\/en\/#\/schema\/person\/image\/","url":"https:\/\/secure.gravatar.com\/avatar\/7a0d4f0af72a2d627adac81a8c10a5b6?s=96&d=mm&r=g","contentUrl":"https:\/\/secure.gravatar.com\/avatar\/7a0d4f0af72a2d627adac81a8c10a5b6?s=96&d=mm&r=g","caption":"damien"},"url":"https:\/\/www.visiterarles.com\/en\/blog\/author\/damien\/"}]}},"_links":{"self":[{"href":"https:\/\/www.visiterarles.com\/en\/wp-json\/wp\/v2\/posts\/2396"}],"collection":[{"href":"https:\/\/www.visiterarles.com\/en\/wp-json\/wp\/v2\/posts"}],"about":[{"href":"https:\/\/www.visiterarles.com\/en\/wp-json\/wp\/v2\/types\/post"}],"author":[{"embeddable":true,"href":"https:\/\/www.visiterarles.com\/en\/wp-json\/wp\/v2\/users\/2"}],"replies":[{"embeddable":true,"href":"https:\/\/www.visiterarles.com\/en\/wp-json\/wp\/v2\/comments?post=2396"}],"version-history":[{"count":0,"href":"https:\/\/www.visiterarles.com\/en\/wp-json\/wp\/v2\/posts\/2396\/revisions"}],"wp:featuredmedia":[{"embeddable":true,"href":"https:\/\/www.visiterarles.com\/en\/wp-json\/wp\/v2\/media\/2389"}],"wp:attachment":[{"href":"https:\/\/www.visiterarles.com\/en\/wp-json\/wp\/v2\/media?parent=2396"}],"wp:term":[{"taxonomy":"category","embeddable":true,"href":"https:\/\/www.visiterarles.com\/en\/wp-json\/wp\/v2\/categories?post=2396"},{"taxonomy":"post_tag","embeddable":true,"href":"https:\/\/www.visiterarles.com\/en\/wp-json\/wp\/v2\/tags?post=2396"}],"curies":[{"name":"wp","href":"https:\/\/api.w.org\/{rel}","templated":true}]}}