{"id":2520,"date":"2013-08-10T06:22:56","date_gmt":"2013-08-10T06:22:56","guid":{"rendered":"https:\/\/www.visiterarles.com\/?p=2520"},"modified":"2013-08-10T06:22:56","modified_gmt":"2013-08-10T06:22:56","slug":"festival-arelate-journees-romaines-darles-du-25-aout-au-1er-septembre-2013","status":"publish","type":"post","link":"https:\/\/www.visiterarles.com\/en\/blog\/2013\/08\/10\/festival-arelate-journees-romaines-darles-du-25-aout-au-1er-septembre-2013\/","title":{"rendered":"Festival Arelate, journ\u00e9es romaines d&rsquo;Arles du 25 Ao\u00fbt au 1er septembre 2013"},"content":{"rendered":"<p>Le festival Arelate, journ\u00e9es romaines d&rsquo;Arles, aura lieu du 25 Ao\u00fbt au 1er septembre 2013 dans le centre ville d&rsquo;Arles .<\/p>\n<p>Arles redevient Arelate \u00a0\u00e0 partir du 25 Ao\u00fbt pour la 7\u00e9me \u00e9dition du festival\u00a0\u00bbArelate, journ\u00e9es Romaines d\u2019Arles\u00a0\u00bb.<\/p>\n<p>Les associations \u00ab\u00a0Arelate\u00a0\u00bb et \u00ab\u00a0Peplum\u00a0\u00bb ainsi que Taco and Co vous invitent \u00e0 venir\u00a0\u00a0nombreux et en famille \u00e0 la d\u00e9couverte du monde Romain.<\/p>\n<p>De nombreuses activit\u00e9s et spectacles vous seront propos\u00e9s toute cette semaine \u00a0avec des d\u00e9fil\u00e9s romains dans les rues d\u2019Arles, \u00a0des d\u00e9monstrations de gladiateurs, \u00a0les grands jeux du cirque dans\u00a0l\u2019amphith\u00e9\u00e2tre \u00a0ou encore la projection de plusieurs \u00a0Peplums au\u00a0th\u00e9\u00e2tre\u00a0Antique dans le cadre du festival du film Peplum.<\/p>\n<p>Pour plus d\u2019informations:\u00a0<a href=\"http:\/\/festival-arelate.com\/\">http:\/\/festival-arelate.com<\/a><\/p>\n<figure id=\"attachment_2521\" aria-describedby=\"caption-attachment-2521\" style=\"width: 200px\" class=\"wp-caption aligncenter\"><a href=\"https:\/\/www.visiterarles.com\/wp-content\/uploads\/2013\/08\/Festival-Arelate-du-25-Ao\u00fbt-au-1er-Septembre-\u00e0-Arles-Copier.jpg\"><img fetchpriority=\"high\" decoding=\"async\" class=\"size-medium wp-image-2521\" alt=\"Festival Arelate du 25 Ao\u00fbt au 1er Septembre \u00e0 Arles\" src=\"https:\/\/www.visiterarles.com\/wp-content\/uploads\/2013\/08\/Festival-Arelate-du-25-Ao\u00fbt-au-1er-Septembre-\u00e0-Arles-Copier-200x300.jpg\" width=\"200\" height=\"300\" srcset=\"https:\/\/www.visiterarles.com\/wp-content\/uploads\/2013\/08\/Festival-Arelate-du-25-Ao\u00fbt-au-1er-Septembre-\u00e0-Arles-Copier-200x300.jpg 200w, https:\/\/www.visiterarles.com\/wp-content\/uploads\/2013\/08\/Festival-Arelate-du-25-Ao\u00fbt-au-1er-Septembre-\u00e0-Arles-Copier.jpg 400w\" sizes=\"(max-width: 200px) 100vw, 200px\" \/><\/a><figcaption id=\"caption-attachment-2521\" class=\"wp-caption-text\">Festival Arelate du 25 Ao\u00fbt au 1er Septembre \u00e0 Arles<\/figcaption><\/figure>","protected":false},"excerpt":{"rendered":"<p>Le festival Arelate, journ\u00e9es romaines d&rsquo;Arles, aura lieu du 25 Ao\u00fbt au 1er septembre 2013 dans le centre ville d&rsquo;Arles . Arles redevient Arelate \u00a0\u00e0 partir du 25 Ao\u00fbt pour la 7\u00e9me \u00e9dition du festival\u00a0\u00bbArelate, journ\u00e9es Romaines d\u2019Arles\u00a0\u00bb. Les associations \u00ab\u00a0Arelate\u00a0\u00bb et \u00ab\u00a0Peplum\u00a0\u00bb ainsi que Taco and Co vous invitent \u00e0 venir\u00a0\u00a0nombreux et en famille [&hellip;]<\/p>","protected":false},"author":2,"featured_media":2522,"comment_status":"closed","ping_status":"closed","sticky":false,"template":"","format":"standard","meta":{"footnotes":""},"categories":[4,3],"tags":[],"aioseo_notices":[],"yoast_head":"<!-- This site is optimized with the Yoast SEO plugin v22.3 - https:\/\/yoast.com\/wordpress\/plugins\/seo\/ -->\n<title>Festival Arelate, journ\u00e9es romaines d&#039;Arles du 25 Ao\u00fbt au 1er septembre 2013 - Visiter Arles<\/title>\n<meta name=\"robots\" content=\"index, follow, max-snippet:-1, max-image-preview:large, max-video-preview:-1\" \/>\n<link rel=\"canonical\" href=\"https:\/\/www.visiterarles.com\/en\/blog\/2013\/08\/10\/festival-arelate-journees-romaines-darles-du-25-aout-au-1er-septembre-2013\/\" \/>\n<meta name=\"twitter:label1\" content=\"Written by\" \/>\n\t<meta name=\"twitter:data1\" content=\"damien\" \/>\n\t<meta name=\"twitter:label2\" content=\"Estimated reading time\" \/>\n\t<meta name=\"twitter:data2\" content=\"1 minute\" \/>\n<script type=\"application\/ld+json\" class=\"yoast-schema-graph\">{\"@context\":\"https:\/\/schema.org\",\"@graph\":[{\"@type\":\"Article\",\"@id\":\"https:\/\/www.visiterarles.com\/en\/blog\/2013\/08\/10\/festival-arelate-journees-romaines-darles-du-25-aout-au-1er-septembre-2013\/#article\",\"isPartOf\":{\"@id\":\"https:\/\/www.visiterarles.com\/en\/blog\/2013\/08\/10\/festival-arelate-journees-romaines-darles-du-25-aout-au-1er-septembre-2013\/\"},\"author\":{\"name\":\"damien\",\"@id\":\"https:\/\/www.visiterarles.com\/en\/#\/schema\/person\/0ef93571b2fe272c676137a002139d56\"},\"headline\":\"Festival Arelate, journ\u00e9es romaines d&rsquo;Arles du 25 Ao\u00fbt au 1er septembre 2013\",\"datePublished\":\"2013-08-10T06:22:56+00:00\",\"dateModified\":\"2013-08-10T06:22:56+00:00\",\"mainEntityOfPage\":{\"@id\":\"https:\/\/www.visiterarles.com\/en\/blog\/2013\/08\/10\/festival-arelate-journees-romaines-darles-du-25-aout-au-1er-septembre-2013\/\"},\"wordCount\":157,\"publisher\":{\"@id\":\"https:\/\/www.visiterarles.com\/en\/#organization\"},\"image\":{\"@id\":\"https:\/\/www.visiterarles.com\/en\/blog\/2013\/08\/10\/festival-arelate-journees-romaines-darles-du-25-aout-au-1er-septembre-2013\/#primaryimage\"},\"thumbnailUrl\":\"https:\/\/www.visiterarles.com\/wp-content\/uploads\/2013\/08\/Festival-Arelate-\u00e0-Arles-Copier.jpg\",\"articleSection\":[\"accueil\",\"Actualit\u00e9s\"],\"inLanguage\":\"en-GB\"},{\"@type\":\"WebPage\",\"@id\":\"https:\/\/www.visiterarles.com\/en\/blog\/2013\/08\/10\/festival-arelate-journees-romaines-darles-du-25-aout-au-1er-septembre-2013\/\",\"url\":\"https:\/\/www.visiterarles.com\/en\/blog\/2013\/08\/10\/festival-arelate-journees-romaines-darles-du-25-aout-au-1er-septembre-2013\/\",\"name\":\"Festival Arelate, journ\u00e9es romaines d'Arles du 25 Ao\u00fbt au 1er septembre 2013 - Visiter Arles\",\"isPartOf\":{\"@id\":\"https:\/\/www.visiterarles.com\/en\/#website\"},\"primaryImageOfPage\":{\"@id\":\"https:\/\/www.visiterarles.com\/en\/blog\/2013\/08\/10\/festival-arelate-journees-romaines-darles-du-25-aout-au-1er-septembre-2013\/#primaryimage\"},\"image\":{\"@id\":\"https:\/\/www.visiterarles.com\/en\/blog\/2013\/08\/10\/festival-arelate-journees-romaines-darles-du-25-aout-au-1er-septembre-2013\/#primaryimage\"},\"thumbnailUrl\":\"https:\/\/www.visiterarles.com\/wp-content\/uploads\/2013\/08\/Festival-Arelate-\u00e0-Arles-Copier.jpg\",\"datePublished\":\"2013-08-10T06:22:56+00:00\",\"dateModified\":\"2013-08-10T06:22:56+00:00\",\"breadcrumb\":{\"@id\":\"https:\/\/www.visiterarles.com\/en\/blog\/2013\/08\/10\/festival-arelate-journees-romaines-darles-du-25-aout-au-1er-septembre-2013\/#breadcrumb\"},\"inLanguage\":\"en-GB\",\"potentialAction\":[{\"@type\":\"ReadAction\",\"target\":[\"https:\/\/www.visiterarles.com\/en\/blog\/2013\/08\/10\/festival-arelate-journees-romaines-darles-du-25-aout-au-1er-septembre-2013\/\"]}]},{\"@type\":\"ImageObject\",\"inLanguage\":\"en-GB\",\"@id\":\"https:\/\/www.visiterarles.com\/en\/blog\/2013\/08\/10\/festival-arelate-journees-romaines-darles-du-25-aout-au-1er-septembre-2013\/#primaryimage\",\"url\":\"https:\/\/www.visiterarles.com\/wp-content\/uploads\/2013\/08\/Festival-Arelate-\u00e0-Arles-Copier.jpg\",\"contentUrl\":\"https:\/\/www.visiterarles.com\/wp-content\/uploads\/2013\/08\/Festival-Arelate-\u00e0-Arles-Copier.jpg\",\"width\":400,\"height\":600,\"caption\":\"Festival Arelate \u00e0 Arles\"},{\"@type\":\"BreadcrumbList\",\"@id\":\"https:\/\/www.visiterarles.com\/en\/blog\/2013\/08\/10\/festival-arelate-journees-romaines-darles-du-25-aout-au-1er-septembre-2013\/#breadcrumb\",\"itemListElement\":[{\"@type\":\"ListItem\",\"position\":1,\"name\":\"Home\",\"item\":\"https:\/\/www.visiterarles.com\/\"},{\"@type\":\"ListItem\",\"position\":2,\"name\":\"Festival Arelate, journ\u00e9es romaines d&rsquo;Arles du 25 Ao\u00fbt au 1er septembre 2013\"}]},{\"@type\":\"WebSite\",\"@id\":\"https:\/\/www.visiterarles.com\/en\/#website\",\"url\":\"https:\/\/www.visiterarles.com\/en\/\",\"name\":\"Visiter Arles\",\"description\":\"Tourisme en Provence \u00e0 Arles\",\"publisher\":{\"@id\":\"https:\/\/www.visiterarles.com\/en\/#organization\"},\"potentialAction\":[{\"@type\":\"SearchAction\",\"target\":{\"@type\":\"EntryPoint\",\"urlTemplate\":\"https:\/\/www.visiterarles.com\/en\/?s={search_term_string}\"},\"query-input\":\"required name=search_term_string\"}],\"inLanguage\":\"en-GB\"},{\"@type\":\"Organization\",\"@id\":\"https:\/\/www.visiterarles.com\/en\/#organization\",\"name\":\"Visiter Arles\",\"url\":\"https:\/\/www.visiterarles.com\/en\/\",\"logo\":{\"@type\":\"ImageObject\",\"inLanguage\":\"en-GB\",\"@id\":\"https:\/\/www.visiterarles.com\/en\/#\/schema\/logo\/image\/\",\"url\":\"https:\/\/www.visiterarles.com\/wp-content\/uploads\/2017\/10\/taco-and-co-1-1.jpg\",\"contentUrl\":\"https:\/\/www.visiterarles.com\/wp-content\/uploads\/2017\/10\/taco-and-co-1-1.jpg\",\"width\":124,\"height\":73,\"caption\":\"Visiter Arles\"},\"image\":{\"@id\":\"https:\/\/www.visiterarles.com\/en\/#\/schema\/logo\/image\/\"}},{\"@type\":\"Person\",\"@id\":\"https:\/\/www.visiterarles.com\/en\/#\/schema\/person\/0ef93571b2fe272c676137a002139d56\",\"name\":\"damien\",\"image\":{\"@type\":\"ImageObject\",\"inLanguage\":\"en-GB\",\"@id\":\"https:\/\/www.visiterarles.com\/en\/#\/schema\/person\/image\/\",\"url\":\"https:\/\/secure.gravatar.com\/avatar\/7a0d4f0af72a2d627adac81a8c10a5b6?s=96&d=mm&r=g\",\"contentUrl\":\"https:\/\/secure.gravatar.com\/avatar\/7a0d4f0af72a2d627adac81a8c10a5b6?s=96&d=mm&r=g\",\"caption\":\"damien\"},\"url\":\"https:\/\/www.visiterarles.com\/en\/blog\/author\/damien\/\"}]}<\/script>\n<!-- \/ Yoast SEO plugin. -->","yoast_head_json":{"title":"Festival Arelate, journ\u00e9es romaines d'Arles du 25 Ao\u00fbt au 1er septembre 2013 - Visiter Arles","robots":{"index":"index","follow":"follow","max-snippet":"max-snippet:-1","max-image-preview":"max-image-preview:large","max-video-preview":"max-video-preview:-1"},"canonical":"https:\/\/www.visiterarles.com\/en\/blog\/2013\/08\/10\/festival-arelate-journees-romaines-darles-du-25-aout-au-1er-septembre-2013\/","twitter_misc":{"Written by":"damien","Estimated reading time":"1 minute"},"schema":{"@context":"https:\/\/schema.org","@graph":[{"@type":"Article","@id":"https:\/\/www.visiterarles.com\/en\/blog\/2013\/08\/10\/festival-arelate-journees-romaines-darles-du-25-aout-au-1er-septembre-2013\/#article","isPartOf":{"@id":"https:\/\/www.visiterarles.com\/en\/blog\/2013\/08\/10\/festival-arelate-journees-romaines-darles-du-25-aout-au-1er-septembre-2013\/"},"author":{"name":"damien","@id":"https:\/\/www.visiterarles.com\/en\/#\/schema\/person\/0ef93571b2fe272c676137a002139d56"},"headline":"Festival Arelate, journ\u00e9es romaines d&rsquo;Arles du 25 Ao\u00fbt au 1er septembre 2013","datePublished":"2013-08-10T06:22:56+00:00","dateModified":"2013-08-10T06:22:56+00:00","mainEntityOfPage":{"@id":"https:\/\/www.visiterarles.com\/en\/blog\/2013\/08\/10\/festival-arelate-journees-romaines-darles-du-25-aout-au-1er-septembre-2013\/"},"wordCount":157,"publisher":{"@id":"https:\/\/www.visiterarles.com\/en\/#organization"},"image":{"@id":"https:\/\/www.visiterarles.com\/en\/blog\/2013\/08\/10\/festival-arelate-journees-romaines-darles-du-25-aout-au-1er-septembre-2013\/#primaryimage"},"thumbnailUrl":"https:\/\/www.visiterarles.com\/wp-content\/uploads\/2013\/08\/Festival-Arelate-\u00e0-Arles-Copier.jpg","articleSection":["accueil","Actualit\u00e9s"],"inLanguage":"en-GB"},{"@type":"WebPage","@id":"https:\/\/www.visiterarles.com\/en\/blog\/2013\/08\/10\/festival-arelate-journees-romaines-darles-du-25-aout-au-1er-septembre-2013\/","url":"https:\/\/www.visiterarles.com\/en\/blog\/2013\/08\/10\/festival-arelate-journees-romaines-darles-du-25-aout-au-1er-septembre-2013\/","name":"Festival Arelate, journ\u00e9es romaines d'Arles du 25 Ao\u00fbt au 1er septembre 2013 - Visiter Arles","isPartOf":{"@id":"https:\/\/www.visiterarles.com\/en\/#website"},"primaryImageOfPage":{"@id":"https:\/\/www.visiterarles.com\/en\/blog\/2013\/08\/10\/festival-arelate-journees-romaines-darles-du-25-aout-au-1er-septembre-2013\/#primaryimage"},"image":{"@id":"https:\/\/www.visiterarles.com\/en\/blog\/2013\/08\/10\/festival-arelate-journees-romaines-darles-du-25-aout-au-1er-septembre-2013\/#primaryimage"},"thumbnailUrl":"https:\/\/www.visiterarles.com\/wp-content\/uploads\/2013\/08\/Festival-Arelate-\u00e0-Arles-Copier.jpg","datePublished":"2013-08-10T06:22:56+00:00","dateModified":"2013-08-10T06:22:56+00:00","breadcrumb":{"@id":"https:\/\/www.visiterarles.com\/en\/blog\/2013\/08\/10\/festival-arelate-journees-romaines-darles-du-25-aout-au-1er-septembre-2013\/#breadcrumb"},"inLanguage":"en-GB","potentialAction":[{"@type":"ReadAction","target":["https:\/\/www.visiterarles.com\/en\/blog\/2013\/08\/10\/festival-arelate-journees-romaines-darles-du-25-aout-au-1er-septembre-2013\/"]}]},{"@type":"ImageObject","inLanguage":"en-GB","@id":"https:\/\/www.visiterarles.com\/en\/blog\/2013\/08\/10\/festival-arelate-journees-romaines-darles-du-25-aout-au-1er-septembre-2013\/#primaryimage","url":"https:\/\/www.visiterarles.com\/wp-content\/uploads\/2013\/08\/Festival-Arelate-\u00e0-Arles-Copier.jpg","contentUrl":"https:\/\/www.visiterarles.com\/wp-content\/uploads\/2013\/08\/Festival-Arelate-\u00e0-Arles-Copier.jpg","width":400,"height":600,"caption":"Festival Arelate \u00e0 Arles"},{"@type":"BreadcrumbList","@id":"https:\/\/www.visiterarles.com\/en\/blog\/2013\/08\/10\/festival-arelate-journees-romaines-darles-du-25-aout-au-1er-septembre-2013\/#breadcrumb","itemListElement":[{"@type":"ListItem","position":1,"name":"Home","item":"https:\/\/www.visiterarles.com\/"},{"@type":"ListItem","position":2,"name":"Festival Arelate, journ\u00e9es romaines d&rsquo;Arles du 25 Ao\u00fbt au 1er septembre 2013"}]},{"@type":"WebSite","@id":"https:\/\/www.visiterarles.com\/en\/#website","url":"https:\/\/www.visiterarles.com\/en\/","name":"Visiter Arles","description":"Tourisme en Provence \u00e0 Arles","publisher":{"@id":"https:\/\/www.visiterarles.com\/en\/#organization"},"potentialAction":[{"@type":"SearchAction","target":{"@type":"EntryPoint","urlTemplate":"https:\/\/www.visiterarles.com\/en\/?s={search_term_string}"},"query-input":"required name=search_term_string"}],"inLanguage":"en-GB"},{"@type":"Organization","@id":"https:\/\/www.visiterarles.com\/en\/#organization","name":"Visiter Arles","url":"https:\/\/www.visiterarles.com\/en\/","logo":{"@type":"ImageObject","inLanguage":"en-GB","@id":"https:\/\/www.visiterarles.com\/en\/#\/schema\/logo\/image\/","url":"https:\/\/www.visiterarles.com\/wp-content\/uploads\/2017\/10\/taco-and-co-1-1.jpg","contentUrl":"https:\/\/www.visiterarles.com\/wp-content\/uploads\/2017\/10\/taco-and-co-1-1.jpg","width":124,"height":73,"caption":"Visiter Arles"},"image":{"@id":"https:\/\/www.visiterarles.com\/en\/#\/schema\/logo\/image\/"}},{"@type":"Person","@id":"https:\/\/www.visiterarles.com\/en\/#\/schema\/person\/0ef93571b2fe272c676137a002139d56","name":"damien","image":{"@type":"ImageObject","inLanguage":"en-GB","@id":"https:\/\/www.visiterarles.com\/en\/#\/schema\/person\/image\/","url":"https:\/\/secure.gravatar.com\/avatar\/7a0d4f0af72a2d627adac81a8c10a5b6?s=96&d=mm&r=g","contentUrl":"https:\/\/secure.gravatar.com\/avatar\/7a0d4f0af72a2d627adac81a8c10a5b6?s=96&d=mm&r=g","caption":"damien"},"url":"https:\/\/www.visiterarles.com\/en\/blog\/author\/damien\/"}]}},"_links":{"self":[{"href":"https:\/\/www.visiterarles.com\/en\/wp-json\/wp\/v2\/posts\/2520"}],"collection":[{"href":"https:\/\/www.visiterarles.com\/en\/wp-json\/wp\/v2\/posts"}],"about":[{"href":"https:\/\/www.visiterarles.com\/en\/wp-json\/wp\/v2\/types\/post"}],"author":[{"embeddable":true,"href":"https:\/\/www.visiterarles.com\/en\/wp-json\/wp\/v2\/users\/2"}],"replies":[{"embeddable":true,"href":"https:\/\/www.visiterarles.com\/en\/wp-json\/wp\/v2\/comments?post=2520"}],"version-history":[{"count":0,"href":"https:\/\/www.visiterarles.com\/en\/wp-json\/wp\/v2\/posts\/2520\/revisions"}],"wp:featuredmedia":[{"embeddable":true,"href":"https:\/\/www.visiterarles.com\/en\/wp-json\/wp\/v2\/media\/2522"}],"wp:attachment":[{"href":"https:\/\/www.visiterarles.com\/en\/wp-json\/wp\/v2\/media?parent=2520"}],"wp:term":[{"taxonomy":"category","embeddable":true,"href":"https:\/\/www.visiterarles.com\/en\/wp-json\/wp\/v2\/categories?post=2520"},{"taxonomy":"post_tag","embeddable":true,"href":"https:\/\/www.visiterarles.com\/en\/wp-json\/wp\/v2\/tags?post=2520"}],"curies":[{"name":"wp","href":"https:\/\/api.w.org\/{rel}","templated":true}]}}