{"id":2615,"date":"2013-10-02T07:42:33","date_gmt":"2013-10-02T07:42:33","guid":{"rendered":"https:\/\/www.visiterarles.com\/?p=2615"},"modified":"2013-10-02T07:42:33","modified_gmt":"2013-10-02T07:42:33","slug":"communication-ecologique-sur-arles-le-musee-reattu-choisit-taco-and-co","status":"publish","type":"post","link":"https:\/\/www.visiterarles.com\/en\/blog\/2013\/10\/02\/communication-ecologique-sur-arles-le-musee-reattu-choisit-taco-and-co\/","title":{"rendered":"Communication  \u00e9cologique sur Arles: le Mus\u00e9e r\u00e9attu choisit Taco and Co"},"content":{"rendered":"<p>Le mus\u00e9e R\u00e9attu a choisit Taco and Co pour effectuer une campagne \u00a0de communication \u00e9cologique \u00a0sur Arles pour annoncer son exposition Nuage.<\/p>\n<p>L&rsquo;exposition Nuage c&rsquo;est au mus\u00e9e R\u00e9attu jusqu&rsquo;au 31 octobre 2013, 10 rue du grand Prieur\u00e9 \u00e0 Arles.<\/p>\n<p>Toutes les informations sur <a title=\"www.museereattu.arles.fr\" href=\"\/en\/www.museereattu.arles.fr\/\" target=\"_blank\">www.museereattu.arles.fr<\/a><\/p>\n<figure id=\"attachment_2236\" aria-describedby=\"caption-attachment-2236\" style=\"width: 400px\" class=\"wp-caption aligncenter\"><a href=\"https:\/\/www.visiterarles.com\/wp-content\/uploads\/2013\/05\/Nuage-au-Mus\u00e9e-R\u00e9attu-Copier.jpg\"><img fetchpriority=\"high\" decoding=\"async\" class=\"size-full wp-image-2236\" alt=\"Nuage au Mus\u00e9e R\u00e9attu\" src=\"https:\/\/www.visiterarles.com\/wp-content\/uploads\/2013\/05\/Nuage-au-Mus\u00e9e-R\u00e9attu-Copier.jpg\" width=\"400\" height=\"600\" srcset=\"https:\/\/www.visiterarles.com\/wp-content\/uploads\/2013\/05\/Nuage-au-Mus\u00e9e-R\u00e9attu-Copier.jpg 400w, https:\/\/www.visiterarles.com\/wp-content\/uploads\/2013\/05\/Nuage-au-Mus\u00e9e-R\u00e9attu-Copier-200x300.jpg 200w\" sizes=\"(max-width: 400px) 100vw, 400px\" \/><\/a><figcaption id=\"caption-attachment-2236\" class=\"wp-caption-text\">Nuage au Mus\u00e9e R\u00e9attu<\/figcaption><\/figure>\n<figure id=\"attachment_2583\" aria-describedby=\"caption-attachment-2583\" style=\"width: 800px\" class=\"wp-caption aligncenter\"><a href=\"https:\/\/www.visiterarles.com\/wp-content\/uploads\/2013\/09\/WP_20130910_011-Copier.jpg\"><img decoding=\"async\" class=\"size-full wp-image-2583\" alt=\"Exposition Nuage au mus\u00e9e R\u00e9attu d'Arles\" src=\"https:\/\/www.visiterarles.com\/wp-content\/uploads\/2013\/09\/WP_20130910_011-Copier.jpg\" width=\"800\" height=\"480\" srcset=\"https:\/\/www.visiterarles.com\/wp-content\/uploads\/2013\/09\/WP_20130910_011-Copier.jpg 800w, https:\/\/www.visiterarles.com\/wp-content\/uploads\/2013\/09\/WP_20130910_011-Copier-300x180.jpg 300w\" sizes=\"(max-width: 800px) 100vw, 800px\" \/><\/a><figcaption id=\"caption-attachment-2583\" class=\"wp-caption-text\">Exposition Nuage au mus\u00e9e R\u00e9attu d&rsquo;Arles<\/figcaption><\/figure>\n<figure id=\"attachment_2582\" aria-describedby=\"caption-attachment-2582\" style=\"width: 800px\" class=\"wp-caption aligncenter\"><a href=\"https:\/\/www.visiterarles.com\/wp-content\/uploads\/2013\/09\/WP_20130910_016-Copier.jpg\"><img decoding=\"async\" class=\"size-full wp-image-2582\" alt=\"Nuage au mus\u00e9e R\u00e9attu jusqu'au 31 octobre 2013 \u00e0 Arles\" src=\"https:\/\/www.visiterarles.com\/wp-content\/uploads\/2013\/09\/WP_20130910_016-Copier.jpg\" width=\"800\" height=\"480\" srcset=\"https:\/\/www.visiterarles.com\/wp-content\/uploads\/2013\/09\/WP_20130910_016-Copier.jpg 800w, https:\/\/www.visiterarles.com\/wp-content\/uploads\/2013\/09\/WP_20130910_016-Copier-300x180.jpg 300w\" sizes=\"(max-width: 800px) 100vw, 800px\" \/><\/a><figcaption id=\"caption-attachment-2582\" class=\"wp-caption-text\">Nuage au mus\u00e9e R\u00e9attu jusqu&rsquo;au 31 octobre 2013 \u00e0 Arles<\/figcaption><\/figure>\n<p>&nbsp;<\/p>\n<p>&nbsp;<\/p>","protected":false},"excerpt":{"rendered":"<p>Le mus\u00e9e R\u00e9attu a choisit Taco and Co pour effectuer une campagne \u00a0de communication \u00e9cologique \u00a0sur Arles pour annoncer son exposition Nuage. L&rsquo;exposition Nuage c&rsquo;est au mus\u00e9e R\u00e9attu jusqu&rsquo;au 31 octobre 2013, 10 rue du grand Prieur\u00e9 \u00e0 Arles. Toutes les informations sur www.museereattu.arles.fr &nbsp; &nbsp;<\/p>","protected":false},"author":2,"featured_media":2236,"comment_status":"closed","ping_status":"closed","sticky":false,"template":"","format":"standard","meta":{"footnotes":""},"categories":[4,3,11,10],"tags":[],"aioseo_notices":[],"yoast_head":"<!-- This site is optimized with the Yoast SEO plugin v22.3 - https:\/\/yoast.com\/wordpress\/plugins\/seo\/ -->\n<title>Communication \u00e9cologique sur Arles: le Mus\u00e9e r\u00e9attu choisit Taco and Co - Visiter Arles<\/title>\n<meta name=\"robots\" content=\"index, follow, max-snippet:-1, max-image-preview:large, max-video-preview:-1\" \/>\n<link rel=\"canonical\" href=\"https:\/\/www.visiterarles.com\/en\/blog\/2013\/10\/02\/communication-ecologique-sur-arles-le-musee-reattu-choisit-taco-and-co\/\" \/>\n<meta name=\"twitter:label1\" content=\"Written by\" \/>\n\t<meta name=\"twitter:data1\" content=\"damien\" \/>\n<script type=\"application\/ld+json\" class=\"yoast-schema-graph\">{\"@context\":\"https:\/\/schema.org\",\"@graph\":[{\"@type\":\"Article\",\"@id\":\"https:\/\/www.visiterarles.com\/blog\/2013\/10\/02\/communication-ecologique-sur-arles-le-musee-reattu-choisit-taco-and-co\/#article\",\"isPartOf\":{\"@id\":\"https:\/\/www.visiterarles.com\/blog\/2013\/10\/02\/communication-ecologique-sur-arles-le-musee-reattu-choisit-taco-and-co\/\"},\"author\":{\"name\":\"damien\",\"@id\":\"https:\/\/www.visiterarles.com\/en\/#\/schema\/person\/0ef93571b2fe272c676137a002139d56\"},\"headline\":\"Communication \u00e9cologique sur Arles: le Mus\u00e9e r\u00e9attu choisit Taco and Co\",\"datePublished\":\"2013-10-02T07:42:33+00:00\",\"dateModified\":\"2013-10-02T07:42:33+00:00\",\"mainEntityOfPage\":{\"@id\":\"https:\/\/www.visiterarles.com\/blog\/2013\/10\/02\/communication-ecologique-sur-arles-le-musee-reattu-choisit-taco-and-co\/\"},\"wordCount\":111,\"publisher\":{\"@id\":\"https:\/\/www.visiterarles.com\/en\/#organization\"},\"image\":{\"@id\":\"https:\/\/www.visiterarles.com\/blog\/2013\/10\/02\/communication-ecologique-sur-arles-le-musee-reattu-choisit-taco-and-co\/#primaryimage\"},\"thumbnailUrl\":\"https:\/\/www.visiterarles.com\/wp-content\/uploads\/2013\/05\/Nuage-au-Mus\u00e9e-R\u00e9attu-Copier.jpg\",\"articleSection\":[\"accueil\",\"Actualit\u00e9s\",\"Ils nous ont fait confiance\",\"Les collectivit\u00e9s\"],\"inLanguage\":\"en-GB\"},{\"@type\":\"WebPage\",\"@id\":\"https:\/\/www.visiterarles.com\/blog\/2013\/10\/02\/communication-ecologique-sur-arles-le-musee-reattu-choisit-taco-and-co\/\",\"url\":\"https:\/\/www.visiterarles.com\/blog\/2013\/10\/02\/communication-ecologique-sur-arles-le-musee-reattu-choisit-taco-and-co\/\",\"name\":\"Communication \u00e9cologique sur Arles: le Mus\u00e9e r\u00e9attu choisit Taco and Co - Visiter Arles\",\"isPartOf\":{\"@id\":\"https:\/\/www.visiterarles.com\/en\/#website\"},\"primaryImageOfPage\":{\"@id\":\"https:\/\/www.visiterarles.com\/blog\/2013\/10\/02\/communication-ecologique-sur-arles-le-musee-reattu-choisit-taco-and-co\/#primaryimage\"},\"image\":{\"@id\":\"https:\/\/www.visiterarles.com\/blog\/2013\/10\/02\/communication-ecologique-sur-arles-le-musee-reattu-choisit-taco-and-co\/#primaryimage\"},\"thumbnailUrl\":\"https:\/\/www.visiterarles.com\/wp-content\/uploads\/2013\/05\/Nuage-au-Mus\u00e9e-R\u00e9attu-Copier.jpg\",\"datePublished\":\"2013-10-02T07:42:33+00:00\",\"dateModified\":\"2013-10-02T07:42:33+00:00\",\"breadcrumb\":{\"@id\":\"https:\/\/www.visiterarles.com\/blog\/2013\/10\/02\/communication-ecologique-sur-arles-le-musee-reattu-choisit-taco-and-co\/#breadcrumb\"},\"inLanguage\":\"en-GB\",\"potentialAction\":[{\"@type\":\"ReadAction\",\"target\":[\"https:\/\/www.visiterarles.com\/blog\/2013\/10\/02\/communication-ecologique-sur-arles-le-musee-reattu-choisit-taco-and-co\/\"]}]},{\"@type\":\"ImageObject\",\"inLanguage\":\"en-GB\",\"@id\":\"https:\/\/www.visiterarles.com\/blog\/2013\/10\/02\/communication-ecologique-sur-arles-le-musee-reattu-choisit-taco-and-co\/#primaryimage\",\"url\":\"https:\/\/www.visiterarles.com\/wp-content\/uploads\/2013\/05\/Nuage-au-Mus\u00e9e-R\u00e9attu-Copier.jpg\",\"contentUrl\":\"https:\/\/www.visiterarles.com\/wp-content\/uploads\/2013\/05\/Nuage-au-Mus\u00e9e-R\u00e9attu-Copier.jpg\",\"width\":400,\"height\":600,\"caption\":\"Nuage au Mus\u00e9e R\u00e9attu\"},{\"@type\":\"BreadcrumbList\",\"@id\":\"https:\/\/www.visiterarles.com\/blog\/2013\/10\/02\/communication-ecologique-sur-arles-le-musee-reattu-choisit-taco-and-co\/#breadcrumb\",\"itemListElement\":[{\"@type\":\"ListItem\",\"position\":1,\"name\":\"Home\",\"item\":\"https:\/\/www.visiterarles.com\/\"},{\"@type\":\"ListItem\",\"position\":2,\"name\":\"Communication \u00e9cologique sur Arles: le Mus\u00e9e r\u00e9attu choisit Taco and Co\"}]},{\"@type\":\"WebSite\",\"@id\":\"https:\/\/www.visiterarles.com\/en\/#website\",\"url\":\"https:\/\/www.visiterarles.com\/en\/\",\"name\":\"Visiter Arles\",\"description\":\"Tourisme en Provence \u00e0 Arles\",\"publisher\":{\"@id\":\"https:\/\/www.visiterarles.com\/en\/#organization\"},\"potentialAction\":[{\"@type\":\"SearchAction\",\"target\":{\"@type\":\"EntryPoint\",\"urlTemplate\":\"https:\/\/www.visiterarles.com\/en\/?s={search_term_string}\"},\"query-input\":\"required name=search_term_string\"}],\"inLanguage\":\"en-GB\"},{\"@type\":\"Organization\",\"@id\":\"https:\/\/www.visiterarles.com\/en\/#organization\",\"name\":\"Visiter Arles\",\"url\":\"https:\/\/www.visiterarles.com\/en\/\",\"logo\":{\"@type\":\"ImageObject\",\"inLanguage\":\"en-GB\",\"@id\":\"https:\/\/www.visiterarles.com\/en\/#\/schema\/logo\/image\/\",\"url\":\"https:\/\/www.visiterarles.com\/wp-content\/uploads\/2017\/10\/taco-and-co-1-1.jpg\",\"contentUrl\":\"https:\/\/www.visiterarles.com\/wp-content\/uploads\/2017\/10\/taco-and-co-1-1.jpg\",\"width\":124,\"height\":73,\"caption\":\"Visiter Arles\"},\"image\":{\"@id\":\"https:\/\/www.visiterarles.com\/en\/#\/schema\/logo\/image\/\"}},{\"@type\":\"Person\",\"@id\":\"https:\/\/www.visiterarles.com\/en\/#\/schema\/person\/0ef93571b2fe272c676137a002139d56\",\"name\":\"damien\",\"image\":{\"@type\":\"ImageObject\",\"inLanguage\":\"en-GB\",\"@id\":\"https:\/\/www.visiterarles.com\/en\/#\/schema\/person\/image\/\",\"url\":\"https:\/\/secure.gravatar.com\/avatar\/7a0d4f0af72a2d627adac81a8c10a5b6?s=96&d=mm&r=g\",\"contentUrl\":\"https:\/\/secure.gravatar.com\/avatar\/7a0d4f0af72a2d627adac81a8c10a5b6?s=96&d=mm&r=g\",\"caption\":\"damien\"},\"url\":\"https:\/\/www.visiterarles.com\/en\/blog\/author\/damien\/\"}]}<\/script>\n<!-- \/ Yoast SEO plugin. -->","yoast_head_json":{"title":"Communication \u00e9cologique sur Arles: le Mus\u00e9e r\u00e9attu choisit Taco and Co - Visiter Arles","robots":{"index":"index","follow":"follow","max-snippet":"max-snippet:-1","max-image-preview":"max-image-preview:large","max-video-preview":"max-video-preview:-1"},"canonical":"https:\/\/www.visiterarles.com\/en\/blog\/2013\/10\/02\/communication-ecologique-sur-arles-le-musee-reattu-choisit-taco-and-co\/","twitter_misc":{"Written by":"damien"},"schema":{"@context":"https:\/\/schema.org","@graph":[{"@type":"Article","@id":"https:\/\/www.visiterarles.com\/blog\/2013\/10\/02\/communication-ecologique-sur-arles-le-musee-reattu-choisit-taco-and-co\/#article","isPartOf":{"@id":"https:\/\/www.visiterarles.com\/blog\/2013\/10\/02\/communication-ecologique-sur-arles-le-musee-reattu-choisit-taco-and-co\/"},"author":{"name":"damien","@id":"https:\/\/www.visiterarles.com\/en\/#\/schema\/person\/0ef93571b2fe272c676137a002139d56"},"headline":"Communication \u00e9cologique sur Arles: le Mus\u00e9e r\u00e9attu choisit Taco and Co","datePublished":"2013-10-02T07:42:33+00:00","dateModified":"2013-10-02T07:42:33+00:00","mainEntityOfPage":{"@id":"https:\/\/www.visiterarles.com\/blog\/2013\/10\/02\/communication-ecologique-sur-arles-le-musee-reattu-choisit-taco-and-co\/"},"wordCount":111,"publisher":{"@id":"https:\/\/www.visiterarles.com\/en\/#organization"},"image":{"@id":"https:\/\/www.visiterarles.com\/blog\/2013\/10\/02\/communication-ecologique-sur-arles-le-musee-reattu-choisit-taco-and-co\/#primaryimage"},"thumbnailUrl":"https:\/\/www.visiterarles.com\/wp-content\/uploads\/2013\/05\/Nuage-au-Mus\u00e9e-R\u00e9attu-Copier.jpg","articleSection":["accueil","Actualit\u00e9s","Ils nous ont fait confiance","Les collectivit\u00e9s"],"inLanguage":"en-GB"},{"@type":"WebPage","@id":"https:\/\/www.visiterarles.com\/blog\/2013\/10\/02\/communication-ecologique-sur-arles-le-musee-reattu-choisit-taco-and-co\/","url":"https:\/\/www.visiterarles.com\/blog\/2013\/10\/02\/communication-ecologique-sur-arles-le-musee-reattu-choisit-taco-and-co\/","name":"Communication \u00e9cologique sur Arles: le Mus\u00e9e r\u00e9attu choisit Taco and Co - Visiter Arles","isPartOf":{"@id":"https:\/\/www.visiterarles.com\/en\/#website"},"primaryImageOfPage":{"@id":"https:\/\/www.visiterarles.com\/blog\/2013\/10\/02\/communication-ecologique-sur-arles-le-musee-reattu-choisit-taco-and-co\/#primaryimage"},"image":{"@id":"https:\/\/www.visiterarles.com\/blog\/2013\/10\/02\/communication-ecologique-sur-arles-le-musee-reattu-choisit-taco-and-co\/#primaryimage"},"thumbnailUrl":"https:\/\/www.visiterarles.com\/wp-content\/uploads\/2013\/05\/Nuage-au-Mus\u00e9e-R\u00e9attu-Copier.jpg","datePublished":"2013-10-02T07:42:33+00:00","dateModified":"2013-10-02T07:42:33+00:00","breadcrumb":{"@id":"https:\/\/www.visiterarles.com\/blog\/2013\/10\/02\/communication-ecologique-sur-arles-le-musee-reattu-choisit-taco-and-co\/#breadcrumb"},"inLanguage":"en-GB","potentialAction":[{"@type":"ReadAction","target":["https:\/\/www.visiterarles.com\/blog\/2013\/10\/02\/communication-ecologique-sur-arles-le-musee-reattu-choisit-taco-and-co\/"]}]},{"@type":"ImageObject","inLanguage":"en-GB","@id":"https:\/\/www.visiterarles.com\/blog\/2013\/10\/02\/communication-ecologique-sur-arles-le-musee-reattu-choisit-taco-and-co\/#primaryimage","url":"https:\/\/www.visiterarles.com\/wp-content\/uploads\/2013\/05\/Nuage-au-Mus\u00e9e-R\u00e9attu-Copier.jpg","contentUrl":"https:\/\/www.visiterarles.com\/wp-content\/uploads\/2013\/05\/Nuage-au-Mus\u00e9e-R\u00e9attu-Copier.jpg","width":400,"height":600,"caption":"Nuage au Mus\u00e9e R\u00e9attu"},{"@type":"BreadcrumbList","@id":"https:\/\/www.visiterarles.com\/blog\/2013\/10\/02\/communication-ecologique-sur-arles-le-musee-reattu-choisit-taco-and-co\/#breadcrumb","itemListElement":[{"@type":"ListItem","position":1,"name":"Home","item":"https:\/\/www.visiterarles.com\/"},{"@type":"ListItem","position":2,"name":"Communication \u00e9cologique sur Arles: le Mus\u00e9e r\u00e9attu choisit Taco and Co"}]},{"@type":"WebSite","@id":"https:\/\/www.visiterarles.com\/en\/#website","url":"https:\/\/www.visiterarles.com\/en\/","name":"Visiter Arles","description":"Tourisme en Provence \u00e0 Arles","publisher":{"@id":"https:\/\/www.visiterarles.com\/en\/#organization"},"potentialAction":[{"@type":"SearchAction","target":{"@type":"EntryPoint","urlTemplate":"https:\/\/www.visiterarles.com\/en\/?s={search_term_string}"},"query-input":"required name=search_term_string"}],"inLanguage":"en-GB"},{"@type":"Organization","@id":"https:\/\/www.visiterarles.com\/en\/#organization","name":"Visiter Arles","url":"https:\/\/www.visiterarles.com\/en\/","logo":{"@type":"ImageObject","inLanguage":"en-GB","@id":"https:\/\/www.visiterarles.com\/en\/#\/schema\/logo\/image\/","url":"https:\/\/www.visiterarles.com\/wp-content\/uploads\/2017\/10\/taco-and-co-1-1.jpg","contentUrl":"https:\/\/www.visiterarles.com\/wp-content\/uploads\/2017\/10\/taco-and-co-1-1.jpg","width":124,"height":73,"caption":"Visiter Arles"},"image":{"@id":"https:\/\/www.visiterarles.com\/en\/#\/schema\/logo\/image\/"}},{"@type":"Person","@id":"https:\/\/www.visiterarles.com\/en\/#\/schema\/person\/0ef93571b2fe272c676137a002139d56","name":"damien","image":{"@type":"ImageObject","inLanguage":"en-GB","@id":"https:\/\/www.visiterarles.com\/en\/#\/schema\/person\/image\/","url":"https:\/\/secure.gravatar.com\/avatar\/7a0d4f0af72a2d627adac81a8c10a5b6?s=96&d=mm&r=g","contentUrl":"https:\/\/secure.gravatar.com\/avatar\/7a0d4f0af72a2d627adac81a8c10a5b6?s=96&d=mm&r=g","caption":"damien"},"url":"https:\/\/www.visiterarles.com\/en\/blog\/author\/damien\/"}]}},"_links":{"self":[{"href":"https:\/\/www.visiterarles.com\/en\/wp-json\/wp\/v2\/posts\/2615"}],"collection":[{"href":"https:\/\/www.visiterarles.com\/en\/wp-json\/wp\/v2\/posts"}],"about":[{"href":"https:\/\/www.visiterarles.com\/en\/wp-json\/wp\/v2\/types\/post"}],"author":[{"embeddable":true,"href":"https:\/\/www.visiterarles.com\/en\/wp-json\/wp\/v2\/users\/2"}],"replies":[{"embeddable":true,"href":"https:\/\/www.visiterarles.com\/en\/wp-json\/wp\/v2\/comments?post=2615"}],"version-history":[{"count":0,"href":"https:\/\/www.visiterarles.com\/en\/wp-json\/wp\/v2\/posts\/2615\/revisions"}],"wp:featuredmedia":[{"embeddable":true,"href":"https:\/\/www.visiterarles.com\/en\/wp-json\/wp\/v2\/media\/2236"}],"wp:attachment":[{"href":"https:\/\/www.visiterarles.com\/en\/wp-json\/wp\/v2\/media?parent=2615"}],"wp:term":[{"taxonomy":"category","embeddable":true,"href":"https:\/\/www.visiterarles.com\/en\/wp-json\/wp\/v2\/categories?post=2615"},{"taxonomy":"post_tag","embeddable":true,"href":"https:\/\/www.visiterarles.com\/en\/wp-json\/wp\/v2\/tags?post=2615"}],"curies":[{"name":"wp","href":"https:\/\/api.w.org\/{rel}","templated":true}]}}