{"id":2642,"date":"2013-10-31T08:11:03","date_gmt":"2013-10-31T08:11:03","guid":{"rendered":"https:\/\/www.visiterarles.com\/?p=2642"},"modified":"2013-11-06T12:29:47","modified_gmt":"2013-11-06T12:29:47","slug":"promenades-sonores-dans-arles-marcher-arles-avec-ses-oreilles","status":"publish","type":"post","link":"https:\/\/www.visiterarles.com\/en\/blog\/2013\/10\/31\/promenades-sonores-dans-arles-marcher-arles-avec-ses-oreilles\/","title":{"rendered":"Promenades Sonores dans Arles : Marcher Arles avec ses oreilles !!!"},"content":{"rendered":"<p>Les promenades sonores d&rsquo;Arles sont compos\u00e9s de 13 documentaires sonores tr\u00e8s courts \u00a0li\u00e9es \u00e0 un lieu.<\/p>\n<p>Ces promenades sonores sont \u00e0 t\u00e9l\u00e9charger sur le site\u00a0<a title=\"http:\/\/www.promenades-sonores.com\" href=\"http:\/\/www.promenades-sonores.com\" target=\"_blank\">http:\/\/www.promenades-sonores.com<\/a> et \u00e0 \u00e9couter selon vos d\u00e9ambulations dans Arles.<\/p>\n<p>Des artistes, des documentaristes et des habitants ont compos\u00e9 ces parcours sonores pour vous faire partager \u00e0 leur fa\u00e7on, entre exploration d&rsquo;endroits m\u00e9connus et regard d\u00e9cal\u00e9 du connu, la ville d&rsquo;Arles.<\/p>\n<p>Ces promenades sonores ont \u00e9t\u00e9 r\u00e9alis\u00e9es par l\u2019atelier de Kaye Mortley organis\u00e9 par Phonurgia Nova\u00a0<span style=\"color: #888888\">et mises en ligne par Radio Grenouille dans le cadre de Marseille Provence 2013.<\/span><\/p>\n<figure id=\"attachment_2643\" aria-describedby=\"caption-attachment-2643\" style=\"width: 400px\" class=\"wp-caption aligncenter\"><a href=\"https:\/\/www.visiterarles.com\/wp-content\/uploads\/2013\/10\/IMG_3136-Copier.jpg\"><img fetchpriority=\"high\" decoding=\"async\" class=\"size-full wp-image-2643\" alt=\"Promenades Sonores dans Arles\" src=\"https:\/\/www.visiterarles.com\/wp-content\/uploads\/2013\/10\/IMG_3136-Copier.jpg\" width=\"400\" height=\"600\" srcset=\"https:\/\/www.visiterarles.com\/wp-content\/uploads\/2013\/10\/IMG_3136-Copier.jpg 400w, https:\/\/www.visiterarles.com\/wp-content\/uploads\/2013\/10\/IMG_3136-Copier-200x300.jpg 200w\" sizes=\"(max-width: 400px) 100vw, 400px\" \/><\/a><figcaption id=\"caption-attachment-2643\" class=\"wp-caption-text\">Promenades Sonores dans Arles<\/figcaption><\/figure>","protected":false},"excerpt":{"rendered":"<p>Les promenades sonores d&rsquo;Arles sont compos\u00e9s de 13 documentaires sonores tr\u00e8s courts \u00a0li\u00e9es \u00e0 un lieu. Ces promenades sonores sont \u00e0 t\u00e9l\u00e9charger sur le site\u00a0http:\/\/www.promenades-sonores.com et \u00e0 \u00e9couter selon vos d\u00e9ambulations dans Arles. Des artistes, des documentaristes et des habitants ont compos\u00e9 ces parcours sonores pour vous faire partager \u00e0 leur fa\u00e7on, entre exploration d&rsquo;endroits [&hellip;]<\/p>","protected":false},"author":2,"featured_media":2644,"comment_status":"closed","ping_status":"closed","sticky":false,"template":"","format":"standard","meta":{"footnotes":""},"categories":[4,3],"tags":[],"aioseo_notices":[],"yoast_head":"<!-- This site is optimized with the Yoast SEO plugin v22.3 - https:\/\/yoast.com\/wordpress\/plugins\/seo\/ -->\n<title>Promenades Sonores dans Arles : Marcher Arles avec ses oreilles !!! - Visiter Arles<\/title>\n<meta name=\"robots\" content=\"index, follow, max-snippet:-1, max-image-preview:large, max-video-preview:-1\" \/>\n<link rel=\"canonical\" href=\"https:\/\/www.visiterarles.com\/en\/blog\/2013\/10\/31\/promenades-sonores-dans-arles-marcher-arles-avec-ses-oreilles\/\" \/>\n<meta name=\"twitter:label1\" content=\"Written by\" \/>\n\t<meta name=\"twitter:data1\" content=\"damien\" \/>\n\t<meta name=\"twitter:label2\" content=\"Estimated reading time\" \/>\n\t<meta name=\"twitter:data2\" content=\"1 minute\" \/>\n<script type=\"application\/ld+json\" class=\"yoast-schema-graph\">{\"@context\":\"https:\/\/schema.org\",\"@graph\":[{\"@type\":\"Article\",\"@id\":\"https:\/\/www.visiterarles.com\/blog\/2013\/10\/31\/promenades-sonores-dans-arles-marcher-arles-avec-ses-oreilles\/#article\",\"isPartOf\":{\"@id\":\"https:\/\/www.visiterarles.com\/blog\/2013\/10\/31\/promenades-sonores-dans-arles-marcher-arles-avec-ses-oreilles\/\"},\"author\":{\"name\":\"damien\",\"@id\":\"https:\/\/www.visiterarles.com\/en\/#\/schema\/person\/0ef93571b2fe272c676137a002139d56\"},\"headline\":\"Promenades Sonores dans Arles : Marcher Arles avec ses oreilles !!!\",\"datePublished\":\"2013-10-31T08:11:03+00:00\",\"dateModified\":\"2013-11-06T12:29:47+00:00\",\"mainEntityOfPage\":{\"@id\":\"https:\/\/www.visiterarles.com\/blog\/2013\/10\/31\/promenades-sonores-dans-arles-marcher-arles-avec-ses-oreilles\/\"},\"wordCount\":126,\"publisher\":{\"@id\":\"https:\/\/www.visiterarles.com\/en\/#organization\"},\"image\":{\"@id\":\"https:\/\/www.visiterarles.com\/blog\/2013\/10\/31\/promenades-sonores-dans-arles-marcher-arles-avec-ses-oreilles\/#primaryimage\"},\"thumbnailUrl\":\"https:\/\/www.visiterarles.com\/wp-content\/uploads\/2013\/10\/IMG_3138-Copier.jpg\",\"articleSection\":[\"accueil\",\"Actualit\u00e9s\"],\"inLanguage\":\"en-GB\"},{\"@type\":\"WebPage\",\"@id\":\"https:\/\/www.visiterarles.com\/blog\/2013\/10\/31\/promenades-sonores-dans-arles-marcher-arles-avec-ses-oreilles\/\",\"url\":\"https:\/\/www.visiterarles.com\/blog\/2013\/10\/31\/promenades-sonores-dans-arles-marcher-arles-avec-ses-oreilles\/\",\"name\":\"Promenades Sonores dans Arles : Marcher Arles avec ses oreilles !!! - Visiter Arles\",\"isPartOf\":{\"@id\":\"https:\/\/www.visiterarles.com\/en\/#website\"},\"primaryImageOfPage\":{\"@id\":\"https:\/\/www.visiterarles.com\/blog\/2013\/10\/31\/promenades-sonores-dans-arles-marcher-arles-avec-ses-oreilles\/#primaryimage\"},\"image\":{\"@id\":\"https:\/\/www.visiterarles.com\/blog\/2013\/10\/31\/promenades-sonores-dans-arles-marcher-arles-avec-ses-oreilles\/#primaryimage\"},\"thumbnailUrl\":\"https:\/\/www.visiterarles.com\/wp-content\/uploads\/2013\/10\/IMG_3138-Copier.jpg\",\"datePublished\":\"2013-10-31T08:11:03+00:00\",\"dateModified\":\"2013-11-06T12:29:47+00:00\",\"breadcrumb\":{\"@id\":\"https:\/\/www.visiterarles.com\/blog\/2013\/10\/31\/promenades-sonores-dans-arles-marcher-arles-avec-ses-oreilles\/#breadcrumb\"},\"inLanguage\":\"en-GB\",\"potentialAction\":[{\"@type\":\"ReadAction\",\"target\":[\"https:\/\/www.visiterarles.com\/blog\/2013\/10\/31\/promenades-sonores-dans-arles-marcher-arles-avec-ses-oreilles\/\"]}]},{\"@type\":\"ImageObject\",\"inLanguage\":\"en-GB\",\"@id\":\"https:\/\/www.visiterarles.com\/blog\/2013\/10\/31\/promenades-sonores-dans-arles-marcher-arles-avec-ses-oreilles\/#primaryimage\",\"url\":\"https:\/\/www.visiterarles.com\/wp-content\/uploads\/2013\/10\/IMG_3138-Copier.jpg\",\"contentUrl\":\"https:\/\/www.visiterarles.com\/wp-content\/uploads\/2013\/10\/IMG_3138-Copier.jpg\",\"width\":400,\"height\":600,\"caption\":\"Marcher Arles avec ses oreilles\"},{\"@type\":\"BreadcrumbList\",\"@id\":\"https:\/\/www.visiterarles.com\/blog\/2013\/10\/31\/promenades-sonores-dans-arles-marcher-arles-avec-ses-oreilles\/#breadcrumb\",\"itemListElement\":[{\"@type\":\"ListItem\",\"position\":1,\"name\":\"Home\",\"item\":\"https:\/\/www.visiterarles.com\/\"},{\"@type\":\"ListItem\",\"position\":2,\"name\":\"Promenades Sonores dans Arles : Marcher Arles avec ses oreilles !!!\"}]},{\"@type\":\"WebSite\",\"@id\":\"https:\/\/www.visiterarles.com\/en\/#website\",\"url\":\"https:\/\/www.visiterarles.com\/en\/\",\"name\":\"Visiter Arles\",\"description\":\"Tourisme en Provence \u00e0 Arles\",\"publisher\":{\"@id\":\"https:\/\/www.visiterarles.com\/en\/#organization\"},\"potentialAction\":[{\"@type\":\"SearchAction\",\"target\":{\"@type\":\"EntryPoint\",\"urlTemplate\":\"https:\/\/www.visiterarles.com\/en\/?s={search_term_string}\"},\"query-input\":\"required name=search_term_string\"}],\"inLanguage\":\"en-GB\"},{\"@type\":\"Organization\",\"@id\":\"https:\/\/www.visiterarles.com\/en\/#organization\",\"name\":\"Visiter Arles\",\"url\":\"https:\/\/www.visiterarles.com\/en\/\",\"logo\":{\"@type\":\"ImageObject\",\"inLanguage\":\"en-GB\",\"@id\":\"https:\/\/www.visiterarles.com\/en\/#\/schema\/logo\/image\/\",\"url\":\"https:\/\/www.visiterarles.com\/wp-content\/uploads\/2017\/10\/taco-and-co-1-1.jpg\",\"contentUrl\":\"https:\/\/www.visiterarles.com\/wp-content\/uploads\/2017\/10\/taco-and-co-1-1.jpg\",\"width\":124,\"height\":73,\"caption\":\"Visiter Arles\"},\"image\":{\"@id\":\"https:\/\/www.visiterarles.com\/en\/#\/schema\/logo\/image\/\"}},{\"@type\":\"Person\",\"@id\":\"https:\/\/www.visiterarles.com\/en\/#\/schema\/person\/0ef93571b2fe272c676137a002139d56\",\"name\":\"damien\",\"image\":{\"@type\":\"ImageObject\",\"inLanguage\":\"en-GB\",\"@id\":\"https:\/\/www.visiterarles.com\/en\/#\/schema\/person\/image\/\",\"url\":\"https:\/\/secure.gravatar.com\/avatar\/7a0d4f0af72a2d627adac81a8c10a5b6?s=96&d=mm&r=g\",\"contentUrl\":\"https:\/\/secure.gravatar.com\/avatar\/7a0d4f0af72a2d627adac81a8c10a5b6?s=96&d=mm&r=g\",\"caption\":\"damien\"},\"url\":\"https:\/\/www.visiterarles.com\/en\/blog\/author\/damien\/\"}]}<\/script>\n<!-- \/ Yoast SEO plugin. -->","yoast_head_json":{"title":"Promenades Sonores dans Arles : Marcher Arles avec ses oreilles !!! - Visiter Arles","robots":{"index":"index","follow":"follow","max-snippet":"max-snippet:-1","max-image-preview":"max-image-preview:large","max-video-preview":"max-video-preview:-1"},"canonical":"https:\/\/www.visiterarles.com\/en\/blog\/2013\/10\/31\/promenades-sonores-dans-arles-marcher-arles-avec-ses-oreilles\/","twitter_misc":{"Written by":"damien","Estimated reading time":"1 minute"},"schema":{"@context":"https:\/\/schema.org","@graph":[{"@type":"Article","@id":"https:\/\/www.visiterarles.com\/blog\/2013\/10\/31\/promenades-sonores-dans-arles-marcher-arles-avec-ses-oreilles\/#article","isPartOf":{"@id":"https:\/\/www.visiterarles.com\/blog\/2013\/10\/31\/promenades-sonores-dans-arles-marcher-arles-avec-ses-oreilles\/"},"author":{"name":"damien","@id":"https:\/\/www.visiterarles.com\/en\/#\/schema\/person\/0ef93571b2fe272c676137a002139d56"},"headline":"Promenades Sonores dans Arles : Marcher Arles avec ses oreilles !!!","datePublished":"2013-10-31T08:11:03+00:00","dateModified":"2013-11-06T12:29:47+00:00","mainEntityOfPage":{"@id":"https:\/\/www.visiterarles.com\/blog\/2013\/10\/31\/promenades-sonores-dans-arles-marcher-arles-avec-ses-oreilles\/"},"wordCount":126,"publisher":{"@id":"https:\/\/www.visiterarles.com\/en\/#organization"},"image":{"@id":"https:\/\/www.visiterarles.com\/blog\/2013\/10\/31\/promenades-sonores-dans-arles-marcher-arles-avec-ses-oreilles\/#primaryimage"},"thumbnailUrl":"https:\/\/www.visiterarles.com\/wp-content\/uploads\/2013\/10\/IMG_3138-Copier.jpg","articleSection":["accueil","Actualit\u00e9s"],"inLanguage":"en-GB"},{"@type":"WebPage","@id":"https:\/\/www.visiterarles.com\/blog\/2013\/10\/31\/promenades-sonores-dans-arles-marcher-arles-avec-ses-oreilles\/","url":"https:\/\/www.visiterarles.com\/blog\/2013\/10\/31\/promenades-sonores-dans-arles-marcher-arles-avec-ses-oreilles\/","name":"Promenades Sonores dans Arles : Marcher Arles avec ses oreilles !!! - Visiter Arles","isPartOf":{"@id":"https:\/\/www.visiterarles.com\/en\/#website"},"primaryImageOfPage":{"@id":"https:\/\/www.visiterarles.com\/blog\/2013\/10\/31\/promenades-sonores-dans-arles-marcher-arles-avec-ses-oreilles\/#primaryimage"},"image":{"@id":"https:\/\/www.visiterarles.com\/blog\/2013\/10\/31\/promenades-sonores-dans-arles-marcher-arles-avec-ses-oreilles\/#primaryimage"},"thumbnailUrl":"https:\/\/www.visiterarles.com\/wp-content\/uploads\/2013\/10\/IMG_3138-Copier.jpg","datePublished":"2013-10-31T08:11:03+00:00","dateModified":"2013-11-06T12:29:47+00:00","breadcrumb":{"@id":"https:\/\/www.visiterarles.com\/blog\/2013\/10\/31\/promenades-sonores-dans-arles-marcher-arles-avec-ses-oreilles\/#breadcrumb"},"inLanguage":"en-GB","potentialAction":[{"@type":"ReadAction","target":["https:\/\/www.visiterarles.com\/blog\/2013\/10\/31\/promenades-sonores-dans-arles-marcher-arles-avec-ses-oreilles\/"]}]},{"@type":"ImageObject","inLanguage":"en-GB","@id":"https:\/\/www.visiterarles.com\/blog\/2013\/10\/31\/promenades-sonores-dans-arles-marcher-arles-avec-ses-oreilles\/#primaryimage","url":"https:\/\/www.visiterarles.com\/wp-content\/uploads\/2013\/10\/IMG_3138-Copier.jpg","contentUrl":"https:\/\/www.visiterarles.com\/wp-content\/uploads\/2013\/10\/IMG_3138-Copier.jpg","width":400,"height":600,"caption":"Marcher Arles avec ses oreilles"},{"@type":"BreadcrumbList","@id":"https:\/\/www.visiterarles.com\/blog\/2013\/10\/31\/promenades-sonores-dans-arles-marcher-arles-avec-ses-oreilles\/#breadcrumb","itemListElement":[{"@type":"ListItem","position":1,"name":"Home","item":"https:\/\/www.visiterarles.com\/"},{"@type":"ListItem","position":2,"name":"Promenades Sonores dans Arles : Marcher Arles avec ses oreilles !!!"}]},{"@type":"WebSite","@id":"https:\/\/www.visiterarles.com\/en\/#website","url":"https:\/\/www.visiterarles.com\/en\/","name":"Visiter Arles","description":"Tourisme en Provence \u00e0 Arles","publisher":{"@id":"https:\/\/www.visiterarles.com\/en\/#organization"},"potentialAction":[{"@type":"SearchAction","target":{"@type":"EntryPoint","urlTemplate":"https:\/\/www.visiterarles.com\/en\/?s={search_term_string}"},"query-input":"required name=search_term_string"}],"inLanguage":"en-GB"},{"@type":"Organization","@id":"https:\/\/www.visiterarles.com\/en\/#organization","name":"Visiter Arles","url":"https:\/\/www.visiterarles.com\/en\/","logo":{"@type":"ImageObject","inLanguage":"en-GB","@id":"https:\/\/www.visiterarles.com\/en\/#\/schema\/logo\/image\/","url":"https:\/\/www.visiterarles.com\/wp-content\/uploads\/2017\/10\/taco-and-co-1-1.jpg","contentUrl":"https:\/\/www.visiterarles.com\/wp-content\/uploads\/2017\/10\/taco-and-co-1-1.jpg","width":124,"height":73,"caption":"Visiter Arles"},"image":{"@id":"https:\/\/www.visiterarles.com\/en\/#\/schema\/logo\/image\/"}},{"@type":"Person","@id":"https:\/\/www.visiterarles.com\/en\/#\/schema\/person\/0ef93571b2fe272c676137a002139d56","name":"damien","image":{"@type":"ImageObject","inLanguage":"en-GB","@id":"https:\/\/www.visiterarles.com\/en\/#\/schema\/person\/image\/","url":"https:\/\/secure.gravatar.com\/avatar\/7a0d4f0af72a2d627adac81a8c10a5b6?s=96&d=mm&r=g","contentUrl":"https:\/\/secure.gravatar.com\/avatar\/7a0d4f0af72a2d627adac81a8c10a5b6?s=96&d=mm&r=g","caption":"damien"},"url":"https:\/\/www.visiterarles.com\/en\/blog\/author\/damien\/"}]}},"_links":{"self":[{"href":"https:\/\/www.visiterarles.com\/en\/wp-json\/wp\/v2\/posts\/2642"}],"collection":[{"href":"https:\/\/www.visiterarles.com\/en\/wp-json\/wp\/v2\/posts"}],"about":[{"href":"https:\/\/www.visiterarles.com\/en\/wp-json\/wp\/v2\/types\/post"}],"author":[{"embeddable":true,"href":"https:\/\/www.visiterarles.com\/en\/wp-json\/wp\/v2\/users\/2"}],"replies":[{"embeddable":true,"href":"https:\/\/www.visiterarles.com\/en\/wp-json\/wp\/v2\/comments?post=2642"}],"version-history":[{"count":7,"href":"https:\/\/www.visiterarles.com\/en\/wp-json\/wp\/v2\/posts\/2642\/revisions"}],"predecessor-version":[{"id":2667,"href":"https:\/\/www.visiterarles.com\/en\/wp-json\/wp\/v2\/posts\/2642\/revisions\/2667"}],"wp:featuredmedia":[{"embeddable":true,"href":"https:\/\/www.visiterarles.com\/en\/wp-json\/wp\/v2\/media\/2644"}],"wp:attachment":[{"href":"https:\/\/www.visiterarles.com\/en\/wp-json\/wp\/v2\/media?parent=2642"}],"wp:term":[{"taxonomy":"category","embeddable":true,"href":"https:\/\/www.visiterarles.com\/en\/wp-json\/wp\/v2\/categories?post=2642"},{"taxonomy":"post_tag","embeddable":true,"href":"https:\/\/www.visiterarles.com\/en\/wp-json\/wp\/v2\/tags?post=2642"}],"curies":[{"name":"wp","href":"https:\/\/api.w.org\/{rel}","templated":true}]}}