{"id":2661,"date":"2013-11-06T10:12:55","date_gmt":"2013-11-06T10:12:55","guid":{"rendered":"https:\/\/www.visiterarles.com\/?p=2661"},"modified":"2013-11-06T12:27:02","modified_gmt":"2013-11-06T12:27:02","slug":"les-promenades-sonores-de-radio-grenouille-a-decouvrir-a-arles","status":"publish","type":"post","link":"https:\/\/www.visiterarles.com\/en\/blog\/2013\/11\/06\/les-promenades-sonores-de-radio-grenouille-a-decouvrir-a-arles\/","title":{"rendered":"Les Promenades Sonores d&rsquo;Arles, \u00e0 d\u00e9couvrir avec ses oreilles!!!"},"content":{"rendered":"<p>D\u00e9couvrez et \u00e9coutez les Promenades Sonores d\u2019Arles propos\u00e9es\u00a0<span style=\"color: #000000\">par Phonurgia Nova avec la complicit\u00e9 de Radio Grenouille dans le cadre de Marseille-Provence 2013&Prime;.<\/span><\/p>\n<p>13 promenades sonores, documentaires, t\u00e9moignages, sons et \u00a0anecdotes \u00e0 d\u00e9couvrir au gr\u00e8s de vos d\u00e9ambulations dans Arles.<\/p>\n<p>Le monstre mythique de la Tarasque, le spectre de Van Gogh, la rue de La Roquette&#8230;.autant de th\u00e8mes \u00e0 d\u00e9couvrir avec ses oreilles.<\/p>\n<p>Prenez votre casque, votre t\u00e9l\u00e9phone ou votre lecteur MP3, et\u00a0laissez-vous guider \u00e0 l&rsquo;oreille\u00a0par les artistes, \u00a0habitants et les documentalistes<strong>.<\/strong><\/p>\n<p>Les Promenades Sonores d&rsquo;Arles:,un tr\u00e8s beau projet \u00e0 d\u00e9couvrir sur:<a href=\"http:\/\/www.promenades-sonores.com\/\">http:\/\/www.promenades-sonores.com<\/a><\/p>\n<figure id=\"attachment_2643\" aria-describedby=\"caption-attachment-2643\" style=\"width: 400px\" class=\"wp-caption aligncenter\"><a href=\"https:\/\/www.visiterarles.com\/wp-content\/uploads\/2013\/10\/IMG_3136-Copier.jpg\"><img fetchpriority=\"high\" decoding=\"async\" class=\"size-full wp-image-2643\" alt=\"Promenades Sonores dans Arles\" src=\"https:\/\/www.visiterarles.com\/wp-content\/uploads\/2013\/10\/IMG_3136-Copier.jpg\" width=\"400\" height=\"600\" srcset=\"https:\/\/www.visiterarles.com\/wp-content\/uploads\/2013\/10\/IMG_3136-Copier.jpg 400w, https:\/\/www.visiterarles.com\/wp-content\/uploads\/2013\/10\/IMG_3136-Copier-200x300.jpg 200w\" sizes=\"(max-width: 400px) 100vw, 400px\" \/><\/a><figcaption id=\"caption-attachment-2643\" class=\"wp-caption-text\">Promenades Sonores dans Arles<\/figcaption><\/figure>\n<p>&nbsp;<\/p>\n<p>&nbsp;<\/p>","protected":false},"excerpt":{"rendered":"<p>D\u00e9couvrez et \u00e9coutez les Promenades Sonores d\u2019Arles propos\u00e9es\u00a0par Phonurgia Nova avec la complicit\u00e9 de Radio Grenouille dans le cadre de Marseille-Provence 2013&Prime;. 13 promenades sonores, documentaires, t\u00e9moignages, sons et \u00a0anecdotes \u00e0 d\u00e9couvrir au gr\u00e8s de vos d\u00e9ambulations dans Arles. Le monstre mythique de la Tarasque, le spectre de Van Gogh, la rue de La Roquette&#8230;.autant [&hellip;]<\/p>","protected":false},"author":2,"featured_media":2644,"comment_status":"closed","ping_status":"closed","sticky":false,"template":"","format":"standard","meta":{"footnotes":""},"categories":[4,3],"tags":[],"aioseo_notices":[],"yoast_head":"<!-- This site is optimized with the Yoast SEO plugin v22.3 - https:\/\/yoast.com\/wordpress\/plugins\/seo\/ -->\n<title>Les Promenades Sonores d&#039;Arles, \u00e0 d\u00e9couvrir avec ses oreilles!!! - Visiter Arles<\/title>\n<meta name=\"robots\" content=\"index, follow, max-snippet:-1, max-image-preview:large, max-video-preview:-1\" \/>\n<link rel=\"canonical\" href=\"https:\/\/www.visiterarles.com\/en\/blog\/2013\/11\/06\/les-promenades-sonores-de-radio-grenouille-a-decouvrir-a-arles\/\" \/>\n<meta name=\"twitter:label1\" content=\"Written by\" \/>\n\t<meta name=\"twitter:data1\" content=\"damien\" \/>\n\t<meta name=\"twitter:label2\" content=\"Estimated reading time\" \/>\n\t<meta name=\"twitter:data2\" content=\"1 minute\" \/>\n<script type=\"application\/ld+json\" class=\"yoast-schema-graph\">{\"@context\":\"https:\/\/schema.org\",\"@graph\":[{\"@type\":\"Article\",\"@id\":\"https:\/\/www.visiterarles.com\/en\/blog\/2013\/11\/06\/les-promenades-sonores-de-radio-grenouille-a-decouvrir-a-arles\/#article\",\"isPartOf\":{\"@id\":\"https:\/\/www.visiterarles.com\/en\/blog\/2013\/11\/06\/les-promenades-sonores-de-radio-grenouille-a-decouvrir-a-arles\/\"},\"author\":{\"name\":\"damien\",\"@id\":\"https:\/\/www.visiterarles.com\/en\/#\/schema\/person\/0ef93571b2fe272c676137a002139d56\"},\"headline\":\"Les Promenades Sonores d&rsquo;Arles, \u00e0 d\u00e9couvrir avec ses oreilles!!!\",\"datePublished\":\"2013-11-06T10:12:55+00:00\",\"dateModified\":\"2013-11-06T12:27:02+00:00\",\"mainEntityOfPage\":{\"@id\":\"https:\/\/www.visiterarles.com\/en\/blog\/2013\/11\/06\/les-promenades-sonores-de-radio-grenouille-a-decouvrir-a-arles\/\"},\"wordCount\":132,\"publisher\":{\"@id\":\"https:\/\/www.visiterarles.com\/en\/#organization\"},\"image\":{\"@id\":\"https:\/\/www.visiterarles.com\/en\/blog\/2013\/11\/06\/les-promenades-sonores-de-radio-grenouille-a-decouvrir-a-arles\/#primaryimage\"},\"thumbnailUrl\":\"https:\/\/www.visiterarles.com\/wp-content\/uploads\/2013\/10\/IMG_3138-Copier.jpg\",\"articleSection\":[\"accueil\",\"Actualit\u00e9s\"],\"inLanguage\":\"en-GB\"},{\"@type\":\"WebPage\",\"@id\":\"https:\/\/www.visiterarles.com\/en\/blog\/2013\/11\/06\/les-promenades-sonores-de-radio-grenouille-a-decouvrir-a-arles\/\",\"url\":\"https:\/\/www.visiterarles.com\/en\/blog\/2013\/11\/06\/les-promenades-sonores-de-radio-grenouille-a-decouvrir-a-arles\/\",\"name\":\"Les Promenades Sonores d'Arles, \u00e0 d\u00e9couvrir avec ses oreilles!!! - Visiter Arles\",\"isPartOf\":{\"@id\":\"https:\/\/www.visiterarles.com\/en\/#website\"},\"primaryImageOfPage\":{\"@id\":\"https:\/\/www.visiterarles.com\/en\/blog\/2013\/11\/06\/les-promenades-sonores-de-radio-grenouille-a-decouvrir-a-arles\/#primaryimage\"},\"image\":{\"@id\":\"https:\/\/www.visiterarles.com\/en\/blog\/2013\/11\/06\/les-promenades-sonores-de-radio-grenouille-a-decouvrir-a-arles\/#primaryimage\"},\"thumbnailUrl\":\"https:\/\/www.visiterarles.com\/wp-content\/uploads\/2013\/10\/IMG_3138-Copier.jpg\",\"datePublished\":\"2013-11-06T10:12:55+00:00\",\"dateModified\":\"2013-11-06T12:27:02+00:00\",\"breadcrumb\":{\"@id\":\"https:\/\/www.visiterarles.com\/en\/blog\/2013\/11\/06\/les-promenades-sonores-de-radio-grenouille-a-decouvrir-a-arles\/#breadcrumb\"},\"inLanguage\":\"en-GB\",\"potentialAction\":[{\"@type\":\"ReadAction\",\"target\":[\"https:\/\/www.visiterarles.com\/en\/blog\/2013\/11\/06\/les-promenades-sonores-de-radio-grenouille-a-decouvrir-a-arles\/\"]}]},{\"@type\":\"ImageObject\",\"inLanguage\":\"en-GB\",\"@id\":\"https:\/\/www.visiterarles.com\/en\/blog\/2013\/11\/06\/les-promenades-sonores-de-radio-grenouille-a-decouvrir-a-arles\/#primaryimage\",\"url\":\"https:\/\/www.visiterarles.com\/wp-content\/uploads\/2013\/10\/IMG_3138-Copier.jpg\",\"contentUrl\":\"https:\/\/www.visiterarles.com\/wp-content\/uploads\/2013\/10\/IMG_3138-Copier.jpg\",\"width\":400,\"height\":600,\"caption\":\"Marcher Arles avec ses oreilles\"},{\"@type\":\"BreadcrumbList\",\"@id\":\"https:\/\/www.visiterarles.com\/en\/blog\/2013\/11\/06\/les-promenades-sonores-de-radio-grenouille-a-decouvrir-a-arles\/#breadcrumb\",\"itemListElement\":[{\"@type\":\"ListItem\",\"position\":1,\"name\":\"Home\",\"item\":\"https:\/\/www.visiterarles.com\/\"},{\"@type\":\"ListItem\",\"position\":2,\"name\":\"Les Promenades Sonores d&rsquo;Arles, \u00e0 d\u00e9couvrir avec ses oreilles!!!\"}]},{\"@type\":\"WebSite\",\"@id\":\"https:\/\/www.visiterarles.com\/en\/#website\",\"url\":\"https:\/\/www.visiterarles.com\/en\/\",\"name\":\"Visiter Arles\",\"description\":\"Tourisme en Provence \u00e0 Arles\",\"publisher\":{\"@id\":\"https:\/\/www.visiterarles.com\/en\/#organization\"},\"potentialAction\":[{\"@type\":\"SearchAction\",\"target\":{\"@type\":\"EntryPoint\",\"urlTemplate\":\"https:\/\/www.visiterarles.com\/en\/?s={search_term_string}\"},\"query-input\":\"required name=search_term_string\"}],\"inLanguage\":\"en-GB\"},{\"@type\":\"Organization\",\"@id\":\"https:\/\/www.visiterarles.com\/en\/#organization\",\"name\":\"Visiter Arles\",\"url\":\"https:\/\/www.visiterarles.com\/en\/\",\"logo\":{\"@type\":\"ImageObject\",\"inLanguage\":\"en-GB\",\"@id\":\"https:\/\/www.visiterarles.com\/en\/#\/schema\/logo\/image\/\",\"url\":\"https:\/\/www.visiterarles.com\/wp-content\/uploads\/2017\/10\/taco-and-co-1-1.jpg\",\"contentUrl\":\"https:\/\/www.visiterarles.com\/wp-content\/uploads\/2017\/10\/taco-and-co-1-1.jpg\",\"width\":124,\"height\":73,\"caption\":\"Visiter Arles\"},\"image\":{\"@id\":\"https:\/\/www.visiterarles.com\/en\/#\/schema\/logo\/image\/\"}},{\"@type\":\"Person\",\"@id\":\"https:\/\/www.visiterarles.com\/en\/#\/schema\/person\/0ef93571b2fe272c676137a002139d56\",\"name\":\"damien\",\"image\":{\"@type\":\"ImageObject\",\"inLanguage\":\"en-GB\",\"@id\":\"https:\/\/www.visiterarles.com\/en\/#\/schema\/person\/image\/\",\"url\":\"https:\/\/secure.gravatar.com\/avatar\/7a0d4f0af72a2d627adac81a8c10a5b6?s=96&d=mm&r=g\",\"contentUrl\":\"https:\/\/secure.gravatar.com\/avatar\/7a0d4f0af72a2d627adac81a8c10a5b6?s=96&d=mm&r=g\",\"caption\":\"damien\"},\"url\":\"https:\/\/www.visiterarles.com\/en\/blog\/author\/damien\/\"}]}<\/script>\n<!-- \/ Yoast SEO plugin. -->","yoast_head_json":{"title":"Les Promenades Sonores d'Arles, \u00e0 d\u00e9couvrir avec ses oreilles!!! - Visiter Arles","robots":{"index":"index","follow":"follow","max-snippet":"max-snippet:-1","max-image-preview":"max-image-preview:large","max-video-preview":"max-video-preview:-1"},"canonical":"https:\/\/www.visiterarles.com\/en\/blog\/2013\/11\/06\/les-promenades-sonores-de-radio-grenouille-a-decouvrir-a-arles\/","twitter_misc":{"Written by":"damien","Estimated reading time":"1 minute"},"schema":{"@context":"https:\/\/schema.org","@graph":[{"@type":"Article","@id":"https:\/\/www.visiterarles.com\/en\/blog\/2013\/11\/06\/les-promenades-sonores-de-radio-grenouille-a-decouvrir-a-arles\/#article","isPartOf":{"@id":"https:\/\/www.visiterarles.com\/en\/blog\/2013\/11\/06\/les-promenades-sonores-de-radio-grenouille-a-decouvrir-a-arles\/"},"author":{"name":"damien","@id":"https:\/\/www.visiterarles.com\/en\/#\/schema\/person\/0ef93571b2fe272c676137a002139d56"},"headline":"Les Promenades Sonores d&rsquo;Arles, \u00e0 d\u00e9couvrir avec ses oreilles!!!","datePublished":"2013-11-06T10:12:55+00:00","dateModified":"2013-11-06T12:27:02+00:00","mainEntityOfPage":{"@id":"https:\/\/www.visiterarles.com\/en\/blog\/2013\/11\/06\/les-promenades-sonores-de-radio-grenouille-a-decouvrir-a-arles\/"},"wordCount":132,"publisher":{"@id":"https:\/\/www.visiterarles.com\/en\/#organization"},"image":{"@id":"https:\/\/www.visiterarles.com\/en\/blog\/2013\/11\/06\/les-promenades-sonores-de-radio-grenouille-a-decouvrir-a-arles\/#primaryimage"},"thumbnailUrl":"https:\/\/www.visiterarles.com\/wp-content\/uploads\/2013\/10\/IMG_3138-Copier.jpg","articleSection":["accueil","Actualit\u00e9s"],"inLanguage":"en-GB"},{"@type":"WebPage","@id":"https:\/\/www.visiterarles.com\/en\/blog\/2013\/11\/06\/les-promenades-sonores-de-radio-grenouille-a-decouvrir-a-arles\/","url":"https:\/\/www.visiterarles.com\/en\/blog\/2013\/11\/06\/les-promenades-sonores-de-radio-grenouille-a-decouvrir-a-arles\/","name":"Les Promenades Sonores d'Arles, \u00e0 d\u00e9couvrir avec ses oreilles!!! - Visiter Arles","isPartOf":{"@id":"https:\/\/www.visiterarles.com\/en\/#website"},"primaryImageOfPage":{"@id":"https:\/\/www.visiterarles.com\/en\/blog\/2013\/11\/06\/les-promenades-sonores-de-radio-grenouille-a-decouvrir-a-arles\/#primaryimage"},"image":{"@id":"https:\/\/www.visiterarles.com\/en\/blog\/2013\/11\/06\/les-promenades-sonores-de-radio-grenouille-a-decouvrir-a-arles\/#primaryimage"},"thumbnailUrl":"https:\/\/www.visiterarles.com\/wp-content\/uploads\/2013\/10\/IMG_3138-Copier.jpg","datePublished":"2013-11-06T10:12:55+00:00","dateModified":"2013-11-06T12:27:02+00:00","breadcrumb":{"@id":"https:\/\/www.visiterarles.com\/en\/blog\/2013\/11\/06\/les-promenades-sonores-de-radio-grenouille-a-decouvrir-a-arles\/#breadcrumb"},"inLanguage":"en-GB","potentialAction":[{"@type":"ReadAction","target":["https:\/\/www.visiterarles.com\/en\/blog\/2013\/11\/06\/les-promenades-sonores-de-radio-grenouille-a-decouvrir-a-arles\/"]}]},{"@type":"ImageObject","inLanguage":"en-GB","@id":"https:\/\/www.visiterarles.com\/en\/blog\/2013\/11\/06\/les-promenades-sonores-de-radio-grenouille-a-decouvrir-a-arles\/#primaryimage","url":"https:\/\/www.visiterarles.com\/wp-content\/uploads\/2013\/10\/IMG_3138-Copier.jpg","contentUrl":"https:\/\/www.visiterarles.com\/wp-content\/uploads\/2013\/10\/IMG_3138-Copier.jpg","width":400,"height":600,"caption":"Marcher Arles avec ses oreilles"},{"@type":"BreadcrumbList","@id":"https:\/\/www.visiterarles.com\/en\/blog\/2013\/11\/06\/les-promenades-sonores-de-radio-grenouille-a-decouvrir-a-arles\/#breadcrumb","itemListElement":[{"@type":"ListItem","position":1,"name":"Home","item":"https:\/\/www.visiterarles.com\/"},{"@type":"ListItem","position":2,"name":"Les Promenades Sonores d&rsquo;Arles, \u00e0 d\u00e9couvrir avec ses oreilles!!!"}]},{"@type":"WebSite","@id":"https:\/\/www.visiterarles.com\/en\/#website","url":"https:\/\/www.visiterarles.com\/en\/","name":"Visiter Arles","description":"Tourisme en Provence \u00e0 Arles","publisher":{"@id":"https:\/\/www.visiterarles.com\/en\/#organization"},"potentialAction":[{"@type":"SearchAction","target":{"@type":"EntryPoint","urlTemplate":"https:\/\/www.visiterarles.com\/en\/?s={search_term_string}"},"query-input":"required name=search_term_string"}],"inLanguage":"en-GB"},{"@type":"Organization","@id":"https:\/\/www.visiterarles.com\/en\/#organization","name":"Visiter Arles","url":"https:\/\/www.visiterarles.com\/en\/","logo":{"@type":"ImageObject","inLanguage":"en-GB","@id":"https:\/\/www.visiterarles.com\/en\/#\/schema\/logo\/image\/","url":"https:\/\/www.visiterarles.com\/wp-content\/uploads\/2017\/10\/taco-and-co-1-1.jpg","contentUrl":"https:\/\/www.visiterarles.com\/wp-content\/uploads\/2017\/10\/taco-and-co-1-1.jpg","width":124,"height":73,"caption":"Visiter Arles"},"image":{"@id":"https:\/\/www.visiterarles.com\/en\/#\/schema\/logo\/image\/"}},{"@type":"Person","@id":"https:\/\/www.visiterarles.com\/en\/#\/schema\/person\/0ef93571b2fe272c676137a002139d56","name":"damien","image":{"@type":"ImageObject","inLanguage":"en-GB","@id":"https:\/\/www.visiterarles.com\/en\/#\/schema\/person\/image\/","url":"https:\/\/secure.gravatar.com\/avatar\/7a0d4f0af72a2d627adac81a8c10a5b6?s=96&d=mm&r=g","contentUrl":"https:\/\/secure.gravatar.com\/avatar\/7a0d4f0af72a2d627adac81a8c10a5b6?s=96&d=mm&r=g","caption":"damien"},"url":"https:\/\/www.visiterarles.com\/en\/blog\/author\/damien\/"}]}},"_links":{"self":[{"href":"https:\/\/www.visiterarles.com\/en\/wp-json\/wp\/v2\/posts\/2661"}],"collection":[{"href":"https:\/\/www.visiterarles.com\/en\/wp-json\/wp\/v2\/posts"}],"about":[{"href":"https:\/\/www.visiterarles.com\/en\/wp-json\/wp\/v2\/types\/post"}],"author":[{"embeddable":true,"href":"https:\/\/www.visiterarles.com\/en\/wp-json\/wp\/v2\/users\/2"}],"replies":[{"embeddable":true,"href":"https:\/\/www.visiterarles.com\/en\/wp-json\/wp\/v2\/comments?post=2661"}],"version-history":[{"count":4,"href":"https:\/\/www.visiterarles.com\/en\/wp-json\/wp\/v2\/posts\/2661\/revisions"}],"predecessor-version":[{"id":2665,"href":"https:\/\/www.visiterarles.com\/en\/wp-json\/wp\/v2\/posts\/2661\/revisions\/2665"}],"wp:featuredmedia":[{"embeddable":true,"href":"https:\/\/www.visiterarles.com\/en\/wp-json\/wp\/v2\/media\/2644"}],"wp:attachment":[{"href":"https:\/\/www.visiterarles.com\/en\/wp-json\/wp\/v2\/media?parent=2661"}],"wp:term":[{"taxonomy":"category","embeddable":true,"href":"https:\/\/www.visiterarles.com\/en\/wp-json\/wp\/v2\/categories?post=2661"},{"taxonomy":"post_tag","embeddable":true,"href":"https:\/\/www.visiterarles.com\/en\/wp-json\/wp\/v2\/tags?post=2661"}],"curies":[{"name":"wp","href":"https:\/\/api.w.org\/{rel}","templated":true}]}}