{"id":2703,"date":"2013-12-02T13:06:46","date_gmt":"2013-12-02T13:06:46","guid":{"rendered":"https:\/\/www.visiterarles.com\/?p=2703"},"modified":"2013-12-02T13:07:17","modified_gmt":"2013-12-02T13:07:17","slug":"ouverture-des-rencontres-de-lemploi-a-la-maison-des-associations-darles","status":"publish","type":"post","link":"https:\/\/www.visiterarles.com\/en\/blog\/2013\/12\/02\/ouverture-des-rencontres-de-lemploi-a-la-maison-des-associations-darles\/","title":{"rendered":"Ouverture des Rencontres de l&#8217;emploi \u00e0 la Maison des associations d&rsquo;Arles le 02\/12\/2013"},"content":{"rendered":"<p>L&rsquo;ouverture des Rencontres de l&#8217;emploi a eu lieu aujourd&rsquo;hui, lundi 2 d\u00e9cembre 2013 \u00e0 la maison des association s d&rsquo;Arles.<\/p>\n<p>Les rencontres de l&#8217;emploi qui auront lieu jusqu&rsquo;au 6 d\u00e9cembre 2013 peuvent vous permettre \u00a0 d&rsquo;am\u00e9liorer vos \u00a0m\u00e9thodes de recherche d\u2019emploi, de tester vos comportements face \u00e0 l\u2019\u00e9ventuel recruteur, ou de mettre en valeur vos comp\u00e9tences avec\u00a0\u00a0une mise en relation entre le demandeur d\u2019emploi et l\u2019entreprise,.<\/p>\n<p>A travers des ateliers th\u00e9matiques, \u00a0des mises en situation r\u00e9elle, ou encore des tables rondes, venez vous tester en situations r\u00e9elles.<\/p>\n<p>Venez nombreux aux Rencontres de l\u2019Emploi 2013 pour\u00a0\u00a0participer aux divers ateliers, d\u00e9bats ou autre job dating !<\/p>\n<p>Pour plus d\u2019informations:\u00a0<a title=\"www.agglo-accm.fr \" href=\"https:\/\/www.visiterarles.com\/en\/blog\/2013\/11\/19\/les-rencontres-de-lemploi-du-2-au-6-decembre-2013-a-arles-2\/www.agglo-accm.fr\/\" target=\"_blank\">www.agglo-accm.fr<\/a><\/p>\n<figure id=\"attachment_2677\" aria-describedby=\"caption-attachment-2677\" style=\"width: 400px\" class=\"wp-caption aligncenter\"><a href=\"https:\/\/www.visiterarles.com\/wp-content\/uploads\/2013\/11\/IMG_3148-Copier.jpg\"><img fetchpriority=\"high\" decoding=\"async\" class=\"size-full wp-image-2677\" alt=\"Les Rencontres de l'emploi \u00e0 Arles\" src=\"https:\/\/www.visiterarles.com\/wp-content\/uploads\/2013\/11\/IMG_3148-Copier.jpg\" width=\"400\" height=\"600\" srcset=\"https:\/\/www.visiterarles.com\/wp-content\/uploads\/2013\/11\/IMG_3148-Copier.jpg 400w, https:\/\/www.visiterarles.com\/wp-content\/uploads\/2013\/11\/IMG_3148-Copier-200x300.jpg 200w\" sizes=\"(max-width: 400px) 100vw, 400px\" \/><\/a><figcaption id=\"caption-attachment-2677\" class=\"wp-caption-text\">Les Rencontres de l&#8217;emploi 2013 \u00e0 Arles<\/figcaption><\/figure>","protected":false},"excerpt":{"rendered":"<p>L&rsquo;ouverture des Rencontres de l&#8217;emploi a eu lieu aujourd&rsquo;hui, lundi 2 d\u00e9cembre 2013 \u00e0 la maison des association s d&rsquo;Arles. Les rencontres de l&#8217;emploi qui auront lieu jusqu&rsquo;au 6 d\u00e9cembre 2013 peuvent vous permettre \u00a0 d&rsquo;am\u00e9liorer vos \u00a0m\u00e9thodes de recherche d\u2019emploi, de tester vos comportements face \u00e0 l\u2019\u00e9ventuel recruteur, ou de mettre en valeur vos [&hellip;]<\/p>","protected":false},"author":2,"featured_media":2677,"comment_status":"closed","ping_status":"closed","sticky":false,"template":"","format":"standard","meta":{"footnotes":""},"categories":[4,3],"tags":[],"aioseo_notices":[],"yoast_head":"<!-- This site is optimized with the Yoast SEO plugin v22.3 - https:\/\/yoast.com\/wordpress\/plugins\/seo\/ -->\n<title>Ouverture des Rencontres de l&#039;emploi \u00e0 la Maison des associations d&#039;Arles le 02\/12\/2013 - Visiter Arles<\/title>\n<meta name=\"robots\" content=\"index, follow, max-snippet:-1, max-image-preview:large, max-video-preview:-1\" \/>\n<link rel=\"canonical\" href=\"https:\/\/www.visiterarles.com\/en\/blog\/2013\/12\/02\/ouverture-des-rencontres-de-lemploi-a-la-maison-des-associations-darles\/\" \/>\n<meta name=\"twitter:label1\" content=\"Written by\" \/>\n\t<meta name=\"twitter:data1\" content=\"damien\" \/>\n\t<meta name=\"twitter:label2\" content=\"Estimated reading time\" \/>\n\t<meta name=\"twitter:data2\" content=\"1 minute\" \/>\n<script type=\"application\/ld+json\" class=\"yoast-schema-graph\">{\"@context\":\"https:\/\/schema.org\",\"@graph\":[{\"@type\":\"Article\",\"@id\":\"https:\/\/www.visiterarles.com\/blog\/2013\/12\/02\/ouverture-des-rencontres-de-lemploi-a-la-maison-des-associations-darles\/#article\",\"isPartOf\":{\"@id\":\"https:\/\/www.visiterarles.com\/blog\/2013\/12\/02\/ouverture-des-rencontres-de-lemploi-a-la-maison-des-associations-darles\/\"},\"author\":{\"name\":\"damien\",\"@id\":\"https:\/\/www.visiterarles.com\/en\/#\/schema\/person\/0ef93571b2fe272c676137a002139d56\"},\"headline\":\"Ouverture des Rencontres de l&#8217;emploi \u00e0 la Maison des associations d&rsquo;Arles le 02\/12\/2013\",\"datePublished\":\"2013-12-02T13:06:46+00:00\",\"dateModified\":\"2013-12-02T13:07:17+00:00\",\"mainEntityOfPage\":{\"@id\":\"https:\/\/www.visiterarles.com\/blog\/2013\/12\/02\/ouverture-des-rencontres-de-lemploi-a-la-maison-des-associations-darles\/\"},\"wordCount\":151,\"publisher\":{\"@id\":\"https:\/\/www.visiterarles.com\/en\/#organization\"},\"image\":{\"@id\":\"https:\/\/www.visiterarles.com\/blog\/2013\/12\/02\/ouverture-des-rencontres-de-lemploi-a-la-maison-des-associations-darles\/#primaryimage\"},\"thumbnailUrl\":\"https:\/\/www.visiterarles.com\/wp-content\/uploads\/2013\/11\/IMG_3148-Copier.jpg\",\"articleSection\":[\"accueil\",\"Actualit\u00e9s\"],\"inLanguage\":\"en-GB\"},{\"@type\":\"WebPage\",\"@id\":\"https:\/\/www.visiterarles.com\/blog\/2013\/12\/02\/ouverture-des-rencontres-de-lemploi-a-la-maison-des-associations-darles\/\",\"url\":\"https:\/\/www.visiterarles.com\/blog\/2013\/12\/02\/ouverture-des-rencontres-de-lemploi-a-la-maison-des-associations-darles\/\",\"name\":\"Ouverture des Rencontres de l'emploi \u00e0 la Maison des associations d'Arles le 02\/12\/2013 - Visiter Arles\",\"isPartOf\":{\"@id\":\"https:\/\/www.visiterarles.com\/en\/#website\"},\"primaryImageOfPage\":{\"@id\":\"https:\/\/www.visiterarles.com\/blog\/2013\/12\/02\/ouverture-des-rencontres-de-lemploi-a-la-maison-des-associations-darles\/#primaryimage\"},\"image\":{\"@id\":\"https:\/\/www.visiterarles.com\/blog\/2013\/12\/02\/ouverture-des-rencontres-de-lemploi-a-la-maison-des-associations-darles\/#primaryimage\"},\"thumbnailUrl\":\"https:\/\/www.visiterarles.com\/wp-content\/uploads\/2013\/11\/IMG_3148-Copier.jpg\",\"datePublished\":\"2013-12-02T13:06:46+00:00\",\"dateModified\":\"2013-12-02T13:07:17+00:00\",\"breadcrumb\":{\"@id\":\"https:\/\/www.visiterarles.com\/blog\/2013\/12\/02\/ouverture-des-rencontres-de-lemploi-a-la-maison-des-associations-darles\/#breadcrumb\"},\"inLanguage\":\"en-GB\",\"potentialAction\":[{\"@type\":\"ReadAction\",\"target\":[\"https:\/\/www.visiterarles.com\/blog\/2013\/12\/02\/ouverture-des-rencontres-de-lemploi-a-la-maison-des-associations-darles\/\"]}]},{\"@type\":\"ImageObject\",\"inLanguage\":\"en-GB\",\"@id\":\"https:\/\/www.visiterarles.com\/blog\/2013\/12\/02\/ouverture-des-rencontres-de-lemploi-a-la-maison-des-associations-darles\/#primaryimage\",\"url\":\"https:\/\/www.visiterarles.com\/wp-content\/uploads\/2013\/11\/IMG_3148-Copier.jpg\",\"contentUrl\":\"https:\/\/www.visiterarles.com\/wp-content\/uploads\/2013\/11\/IMG_3148-Copier.jpg\",\"width\":400,\"height\":600,\"caption\":\"Les Rencontres de l'emploi 2013 \u00e0 Arles\"},{\"@type\":\"BreadcrumbList\",\"@id\":\"https:\/\/www.visiterarles.com\/blog\/2013\/12\/02\/ouverture-des-rencontres-de-lemploi-a-la-maison-des-associations-darles\/#breadcrumb\",\"itemListElement\":[{\"@type\":\"ListItem\",\"position\":1,\"name\":\"Home\",\"item\":\"https:\/\/www.visiterarles.com\/\"},{\"@type\":\"ListItem\",\"position\":2,\"name\":\"Ouverture des Rencontres de l&#8217;emploi \u00e0 la Maison des associations d&rsquo;Arles le 02\/12\/2013\"}]},{\"@type\":\"WebSite\",\"@id\":\"https:\/\/www.visiterarles.com\/en\/#website\",\"url\":\"https:\/\/www.visiterarles.com\/en\/\",\"name\":\"Visiter Arles\",\"description\":\"Tourisme en Provence \u00e0 Arles\",\"publisher\":{\"@id\":\"https:\/\/www.visiterarles.com\/en\/#organization\"},\"potentialAction\":[{\"@type\":\"SearchAction\",\"target\":{\"@type\":\"EntryPoint\",\"urlTemplate\":\"https:\/\/www.visiterarles.com\/en\/?s={search_term_string}\"},\"query-input\":\"required name=search_term_string\"}],\"inLanguage\":\"en-GB\"},{\"@type\":\"Organization\",\"@id\":\"https:\/\/www.visiterarles.com\/en\/#organization\",\"name\":\"Visiter Arles\",\"url\":\"https:\/\/www.visiterarles.com\/en\/\",\"logo\":{\"@type\":\"ImageObject\",\"inLanguage\":\"en-GB\",\"@id\":\"https:\/\/www.visiterarles.com\/en\/#\/schema\/logo\/image\/\",\"url\":\"https:\/\/www.visiterarles.com\/wp-content\/uploads\/2017\/10\/taco-and-co-1-1.jpg\",\"contentUrl\":\"https:\/\/www.visiterarles.com\/wp-content\/uploads\/2017\/10\/taco-and-co-1-1.jpg\",\"width\":124,\"height\":73,\"caption\":\"Visiter Arles\"},\"image\":{\"@id\":\"https:\/\/www.visiterarles.com\/en\/#\/schema\/logo\/image\/\"}},{\"@type\":\"Person\",\"@id\":\"https:\/\/www.visiterarles.com\/en\/#\/schema\/person\/0ef93571b2fe272c676137a002139d56\",\"name\":\"damien\",\"image\":{\"@type\":\"ImageObject\",\"inLanguage\":\"en-GB\",\"@id\":\"https:\/\/www.visiterarles.com\/en\/#\/schema\/person\/image\/\",\"url\":\"https:\/\/secure.gravatar.com\/avatar\/7a0d4f0af72a2d627adac81a8c10a5b6?s=96&d=mm&r=g\",\"contentUrl\":\"https:\/\/secure.gravatar.com\/avatar\/7a0d4f0af72a2d627adac81a8c10a5b6?s=96&d=mm&r=g\",\"caption\":\"damien\"},\"url\":\"https:\/\/www.visiterarles.com\/en\/blog\/author\/damien\/\"}]}<\/script>\n<!-- \/ Yoast SEO plugin. -->","yoast_head_json":{"title":"Ouverture des Rencontres de l'emploi \u00e0 la Maison des associations d'Arles le 02\/12\/2013 - Visiter Arles","robots":{"index":"index","follow":"follow","max-snippet":"max-snippet:-1","max-image-preview":"max-image-preview:large","max-video-preview":"max-video-preview:-1"},"canonical":"https:\/\/www.visiterarles.com\/en\/blog\/2013\/12\/02\/ouverture-des-rencontres-de-lemploi-a-la-maison-des-associations-darles\/","twitter_misc":{"Written by":"damien","Estimated reading time":"1 minute"},"schema":{"@context":"https:\/\/schema.org","@graph":[{"@type":"Article","@id":"https:\/\/www.visiterarles.com\/blog\/2013\/12\/02\/ouverture-des-rencontres-de-lemploi-a-la-maison-des-associations-darles\/#article","isPartOf":{"@id":"https:\/\/www.visiterarles.com\/blog\/2013\/12\/02\/ouverture-des-rencontres-de-lemploi-a-la-maison-des-associations-darles\/"},"author":{"name":"damien","@id":"https:\/\/www.visiterarles.com\/en\/#\/schema\/person\/0ef93571b2fe272c676137a002139d56"},"headline":"Ouverture des Rencontres de l&#8217;emploi \u00e0 la Maison des associations d&rsquo;Arles le 02\/12\/2013","datePublished":"2013-12-02T13:06:46+00:00","dateModified":"2013-12-02T13:07:17+00:00","mainEntityOfPage":{"@id":"https:\/\/www.visiterarles.com\/blog\/2013\/12\/02\/ouverture-des-rencontres-de-lemploi-a-la-maison-des-associations-darles\/"},"wordCount":151,"publisher":{"@id":"https:\/\/www.visiterarles.com\/en\/#organization"},"image":{"@id":"https:\/\/www.visiterarles.com\/blog\/2013\/12\/02\/ouverture-des-rencontres-de-lemploi-a-la-maison-des-associations-darles\/#primaryimage"},"thumbnailUrl":"https:\/\/www.visiterarles.com\/wp-content\/uploads\/2013\/11\/IMG_3148-Copier.jpg","articleSection":["accueil","Actualit\u00e9s"],"inLanguage":"en-GB"},{"@type":"WebPage","@id":"https:\/\/www.visiterarles.com\/blog\/2013\/12\/02\/ouverture-des-rencontres-de-lemploi-a-la-maison-des-associations-darles\/","url":"https:\/\/www.visiterarles.com\/blog\/2013\/12\/02\/ouverture-des-rencontres-de-lemploi-a-la-maison-des-associations-darles\/","name":"Ouverture des Rencontres de l'emploi \u00e0 la Maison des associations d'Arles le 02\/12\/2013 - Visiter Arles","isPartOf":{"@id":"https:\/\/www.visiterarles.com\/en\/#website"},"primaryImageOfPage":{"@id":"https:\/\/www.visiterarles.com\/blog\/2013\/12\/02\/ouverture-des-rencontres-de-lemploi-a-la-maison-des-associations-darles\/#primaryimage"},"image":{"@id":"https:\/\/www.visiterarles.com\/blog\/2013\/12\/02\/ouverture-des-rencontres-de-lemploi-a-la-maison-des-associations-darles\/#primaryimage"},"thumbnailUrl":"https:\/\/www.visiterarles.com\/wp-content\/uploads\/2013\/11\/IMG_3148-Copier.jpg","datePublished":"2013-12-02T13:06:46+00:00","dateModified":"2013-12-02T13:07:17+00:00","breadcrumb":{"@id":"https:\/\/www.visiterarles.com\/blog\/2013\/12\/02\/ouverture-des-rencontres-de-lemploi-a-la-maison-des-associations-darles\/#breadcrumb"},"inLanguage":"en-GB","potentialAction":[{"@type":"ReadAction","target":["https:\/\/www.visiterarles.com\/blog\/2013\/12\/02\/ouverture-des-rencontres-de-lemploi-a-la-maison-des-associations-darles\/"]}]},{"@type":"ImageObject","inLanguage":"en-GB","@id":"https:\/\/www.visiterarles.com\/blog\/2013\/12\/02\/ouverture-des-rencontres-de-lemploi-a-la-maison-des-associations-darles\/#primaryimage","url":"https:\/\/www.visiterarles.com\/wp-content\/uploads\/2013\/11\/IMG_3148-Copier.jpg","contentUrl":"https:\/\/www.visiterarles.com\/wp-content\/uploads\/2013\/11\/IMG_3148-Copier.jpg","width":400,"height":600,"caption":"Les Rencontres de l'emploi 2013 \u00e0 Arles"},{"@type":"BreadcrumbList","@id":"https:\/\/www.visiterarles.com\/blog\/2013\/12\/02\/ouverture-des-rencontres-de-lemploi-a-la-maison-des-associations-darles\/#breadcrumb","itemListElement":[{"@type":"ListItem","position":1,"name":"Home","item":"https:\/\/www.visiterarles.com\/"},{"@type":"ListItem","position":2,"name":"Ouverture des Rencontres de l&#8217;emploi \u00e0 la Maison des associations d&rsquo;Arles le 02\/12\/2013"}]},{"@type":"WebSite","@id":"https:\/\/www.visiterarles.com\/en\/#website","url":"https:\/\/www.visiterarles.com\/en\/","name":"Visiter Arles","description":"Tourisme en Provence \u00e0 Arles","publisher":{"@id":"https:\/\/www.visiterarles.com\/en\/#organization"},"potentialAction":[{"@type":"SearchAction","target":{"@type":"EntryPoint","urlTemplate":"https:\/\/www.visiterarles.com\/en\/?s={search_term_string}"},"query-input":"required name=search_term_string"}],"inLanguage":"en-GB"},{"@type":"Organization","@id":"https:\/\/www.visiterarles.com\/en\/#organization","name":"Visiter Arles","url":"https:\/\/www.visiterarles.com\/en\/","logo":{"@type":"ImageObject","inLanguage":"en-GB","@id":"https:\/\/www.visiterarles.com\/en\/#\/schema\/logo\/image\/","url":"https:\/\/www.visiterarles.com\/wp-content\/uploads\/2017\/10\/taco-and-co-1-1.jpg","contentUrl":"https:\/\/www.visiterarles.com\/wp-content\/uploads\/2017\/10\/taco-and-co-1-1.jpg","width":124,"height":73,"caption":"Visiter Arles"},"image":{"@id":"https:\/\/www.visiterarles.com\/en\/#\/schema\/logo\/image\/"}},{"@type":"Person","@id":"https:\/\/www.visiterarles.com\/en\/#\/schema\/person\/0ef93571b2fe272c676137a002139d56","name":"damien","image":{"@type":"ImageObject","inLanguage":"en-GB","@id":"https:\/\/www.visiterarles.com\/en\/#\/schema\/person\/image\/","url":"https:\/\/secure.gravatar.com\/avatar\/7a0d4f0af72a2d627adac81a8c10a5b6?s=96&d=mm&r=g","contentUrl":"https:\/\/secure.gravatar.com\/avatar\/7a0d4f0af72a2d627adac81a8c10a5b6?s=96&d=mm&r=g","caption":"damien"},"url":"https:\/\/www.visiterarles.com\/en\/blog\/author\/damien\/"}]}},"_links":{"self":[{"href":"https:\/\/www.visiterarles.com\/en\/wp-json\/wp\/v2\/posts\/2703"}],"collection":[{"href":"https:\/\/www.visiterarles.com\/en\/wp-json\/wp\/v2\/posts"}],"about":[{"href":"https:\/\/www.visiterarles.com\/en\/wp-json\/wp\/v2\/types\/post"}],"author":[{"embeddable":true,"href":"https:\/\/www.visiterarles.com\/en\/wp-json\/wp\/v2\/users\/2"}],"replies":[{"embeddable":true,"href":"https:\/\/www.visiterarles.com\/en\/wp-json\/wp\/v2\/comments?post=2703"}],"version-history":[{"count":2,"href":"https:\/\/www.visiterarles.com\/en\/wp-json\/wp\/v2\/posts\/2703\/revisions"}],"predecessor-version":[{"id":2705,"href":"https:\/\/www.visiterarles.com\/en\/wp-json\/wp\/v2\/posts\/2703\/revisions\/2705"}],"wp:featuredmedia":[{"embeddable":true,"href":"https:\/\/www.visiterarles.com\/en\/wp-json\/wp\/v2\/media\/2677"}],"wp:attachment":[{"href":"https:\/\/www.visiterarles.com\/en\/wp-json\/wp\/v2\/media?parent=2703"}],"wp:term":[{"taxonomy":"category","embeddable":true,"href":"https:\/\/www.visiterarles.com\/en\/wp-json\/wp\/v2\/categories?post=2703"},{"taxonomy":"post_tag","embeddable":true,"href":"https:\/\/www.visiterarles.com\/en\/wp-json\/wp\/v2\/tags?post=2703"}],"curies":[{"name":"wp","href":"https:\/\/api.w.org\/{rel}","templated":true}]}}