{"id":27423,"date":"2014-07-08T16:17:00","date_gmt":"2014-07-08T16:17:00","guid":{"rendered":"http:\/\/www.visiterarles.com\/arles-balade-en-velo-en-groupe-avec-tacoco-958\/"},"modified":"2014-07-08T16:17:00","modified_gmt":"2014-07-08T16:17:00","slug":"arles-balade-en-velo-en-groupe-avec-tacoco-958","status":"publish","type":"post","link":"https:\/\/www.visiterarles.com\/en\/blog\/2014\/07\/08\/arles-balade-en-velo-en-groupe-avec-tacoco-958\/","title":{"rendered":"Arles : balade en v\u00e9lo en groupe avec Taco&#038;co"},"content":{"rendered":"<h4>Arles : de quelle mani\u00e8re s\u2019y prendre pour d\u00e9nicher une balade en v\u00e9lo en groupe<\/h4>\n<p>D\u00e9couvrir le tr\u00e8s beau capital de la commune via notre balade en v\u00e9lo en groupe \u00e0 Arles peut s&rsquo;av\u00e9rer \u00eatre une alternative cl\u00e9s en main efficace pour qui en a envie. Dans cette structure, en arrivant sur Arles, vous pourrez solliciter notre balade en v\u00e9lo. Les consommateurs de tout poil aimeront notre <a href=\"http:\/\/www.visiterarles.com\/en\/balade-en-velo-arles-1700\/\">balade en v\u00e9lo \u00e0 Arles<\/a>, en groupe qui leur conviendra sans aucun doute.<\/p>\n<h4>D\u00e9gotter ais\u00e9ment une balade en v\u00e9lo \u00e0 Arles<\/h4>\n<p>Respectueux de l\u2019environnement, Taco &amp; co propose une solution balade en v\u00e9lo sur Arles vous permettant de vous promener sereinement. Le concept consiste \u00e0 transporter les individus en voyage ainsi que les arl\u00e9siens par l&rsquo;interm\u00e9diaire de Taco &amp; co, o\u00f9 que ce soit dans la ville. On est tous concern\u00e9s par le respect de l&rsquo;environnement aujourd&rsquo;hui n\u2019est-il point vrai ? Alors, de mani\u00e8re \u00e0 procurer sur Arles une balade en v\u00e9lo tout en respectant l\u2019environnement, la bicyclette s\u2019est naturellement pr\u00e9sent\u00e9e \u00e0 notre structure. Quantit\u00e9 de personnes ont d\u00e9j\u00e0 opt\u00e9 pour Taco &amp; co pour d\u00e9couvrir les beaut\u00e9s de la ville, \u00e0 vivre, notre balade en v\u00e9lo est peu on\u00e9reuse, mais surtout, elle demeure une aventure chaleureuse.<\/p>","protected":false},"excerpt":{"rendered":"<p>Arles : de quelle mani\u00e8re s\u2019y prendre pour d\u00e9nicher une balade en v\u00e9lo en groupe D\u00e9couvrir le tr\u00e8s beau capital de la commune via notre balade en v\u00e9lo en groupe \u00e0 Arles peut s&rsquo;av\u00e9rer \u00eatre une alternative cl\u00e9s en main efficace pour qui en a envie. Dans cette structure, en arrivant sur Arles, vous pourrez [&hellip;]<\/p>","protected":false},"author":1,"featured_media":0,"comment_status":"open","ping_status":"open","sticky":false,"template":"","format":"standard","meta":{"footnotes":""},"categories":[55],"tags":[],"aioseo_notices":[],"yoast_head":"<!-- This site is optimized with the Yoast SEO plugin v22.3 - https:\/\/yoast.com\/wordpress\/plugins\/seo\/ -->\n<title>Arles : balade en v\u00e9lo en groupe avec Taco&amp;co - Visiter Arles<\/title>\n<meta name=\"robots\" content=\"index, follow, max-snippet:-1, max-image-preview:large, max-video-preview:-1\" \/>\n<link rel=\"canonical\" href=\"https:\/\/www.visiterarles.com\/en\/blog\/2014\/07\/08\/arles-balade-en-velo-en-groupe-avec-tacoco-958\/\" \/>\n<meta name=\"twitter:label1\" content=\"Written by\" \/>\n\t<meta name=\"twitter:data1\" content=\"Linkadm\" \/>\n\t<meta name=\"twitter:label2\" content=\"Estimated reading time\" \/>\n\t<meta name=\"twitter:data2\" content=\"1 minute\" \/>\n<script type=\"application\/ld+json\" class=\"yoast-schema-graph\">{\"@context\":\"https:\/\/schema.org\",\"@graph\":[{\"@type\":\"Article\",\"@id\":\"https:\/\/www.visiterarles.com\/en\/blog\/2014\/07\/08\/arles-balade-en-velo-en-groupe-avec-tacoco-958\/#article\",\"isPartOf\":{\"@id\":\"https:\/\/www.visiterarles.com\/en\/blog\/2014\/07\/08\/arles-balade-en-velo-en-groupe-avec-tacoco-958\/\"},\"author\":{\"name\":\"Linkadm\",\"@id\":\"https:\/\/www.visiterarles.com\/en\/#\/schema\/person\/ba5912e4613018f479a2d86815a53576\"},\"headline\":\"Arles : balade en v\u00e9lo en groupe avec Taco&#038;co\",\"datePublished\":\"2014-07-08T16:17:00+00:00\",\"dateModified\":\"2014-07-08T16:17:00+00:00\",\"mainEntityOfPage\":{\"@id\":\"https:\/\/www.visiterarles.com\/en\/blog\/2014\/07\/08\/arles-balade-en-velo-en-groupe-avec-tacoco-958\/\"},\"wordCount\":240,\"commentCount\":0,\"publisher\":{\"@id\":\"https:\/\/www.visiterarles.com\/en\/#organization\"},\"articleSection\":[\"Informations\"],\"inLanguage\":\"en-GB\",\"potentialAction\":[{\"@type\":\"CommentAction\",\"name\":\"Comment\",\"target\":[\"https:\/\/www.visiterarles.com\/en\/blog\/2014\/07\/08\/arles-balade-en-velo-en-groupe-avec-tacoco-958\/#respond\"]}]},{\"@type\":\"WebPage\",\"@id\":\"https:\/\/www.visiterarles.com\/en\/blog\/2014\/07\/08\/arles-balade-en-velo-en-groupe-avec-tacoco-958\/\",\"url\":\"https:\/\/www.visiterarles.com\/en\/blog\/2014\/07\/08\/arles-balade-en-velo-en-groupe-avec-tacoco-958\/\",\"name\":\"Arles : balade en v\u00e9lo en groupe avec Taco&co - Visiter Arles\",\"isPartOf\":{\"@id\":\"https:\/\/www.visiterarles.com\/en\/#website\"},\"datePublished\":\"2014-07-08T16:17:00+00:00\",\"dateModified\":\"2014-07-08T16:17:00+00:00\",\"breadcrumb\":{\"@id\":\"https:\/\/www.visiterarles.com\/en\/blog\/2014\/07\/08\/arles-balade-en-velo-en-groupe-avec-tacoco-958\/#breadcrumb\"},\"inLanguage\":\"en-GB\",\"potentialAction\":[{\"@type\":\"ReadAction\",\"target\":[\"https:\/\/www.visiterarles.com\/en\/blog\/2014\/07\/08\/arles-balade-en-velo-en-groupe-avec-tacoco-958\/\"]}]},{\"@type\":\"BreadcrumbList\",\"@id\":\"https:\/\/www.visiterarles.com\/en\/blog\/2014\/07\/08\/arles-balade-en-velo-en-groupe-avec-tacoco-958\/#breadcrumb\",\"itemListElement\":[{\"@type\":\"ListItem\",\"position\":1,\"name\":\"Home\",\"item\":\"https:\/\/www.visiterarles.com\/\"},{\"@type\":\"ListItem\",\"position\":2,\"name\":\"Arles : balade en v\u00e9lo en groupe avec Taco&#038;co\"}]},{\"@type\":\"WebSite\",\"@id\":\"https:\/\/www.visiterarles.com\/en\/#website\",\"url\":\"https:\/\/www.visiterarles.com\/en\/\",\"name\":\"Visiter Arles\",\"description\":\"Tourisme en Provence \u00e0 Arles\",\"publisher\":{\"@id\":\"https:\/\/www.visiterarles.com\/en\/#organization\"},\"potentialAction\":[{\"@type\":\"SearchAction\",\"target\":{\"@type\":\"EntryPoint\",\"urlTemplate\":\"https:\/\/www.visiterarles.com\/en\/?s={search_term_string}\"},\"query-input\":\"required name=search_term_string\"}],\"inLanguage\":\"en-GB\"},{\"@type\":\"Organization\",\"@id\":\"https:\/\/www.visiterarles.com\/en\/#organization\",\"name\":\"Visiter Arles\",\"url\":\"https:\/\/www.visiterarles.com\/en\/\",\"logo\":{\"@type\":\"ImageObject\",\"inLanguage\":\"en-GB\",\"@id\":\"https:\/\/www.visiterarles.com\/en\/#\/schema\/logo\/image\/\",\"url\":\"https:\/\/www.visiterarles.com\/wp-content\/uploads\/2017\/10\/taco-and-co-1-1.jpg\",\"contentUrl\":\"https:\/\/www.visiterarles.com\/wp-content\/uploads\/2017\/10\/taco-and-co-1-1.jpg\",\"width\":124,\"height\":73,\"caption\":\"Visiter Arles\"},\"image\":{\"@id\":\"https:\/\/www.visiterarles.com\/en\/#\/schema\/logo\/image\/\"}},{\"@type\":\"Person\",\"@id\":\"https:\/\/www.visiterarles.com\/en\/#\/schema\/person\/ba5912e4613018f479a2d86815a53576\",\"name\":\"Linkadm\",\"image\":{\"@type\":\"ImageObject\",\"inLanguage\":\"en-GB\",\"@id\":\"https:\/\/www.visiterarles.com\/en\/#\/schema\/person\/image\/\",\"url\":\"https:\/\/secure.gravatar.com\/avatar\/4709ec209921503e8d8cc96168eddc49?s=96&d=mm&r=g\",\"contentUrl\":\"https:\/\/secure.gravatar.com\/avatar\/4709ec209921503e8d8cc96168eddc49?s=96&d=mm&r=g\",\"caption\":\"Linkadm\"},\"url\":\"https:\/\/www.visiterarles.com\/en\/blog\/author\/admin\/\"}]}<\/script>\n<!-- \/ Yoast SEO plugin. -->","yoast_head_json":{"title":"Arles : balade en v\u00e9lo en groupe avec Taco&co - Visiter Arles","robots":{"index":"index","follow":"follow","max-snippet":"max-snippet:-1","max-image-preview":"max-image-preview:large","max-video-preview":"max-video-preview:-1"},"canonical":"https:\/\/www.visiterarles.com\/en\/blog\/2014\/07\/08\/arles-balade-en-velo-en-groupe-avec-tacoco-958\/","twitter_misc":{"Written by":"Linkadm","Estimated reading time":"1 minute"},"schema":{"@context":"https:\/\/schema.org","@graph":[{"@type":"Article","@id":"https:\/\/www.visiterarles.com\/en\/blog\/2014\/07\/08\/arles-balade-en-velo-en-groupe-avec-tacoco-958\/#article","isPartOf":{"@id":"https:\/\/www.visiterarles.com\/en\/blog\/2014\/07\/08\/arles-balade-en-velo-en-groupe-avec-tacoco-958\/"},"author":{"name":"Linkadm","@id":"https:\/\/www.visiterarles.com\/en\/#\/schema\/person\/ba5912e4613018f479a2d86815a53576"},"headline":"Arles : balade en v\u00e9lo en groupe avec Taco&#038;co","datePublished":"2014-07-08T16:17:00+00:00","dateModified":"2014-07-08T16:17:00+00:00","mainEntityOfPage":{"@id":"https:\/\/www.visiterarles.com\/en\/blog\/2014\/07\/08\/arles-balade-en-velo-en-groupe-avec-tacoco-958\/"},"wordCount":240,"commentCount":0,"publisher":{"@id":"https:\/\/www.visiterarles.com\/en\/#organization"},"articleSection":["Informations"],"inLanguage":"en-GB","potentialAction":[{"@type":"CommentAction","name":"Comment","target":["https:\/\/www.visiterarles.com\/en\/blog\/2014\/07\/08\/arles-balade-en-velo-en-groupe-avec-tacoco-958\/#respond"]}]},{"@type":"WebPage","@id":"https:\/\/www.visiterarles.com\/en\/blog\/2014\/07\/08\/arles-balade-en-velo-en-groupe-avec-tacoco-958\/","url":"https:\/\/www.visiterarles.com\/en\/blog\/2014\/07\/08\/arles-balade-en-velo-en-groupe-avec-tacoco-958\/","name":"Arles : balade en v\u00e9lo en groupe avec Taco&co - Visiter Arles","isPartOf":{"@id":"https:\/\/www.visiterarles.com\/en\/#website"},"datePublished":"2014-07-08T16:17:00+00:00","dateModified":"2014-07-08T16:17:00+00:00","breadcrumb":{"@id":"https:\/\/www.visiterarles.com\/en\/blog\/2014\/07\/08\/arles-balade-en-velo-en-groupe-avec-tacoco-958\/#breadcrumb"},"inLanguage":"en-GB","potentialAction":[{"@type":"ReadAction","target":["https:\/\/www.visiterarles.com\/en\/blog\/2014\/07\/08\/arles-balade-en-velo-en-groupe-avec-tacoco-958\/"]}]},{"@type":"BreadcrumbList","@id":"https:\/\/www.visiterarles.com\/en\/blog\/2014\/07\/08\/arles-balade-en-velo-en-groupe-avec-tacoco-958\/#breadcrumb","itemListElement":[{"@type":"ListItem","position":1,"name":"Home","item":"https:\/\/www.visiterarles.com\/"},{"@type":"ListItem","position":2,"name":"Arles : balade en v\u00e9lo en groupe avec Taco&#038;co"}]},{"@type":"WebSite","@id":"https:\/\/www.visiterarles.com\/en\/#website","url":"https:\/\/www.visiterarles.com\/en\/","name":"Visiter Arles","description":"Tourisme en Provence \u00e0 Arles","publisher":{"@id":"https:\/\/www.visiterarles.com\/en\/#organization"},"potentialAction":[{"@type":"SearchAction","target":{"@type":"EntryPoint","urlTemplate":"https:\/\/www.visiterarles.com\/en\/?s={search_term_string}"},"query-input":"required name=search_term_string"}],"inLanguage":"en-GB"},{"@type":"Organization","@id":"https:\/\/www.visiterarles.com\/en\/#organization","name":"Visiter Arles","url":"https:\/\/www.visiterarles.com\/en\/","logo":{"@type":"ImageObject","inLanguage":"en-GB","@id":"https:\/\/www.visiterarles.com\/en\/#\/schema\/logo\/image\/","url":"https:\/\/www.visiterarles.com\/wp-content\/uploads\/2017\/10\/taco-and-co-1-1.jpg","contentUrl":"https:\/\/www.visiterarles.com\/wp-content\/uploads\/2017\/10\/taco-and-co-1-1.jpg","width":124,"height":73,"caption":"Visiter Arles"},"image":{"@id":"https:\/\/www.visiterarles.com\/en\/#\/schema\/logo\/image\/"}},{"@type":"Person","@id":"https:\/\/www.visiterarles.com\/en\/#\/schema\/person\/ba5912e4613018f479a2d86815a53576","name":"Linkadm","image":{"@type":"ImageObject","inLanguage":"en-GB","@id":"https:\/\/www.visiterarles.com\/en\/#\/schema\/person\/image\/","url":"https:\/\/secure.gravatar.com\/avatar\/4709ec209921503e8d8cc96168eddc49?s=96&d=mm&r=g","contentUrl":"https:\/\/secure.gravatar.com\/avatar\/4709ec209921503e8d8cc96168eddc49?s=96&d=mm&r=g","caption":"Linkadm"},"url":"https:\/\/www.visiterarles.com\/en\/blog\/author\/admin\/"}]}},"_links":{"self":[{"href":"https:\/\/www.visiterarles.com\/en\/wp-json\/wp\/v2\/posts\/27423"}],"collection":[{"href":"https:\/\/www.visiterarles.com\/en\/wp-json\/wp\/v2\/posts"}],"about":[{"href":"https:\/\/www.visiterarles.com\/en\/wp-json\/wp\/v2\/types\/post"}],"author":[{"embeddable":true,"href":"https:\/\/www.visiterarles.com\/en\/wp-json\/wp\/v2\/users\/1"}],"replies":[{"embeddable":true,"href":"https:\/\/www.visiterarles.com\/en\/wp-json\/wp\/v2\/comments?post=27423"}],"version-history":[{"count":0,"href":"https:\/\/www.visiterarles.com\/en\/wp-json\/wp\/v2\/posts\/27423\/revisions"}],"wp:attachment":[{"href":"https:\/\/www.visiterarles.com\/en\/wp-json\/wp\/v2\/media?parent=27423"}],"wp:term":[{"taxonomy":"category","embeddable":true,"href":"https:\/\/www.visiterarles.com\/en\/wp-json\/wp\/v2\/categories?post=27423"},{"taxonomy":"post_tag","embeddable":true,"href":"https:\/\/www.visiterarles.com\/en\/wp-json\/wp\/v2\/tags?post=27423"}],"curies":[{"name":"wp","href":"https:\/\/api.w.org\/{rel}","templated":true}]}}