{"id":27427,"date":"2014-07-08T18:28:00","date_gmt":"2014-07-08T18:28:00","guid":{"rendered":"http:\/\/www.visiterarles.com\/votre-balade-en-velo-pour-sortir-a-arles-68\/"},"modified":"2014-07-08T18:28:00","modified_gmt":"2014-07-08T18:28:00","slug":"votre-balade-en-velo-pour-sortir-a-arles-68","status":"publish","type":"post","link":"https:\/\/www.visiterarles.com\/en\/blog\/2014\/07\/08\/votre-balade-en-velo-pour-sortir-a-arles-68\/","title":{"rendered":"Votre balade en v\u00e9lo pour sortir \u00e0 Arles"},"content":{"rendered":"<h4>Arles : par quels moyens s\u2019y prendre pour rep\u00e9rer votre balade en v\u00e9lo pour sortir<\/h4>\n<p>Lorsqu\u2019on a la volont\u00e9 de faire l&rsquo;inspection du somptueux patrimoine de la ville, notre balade en v\u00e9lo pour sortir \u00e0 Arles, pour ne citer que cela, s&rsquo;av\u00e8re \u00eatre tr\u00e8s adapt\u00e9e. Une fois arriv\u00e9 en gare d\u2019Arles, vous pourrez demander une balade en v\u00e9lo au sein m\u00eame de la station. Les clients de tous horizons appr\u00e9cieront une <a href=\"http:\/\/www.visiterarles.com\/en\/balade-en-velo-arles-1700\/\">balade en v\u00e9lo sur Arles<\/a>, pour sortir qui leur conviendra sans aucun doute.<\/p>\n<h4>Choisir votre balade en v\u00e9lo sur Arles<\/h4>\n<p>V\u00e9lo Taco vous soumet un service innovant et eco-responsable m\u00ealant le moyen de transport et la vie culturelle \u00e0 Arles avec la balade en v\u00e9lo. Le principe consiste \u00e0 v\u00e9hiculer les touristes ainsi que les habitants d&rsquo;arles au moyen de V\u00e9lo Taco, o\u00f9 que ce soit dans la commune. Le bon \u00e9tat de la plan\u00e8te est un facteur que nulle structure ne peut se permettre de n\u00e9gliger de nos jours. C&rsquo;est logiquement que pour offrir notre balade en v\u00e9lo \u00e0 Arles nous avons choisi cette solution. Quantit\u00e9 de personnes ont d\u00e9j\u00e0 choisi V\u00e9lo Taco de sorte \u00e0 d\u00e9couvrir pleinement les beaut\u00e9s de la commune, et oui, notre balade en v\u00e9lo n&rsquo;est pas ch\u00e8re, et surtout, elle demeure une aventure chaleureuse.<\/p>","protected":false},"excerpt":{"rendered":"<p>Arles : par quels moyens s\u2019y prendre pour rep\u00e9rer votre balade en v\u00e9lo pour sortir Lorsqu\u2019on a la volont\u00e9 de faire l&rsquo;inspection du somptueux patrimoine de la ville, notre balade en v\u00e9lo pour sortir \u00e0 Arles, pour ne citer que cela, s&rsquo;av\u00e8re \u00eatre tr\u00e8s adapt\u00e9e. Une fois arriv\u00e9 en gare d\u2019Arles, vous pourrez demander une [&hellip;]<\/p>","protected":false},"author":1,"featured_media":0,"comment_status":"open","ping_status":"open","sticky":false,"template":"","format":"standard","meta":{"footnotes":""},"categories":[55],"tags":[],"aioseo_notices":[],"yoast_head":"<!-- This site is optimized with the Yoast SEO plugin v22.3 - https:\/\/yoast.com\/wordpress\/plugins\/seo\/ -->\n<title>Votre balade en v\u00e9lo pour sortir \u00e0 Arles - Visiter Arles<\/title>\n<meta name=\"robots\" content=\"index, follow, max-snippet:-1, max-image-preview:large, max-video-preview:-1\" \/>\n<link rel=\"canonical\" href=\"https:\/\/www.visiterarles.com\/en\/blog\/2014\/07\/08\/votre-balade-en-velo-pour-sortir-a-arles-68\/\" \/>\n<meta name=\"twitter:label1\" content=\"Written by\" \/>\n\t<meta name=\"twitter:data1\" content=\"Linkadm\" \/>\n\t<meta name=\"twitter:label2\" content=\"Estimated reading time\" \/>\n\t<meta name=\"twitter:data2\" content=\"1 minute\" \/>\n<script type=\"application\/ld+json\" class=\"yoast-schema-graph\">{\"@context\":\"https:\/\/schema.org\",\"@graph\":[{\"@type\":\"Article\",\"@id\":\"https:\/\/www.visiterarles.com\/en\/blog\/2014\/07\/08\/votre-balade-en-velo-pour-sortir-a-arles-68\/#article\",\"isPartOf\":{\"@id\":\"https:\/\/www.visiterarles.com\/en\/blog\/2014\/07\/08\/votre-balade-en-velo-pour-sortir-a-arles-68\/\"},\"author\":{\"name\":\"Linkadm\",\"@id\":\"https:\/\/www.visiterarles.com\/en\/#\/schema\/person\/ba5912e4613018f479a2d86815a53576\"},\"headline\":\"Votre balade en v\u00e9lo pour sortir \u00e0 Arles\",\"datePublished\":\"2014-07-08T18:28:00+00:00\",\"dateModified\":\"2014-07-08T18:28:00+00:00\",\"mainEntityOfPage\":{\"@id\":\"https:\/\/www.visiterarles.com\/en\/blog\/2014\/07\/08\/votre-balade-en-velo-pour-sortir-a-arles-68\/\"},\"wordCount\":246,\"commentCount\":0,\"publisher\":{\"@id\":\"https:\/\/www.visiterarles.com\/en\/#organization\"},\"articleSection\":[\"Informations\"],\"inLanguage\":\"en-GB\",\"potentialAction\":[{\"@type\":\"CommentAction\",\"name\":\"Comment\",\"target\":[\"https:\/\/www.visiterarles.com\/en\/blog\/2014\/07\/08\/votre-balade-en-velo-pour-sortir-a-arles-68\/#respond\"]}]},{\"@type\":\"WebPage\",\"@id\":\"https:\/\/www.visiterarles.com\/en\/blog\/2014\/07\/08\/votre-balade-en-velo-pour-sortir-a-arles-68\/\",\"url\":\"https:\/\/www.visiterarles.com\/en\/blog\/2014\/07\/08\/votre-balade-en-velo-pour-sortir-a-arles-68\/\",\"name\":\"Votre balade en v\u00e9lo pour sortir \u00e0 Arles - Visiter Arles\",\"isPartOf\":{\"@id\":\"https:\/\/www.visiterarles.com\/en\/#website\"},\"datePublished\":\"2014-07-08T18:28:00+00:00\",\"dateModified\":\"2014-07-08T18:28:00+00:00\",\"breadcrumb\":{\"@id\":\"https:\/\/www.visiterarles.com\/en\/blog\/2014\/07\/08\/votre-balade-en-velo-pour-sortir-a-arles-68\/#breadcrumb\"},\"inLanguage\":\"en-GB\",\"potentialAction\":[{\"@type\":\"ReadAction\",\"target\":[\"https:\/\/www.visiterarles.com\/en\/blog\/2014\/07\/08\/votre-balade-en-velo-pour-sortir-a-arles-68\/\"]}]},{\"@type\":\"BreadcrumbList\",\"@id\":\"https:\/\/www.visiterarles.com\/en\/blog\/2014\/07\/08\/votre-balade-en-velo-pour-sortir-a-arles-68\/#breadcrumb\",\"itemListElement\":[{\"@type\":\"ListItem\",\"position\":1,\"name\":\"Home\",\"item\":\"https:\/\/www.visiterarles.com\/\"},{\"@type\":\"ListItem\",\"position\":2,\"name\":\"Votre balade en v\u00e9lo pour sortir \u00e0 Arles\"}]},{\"@type\":\"WebSite\",\"@id\":\"https:\/\/www.visiterarles.com\/en\/#website\",\"url\":\"https:\/\/www.visiterarles.com\/en\/\",\"name\":\"Visiter Arles\",\"description\":\"Tourisme en Provence \u00e0 Arles\",\"publisher\":{\"@id\":\"https:\/\/www.visiterarles.com\/en\/#organization\"},\"potentialAction\":[{\"@type\":\"SearchAction\",\"target\":{\"@type\":\"EntryPoint\",\"urlTemplate\":\"https:\/\/www.visiterarles.com\/en\/?s={search_term_string}\"},\"query-input\":\"required name=search_term_string\"}],\"inLanguage\":\"en-GB\"},{\"@type\":\"Organization\",\"@id\":\"https:\/\/www.visiterarles.com\/en\/#organization\",\"name\":\"Visiter Arles\",\"url\":\"https:\/\/www.visiterarles.com\/en\/\",\"logo\":{\"@type\":\"ImageObject\",\"inLanguage\":\"en-GB\",\"@id\":\"https:\/\/www.visiterarles.com\/en\/#\/schema\/logo\/image\/\",\"url\":\"https:\/\/www.visiterarles.com\/wp-content\/uploads\/2017\/10\/taco-and-co-1-1.jpg\",\"contentUrl\":\"https:\/\/www.visiterarles.com\/wp-content\/uploads\/2017\/10\/taco-and-co-1-1.jpg\",\"width\":124,\"height\":73,\"caption\":\"Visiter Arles\"},\"image\":{\"@id\":\"https:\/\/www.visiterarles.com\/en\/#\/schema\/logo\/image\/\"}},{\"@type\":\"Person\",\"@id\":\"https:\/\/www.visiterarles.com\/en\/#\/schema\/person\/ba5912e4613018f479a2d86815a53576\",\"name\":\"Linkadm\",\"image\":{\"@type\":\"ImageObject\",\"inLanguage\":\"en-GB\",\"@id\":\"https:\/\/www.visiterarles.com\/en\/#\/schema\/person\/image\/\",\"url\":\"https:\/\/secure.gravatar.com\/avatar\/4709ec209921503e8d8cc96168eddc49?s=96&d=mm&r=g\",\"contentUrl\":\"https:\/\/secure.gravatar.com\/avatar\/4709ec209921503e8d8cc96168eddc49?s=96&d=mm&r=g\",\"caption\":\"Linkadm\"},\"url\":\"https:\/\/www.visiterarles.com\/en\/blog\/author\/admin\/\"}]}<\/script>\n<!-- \/ Yoast SEO plugin. -->","yoast_head_json":{"title":"Votre balade en v\u00e9lo pour sortir \u00e0 Arles - Visiter Arles","robots":{"index":"index","follow":"follow","max-snippet":"max-snippet:-1","max-image-preview":"max-image-preview:large","max-video-preview":"max-video-preview:-1"},"canonical":"https:\/\/www.visiterarles.com\/en\/blog\/2014\/07\/08\/votre-balade-en-velo-pour-sortir-a-arles-68\/","twitter_misc":{"Written by":"Linkadm","Estimated reading time":"1 minute"},"schema":{"@context":"https:\/\/schema.org","@graph":[{"@type":"Article","@id":"https:\/\/www.visiterarles.com\/en\/blog\/2014\/07\/08\/votre-balade-en-velo-pour-sortir-a-arles-68\/#article","isPartOf":{"@id":"https:\/\/www.visiterarles.com\/en\/blog\/2014\/07\/08\/votre-balade-en-velo-pour-sortir-a-arles-68\/"},"author":{"name":"Linkadm","@id":"https:\/\/www.visiterarles.com\/en\/#\/schema\/person\/ba5912e4613018f479a2d86815a53576"},"headline":"Votre balade en v\u00e9lo pour sortir \u00e0 Arles","datePublished":"2014-07-08T18:28:00+00:00","dateModified":"2014-07-08T18:28:00+00:00","mainEntityOfPage":{"@id":"https:\/\/www.visiterarles.com\/en\/blog\/2014\/07\/08\/votre-balade-en-velo-pour-sortir-a-arles-68\/"},"wordCount":246,"commentCount":0,"publisher":{"@id":"https:\/\/www.visiterarles.com\/en\/#organization"},"articleSection":["Informations"],"inLanguage":"en-GB","potentialAction":[{"@type":"CommentAction","name":"Comment","target":["https:\/\/www.visiterarles.com\/en\/blog\/2014\/07\/08\/votre-balade-en-velo-pour-sortir-a-arles-68\/#respond"]}]},{"@type":"WebPage","@id":"https:\/\/www.visiterarles.com\/en\/blog\/2014\/07\/08\/votre-balade-en-velo-pour-sortir-a-arles-68\/","url":"https:\/\/www.visiterarles.com\/en\/blog\/2014\/07\/08\/votre-balade-en-velo-pour-sortir-a-arles-68\/","name":"Votre balade en v\u00e9lo pour sortir \u00e0 Arles - Visiter Arles","isPartOf":{"@id":"https:\/\/www.visiterarles.com\/en\/#website"},"datePublished":"2014-07-08T18:28:00+00:00","dateModified":"2014-07-08T18:28:00+00:00","breadcrumb":{"@id":"https:\/\/www.visiterarles.com\/en\/blog\/2014\/07\/08\/votre-balade-en-velo-pour-sortir-a-arles-68\/#breadcrumb"},"inLanguage":"en-GB","potentialAction":[{"@type":"ReadAction","target":["https:\/\/www.visiterarles.com\/en\/blog\/2014\/07\/08\/votre-balade-en-velo-pour-sortir-a-arles-68\/"]}]},{"@type":"BreadcrumbList","@id":"https:\/\/www.visiterarles.com\/en\/blog\/2014\/07\/08\/votre-balade-en-velo-pour-sortir-a-arles-68\/#breadcrumb","itemListElement":[{"@type":"ListItem","position":1,"name":"Home","item":"https:\/\/www.visiterarles.com\/"},{"@type":"ListItem","position":2,"name":"Votre balade en v\u00e9lo pour sortir \u00e0 Arles"}]},{"@type":"WebSite","@id":"https:\/\/www.visiterarles.com\/en\/#website","url":"https:\/\/www.visiterarles.com\/en\/","name":"Visiter Arles","description":"Tourisme en Provence \u00e0 Arles","publisher":{"@id":"https:\/\/www.visiterarles.com\/en\/#organization"},"potentialAction":[{"@type":"SearchAction","target":{"@type":"EntryPoint","urlTemplate":"https:\/\/www.visiterarles.com\/en\/?s={search_term_string}"},"query-input":"required name=search_term_string"}],"inLanguage":"en-GB"},{"@type":"Organization","@id":"https:\/\/www.visiterarles.com\/en\/#organization","name":"Visiter Arles","url":"https:\/\/www.visiterarles.com\/en\/","logo":{"@type":"ImageObject","inLanguage":"en-GB","@id":"https:\/\/www.visiterarles.com\/en\/#\/schema\/logo\/image\/","url":"https:\/\/www.visiterarles.com\/wp-content\/uploads\/2017\/10\/taco-and-co-1-1.jpg","contentUrl":"https:\/\/www.visiterarles.com\/wp-content\/uploads\/2017\/10\/taco-and-co-1-1.jpg","width":124,"height":73,"caption":"Visiter Arles"},"image":{"@id":"https:\/\/www.visiterarles.com\/en\/#\/schema\/logo\/image\/"}},{"@type":"Person","@id":"https:\/\/www.visiterarles.com\/en\/#\/schema\/person\/ba5912e4613018f479a2d86815a53576","name":"Linkadm","image":{"@type":"ImageObject","inLanguage":"en-GB","@id":"https:\/\/www.visiterarles.com\/en\/#\/schema\/person\/image\/","url":"https:\/\/secure.gravatar.com\/avatar\/4709ec209921503e8d8cc96168eddc49?s=96&d=mm&r=g","contentUrl":"https:\/\/secure.gravatar.com\/avatar\/4709ec209921503e8d8cc96168eddc49?s=96&d=mm&r=g","caption":"Linkadm"},"url":"https:\/\/www.visiterarles.com\/en\/blog\/author\/admin\/"}]}},"_links":{"self":[{"href":"https:\/\/www.visiterarles.com\/en\/wp-json\/wp\/v2\/posts\/27427"}],"collection":[{"href":"https:\/\/www.visiterarles.com\/en\/wp-json\/wp\/v2\/posts"}],"about":[{"href":"https:\/\/www.visiterarles.com\/en\/wp-json\/wp\/v2\/types\/post"}],"author":[{"embeddable":true,"href":"https:\/\/www.visiterarles.com\/en\/wp-json\/wp\/v2\/users\/1"}],"replies":[{"embeddable":true,"href":"https:\/\/www.visiterarles.com\/en\/wp-json\/wp\/v2\/comments?post=27427"}],"version-history":[{"count":0,"href":"https:\/\/www.visiterarles.com\/en\/wp-json\/wp\/v2\/posts\/27427\/revisions"}],"wp:attachment":[{"href":"https:\/\/www.visiterarles.com\/en\/wp-json\/wp\/v2\/media?parent=27427"}],"wp:term":[{"taxonomy":"category","embeddable":true,"href":"https:\/\/www.visiterarles.com\/en\/wp-json\/wp\/v2\/categories?post=27427"},{"taxonomy":"post_tag","embeddable":true,"href":"https:\/\/www.visiterarles.com\/en\/wp-json\/wp\/v2\/tags?post=27427"}],"curies":[{"name":"wp","href":"https:\/\/api.w.org\/{rel}","templated":true}]}}