{"id":27430,"date":"2014-07-09T17:48:00","date_gmt":"2014-07-09T17:48:00","guid":{"rendered":"http:\/\/www.visiterarles.com\/arles-balade-en-velo-pour-touriste-1523\/"},"modified":"2014-07-09T17:48:00","modified_gmt":"2014-07-09T17:48:00","slug":"arles-balade-en-velo-pour-touriste-1523","status":"publish","type":"post","link":"https:\/\/www.visiterarles.com\/en\/blog\/2014\/07\/09\/arles-balade-en-velo-pour-touriste-1523\/","title":{"rendered":"Arles : balade en v\u00e9lo pour touriste"},"content":{"rendered":"<h4>Pour touriste sur Arles pour quelle raison choisir notre balade en v\u00e9lo<\/h4>\n<p>Prendre connaissance du ravissant capital de la commune par le biais d&rsquo;une balade en v\u00e9lo pour touriste dans Arles peut para\u00eetre une alternative cl\u00e9s en main appropri\u00e9e pour chaque personne qui le d\u00e9sire. Dans la gare ferroviaire, en arrivant \u00e0 Arles, il vous sera possible de r\u00e9clamer une balade en v\u00e9lo. Les visiteurs de tous horizons aimeront une <a href=\"http:\/\/www.visiterarles.com\/en\/balade-en-velo-arles-1700\/\">balade en v\u00e9lo sur Arles<\/a>, pour touriste qui leur conviendra sans aucun doute.<\/p>\n<h4>Taco &amp; co votre organisme balade en v\u00e9lo \u00e0 Arles<\/h4>\n<p>Respectueux de l\u2019environnement, V\u00e9lo-Taco propose une solution balade en v\u00e9lo \u00e0 Arles qui vous procure la possibilit\u00e9 de fl\u00e2ner sereinement. Le concept consiste \u00e0 v\u00e9hiculer les touristes ainsi que les habitants d&rsquo;arles par le biais de V\u00e9lo-Taco, partout dans la cit\u00e9. Nous sommes tous touch\u00e9s par le maintien de l\u2019\u00e9cologie aujourd\u2019hui n\u2019est-il pas ? S\u00e9lectionner le v\u00e9lo nous a par cons\u00e9quent sembl\u00e9 tr\u00e8s avis\u00e9 pour offrir sur Arles une balade en v\u00e9lo d\u2019une mani\u00e8re \u00e9co-responsable et aussi sympa. La visite des hauts lieux d\u2019Arles par l&rsquo;interm\u00e9diaire de notre balade en v\u00e9lo est peu on\u00e9reuse et aussi vraiment plaisante dans les faits, par cons\u00e9quent, de nombreuses personnes l&rsquo;ont d\u00e9j\u00e0 s\u00e9lectionn\u00e9 du fait de sa convivialit\u00e9.<\/p>","protected":false},"excerpt":{"rendered":"<p>Pour touriste sur Arles pour quelle raison choisir notre balade en v\u00e9lo Prendre connaissance du ravissant capital de la commune par le biais d&rsquo;une balade en v\u00e9lo pour touriste dans Arles peut para\u00eetre une alternative cl\u00e9s en main appropri\u00e9e pour chaque personne qui le d\u00e9sire. Dans la gare ferroviaire, en arrivant \u00e0 Arles, il vous [&hellip;]<\/p>","protected":false},"author":1,"featured_media":0,"comment_status":"open","ping_status":"open","sticky":false,"template":"","format":"standard","meta":{"footnotes":""},"categories":[55],"tags":[],"aioseo_notices":[],"yoast_head":"<!-- This site is optimized with the Yoast SEO plugin v22.3 - https:\/\/yoast.com\/wordpress\/plugins\/seo\/ -->\n<title>Arles : balade en v\u00e9lo pour touriste - Visiter Arles<\/title>\n<meta name=\"robots\" content=\"index, follow, max-snippet:-1, max-image-preview:large, max-video-preview:-1\" \/>\n<link rel=\"canonical\" href=\"https:\/\/www.visiterarles.com\/en\/blog\/2014\/07\/09\/arles-balade-en-velo-pour-touriste-1523\/\" \/>\n<meta name=\"twitter:label1\" content=\"Written by\" \/>\n\t<meta name=\"twitter:data1\" content=\"Linkadm\" \/>\n\t<meta name=\"twitter:label2\" content=\"Estimated reading time\" \/>\n\t<meta name=\"twitter:data2\" content=\"1 minute\" \/>\n<script type=\"application\/ld+json\" class=\"yoast-schema-graph\">{\"@context\":\"https:\/\/schema.org\",\"@graph\":[{\"@type\":\"Article\",\"@id\":\"https:\/\/www.visiterarles.com\/blog\/2014\/07\/09\/arles-balade-en-velo-pour-touriste-1523\/#article\",\"isPartOf\":{\"@id\":\"https:\/\/www.visiterarles.com\/blog\/2014\/07\/09\/arles-balade-en-velo-pour-touriste-1523\/\"},\"author\":{\"name\":\"Linkadm\",\"@id\":\"https:\/\/www.visiterarles.com\/en\/#\/schema\/person\/ba5912e4613018f479a2d86815a53576\"},\"headline\":\"Arles : balade en v\u00e9lo pour touriste\",\"datePublished\":\"2014-07-09T17:48:00+00:00\",\"dateModified\":\"2014-07-09T17:48:00+00:00\",\"mainEntityOfPage\":{\"@id\":\"https:\/\/www.visiterarles.com\/blog\/2014\/07\/09\/arles-balade-en-velo-pour-touriste-1523\/\"},\"wordCount\":247,\"commentCount\":0,\"publisher\":{\"@id\":\"https:\/\/www.visiterarles.com\/en\/#organization\"},\"articleSection\":[\"Informations\"],\"inLanguage\":\"en-GB\",\"potentialAction\":[{\"@type\":\"CommentAction\",\"name\":\"Comment\",\"target\":[\"https:\/\/www.visiterarles.com\/blog\/2014\/07\/09\/arles-balade-en-velo-pour-touriste-1523\/#respond\"]}]},{\"@type\":\"WebPage\",\"@id\":\"https:\/\/www.visiterarles.com\/blog\/2014\/07\/09\/arles-balade-en-velo-pour-touriste-1523\/\",\"url\":\"https:\/\/www.visiterarles.com\/blog\/2014\/07\/09\/arles-balade-en-velo-pour-touriste-1523\/\",\"name\":\"Arles : balade en v\u00e9lo pour touriste - Visiter Arles\",\"isPartOf\":{\"@id\":\"https:\/\/www.visiterarles.com\/en\/#website\"},\"datePublished\":\"2014-07-09T17:48:00+00:00\",\"dateModified\":\"2014-07-09T17:48:00+00:00\",\"breadcrumb\":{\"@id\":\"https:\/\/www.visiterarles.com\/blog\/2014\/07\/09\/arles-balade-en-velo-pour-touriste-1523\/#breadcrumb\"},\"inLanguage\":\"en-GB\",\"potentialAction\":[{\"@type\":\"ReadAction\",\"target\":[\"https:\/\/www.visiterarles.com\/blog\/2014\/07\/09\/arles-balade-en-velo-pour-touriste-1523\/\"]}]},{\"@type\":\"BreadcrumbList\",\"@id\":\"https:\/\/www.visiterarles.com\/blog\/2014\/07\/09\/arles-balade-en-velo-pour-touriste-1523\/#breadcrumb\",\"itemListElement\":[{\"@type\":\"ListItem\",\"position\":1,\"name\":\"Home\",\"item\":\"https:\/\/www.visiterarles.com\/\"},{\"@type\":\"ListItem\",\"position\":2,\"name\":\"Arles : balade en v\u00e9lo pour touriste\"}]},{\"@type\":\"WebSite\",\"@id\":\"https:\/\/www.visiterarles.com\/en\/#website\",\"url\":\"https:\/\/www.visiterarles.com\/en\/\",\"name\":\"Visiter Arles\",\"description\":\"Tourisme en Provence \u00e0 Arles\",\"publisher\":{\"@id\":\"https:\/\/www.visiterarles.com\/en\/#organization\"},\"potentialAction\":[{\"@type\":\"SearchAction\",\"target\":{\"@type\":\"EntryPoint\",\"urlTemplate\":\"https:\/\/www.visiterarles.com\/en\/?s={search_term_string}\"},\"query-input\":\"required name=search_term_string\"}],\"inLanguage\":\"en-GB\"},{\"@type\":\"Organization\",\"@id\":\"https:\/\/www.visiterarles.com\/en\/#organization\",\"name\":\"Visiter Arles\",\"url\":\"https:\/\/www.visiterarles.com\/en\/\",\"logo\":{\"@type\":\"ImageObject\",\"inLanguage\":\"en-GB\",\"@id\":\"https:\/\/www.visiterarles.com\/en\/#\/schema\/logo\/image\/\",\"url\":\"https:\/\/www.visiterarles.com\/wp-content\/uploads\/2017\/10\/taco-and-co-1-1.jpg\",\"contentUrl\":\"https:\/\/www.visiterarles.com\/wp-content\/uploads\/2017\/10\/taco-and-co-1-1.jpg\",\"width\":124,\"height\":73,\"caption\":\"Visiter Arles\"},\"image\":{\"@id\":\"https:\/\/www.visiterarles.com\/en\/#\/schema\/logo\/image\/\"}},{\"@type\":\"Person\",\"@id\":\"https:\/\/www.visiterarles.com\/en\/#\/schema\/person\/ba5912e4613018f479a2d86815a53576\",\"name\":\"Linkadm\",\"image\":{\"@type\":\"ImageObject\",\"inLanguage\":\"en-GB\",\"@id\":\"https:\/\/www.visiterarles.com\/en\/#\/schema\/person\/image\/\",\"url\":\"https:\/\/secure.gravatar.com\/avatar\/4709ec209921503e8d8cc96168eddc49?s=96&d=mm&r=g\",\"contentUrl\":\"https:\/\/secure.gravatar.com\/avatar\/4709ec209921503e8d8cc96168eddc49?s=96&d=mm&r=g\",\"caption\":\"Linkadm\"},\"url\":\"https:\/\/www.visiterarles.com\/en\/blog\/author\/admin\/\"}]}<\/script>\n<!-- \/ Yoast SEO plugin. -->","yoast_head_json":{"title":"Arles : balade en v\u00e9lo pour touriste - Visiter Arles","robots":{"index":"index","follow":"follow","max-snippet":"max-snippet:-1","max-image-preview":"max-image-preview:large","max-video-preview":"max-video-preview:-1"},"canonical":"https:\/\/www.visiterarles.com\/en\/blog\/2014\/07\/09\/arles-balade-en-velo-pour-touriste-1523\/","twitter_misc":{"Written by":"Linkadm","Estimated reading time":"1 minute"},"schema":{"@context":"https:\/\/schema.org","@graph":[{"@type":"Article","@id":"https:\/\/www.visiterarles.com\/blog\/2014\/07\/09\/arles-balade-en-velo-pour-touriste-1523\/#article","isPartOf":{"@id":"https:\/\/www.visiterarles.com\/blog\/2014\/07\/09\/arles-balade-en-velo-pour-touriste-1523\/"},"author":{"name":"Linkadm","@id":"https:\/\/www.visiterarles.com\/en\/#\/schema\/person\/ba5912e4613018f479a2d86815a53576"},"headline":"Arles : balade en v\u00e9lo pour touriste","datePublished":"2014-07-09T17:48:00+00:00","dateModified":"2014-07-09T17:48:00+00:00","mainEntityOfPage":{"@id":"https:\/\/www.visiterarles.com\/blog\/2014\/07\/09\/arles-balade-en-velo-pour-touriste-1523\/"},"wordCount":247,"commentCount":0,"publisher":{"@id":"https:\/\/www.visiterarles.com\/en\/#organization"},"articleSection":["Informations"],"inLanguage":"en-GB","potentialAction":[{"@type":"CommentAction","name":"Comment","target":["https:\/\/www.visiterarles.com\/blog\/2014\/07\/09\/arles-balade-en-velo-pour-touriste-1523\/#respond"]}]},{"@type":"WebPage","@id":"https:\/\/www.visiterarles.com\/blog\/2014\/07\/09\/arles-balade-en-velo-pour-touriste-1523\/","url":"https:\/\/www.visiterarles.com\/blog\/2014\/07\/09\/arles-balade-en-velo-pour-touriste-1523\/","name":"Arles : balade en v\u00e9lo pour touriste - Visiter Arles","isPartOf":{"@id":"https:\/\/www.visiterarles.com\/en\/#website"},"datePublished":"2014-07-09T17:48:00+00:00","dateModified":"2014-07-09T17:48:00+00:00","breadcrumb":{"@id":"https:\/\/www.visiterarles.com\/blog\/2014\/07\/09\/arles-balade-en-velo-pour-touriste-1523\/#breadcrumb"},"inLanguage":"en-GB","potentialAction":[{"@type":"ReadAction","target":["https:\/\/www.visiterarles.com\/blog\/2014\/07\/09\/arles-balade-en-velo-pour-touriste-1523\/"]}]},{"@type":"BreadcrumbList","@id":"https:\/\/www.visiterarles.com\/blog\/2014\/07\/09\/arles-balade-en-velo-pour-touriste-1523\/#breadcrumb","itemListElement":[{"@type":"ListItem","position":1,"name":"Home","item":"https:\/\/www.visiterarles.com\/"},{"@type":"ListItem","position":2,"name":"Arles : balade en v\u00e9lo pour touriste"}]},{"@type":"WebSite","@id":"https:\/\/www.visiterarles.com\/en\/#website","url":"https:\/\/www.visiterarles.com\/en\/","name":"Visiter Arles","description":"Tourisme en Provence \u00e0 Arles","publisher":{"@id":"https:\/\/www.visiterarles.com\/en\/#organization"},"potentialAction":[{"@type":"SearchAction","target":{"@type":"EntryPoint","urlTemplate":"https:\/\/www.visiterarles.com\/en\/?s={search_term_string}"},"query-input":"required name=search_term_string"}],"inLanguage":"en-GB"},{"@type":"Organization","@id":"https:\/\/www.visiterarles.com\/en\/#organization","name":"Visiter Arles","url":"https:\/\/www.visiterarles.com\/en\/","logo":{"@type":"ImageObject","inLanguage":"en-GB","@id":"https:\/\/www.visiterarles.com\/en\/#\/schema\/logo\/image\/","url":"https:\/\/www.visiterarles.com\/wp-content\/uploads\/2017\/10\/taco-and-co-1-1.jpg","contentUrl":"https:\/\/www.visiterarles.com\/wp-content\/uploads\/2017\/10\/taco-and-co-1-1.jpg","width":124,"height":73,"caption":"Visiter Arles"},"image":{"@id":"https:\/\/www.visiterarles.com\/en\/#\/schema\/logo\/image\/"}},{"@type":"Person","@id":"https:\/\/www.visiterarles.com\/en\/#\/schema\/person\/ba5912e4613018f479a2d86815a53576","name":"Linkadm","image":{"@type":"ImageObject","inLanguage":"en-GB","@id":"https:\/\/www.visiterarles.com\/en\/#\/schema\/person\/image\/","url":"https:\/\/secure.gravatar.com\/avatar\/4709ec209921503e8d8cc96168eddc49?s=96&d=mm&r=g","contentUrl":"https:\/\/secure.gravatar.com\/avatar\/4709ec209921503e8d8cc96168eddc49?s=96&d=mm&r=g","caption":"Linkadm"},"url":"https:\/\/www.visiterarles.com\/en\/blog\/author\/admin\/"}]}},"_links":{"self":[{"href":"https:\/\/www.visiterarles.com\/en\/wp-json\/wp\/v2\/posts\/27430"}],"collection":[{"href":"https:\/\/www.visiterarles.com\/en\/wp-json\/wp\/v2\/posts"}],"about":[{"href":"https:\/\/www.visiterarles.com\/en\/wp-json\/wp\/v2\/types\/post"}],"author":[{"embeddable":true,"href":"https:\/\/www.visiterarles.com\/en\/wp-json\/wp\/v2\/users\/1"}],"replies":[{"embeddable":true,"href":"https:\/\/www.visiterarles.com\/en\/wp-json\/wp\/v2\/comments?post=27430"}],"version-history":[{"count":0,"href":"https:\/\/www.visiterarles.com\/en\/wp-json\/wp\/v2\/posts\/27430\/revisions"}],"wp:attachment":[{"href":"https:\/\/www.visiterarles.com\/en\/wp-json\/wp\/v2\/media?parent=27430"}],"wp:term":[{"taxonomy":"category","embeddable":true,"href":"https:\/\/www.visiterarles.com\/en\/wp-json\/wp\/v2\/categories?post=27430"},{"taxonomy":"post_tag","embeddable":true,"href":"https:\/\/www.visiterarles.com\/en\/wp-json\/wp\/v2\/tags?post=27430"}],"curies":[{"name":"wp","href":"https:\/\/api.w.org\/{rel}","templated":true}]}}