{"id":27434,"date":"2014-07-09T18:50:00","date_gmt":"2014-07-09T18:50:00","guid":{"rendered":"http:\/\/www.visiterarles.com\/taco-co-sur-arles-balade-en-velo-avec-un-bebe-1867\/"},"modified":"2014-07-09T18:50:00","modified_gmt":"2014-07-09T18:50:00","slug":"taco-co-sur-arles-balade-en-velo-avec-un-bebe-1867","status":"publish","type":"post","link":"https:\/\/www.visiterarles.com\/en\/blog\/2014\/07\/09\/taco-co-sur-arles-balade-en-velo-avec-un-bebe-1867\/","title":{"rendered":"Taco &#038; co sur Arles : balade en v\u00e9lo avec un b\u00e9b\u00e9"},"content":{"rendered":"<h4>Arles : acc\u00e9der \u00e0 la balade en v\u00e9lo avec un b\u00e9b\u00e9, dont vous aviez besoin<\/h4>\n<p>Faire la d\u00e9couverte du majestueux centre historique via notre balade en v\u00e9lo avec un b\u00e9b\u00e9 \u00e0 Arles peut para\u00eetre une alternative cl\u00e9s en main appropri\u00e9e pour toute personne qui le souhaite. O\u00f9 que vous soyez \u00e0 Arles, vous pourrez profiter pleinement d\u2019une appr\u00e9ciable balade en v\u00e9lo en toute qui\u00e9tude. Les visiteurs de tout poil appr\u00e9cieront notre <a href=\"http:\/\/www.visiterarles.com\/en\/balade-en-velo-arles-1700\/\">balade en v\u00e9lo sur Arles<\/a>, avec un b\u00e9b\u00e9 qui leur plaira tr\u00e8s certainement.<\/p>\n<h4>V\u00e9lo-Taco votre contact balade en v\u00e9lo \u00e0 Arles<\/h4>\n<p>\u00e9co-responsable, Taco&amp;co propose une offre balade en v\u00e9lo \u00e0 Arles qui vous apporte la possibilit\u00e9 de fl\u00e2ner en toute s\u00e9r\u00e9nit\u00e9. Le principe consiste \u00e0 transporter les individus en voyage ainsi que les arl\u00e9siens via Taco&amp;co, o\u00f9 que ce soit dans la commune. Nous sommes tous concern\u00e9s par le bon \u00e9tat de l&rsquo;\u00e9cologie \u00e0 notre \u00e9poque n\u2019est ce pas ? S\u00e9lectionner le v\u00e9lo nous a en cons\u00e9quence sembl\u00e9 vraiment judicieux pour pr\u00e9senter sur Arles une balade en v\u00e9lo d\u2019une mani\u00e8re \u00e9co responsable et sympathique. La visite des hauts lieux d\u2019Arles par l&rsquo;interm\u00e9diaire de notre balade en v\u00e9lo est peu on\u00e9reuse et \u00e9galement extr\u00eamement sympathique dans les faits, en cons\u00e9quence, quantit\u00e9 de personnes l&rsquo;ont d\u00e9j\u00e0 adopt\u00e9 pour son c\u00f4t\u00e9 convivial.<\/p>","protected":false},"excerpt":{"rendered":"<p>Arles : acc\u00e9der \u00e0 la balade en v\u00e9lo avec un b\u00e9b\u00e9, dont vous aviez besoin Faire la d\u00e9couverte du majestueux centre historique via notre balade en v\u00e9lo avec un b\u00e9b\u00e9 \u00e0 Arles peut para\u00eetre une alternative cl\u00e9s en main appropri\u00e9e pour toute personne qui le souhaite. O\u00f9 que vous soyez \u00e0 Arles, vous pourrez profiter [&hellip;]<\/p>","protected":false},"author":1,"featured_media":0,"comment_status":"open","ping_status":"open","sticky":false,"template":"","format":"standard","meta":{"footnotes":""},"categories":[55],"tags":[],"aioseo_notices":[],"yoast_head":"<!-- This site is optimized with the Yoast SEO plugin v22.3 - https:\/\/yoast.com\/wordpress\/plugins\/seo\/ -->\n<title>Taco &amp; co sur Arles : balade en v\u00e9lo avec un b\u00e9b\u00e9 - Visiter Arles<\/title>\n<meta name=\"robots\" content=\"index, follow, max-snippet:-1, max-image-preview:large, max-video-preview:-1\" \/>\n<link rel=\"canonical\" href=\"https:\/\/www.visiterarles.com\/en\/blog\/2014\/07\/09\/taco-co-sur-arles-balade-en-velo-avec-un-bebe-1867\/\" \/>\n<meta name=\"twitter:label1\" content=\"Written by\" \/>\n\t<meta name=\"twitter:data1\" content=\"Linkadm\" \/>\n\t<meta name=\"twitter:label2\" content=\"Estimated reading time\" \/>\n\t<meta name=\"twitter:data2\" content=\"1 minute\" \/>\n<script type=\"application\/ld+json\" class=\"yoast-schema-graph\">{\"@context\":\"https:\/\/schema.org\",\"@graph\":[{\"@type\":\"Article\",\"@id\":\"https:\/\/www.visiterarles.com\/en\/blog\/2014\/07\/09\/taco-co-sur-arles-balade-en-velo-avec-un-bebe-1867\/#article\",\"isPartOf\":{\"@id\":\"https:\/\/www.visiterarles.com\/en\/blog\/2014\/07\/09\/taco-co-sur-arles-balade-en-velo-avec-un-bebe-1867\/\"},\"author\":{\"name\":\"Linkadm\",\"@id\":\"https:\/\/www.visiterarles.com\/en\/#\/schema\/person\/ba5912e4613018f479a2d86815a53576\"},\"headline\":\"Taco &#038; co sur Arles : balade en v\u00e9lo avec un b\u00e9b\u00e9\",\"datePublished\":\"2014-07-09T18:50:00+00:00\",\"dateModified\":\"2014-07-09T18:50:00+00:00\",\"mainEntityOfPage\":{\"@id\":\"https:\/\/www.visiterarles.com\/en\/blog\/2014\/07\/09\/taco-co-sur-arles-balade-en-velo-avec-un-bebe-1867\/\"},\"wordCount\":261,\"commentCount\":0,\"publisher\":{\"@id\":\"https:\/\/www.visiterarles.com\/en\/#organization\"},\"articleSection\":[\"Informations\"],\"inLanguage\":\"en-GB\",\"potentialAction\":[{\"@type\":\"CommentAction\",\"name\":\"Comment\",\"target\":[\"https:\/\/www.visiterarles.com\/en\/blog\/2014\/07\/09\/taco-co-sur-arles-balade-en-velo-avec-un-bebe-1867\/#respond\"]}]},{\"@type\":\"WebPage\",\"@id\":\"https:\/\/www.visiterarles.com\/en\/blog\/2014\/07\/09\/taco-co-sur-arles-balade-en-velo-avec-un-bebe-1867\/\",\"url\":\"https:\/\/www.visiterarles.com\/en\/blog\/2014\/07\/09\/taco-co-sur-arles-balade-en-velo-avec-un-bebe-1867\/\",\"name\":\"Taco & co sur Arles : balade en v\u00e9lo avec un b\u00e9b\u00e9 - Visiter Arles\",\"isPartOf\":{\"@id\":\"https:\/\/www.visiterarles.com\/en\/#website\"},\"datePublished\":\"2014-07-09T18:50:00+00:00\",\"dateModified\":\"2014-07-09T18:50:00+00:00\",\"breadcrumb\":{\"@id\":\"https:\/\/www.visiterarles.com\/en\/blog\/2014\/07\/09\/taco-co-sur-arles-balade-en-velo-avec-un-bebe-1867\/#breadcrumb\"},\"inLanguage\":\"en-GB\",\"potentialAction\":[{\"@type\":\"ReadAction\",\"target\":[\"https:\/\/www.visiterarles.com\/en\/blog\/2014\/07\/09\/taco-co-sur-arles-balade-en-velo-avec-un-bebe-1867\/\"]}]},{\"@type\":\"BreadcrumbList\",\"@id\":\"https:\/\/www.visiterarles.com\/en\/blog\/2014\/07\/09\/taco-co-sur-arles-balade-en-velo-avec-un-bebe-1867\/#breadcrumb\",\"itemListElement\":[{\"@type\":\"ListItem\",\"position\":1,\"name\":\"Home\",\"item\":\"https:\/\/www.visiterarles.com\/\"},{\"@type\":\"ListItem\",\"position\":2,\"name\":\"Taco &#038; co sur Arles : balade en v\u00e9lo avec un b\u00e9b\u00e9\"}]},{\"@type\":\"WebSite\",\"@id\":\"https:\/\/www.visiterarles.com\/en\/#website\",\"url\":\"https:\/\/www.visiterarles.com\/en\/\",\"name\":\"Visiter Arles\",\"description\":\"Tourisme en Provence \u00e0 Arles\",\"publisher\":{\"@id\":\"https:\/\/www.visiterarles.com\/en\/#organization\"},\"potentialAction\":[{\"@type\":\"SearchAction\",\"target\":{\"@type\":\"EntryPoint\",\"urlTemplate\":\"https:\/\/www.visiterarles.com\/en\/?s={search_term_string}\"},\"query-input\":\"required name=search_term_string\"}],\"inLanguage\":\"en-GB\"},{\"@type\":\"Organization\",\"@id\":\"https:\/\/www.visiterarles.com\/en\/#organization\",\"name\":\"Visiter Arles\",\"url\":\"https:\/\/www.visiterarles.com\/en\/\",\"logo\":{\"@type\":\"ImageObject\",\"inLanguage\":\"en-GB\",\"@id\":\"https:\/\/www.visiterarles.com\/en\/#\/schema\/logo\/image\/\",\"url\":\"https:\/\/www.visiterarles.com\/wp-content\/uploads\/2017\/10\/taco-and-co-1-1.jpg\",\"contentUrl\":\"https:\/\/www.visiterarles.com\/wp-content\/uploads\/2017\/10\/taco-and-co-1-1.jpg\",\"width\":124,\"height\":73,\"caption\":\"Visiter Arles\"},\"image\":{\"@id\":\"https:\/\/www.visiterarles.com\/en\/#\/schema\/logo\/image\/\"}},{\"@type\":\"Person\",\"@id\":\"https:\/\/www.visiterarles.com\/en\/#\/schema\/person\/ba5912e4613018f479a2d86815a53576\",\"name\":\"Linkadm\",\"image\":{\"@type\":\"ImageObject\",\"inLanguage\":\"en-GB\",\"@id\":\"https:\/\/www.visiterarles.com\/en\/#\/schema\/person\/image\/\",\"url\":\"https:\/\/secure.gravatar.com\/avatar\/4709ec209921503e8d8cc96168eddc49?s=96&d=mm&r=g\",\"contentUrl\":\"https:\/\/secure.gravatar.com\/avatar\/4709ec209921503e8d8cc96168eddc49?s=96&d=mm&r=g\",\"caption\":\"Linkadm\"},\"url\":\"https:\/\/www.visiterarles.com\/en\/blog\/author\/admin\/\"}]}<\/script>\n<!-- \/ Yoast SEO plugin. -->","yoast_head_json":{"title":"Taco & co sur Arles : balade en v\u00e9lo avec un b\u00e9b\u00e9 - Visiter Arles","robots":{"index":"index","follow":"follow","max-snippet":"max-snippet:-1","max-image-preview":"max-image-preview:large","max-video-preview":"max-video-preview:-1"},"canonical":"https:\/\/www.visiterarles.com\/en\/blog\/2014\/07\/09\/taco-co-sur-arles-balade-en-velo-avec-un-bebe-1867\/","twitter_misc":{"Written by":"Linkadm","Estimated reading time":"1 minute"},"schema":{"@context":"https:\/\/schema.org","@graph":[{"@type":"Article","@id":"https:\/\/www.visiterarles.com\/en\/blog\/2014\/07\/09\/taco-co-sur-arles-balade-en-velo-avec-un-bebe-1867\/#article","isPartOf":{"@id":"https:\/\/www.visiterarles.com\/en\/blog\/2014\/07\/09\/taco-co-sur-arles-balade-en-velo-avec-un-bebe-1867\/"},"author":{"name":"Linkadm","@id":"https:\/\/www.visiterarles.com\/en\/#\/schema\/person\/ba5912e4613018f479a2d86815a53576"},"headline":"Taco &#038; co sur Arles : balade en v\u00e9lo avec un b\u00e9b\u00e9","datePublished":"2014-07-09T18:50:00+00:00","dateModified":"2014-07-09T18:50:00+00:00","mainEntityOfPage":{"@id":"https:\/\/www.visiterarles.com\/en\/blog\/2014\/07\/09\/taco-co-sur-arles-balade-en-velo-avec-un-bebe-1867\/"},"wordCount":261,"commentCount":0,"publisher":{"@id":"https:\/\/www.visiterarles.com\/en\/#organization"},"articleSection":["Informations"],"inLanguage":"en-GB","potentialAction":[{"@type":"CommentAction","name":"Comment","target":["https:\/\/www.visiterarles.com\/en\/blog\/2014\/07\/09\/taco-co-sur-arles-balade-en-velo-avec-un-bebe-1867\/#respond"]}]},{"@type":"WebPage","@id":"https:\/\/www.visiterarles.com\/en\/blog\/2014\/07\/09\/taco-co-sur-arles-balade-en-velo-avec-un-bebe-1867\/","url":"https:\/\/www.visiterarles.com\/en\/blog\/2014\/07\/09\/taco-co-sur-arles-balade-en-velo-avec-un-bebe-1867\/","name":"Taco & co sur Arles : balade en v\u00e9lo avec un b\u00e9b\u00e9 - Visiter Arles","isPartOf":{"@id":"https:\/\/www.visiterarles.com\/en\/#website"},"datePublished":"2014-07-09T18:50:00+00:00","dateModified":"2014-07-09T18:50:00+00:00","breadcrumb":{"@id":"https:\/\/www.visiterarles.com\/en\/blog\/2014\/07\/09\/taco-co-sur-arles-balade-en-velo-avec-un-bebe-1867\/#breadcrumb"},"inLanguage":"en-GB","potentialAction":[{"@type":"ReadAction","target":["https:\/\/www.visiterarles.com\/en\/blog\/2014\/07\/09\/taco-co-sur-arles-balade-en-velo-avec-un-bebe-1867\/"]}]},{"@type":"BreadcrumbList","@id":"https:\/\/www.visiterarles.com\/en\/blog\/2014\/07\/09\/taco-co-sur-arles-balade-en-velo-avec-un-bebe-1867\/#breadcrumb","itemListElement":[{"@type":"ListItem","position":1,"name":"Home","item":"https:\/\/www.visiterarles.com\/"},{"@type":"ListItem","position":2,"name":"Taco &#038; co sur Arles : balade en v\u00e9lo avec un b\u00e9b\u00e9"}]},{"@type":"WebSite","@id":"https:\/\/www.visiterarles.com\/en\/#website","url":"https:\/\/www.visiterarles.com\/en\/","name":"Visiter Arles","description":"Tourisme en Provence \u00e0 Arles","publisher":{"@id":"https:\/\/www.visiterarles.com\/en\/#organization"},"potentialAction":[{"@type":"SearchAction","target":{"@type":"EntryPoint","urlTemplate":"https:\/\/www.visiterarles.com\/en\/?s={search_term_string}"},"query-input":"required name=search_term_string"}],"inLanguage":"en-GB"},{"@type":"Organization","@id":"https:\/\/www.visiterarles.com\/en\/#organization","name":"Visiter Arles","url":"https:\/\/www.visiterarles.com\/en\/","logo":{"@type":"ImageObject","inLanguage":"en-GB","@id":"https:\/\/www.visiterarles.com\/en\/#\/schema\/logo\/image\/","url":"https:\/\/www.visiterarles.com\/wp-content\/uploads\/2017\/10\/taco-and-co-1-1.jpg","contentUrl":"https:\/\/www.visiterarles.com\/wp-content\/uploads\/2017\/10\/taco-and-co-1-1.jpg","width":124,"height":73,"caption":"Visiter Arles"},"image":{"@id":"https:\/\/www.visiterarles.com\/en\/#\/schema\/logo\/image\/"}},{"@type":"Person","@id":"https:\/\/www.visiterarles.com\/en\/#\/schema\/person\/ba5912e4613018f479a2d86815a53576","name":"Linkadm","image":{"@type":"ImageObject","inLanguage":"en-GB","@id":"https:\/\/www.visiterarles.com\/en\/#\/schema\/person\/image\/","url":"https:\/\/secure.gravatar.com\/avatar\/4709ec209921503e8d8cc96168eddc49?s=96&d=mm&r=g","contentUrl":"https:\/\/secure.gravatar.com\/avatar\/4709ec209921503e8d8cc96168eddc49?s=96&d=mm&r=g","caption":"Linkadm"},"url":"https:\/\/www.visiterarles.com\/en\/blog\/author\/admin\/"}]}},"_links":{"self":[{"href":"https:\/\/www.visiterarles.com\/en\/wp-json\/wp\/v2\/posts\/27434"}],"collection":[{"href":"https:\/\/www.visiterarles.com\/en\/wp-json\/wp\/v2\/posts"}],"about":[{"href":"https:\/\/www.visiterarles.com\/en\/wp-json\/wp\/v2\/types\/post"}],"author":[{"embeddable":true,"href":"https:\/\/www.visiterarles.com\/en\/wp-json\/wp\/v2\/users\/1"}],"replies":[{"embeddable":true,"href":"https:\/\/www.visiterarles.com\/en\/wp-json\/wp\/v2\/comments?post=27434"}],"version-history":[{"count":0,"href":"https:\/\/www.visiterarles.com\/en\/wp-json\/wp\/v2\/posts\/27434\/revisions"}],"wp:attachment":[{"href":"https:\/\/www.visiterarles.com\/en\/wp-json\/wp\/v2\/media?parent=27434"}],"wp:term":[{"taxonomy":"category","embeddable":true,"href":"https:\/\/www.visiterarles.com\/en\/wp-json\/wp\/v2\/categories?post=27434"},{"taxonomy":"post_tag","embeddable":true,"href":"https:\/\/www.visiterarles.com\/en\/wp-json\/wp\/v2\/tags?post=27434"}],"curies":[{"name":"wp","href":"https:\/\/api.w.org\/{rel}","templated":true}]}}