{"id":27459,"date":"2014-07-11T09:57:00","date_gmt":"2014-07-11T09:57:00","guid":{"rendered":"http:\/\/www.visiterarles.com\/votre-location-de-velo-en-famille-sur-arles-718\/"},"modified":"2014-07-11T09:57:00","modified_gmt":"2014-07-11T09:57:00","slug":"votre-location-de-velo-en-famille-sur-arles-718","status":"publish","type":"post","link":"https:\/\/www.visiterarles.com\/en\/blog\/2014\/07\/11\/votre-location-de-velo-en-famille-sur-arles-718\/","title":{"rendered":"Votre location de v\u00e9lo en famille sur Arles"},"content":{"rendered":"<h4>Arles : pour quelles raisons s\u00e9lectionner notre location de v\u00e9lo en famille<\/h4>\n<p>Faire la d\u00e9couverte du ravissant centre historique par le biais de notre location de v\u00e9lo en famille \u00e0 Arles peut \u00eatre une alternative cl\u00e9s en main appropri\u00e9e pour chaque personne qui le souhaite. Dans la gare sncf, en arrivant \u00e0 Arles, vous pourrez solliciter notre location de v\u00e9lo. Les clients de tous horizons adoreront notre <a href=\"http:\/\/www.visiterarles.com\/en\/location-de-velo-arles-372\/\">location de v\u00e9lo \u00e0 Arles<\/a>, en famille leur convenant incontestablement.<\/p>\n<h4>Arles : s\u00e9lectionner une location de v\u00e9lo<\/h4>\n<p>V\u00e9lo Taco vous expose un ouvrage au gout du jour et \u00e9galement \u00e9co-responsable alliant le d\u00e9placement urbain ainsi que la vie culturelle \u00e0 Arles avec la location de v\u00e9lo. Finies les contraintes, V\u00e9lo Taco, vous donne la possibilit\u00e9 de fl\u00e2ner partout dans l&rsquo;enceinte de la commune et \u00e9galement en toute s\u00e9curit\u00e9. On est en droit de sp\u00e9cifier, que respecter l\u2019\u00e9cologie est aujourd&rsquo;hui un \u00e9l\u00e9ment qui nous concerne tous. C\u2019est tout naturellement que pour offrir notre location de v\u00e9lo \u00e0 Arles nous avons choisi cette solution. Beaucoup de personnes ont d\u00e9j\u00e0 choisi V\u00e9lo Taco afin de faire la visite des somptuosit\u00e9s de la cit\u00e9, et oui, une location de v\u00e9lo n&rsquo;est pas ch\u00e8re, et surtout, elle se r\u00e9v\u00e8le \u00eatre une exp\u00e9rience conviviale.<\/p>","protected":false},"excerpt":{"rendered":"<p>Arles : pour quelles raisons s\u00e9lectionner notre location de v\u00e9lo en famille Faire la d\u00e9couverte du ravissant centre historique par le biais de notre location de v\u00e9lo en famille \u00e0 Arles peut \u00eatre une alternative cl\u00e9s en main appropri\u00e9e pour chaque personne qui le souhaite. Dans la gare sncf, en arrivant \u00e0 Arles, vous pourrez [&hellip;]<\/p>","protected":false},"author":1,"featured_media":0,"comment_status":"open","ping_status":"open","sticky":false,"template":"","format":"standard","meta":{"footnotes":""},"categories":[55],"tags":[],"aioseo_notices":[],"yoast_head":"<!-- This site is optimized with the Yoast SEO plugin v22.3 - https:\/\/yoast.com\/wordpress\/plugins\/seo\/ -->\n<title>Votre location de v\u00e9lo en famille sur Arles - Visiter Arles<\/title>\n<meta name=\"robots\" content=\"index, follow, max-snippet:-1, max-image-preview:large, max-video-preview:-1\" \/>\n<link rel=\"canonical\" href=\"https:\/\/www.visiterarles.com\/en\/blog\/2014\/07\/11\/votre-location-de-velo-en-famille-sur-arles-718\/\" \/>\n<meta name=\"twitter:label1\" content=\"Written by\" \/>\n\t<meta name=\"twitter:data1\" content=\"Linkadm\" \/>\n\t<meta name=\"twitter:label2\" content=\"Estimated reading time\" \/>\n\t<meta name=\"twitter:data2\" content=\"1 minute\" \/>\n<script type=\"application\/ld+json\" class=\"yoast-schema-graph\">{\"@context\":\"https:\/\/schema.org\",\"@graph\":[{\"@type\":\"Article\",\"@id\":\"https:\/\/www.visiterarles.com\/blog\/2014\/07\/11\/votre-location-de-velo-en-famille-sur-arles-718\/#article\",\"isPartOf\":{\"@id\":\"https:\/\/www.visiterarles.com\/blog\/2014\/07\/11\/votre-location-de-velo-en-famille-sur-arles-718\/\"},\"author\":{\"name\":\"Linkadm\",\"@id\":\"https:\/\/www.visiterarles.com\/en\/#\/schema\/person\/ba5912e4613018f479a2d86815a53576\"},\"headline\":\"Votre location de v\u00e9lo en famille sur Arles\",\"datePublished\":\"2014-07-11T09:57:00+00:00\",\"dateModified\":\"2014-07-11T09:57:00+00:00\",\"mainEntityOfPage\":{\"@id\":\"https:\/\/www.visiterarles.com\/blog\/2014\/07\/11\/votre-location-de-velo-en-famille-sur-arles-718\/\"},\"wordCount\":239,\"commentCount\":0,\"publisher\":{\"@id\":\"https:\/\/www.visiterarles.com\/en\/#organization\"},\"articleSection\":[\"Informations\"],\"inLanguage\":\"en-GB\",\"potentialAction\":[{\"@type\":\"CommentAction\",\"name\":\"Comment\",\"target\":[\"https:\/\/www.visiterarles.com\/blog\/2014\/07\/11\/votre-location-de-velo-en-famille-sur-arles-718\/#respond\"]}]},{\"@type\":\"WebPage\",\"@id\":\"https:\/\/www.visiterarles.com\/blog\/2014\/07\/11\/votre-location-de-velo-en-famille-sur-arles-718\/\",\"url\":\"https:\/\/www.visiterarles.com\/blog\/2014\/07\/11\/votre-location-de-velo-en-famille-sur-arles-718\/\",\"name\":\"Votre location de v\u00e9lo en famille sur Arles - Visiter Arles\",\"isPartOf\":{\"@id\":\"https:\/\/www.visiterarles.com\/en\/#website\"},\"datePublished\":\"2014-07-11T09:57:00+00:00\",\"dateModified\":\"2014-07-11T09:57:00+00:00\",\"breadcrumb\":{\"@id\":\"https:\/\/www.visiterarles.com\/blog\/2014\/07\/11\/votre-location-de-velo-en-famille-sur-arles-718\/#breadcrumb\"},\"inLanguage\":\"en-GB\",\"potentialAction\":[{\"@type\":\"ReadAction\",\"target\":[\"https:\/\/www.visiterarles.com\/blog\/2014\/07\/11\/votre-location-de-velo-en-famille-sur-arles-718\/\"]}]},{\"@type\":\"BreadcrumbList\",\"@id\":\"https:\/\/www.visiterarles.com\/blog\/2014\/07\/11\/votre-location-de-velo-en-famille-sur-arles-718\/#breadcrumb\",\"itemListElement\":[{\"@type\":\"ListItem\",\"position\":1,\"name\":\"Home\",\"item\":\"https:\/\/www.visiterarles.com\/\"},{\"@type\":\"ListItem\",\"position\":2,\"name\":\"Votre location de v\u00e9lo en famille sur Arles\"}]},{\"@type\":\"WebSite\",\"@id\":\"https:\/\/www.visiterarles.com\/en\/#website\",\"url\":\"https:\/\/www.visiterarles.com\/en\/\",\"name\":\"Visiter Arles\",\"description\":\"Tourisme en Provence \u00e0 Arles\",\"publisher\":{\"@id\":\"https:\/\/www.visiterarles.com\/en\/#organization\"},\"potentialAction\":[{\"@type\":\"SearchAction\",\"target\":{\"@type\":\"EntryPoint\",\"urlTemplate\":\"https:\/\/www.visiterarles.com\/en\/?s={search_term_string}\"},\"query-input\":\"required name=search_term_string\"}],\"inLanguage\":\"en-GB\"},{\"@type\":\"Organization\",\"@id\":\"https:\/\/www.visiterarles.com\/en\/#organization\",\"name\":\"Visiter Arles\",\"url\":\"https:\/\/www.visiterarles.com\/en\/\",\"logo\":{\"@type\":\"ImageObject\",\"inLanguage\":\"en-GB\",\"@id\":\"https:\/\/www.visiterarles.com\/en\/#\/schema\/logo\/image\/\",\"url\":\"https:\/\/www.visiterarles.com\/wp-content\/uploads\/2017\/10\/taco-and-co-1-1.jpg\",\"contentUrl\":\"https:\/\/www.visiterarles.com\/wp-content\/uploads\/2017\/10\/taco-and-co-1-1.jpg\",\"width\":124,\"height\":73,\"caption\":\"Visiter Arles\"},\"image\":{\"@id\":\"https:\/\/www.visiterarles.com\/en\/#\/schema\/logo\/image\/\"}},{\"@type\":\"Person\",\"@id\":\"https:\/\/www.visiterarles.com\/en\/#\/schema\/person\/ba5912e4613018f479a2d86815a53576\",\"name\":\"Linkadm\",\"image\":{\"@type\":\"ImageObject\",\"inLanguage\":\"en-GB\",\"@id\":\"https:\/\/www.visiterarles.com\/en\/#\/schema\/person\/image\/\",\"url\":\"https:\/\/secure.gravatar.com\/avatar\/4709ec209921503e8d8cc96168eddc49?s=96&d=mm&r=g\",\"contentUrl\":\"https:\/\/secure.gravatar.com\/avatar\/4709ec209921503e8d8cc96168eddc49?s=96&d=mm&r=g\",\"caption\":\"Linkadm\"},\"url\":\"https:\/\/www.visiterarles.com\/en\/blog\/author\/admin\/\"}]}<\/script>\n<!-- \/ Yoast SEO plugin. -->","yoast_head_json":{"title":"Votre location de v\u00e9lo en famille sur Arles - Visiter Arles","robots":{"index":"index","follow":"follow","max-snippet":"max-snippet:-1","max-image-preview":"max-image-preview:large","max-video-preview":"max-video-preview:-1"},"canonical":"https:\/\/www.visiterarles.com\/en\/blog\/2014\/07\/11\/votre-location-de-velo-en-famille-sur-arles-718\/","twitter_misc":{"Written by":"Linkadm","Estimated reading time":"1 minute"},"schema":{"@context":"https:\/\/schema.org","@graph":[{"@type":"Article","@id":"https:\/\/www.visiterarles.com\/blog\/2014\/07\/11\/votre-location-de-velo-en-famille-sur-arles-718\/#article","isPartOf":{"@id":"https:\/\/www.visiterarles.com\/blog\/2014\/07\/11\/votre-location-de-velo-en-famille-sur-arles-718\/"},"author":{"name":"Linkadm","@id":"https:\/\/www.visiterarles.com\/en\/#\/schema\/person\/ba5912e4613018f479a2d86815a53576"},"headline":"Votre location de v\u00e9lo en famille sur Arles","datePublished":"2014-07-11T09:57:00+00:00","dateModified":"2014-07-11T09:57:00+00:00","mainEntityOfPage":{"@id":"https:\/\/www.visiterarles.com\/blog\/2014\/07\/11\/votre-location-de-velo-en-famille-sur-arles-718\/"},"wordCount":239,"commentCount":0,"publisher":{"@id":"https:\/\/www.visiterarles.com\/en\/#organization"},"articleSection":["Informations"],"inLanguage":"en-GB","potentialAction":[{"@type":"CommentAction","name":"Comment","target":["https:\/\/www.visiterarles.com\/blog\/2014\/07\/11\/votre-location-de-velo-en-famille-sur-arles-718\/#respond"]}]},{"@type":"WebPage","@id":"https:\/\/www.visiterarles.com\/blog\/2014\/07\/11\/votre-location-de-velo-en-famille-sur-arles-718\/","url":"https:\/\/www.visiterarles.com\/blog\/2014\/07\/11\/votre-location-de-velo-en-famille-sur-arles-718\/","name":"Votre location de v\u00e9lo en famille sur Arles - Visiter Arles","isPartOf":{"@id":"https:\/\/www.visiterarles.com\/en\/#website"},"datePublished":"2014-07-11T09:57:00+00:00","dateModified":"2014-07-11T09:57:00+00:00","breadcrumb":{"@id":"https:\/\/www.visiterarles.com\/blog\/2014\/07\/11\/votre-location-de-velo-en-famille-sur-arles-718\/#breadcrumb"},"inLanguage":"en-GB","potentialAction":[{"@type":"ReadAction","target":["https:\/\/www.visiterarles.com\/blog\/2014\/07\/11\/votre-location-de-velo-en-famille-sur-arles-718\/"]}]},{"@type":"BreadcrumbList","@id":"https:\/\/www.visiterarles.com\/blog\/2014\/07\/11\/votre-location-de-velo-en-famille-sur-arles-718\/#breadcrumb","itemListElement":[{"@type":"ListItem","position":1,"name":"Home","item":"https:\/\/www.visiterarles.com\/"},{"@type":"ListItem","position":2,"name":"Votre location de v\u00e9lo en famille sur Arles"}]},{"@type":"WebSite","@id":"https:\/\/www.visiterarles.com\/en\/#website","url":"https:\/\/www.visiterarles.com\/en\/","name":"Visiter Arles","description":"Tourisme en Provence \u00e0 Arles","publisher":{"@id":"https:\/\/www.visiterarles.com\/en\/#organization"},"potentialAction":[{"@type":"SearchAction","target":{"@type":"EntryPoint","urlTemplate":"https:\/\/www.visiterarles.com\/en\/?s={search_term_string}"},"query-input":"required name=search_term_string"}],"inLanguage":"en-GB"},{"@type":"Organization","@id":"https:\/\/www.visiterarles.com\/en\/#organization","name":"Visiter Arles","url":"https:\/\/www.visiterarles.com\/en\/","logo":{"@type":"ImageObject","inLanguage":"en-GB","@id":"https:\/\/www.visiterarles.com\/en\/#\/schema\/logo\/image\/","url":"https:\/\/www.visiterarles.com\/wp-content\/uploads\/2017\/10\/taco-and-co-1-1.jpg","contentUrl":"https:\/\/www.visiterarles.com\/wp-content\/uploads\/2017\/10\/taco-and-co-1-1.jpg","width":124,"height":73,"caption":"Visiter Arles"},"image":{"@id":"https:\/\/www.visiterarles.com\/en\/#\/schema\/logo\/image\/"}},{"@type":"Person","@id":"https:\/\/www.visiterarles.com\/en\/#\/schema\/person\/ba5912e4613018f479a2d86815a53576","name":"Linkadm","image":{"@type":"ImageObject","inLanguage":"en-GB","@id":"https:\/\/www.visiterarles.com\/en\/#\/schema\/person\/image\/","url":"https:\/\/secure.gravatar.com\/avatar\/4709ec209921503e8d8cc96168eddc49?s=96&d=mm&r=g","contentUrl":"https:\/\/secure.gravatar.com\/avatar\/4709ec209921503e8d8cc96168eddc49?s=96&d=mm&r=g","caption":"Linkadm"},"url":"https:\/\/www.visiterarles.com\/en\/blog\/author\/admin\/"}]}},"_links":{"self":[{"href":"https:\/\/www.visiterarles.com\/en\/wp-json\/wp\/v2\/posts\/27459"}],"collection":[{"href":"https:\/\/www.visiterarles.com\/en\/wp-json\/wp\/v2\/posts"}],"about":[{"href":"https:\/\/www.visiterarles.com\/en\/wp-json\/wp\/v2\/types\/post"}],"author":[{"embeddable":true,"href":"https:\/\/www.visiterarles.com\/en\/wp-json\/wp\/v2\/users\/1"}],"replies":[{"embeddable":true,"href":"https:\/\/www.visiterarles.com\/en\/wp-json\/wp\/v2\/comments?post=27459"}],"version-history":[{"count":0,"href":"https:\/\/www.visiterarles.com\/en\/wp-json\/wp\/v2\/posts\/27459\/revisions"}],"wp:attachment":[{"href":"https:\/\/www.visiterarles.com\/en\/wp-json\/wp\/v2\/media?parent=27459"}],"wp:term":[{"taxonomy":"category","embeddable":true,"href":"https:\/\/www.visiterarles.com\/en\/wp-json\/wp\/v2\/categories?post=27459"},{"taxonomy":"post_tag","embeddable":true,"href":"https:\/\/www.visiterarles.com\/en\/wp-json\/wp\/v2\/tags?post=27459"}],"curies":[{"name":"wp","href":"https:\/\/api.w.org\/{rel}","templated":true}]}}