{"id":27463,"date":"2014-07-12T18:43:00","date_gmt":"2014-07-12T18:43:00","guid":{"rendered":"http:\/\/www.visiterarles.com\/arles-location-de-velo-avec-des-enfants-1143\/"},"modified":"2014-07-12T18:43:00","modified_gmt":"2014-07-12T18:43:00","slug":"arles-location-de-velo-avec-des-enfants-1143","status":"publish","type":"post","link":"https:\/\/www.visiterarles.com\/en\/blog\/2014\/07\/12\/arles-location-de-velo-avec-des-enfants-1143\/","title":{"rendered":"Arles : location de v\u00e9lo avec des enfants"},"content":{"rendered":"<h4>Arles : une solution \u00e9co-citoyenne : la location de v\u00e9lo avec des enfants<\/h4>\n<p>Faire la d\u00e9couverte du tr\u00e8s beau patrimoine de la ville par le biais de notre location de v\u00e9lo avec des enfants \u00e0 Arles peut s&rsquo;av\u00e9rer \u00eatre une alternative cl\u00e9s en main efficace pour chaque personne qui en a envie. En arrivant \u00e0 Arles, vous pourrez demander notre location de v\u00e9lo entre autre dans cette structure. Les visiteurs de tous horizons adoreront notre <a href=\"http:\/\/www.visiterarles.com\/en\/location-de-velo-arles-372\/\">location de v\u00e9lo sur Arles<\/a>, avec des enfants qui leur conviendra tr\u00e8s certainement.<\/p>\n<h4>Arles : s\u00e9lectionner votre location de v\u00e9lo<\/h4>\n<p>Il se trouve \u00eatre vraiment \u00e9vident de d\u00e9goter sur Arles une location de v\u00e9lo, cit\u00e9 de vie culturelle, qui a l&rsquo;avantage d\u2019\u00eatre eco-responsable. Finies les heures d&rsquo;attente, Taco  and  co, vous permet de vous promener partout dans la ville et \u00e9galement de mani\u00e8re s\u00e9curis\u00e9e. Nous sommes tous touch\u00e9s par le bon \u00e9tat de l&rsquo;\u00e9cologie de nos jours n\u2019est-il point vrai ? C&rsquo;est en toute logique que pour proposer notre location de v\u00e9lo sur Arles nous avons choisi cette alternative. La visite des plus beaux endroits d\u2019Arles par le biais de notre location de v\u00e9lo est \u00e9conomique et aussi vraiment sympathique de fait, par cons\u00e9quent, beaucoup de personnes l\u2019ont d\u00e9j\u00e0 choisi pour son c\u00f4t\u00e9 convivial.<\/p>","protected":false},"excerpt":{"rendered":"<p>Arles : une solution \u00e9co-citoyenne : la location de v\u00e9lo avec des enfants Faire la d\u00e9couverte du tr\u00e8s beau patrimoine de la ville par le biais de notre location de v\u00e9lo avec des enfants \u00e0 Arles peut s&rsquo;av\u00e9rer \u00eatre une alternative cl\u00e9s en main efficace pour chaque personne qui en a envie. En arrivant \u00e0 [&hellip;]<\/p>","protected":false},"author":1,"featured_media":0,"comment_status":"open","ping_status":"open","sticky":false,"template":"","format":"standard","meta":{"footnotes":""},"categories":[55],"tags":[],"aioseo_notices":[],"yoast_head":"<!-- This site is optimized with the Yoast SEO plugin v22.3 - https:\/\/yoast.com\/wordpress\/plugins\/seo\/ -->\n<title>Arles : location de v\u00e9lo avec des enfants - Visiter Arles<\/title>\n<meta name=\"robots\" content=\"index, follow, max-snippet:-1, max-image-preview:large, max-video-preview:-1\" \/>\n<link rel=\"canonical\" href=\"https:\/\/www.visiterarles.com\/en\/blog\/2014\/07\/12\/arles-location-de-velo-avec-des-enfants-1143\/\" \/>\n<meta name=\"twitter:label1\" content=\"Written by\" \/>\n\t<meta name=\"twitter:data1\" content=\"Linkadm\" \/>\n\t<meta name=\"twitter:label2\" content=\"Estimated reading time\" \/>\n\t<meta name=\"twitter:data2\" content=\"1 minute\" \/>\n<script type=\"application\/ld+json\" class=\"yoast-schema-graph\">{\"@context\":\"https:\/\/schema.org\",\"@graph\":[{\"@type\":\"Article\",\"@id\":\"https:\/\/www.visiterarles.com\/en\/blog\/2014\/07\/12\/arles-location-de-velo-avec-des-enfants-1143\/#article\",\"isPartOf\":{\"@id\":\"https:\/\/www.visiterarles.com\/en\/blog\/2014\/07\/12\/arles-location-de-velo-avec-des-enfants-1143\/\"},\"author\":{\"name\":\"Linkadm\",\"@id\":\"https:\/\/www.visiterarles.com\/en\/#\/schema\/person\/ba5912e4613018f479a2d86815a53576\"},\"headline\":\"Arles : location de v\u00e9lo avec des enfants\",\"datePublished\":\"2014-07-12T18:43:00+00:00\",\"dateModified\":\"2014-07-12T18:43:00+00:00\",\"mainEntityOfPage\":{\"@id\":\"https:\/\/www.visiterarles.com\/en\/blog\/2014\/07\/12\/arles-location-de-velo-avec-des-enfants-1143\/\"},\"wordCount\":242,\"commentCount\":0,\"publisher\":{\"@id\":\"https:\/\/www.visiterarles.com\/en\/#organization\"},\"articleSection\":[\"Informations\"],\"inLanguage\":\"en-GB\",\"potentialAction\":[{\"@type\":\"CommentAction\",\"name\":\"Comment\",\"target\":[\"https:\/\/www.visiterarles.com\/en\/blog\/2014\/07\/12\/arles-location-de-velo-avec-des-enfants-1143\/#respond\"]}]},{\"@type\":\"WebPage\",\"@id\":\"https:\/\/www.visiterarles.com\/en\/blog\/2014\/07\/12\/arles-location-de-velo-avec-des-enfants-1143\/\",\"url\":\"https:\/\/www.visiterarles.com\/en\/blog\/2014\/07\/12\/arles-location-de-velo-avec-des-enfants-1143\/\",\"name\":\"Arles : location de v\u00e9lo avec des enfants - Visiter Arles\",\"isPartOf\":{\"@id\":\"https:\/\/www.visiterarles.com\/en\/#website\"},\"datePublished\":\"2014-07-12T18:43:00+00:00\",\"dateModified\":\"2014-07-12T18:43:00+00:00\",\"breadcrumb\":{\"@id\":\"https:\/\/www.visiterarles.com\/en\/blog\/2014\/07\/12\/arles-location-de-velo-avec-des-enfants-1143\/#breadcrumb\"},\"inLanguage\":\"en-GB\",\"potentialAction\":[{\"@type\":\"ReadAction\",\"target\":[\"https:\/\/www.visiterarles.com\/en\/blog\/2014\/07\/12\/arles-location-de-velo-avec-des-enfants-1143\/\"]}]},{\"@type\":\"BreadcrumbList\",\"@id\":\"https:\/\/www.visiterarles.com\/en\/blog\/2014\/07\/12\/arles-location-de-velo-avec-des-enfants-1143\/#breadcrumb\",\"itemListElement\":[{\"@type\":\"ListItem\",\"position\":1,\"name\":\"Home\",\"item\":\"https:\/\/www.visiterarles.com\/\"},{\"@type\":\"ListItem\",\"position\":2,\"name\":\"Arles : location de v\u00e9lo avec des enfants\"}]},{\"@type\":\"WebSite\",\"@id\":\"https:\/\/www.visiterarles.com\/en\/#website\",\"url\":\"https:\/\/www.visiterarles.com\/en\/\",\"name\":\"Visiter Arles\",\"description\":\"Tourisme en Provence \u00e0 Arles\",\"publisher\":{\"@id\":\"https:\/\/www.visiterarles.com\/en\/#organization\"},\"potentialAction\":[{\"@type\":\"SearchAction\",\"target\":{\"@type\":\"EntryPoint\",\"urlTemplate\":\"https:\/\/www.visiterarles.com\/en\/?s={search_term_string}\"},\"query-input\":\"required name=search_term_string\"}],\"inLanguage\":\"en-GB\"},{\"@type\":\"Organization\",\"@id\":\"https:\/\/www.visiterarles.com\/en\/#organization\",\"name\":\"Visiter Arles\",\"url\":\"https:\/\/www.visiterarles.com\/en\/\",\"logo\":{\"@type\":\"ImageObject\",\"inLanguage\":\"en-GB\",\"@id\":\"https:\/\/www.visiterarles.com\/en\/#\/schema\/logo\/image\/\",\"url\":\"https:\/\/www.visiterarles.com\/wp-content\/uploads\/2017\/10\/taco-and-co-1-1.jpg\",\"contentUrl\":\"https:\/\/www.visiterarles.com\/wp-content\/uploads\/2017\/10\/taco-and-co-1-1.jpg\",\"width\":124,\"height\":73,\"caption\":\"Visiter Arles\"},\"image\":{\"@id\":\"https:\/\/www.visiterarles.com\/en\/#\/schema\/logo\/image\/\"}},{\"@type\":\"Person\",\"@id\":\"https:\/\/www.visiterarles.com\/en\/#\/schema\/person\/ba5912e4613018f479a2d86815a53576\",\"name\":\"Linkadm\",\"image\":{\"@type\":\"ImageObject\",\"inLanguage\":\"en-GB\",\"@id\":\"https:\/\/www.visiterarles.com\/en\/#\/schema\/person\/image\/\",\"url\":\"https:\/\/secure.gravatar.com\/avatar\/4709ec209921503e8d8cc96168eddc49?s=96&d=mm&r=g\",\"contentUrl\":\"https:\/\/secure.gravatar.com\/avatar\/4709ec209921503e8d8cc96168eddc49?s=96&d=mm&r=g\",\"caption\":\"Linkadm\"},\"url\":\"https:\/\/www.visiterarles.com\/en\/blog\/author\/admin\/\"}]}<\/script>\n<!-- \/ Yoast SEO plugin. -->","yoast_head_json":{"title":"Arles : location de v\u00e9lo avec des enfants - Visiter Arles","robots":{"index":"index","follow":"follow","max-snippet":"max-snippet:-1","max-image-preview":"max-image-preview:large","max-video-preview":"max-video-preview:-1"},"canonical":"https:\/\/www.visiterarles.com\/en\/blog\/2014\/07\/12\/arles-location-de-velo-avec-des-enfants-1143\/","twitter_misc":{"Written by":"Linkadm","Estimated reading time":"1 minute"},"schema":{"@context":"https:\/\/schema.org","@graph":[{"@type":"Article","@id":"https:\/\/www.visiterarles.com\/en\/blog\/2014\/07\/12\/arles-location-de-velo-avec-des-enfants-1143\/#article","isPartOf":{"@id":"https:\/\/www.visiterarles.com\/en\/blog\/2014\/07\/12\/arles-location-de-velo-avec-des-enfants-1143\/"},"author":{"name":"Linkadm","@id":"https:\/\/www.visiterarles.com\/en\/#\/schema\/person\/ba5912e4613018f479a2d86815a53576"},"headline":"Arles : location de v\u00e9lo avec des enfants","datePublished":"2014-07-12T18:43:00+00:00","dateModified":"2014-07-12T18:43:00+00:00","mainEntityOfPage":{"@id":"https:\/\/www.visiterarles.com\/en\/blog\/2014\/07\/12\/arles-location-de-velo-avec-des-enfants-1143\/"},"wordCount":242,"commentCount":0,"publisher":{"@id":"https:\/\/www.visiterarles.com\/en\/#organization"},"articleSection":["Informations"],"inLanguage":"en-GB","potentialAction":[{"@type":"CommentAction","name":"Comment","target":["https:\/\/www.visiterarles.com\/en\/blog\/2014\/07\/12\/arles-location-de-velo-avec-des-enfants-1143\/#respond"]}]},{"@type":"WebPage","@id":"https:\/\/www.visiterarles.com\/en\/blog\/2014\/07\/12\/arles-location-de-velo-avec-des-enfants-1143\/","url":"https:\/\/www.visiterarles.com\/en\/blog\/2014\/07\/12\/arles-location-de-velo-avec-des-enfants-1143\/","name":"Arles : location de v\u00e9lo avec des enfants - Visiter Arles","isPartOf":{"@id":"https:\/\/www.visiterarles.com\/en\/#website"},"datePublished":"2014-07-12T18:43:00+00:00","dateModified":"2014-07-12T18:43:00+00:00","breadcrumb":{"@id":"https:\/\/www.visiterarles.com\/en\/blog\/2014\/07\/12\/arles-location-de-velo-avec-des-enfants-1143\/#breadcrumb"},"inLanguage":"en-GB","potentialAction":[{"@type":"ReadAction","target":["https:\/\/www.visiterarles.com\/en\/blog\/2014\/07\/12\/arles-location-de-velo-avec-des-enfants-1143\/"]}]},{"@type":"BreadcrumbList","@id":"https:\/\/www.visiterarles.com\/en\/blog\/2014\/07\/12\/arles-location-de-velo-avec-des-enfants-1143\/#breadcrumb","itemListElement":[{"@type":"ListItem","position":1,"name":"Home","item":"https:\/\/www.visiterarles.com\/"},{"@type":"ListItem","position":2,"name":"Arles : location de v\u00e9lo avec des enfants"}]},{"@type":"WebSite","@id":"https:\/\/www.visiterarles.com\/en\/#website","url":"https:\/\/www.visiterarles.com\/en\/","name":"Visiter Arles","description":"Tourisme en Provence \u00e0 Arles","publisher":{"@id":"https:\/\/www.visiterarles.com\/en\/#organization"},"potentialAction":[{"@type":"SearchAction","target":{"@type":"EntryPoint","urlTemplate":"https:\/\/www.visiterarles.com\/en\/?s={search_term_string}"},"query-input":"required name=search_term_string"}],"inLanguage":"en-GB"},{"@type":"Organization","@id":"https:\/\/www.visiterarles.com\/en\/#organization","name":"Visiter Arles","url":"https:\/\/www.visiterarles.com\/en\/","logo":{"@type":"ImageObject","inLanguage":"en-GB","@id":"https:\/\/www.visiterarles.com\/en\/#\/schema\/logo\/image\/","url":"https:\/\/www.visiterarles.com\/wp-content\/uploads\/2017\/10\/taco-and-co-1-1.jpg","contentUrl":"https:\/\/www.visiterarles.com\/wp-content\/uploads\/2017\/10\/taco-and-co-1-1.jpg","width":124,"height":73,"caption":"Visiter Arles"},"image":{"@id":"https:\/\/www.visiterarles.com\/en\/#\/schema\/logo\/image\/"}},{"@type":"Person","@id":"https:\/\/www.visiterarles.com\/en\/#\/schema\/person\/ba5912e4613018f479a2d86815a53576","name":"Linkadm","image":{"@type":"ImageObject","inLanguage":"en-GB","@id":"https:\/\/www.visiterarles.com\/en\/#\/schema\/person\/image\/","url":"https:\/\/secure.gravatar.com\/avatar\/4709ec209921503e8d8cc96168eddc49?s=96&d=mm&r=g","contentUrl":"https:\/\/secure.gravatar.com\/avatar\/4709ec209921503e8d8cc96168eddc49?s=96&d=mm&r=g","caption":"Linkadm"},"url":"https:\/\/www.visiterarles.com\/en\/blog\/author\/admin\/"}]}},"_links":{"self":[{"href":"https:\/\/www.visiterarles.com\/en\/wp-json\/wp\/v2\/posts\/27463"}],"collection":[{"href":"https:\/\/www.visiterarles.com\/en\/wp-json\/wp\/v2\/posts"}],"about":[{"href":"https:\/\/www.visiterarles.com\/en\/wp-json\/wp\/v2\/types\/post"}],"author":[{"embeddable":true,"href":"https:\/\/www.visiterarles.com\/en\/wp-json\/wp\/v2\/users\/1"}],"replies":[{"embeddable":true,"href":"https:\/\/www.visiterarles.com\/en\/wp-json\/wp\/v2\/comments?post=27463"}],"version-history":[{"count":0,"href":"https:\/\/www.visiterarles.com\/en\/wp-json\/wp\/v2\/posts\/27463\/revisions"}],"wp:attachment":[{"href":"https:\/\/www.visiterarles.com\/en\/wp-json\/wp\/v2\/media?parent=27463"}],"wp:term":[{"taxonomy":"category","embeddable":true,"href":"https:\/\/www.visiterarles.com\/en\/wp-json\/wp\/v2\/categories?post=27463"},{"taxonomy":"post_tag","embeddable":true,"href":"https:\/\/www.visiterarles.com\/en\/wp-json\/wp\/v2\/tags?post=27463"}],"curies":[{"name":"wp","href":"https:\/\/api.w.org\/{rel}","templated":true}]}}