{"id":27464,"date":"2014-07-12T10:48:00","date_gmt":"2014-07-12T10:48:00","guid":{"rendered":"http:\/\/www.visiterarles.com\/votre-location-de-velo-avec-un-bebe-a-arles-1468\/"},"modified":"2014-07-12T10:48:00","modified_gmt":"2014-07-12T10:48:00","slug":"votre-location-de-velo-avec-un-bebe-a-arles-1468","status":"publish","type":"post","link":"https:\/\/www.visiterarles.com\/en\/blog\/2014\/07\/12\/votre-location-de-velo-avec-un-bebe-a-arles-1468\/","title":{"rendered":"Votre location de v\u00e9lo avec un b\u00e9b\u00e9 \u00e0 Arles"},"content":{"rendered":"<h4>Avec un b\u00e9b\u00e9 \u00e0 Arles pourquoi s\u00e9lectionner notre location de v\u00e9lo<\/h4>\n<p>Prendre connaissance du majestueux patrimoine de la ville par le biais de notre location de v\u00e9lo avec un b\u00e9b\u00e9 \u00e0 Arles peut s&rsquo;av\u00e9rer \u00eatre une solution adapt\u00e9e pour toute personne qui en a envie. En arrivant \u00e0 Arles, vous pourrez demander notre location de v\u00e9lo dans la station. Les clients en tout genre appr\u00e9cieront notre <a href=\"http:\/\/www.visiterarles.com\/en\/location-de-velo-arles-372\/\">location de v\u00e9lo sur Arles<\/a>, avec un b\u00e9b\u00e9 leur convenant sans aucun doute.<\/p>\n<h4>D\u00e9gotter ais\u00e9ment une location de v\u00e9lo \u00e0 Arles<\/h4>\n<p>Il est vraiment facile de d\u00e9nicher sur Arles une location de v\u00e9lo, ville de culture, qui a l\u2019atout d\u2019\u00eatre \u00e9cologique. Finies les pertes de temps, Tacoandco, vous offre la facult\u00e9 de fl\u00e2ner n&rsquo;importe o\u00f9 dans la cit\u00e9 mais \u00e9galement de mani\u00e8re s\u00e9curis\u00e9e. On est tous vis\u00e9s par le maintien de l\u2019\u00e9cologie aujourd&rsquo;hui n\u2019est-il point vrai ? C&rsquo;est en toute logique que pour proposer notre location de v\u00e9lo sur Arles nous avons opt\u00e9 pour cette alternative. La d\u00e9couverte des plus beaux endroits d\u2019Arles par le biais de notre location de v\u00e9lo n\u2019est pas cher et aussi vraiment agr\u00e9able dans les faits, en cons\u00e9quence, beaucoup de personnes l\u2019ont d\u00e9j\u00e0 adopt\u00e9 \u00e0 cause de son aspect convivial.<\/p>","protected":false},"excerpt":{"rendered":"<p>Avec un b\u00e9b\u00e9 \u00e0 Arles pourquoi s\u00e9lectionner notre location de v\u00e9lo Prendre connaissance du majestueux patrimoine de la ville par le biais de notre location de v\u00e9lo avec un b\u00e9b\u00e9 \u00e0 Arles peut s&rsquo;av\u00e9rer \u00eatre une solution adapt\u00e9e pour toute personne qui en a envie. En arrivant \u00e0 Arles, vous pourrez demander notre location de [&hellip;]<\/p>","protected":false},"author":1,"featured_media":0,"comment_status":"open","ping_status":"open","sticky":false,"template":"","format":"standard","meta":{"footnotes":""},"categories":[55],"tags":[],"aioseo_notices":[],"yoast_head":"<!-- This site is optimized with the Yoast SEO plugin v22.3 - https:\/\/yoast.com\/wordpress\/plugins\/seo\/ -->\n<title>Votre location de v\u00e9lo avec un b\u00e9b\u00e9 \u00e0 Arles - Visiter Arles<\/title>\n<meta name=\"robots\" content=\"index, follow, max-snippet:-1, max-image-preview:large, max-video-preview:-1\" \/>\n<link rel=\"canonical\" href=\"https:\/\/www.visiterarles.com\/en\/blog\/2014\/07\/12\/votre-location-de-velo-avec-un-bebe-a-arles-1468\/\" \/>\n<meta name=\"twitter:label1\" content=\"Written by\" \/>\n\t<meta name=\"twitter:data1\" content=\"Linkadm\" \/>\n\t<meta name=\"twitter:label2\" content=\"Estimated reading time\" \/>\n\t<meta name=\"twitter:data2\" content=\"1 minute\" \/>\n<script type=\"application\/ld+json\" class=\"yoast-schema-graph\">{\"@context\":\"https:\/\/schema.org\",\"@graph\":[{\"@type\":\"Article\",\"@id\":\"https:\/\/www.visiterarles.com\/blog\/2014\/07\/12\/votre-location-de-velo-avec-un-bebe-a-arles-1468\/#article\",\"isPartOf\":{\"@id\":\"https:\/\/www.visiterarles.com\/blog\/2014\/07\/12\/votre-location-de-velo-avec-un-bebe-a-arles-1468\/\"},\"author\":{\"name\":\"Linkadm\",\"@id\":\"https:\/\/www.visiterarles.com\/en\/#\/schema\/person\/ba5912e4613018f479a2d86815a53576\"},\"headline\":\"Votre location de v\u00e9lo avec un b\u00e9b\u00e9 \u00e0 Arles\",\"datePublished\":\"2014-07-12T10:48:00+00:00\",\"dateModified\":\"2014-07-12T10:48:00+00:00\",\"mainEntityOfPage\":{\"@id\":\"https:\/\/www.visiterarles.com\/blog\/2014\/07\/12\/votre-location-de-velo-avec-un-bebe-a-arles-1468\/\"},\"wordCount\":243,\"commentCount\":0,\"publisher\":{\"@id\":\"https:\/\/www.visiterarles.com\/en\/#organization\"},\"articleSection\":[\"Informations\"],\"inLanguage\":\"en-GB\",\"potentialAction\":[{\"@type\":\"CommentAction\",\"name\":\"Comment\",\"target\":[\"https:\/\/www.visiterarles.com\/blog\/2014\/07\/12\/votre-location-de-velo-avec-un-bebe-a-arles-1468\/#respond\"]}]},{\"@type\":\"WebPage\",\"@id\":\"https:\/\/www.visiterarles.com\/blog\/2014\/07\/12\/votre-location-de-velo-avec-un-bebe-a-arles-1468\/\",\"url\":\"https:\/\/www.visiterarles.com\/blog\/2014\/07\/12\/votre-location-de-velo-avec-un-bebe-a-arles-1468\/\",\"name\":\"Votre location de v\u00e9lo avec un b\u00e9b\u00e9 \u00e0 Arles - Visiter Arles\",\"isPartOf\":{\"@id\":\"https:\/\/www.visiterarles.com\/en\/#website\"},\"datePublished\":\"2014-07-12T10:48:00+00:00\",\"dateModified\":\"2014-07-12T10:48:00+00:00\",\"breadcrumb\":{\"@id\":\"https:\/\/www.visiterarles.com\/blog\/2014\/07\/12\/votre-location-de-velo-avec-un-bebe-a-arles-1468\/#breadcrumb\"},\"inLanguage\":\"en-GB\",\"potentialAction\":[{\"@type\":\"ReadAction\",\"target\":[\"https:\/\/www.visiterarles.com\/blog\/2014\/07\/12\/votre-location-de-velo-avec-un-bebe-a-arles-1468\/\"]}]},{\"@type\":\"BreadcrumbList\",\"@id\":\"https:\/\/www.visiterarles.com\/blog\/2014\/07\/12\/votre-location-de-velo-avec-un-bebe-a-arles-1468\/#breadcrumb\",\"itemListElement\":[{\"@type\":\"ListItem\",\"position\":1,\"name\":\"Home\",\"item\":\"https:\/\/www.visiterarles.com\/\"},{\"@type\":\"ListItem\",\"position\":2,\"name\":\"Votre location de v\u00e9lo avec un b\u00e9b\u00e9 \u00e0 Arles\"}]},{\"@type\":\"WebSite\",\"@id\":\"https:\/\/www.visiterarles.com\/en\/#website\",\"url\":\"https:\/\/www.visiterarles.com\/en\/\",\"name\":\"Visiter Arles\",\"description\":\"Tourisme en Provence \u00e0 Arles\",\"publisher\":{\"@id\":\"https:\/\/www.visiterarles.com\/en\/#organization\"},\"potentialAction\":[{\"@type\":\"SearchAction\",\"target\":{\"@type\":\"EntryPoint\",\"urlTemplate\":\"https:\/\/www.visiterarles.com\/en\/?s={search_term_string}\"},\"query-input\":\"required name=search_term_string\"}],\"inLanguage\":\"en-GB\"},{\"@type\":\"Organization\",\"@id\":\"https:\/\/www.visiterarles.com\/en\/#organization\",\"name\":\"Visiter Arles\",\"url\":\"https:\/\/www.visiterarles.com\/en\/\",\"logo\":{\"@type\":\"ImageObject\",\"inLanguage\":\"en-GB\",\"@id\":\"https:\/\/www.visiterarles.com\/en\/#\/schema\/logo\/image\/\",\"url\":\"https:\/\/www.visiterarles.com\/wp-content\/uploads\/2017\/10\/taco-and-co-1-1.jpg\",\"contentUrl\":\"https:\/\/www.visiterarles.com\/wp-content\/uploads\/2017\/10\/taco-and-co-1-1.jpg\",\"width\":124,\"height\":73,\"caption\":\"Visiter Arles\"},\"image\":{\"@id\":\"https:\/\/www.visiterarles.com\/en\/#\/schema\/logo\/image\/\"}},{\"@type\":\"Person\",\"@id\":\"https:\/\/www.visiterarles.com\/en\/#\/schema\/person\/ba5912e4613018f479a2d86815a53576\",\"name\":\"Linkadm\",\"image\":{\"@type\":\"ImageObject\",\"inLanguage\":\"en-GB\",\"@id\":\"https:\/\/www.visiterarles.com\/en\/#\/schema\/person\/image\/\",\"url\":\"https:\/\/secure.gravatar.com\/avatar\/4709ec209921503e8d8cc96168eddc49?s=96&d=mm&r=g\",\"contentUrl\":\"https:\/\/secure.gravatar.com\/avatar\/4709ec209921503e8d8cc96168eddc49?s=96&d=mm&r=g\",\"caption\":\"Linkadm\"},\"url\":\"https:\/\/www.visiterarles.com\/en\/blog\/author\/admin\/\"}]}<\/script>\n<!-- \/ Yoast SEO plugin. -->","yoast_head_json":{"title":"Votre location de v\u00e9lo avec un b\u00e9b\u00e9 \u00e0 Arles - Visiter Arles","robots":{"index":"index","follow":"follow","max-snippet":"max-snippet:-1","max-image-preview":"max-image-preview:large","max-video-preview":"max-video-preview:-1"},"canonical":"https:\/\/www.visiterarles.com\/en\/blog\/2014\/07\/12\/votre-location-de-velo-avec-un-bebe-a-arles-1468\/","twitter_misc":{"Written by":"Linkadm","Estimated reading time":"1 minute"},"schema":{"@context":"https:\/\/schema.org","@graph":[{"@type":"Article","@id":"https:\/\/www.visiterarles.com\/blog\/2014\/07\/12\/votre-location-de-velo-avec-un-bebe-a-arles-1468\/#article","isPartOf":{"@id":"https:\/\/www.visiterarles.com\/blog\/2014\/07\/12\/votre-location-de-velo-avec-un-bebe-a-arles-1468\/"},"author":{"name":"Linkadm","@id":"https:\/\/www.visiterarles.com\/en\/#\/schema\/person\/ba5912e4613018f479a2d86815a53576"},"headline":"Votre location de v\u00e9lo avec un b\u00e9b\u00e9 \u00e0 Arles","datePublished":"2014-07-12T10:48:00+00:00","dateModified":"2014-07-12T10:48:00+00:00","mainEntityOfPage":{"@id":"https:\/\/www.visiterarles.com\/blog\/2014\/07\/12\/votre-location-de-velo-avec-un-bebe-a-arles-1468\/"},"wordCount":243,"commentCount":0,"publisher":{"@id":"https:\/\/www.visiterarles.com\/en\/#organization"},"articleSection":["Informations"],"inLanguage":"en-GB","potentialAction":[{"@type":"CommentAction","name":"Comment","target":["https:\/\/www.visiterarles.com\/blog\/2014\/07\/12\/votre-location-de-velo-avec-un-bebe-a-arles-1468\/#respond"]}]},{"@type":"WebPage","@id":"https:\/\/www.visiterarles.com\/blog\/2014\/07\/12\/votre-location-de-velo-avec-un-bebe-a-arles-1468\/","url":"https:\/\/www.visiterarles.com\/blog\/2014\/07\/12\/votre-location-de-velo-avec-un-bebe-a-arles-1468\/","name":"Votre location de v\u00e9lo avec un b\u00e9b\u00e9 \u00e0 Arles - Visiter Arles","isPartOf":{"@id":"https:\/\/www.visiterarles.com\/en\/#website"},"datePublished":"2014-07-12T10:48:00+00:00","dateModified":"2014-07-12T10:48:00+00:00","breadcrumb":{"@id":"https:\/\/www.visiterarles.com\/blog\/2014\/07\/12\/votre-location-de-velo-avec-un-bebe-a-arles-1468\/#breadcrumb"},"inLanguage":"en-GB","potentialAction":[{"@type":"ReadAction","target":["https:\/\/www.visiterarles.com\/blog\/2014\/07\/12\/votre-location-de-velo-avec-un-bebe-a-arles-1468\/"]}]},{"@type":"BreadcrumbList","@id":"https:\/\/www.visiterarles.com\/blog\/2014\/07\/12\/votre-location-de-velo-avec-un-bebe-a-arles-1468\/#breadcrumb","itemListElement":[{"@type":"ListItem","position":1,"name":"Home","item":"https:\/\/www.visiterarles.com\/"},{"@type":"ListItem","position":2,"name":"Votre location de v\u00e9lo avec un b\u00e9b\u00e9 \u00e0 Arles"}]},{"@type":"WebSite","@id":"https:\/\/www.visiterarles.com\/en\/#website","url":"https:\/\/www.visiterarles.com\/en\/","name":"Visiter Arles","description":"Tourisme en Provence \u00e0 Arles","publisher":{"@id":"https:\/\/www.visiterarles.com\/en\/#organization"},"potentialAction":[{"@type":"SearchAction","target":{"@type":"EntryPoint","urlTemplate":"https:\/\/www.visiterarles.com\/en\/?s={search_term_string}"},"query-input":"required name=search_term_string"}],"inLanguage":"en-GB"},{"@type":"Organization","@id":"https:\/\/www.visiterarles.com\/en\/#organization","name":"Visiter Arles","url":"https:\/\/www.visiterarles.com\/en\/","logo":{"@type":"ImageObject","inLanguage":"en-GB","@id":"https:\/\/www.visiterarles.com\/en\/#\/schema\/logo\/image\/","url":"https:\/\/www.visiterarles.com\/wp-content\/uploads\/2017\/10\/taco-and-co-1-1.jpg","contentUrl":"https:\/\/www.visiterarles.com\/wp-content\/uploads\/2017\/10\/taco-and-co-1-1.jpg","width":124,"height":73,"caption":"Visiter Arles"},"image":{"@id":"https:\/\/www.visiterarles.com\/en\/#\/schema\/logo\/image\/"}},{"@type":"Person","@id":"https:\/\/www.visiterarles.com\/en\/#\/schema\/person\/ba5912e4613018f479a2d86815a53576","name":"Linkadm","image":{"@type":"ImageObject","inLanguage":"en-GB","@id":"https:\/\/www.visiterarles.com\/en\/#\/schema\/person\/image\/","url":"https:\/\/secure.gravatar.com\/avatar\/4709ec209921503e8d8cc96168eddc49?s=96&d=mm&r=g","contentUrl":"https:\/\/secure.gravatar.com\/avatar\/4709ec209921503e8d8cc96168eddc49?s=96&d=mm&r=g","caption":"Linkadm"},"url":"https:\/\/www.visiterarles.com\/en\/blog\/author\/admin\/"}]}},"_links":{"self":[{"href":"https:\/\/www.visiterarles.com\/en\/wp-json\/wp\/v2\/posts\/27464"}],"collection":[{"href":"https:\/\/www.visiterarles.com\/en\/wp-json\/wp\/v2\/posts"}],"about":[{"href":"https:\/\/www.visiterarles.com\/en\/wp-json\/wp\/v2\/types\/post"}],"author":[{"embeddable":true,"href":"https:\/\/www.visiterarles.com\/en\/wp-json\/wp\/v2\/users\/1"}],"replies":[{"embeddable":true,"href":"https:\/\/www.visiterarles.com\/en\/wp-json\/wp\/v2\/comments?post=27464"}],"version-history":[{"count":0,"href":"https:\/\/www.visiterarles.com\/en\/wp-json\/wp\/v2\/posts\/27464\/revisions"}],"wp:attachment":[{"href":"https:\/\/www.visiterarles.com\/en\/wp-json\/wp\/v2\/media?parent=27464"}],"wp:term":[{"taxonomy":"category","embeddable":true,"href":"https:\/\/www.visiterarles.com\/en\/wp-json\/wp\/v2\/categories?post=27464"},{"taxonomy":"post_tag","embeddable":true,"href":"https:\/\/www.visiterarles.com\/en\/wp-json\/wp\/v2\/tags?post=27464"}],"curies":[{"name":"wp","href":"https:\/\/api.w.org\/{rel}","templated":true}]}}