{"id":2748,"date":"2013-12-18T08:42:32","date_gmt":"2013-12-18T08:42:32","guid":{"rendered":"https:\/\/www.visiterarles.com\/?p=2748"},"modified":"2013-12-19T13:42:21","modified_gmt":"2013-12-19T13:42:21","slug":"parution-presse-la-logistique-inverse-propose-par-taco-and-co-dans-la-provence-du-17-decembre-2013","status":"publish","type":"post","link":"https:\/\/www.visiterarles.com\/en\/blog\/2013\/12\/18\/parution-presse-la-logistique-inverse-propose-par-taco-and-co-dans-la-provence-du-17-decembre-2013\/","title":{"rendered":"Parution presse: La logistique invers\u00e9e propos\u00e9e par Taco and Co dans La Provence du 17 d\u00e9cembre 2013"},"content":{"rendered":"<p>Nouvelle parution presse pour Taco and Co dans la Provence du 17 d\u00e9cembre 2013.<\/p>\n<p>Dans le cadre d&rsquo;un article sur le ramassage des ordures sur Arles, les services \u00e9cologiques de ramassage de verres et cartons \u00a0propos\u00e9s par Taco and Co sont \u00e9voqu\u00e9s.<\/p>\n<p>Merci \u00e0 eux.<\/p>\n<figure id=\"attachment_2749\" aria-describedby=\"caption-attachment-2749\" style=\"width: 800px\" class=\"wp-caption aligncenter\"><a href=\"https:\/\/www.visiterarles.com\/wp-content\/uploads\/2013\/12\/Parution-presse-dans-Provence-du-17-d\u00e9cembre-2013.jpg\"><img fetchpriority=\"high\" decoding=\"async\" class=\"size-full wp-image-2749\" alt=\"Parution presse dans Provence du 17 d\u00e9cembre 2013\" src=\"https:\/\/www.visiterarles.com\/wp-content\/uploads\/2013\/12\/Parution-presse-dans-Provence-du-17-d\u00e9cembre-2013.jpg\" width=\"800\" height=\"561\" srcset=\"https:\/\/www.visiterarles.com\/wp-content\/uploads\/2013\/12\/Parution-presse-dans-Provence-du-17-d\u00e9cembre-2013.jpg 800w, https:\/\/www.visiterarles.com\/wp-content\/uploads\/2013\/12\/Parution-presse-dans-Provence-du-17-d\u00e9cembre-2013-300x210.jpg 300w\" sizes=\"(max-width: 800px) 100vw, 800px\" \/><\/a><figcaption id=\"caption-attachment-2749\" class=\"wp-caption-text\">Parution presse dans Provence du 17 d\u00e9cembre 2013<\/figcaption><\/figure>\n<p>&nbsp;<\/p>\n<p>&nbsp;<\/p>\n<p>&nbsp;<\/p>\n<p>&nbsp;<\/p>","protected":false},"excerpt":{"rendered":"<p>Nouvelle parution presse pour Taco and Co dans la Provence du 17 d\u00e9cembre 2013. Dans le cadre d&rsquo;un article sur le ramassage des ordures sur Arles, les services \u00e9cologiques de ramassage de verres et cartons \u00a0propos\u00e9s par Taco and Co sont \u00e9voqu\u00e9s. Merci \u00e0 eux. &nbsp; &nbsp; &nbsp; &nbsp;<\/p>","protected":false},"author":2,"featured_media":2749,"comment_status":"closed","ping_status":"closed","sticky":false,"template":"","format":"standard","meta":{"footnotes":""},"categories":[4,3,23,6],"tags":[],"aioseo_notices":[],"yoast_head":"<!-- This site is optimized with the Yoast SEO plugin v22.3 - https:\/\/yoast.com\/wordpress\/plugins\/seo\/ -->\n<title>Parution presse: La logistique invers\u00e9e propos\u00e9e par Taco and Co dans La Provence du 17 d\u00e9cembre 2013 - Visiter Arles<\/title>\n<meta name=\"robots\" content=\"index, follow, max-snippet:-1, max-image-preview:large, max-video-preview:-1\" \/>\n<link rel=\"canonical\" href=\"https:\/\/www.visiterarles.com\/en\/blog\/2013\/12\/18\/parution-presse-la-logistique-inverse-propose-par-taco-and-co-dans-la-provence-du-17-decembre-2013\/\" \/>\n<meta name=\"twitter:label1\" content=\"Written by\" \/>\n\t<meta name=\"twitter:data1\" content=\"damien\" \/>\n<script type=\"application\/ld+json\" class=\"yoast-schema-graph\">{\"@context\":\"https:\/\/schema.org\",\"@graph\":[{\"@type\":\"Article\",\"@id\":\"https:\/\/www.visiterarles.com\/en\/blog\/2013\/12\/18\/parution-presse-la-logistique-inverse-propose-par-taco-and-co-dans-la-provence-du-17-decembre-2013\/#article\",\"isPartOf\":{\"@id\":\"https:\/\/www.visiterarles.com\/en\/blog\/2013\/12\/18\/parution-presse-la-logistique-inverse-propose-par-taco-and-co-dans-la-provence-du-17-decembre-2013\/\"},\"author\":{\"name\":\"damien\",\"@id\":\"https:\/\/www.visiterarles.com\/en\/#\/schema\/person\/0ef93571b2fe272c676137a002139d56\"},\"headline\":\"Parution presse: La logistique invers\u00e9e propos\u00e9e par Taco and Co dans La Provence du 17 d\u00e9cembre 2013\",\"datePublished\":\"2013-12-18T08:42:32+00:00\",\"dateModified\":\"2013-12-19T13:42:21+00:00\",\"mainEntityOfPage\":{\"@id\":\"https:\/\/www.visiterarles.com\/en\/blog\/2013\/12\/18\/parution-presse-la-logistique-inverse-propose-par-taco-and-co-dans-la-provence-du-17-decembre-2013\/\"},\"wordCount\":82,\"publisher\":{\"@id\":\"https:\/\/www.visiterarles.com\/en\/#organization\"},\"image\":{\"@id\":\"https:\/\/www.visiterarles.com\/en\/blog\/2013\/12\/18\/parution-presse-la-logistique-inverse-propose-par-taco-and-co-dans-la-provence-du-17-decembre-2013\/#primaryimage\"},\"thumbnailUrl\":\"https:\/\/www.visiterarles.com\/wp-content\/uploads\/2013\/12\/Parution-presse-dans-Provence-du-17-d\u00e9cembre-2013.jpg\",\"articleSection\":[\"accueil\",\"Actualit\u00e9s\",\"Ils parlent de nous\",\"Presse\"],\"inLanguage\":\"en-GB\"},{\"@type\":\"WebPage\",\"@id\":\"https:\/\/www.visiterarles.com\/en\/blog\/2013\/12\/18\/parution-presse-la-logistique-inverse-propose-par-taco-and-co-dans-la-provence-du-17-decembre-2013\/\",\"url\":\"https:\/\/www.visiterarles.com\/en\/blog\/2013\/12\/18\/parution-presse-la-logistique-inverse-propose-par-taco-and-co-dans-la-provence-du-17-decembre-2013\/\",\"name\":\"Parution presse: La logistique invers\u00e9e propos\u00e9e par Taco and Co dans La Provence du 17 d\u00e9cembre 2013 - Visiter Arles\",\"isPartOf\":{\"@id\":\"https:\/\/www.visiterarles.com\/en\/#website\"},\"primaryImageOfPage\":{\"@id\":\"https:\/\/www.visiterarles.com\/en\/blog\/2013\/12\/18\/parution-presse-la-logistique-inverse-propose-par-taco-and-co-dans-la-provence-du-17-decembre-2013\/#primaryimage\"},\"image\":{\"@id\":\"https:\/\/www.visiterarles.com\/en\/blog\/2013\/12\/18\/parution-presse-la-logistique-inverse-propose-par-taco-and-co-dans-la-provence-du-17-decembre-2013\/#primaryimage\"},\"thumbnailUrl\":\"https:\/\/www.visiterarles.com\/wp-content\/uploads\/2013\/12\/Parution-presse-dans-Provence-du-17-d\u00e9cembre-2013.jpg\",\"datePublished\":\"2013-12-18T08:42:32+00:00\",\"dateModified\":\"2013-12-19T13:42:21+00:00\",\"breadcrumb\":{\"@id\":\"https:\/\/www.visiterarles.com\/en\/blog\/2013\/12\/18\/parution-presse-la-logistique-inverse-propose-par-taco-and-co-dans-la-provence-du-17-decembre-2013\/#breadcrumb\"},\"inLanguage\":\"en-GB\",\"potentialAction\":[{\"@type\":\"ReadAction\",\"target\":[\"https:\/\/www.visiterarles.com\/en\/blog\/2013\/12\/18\/parution-presse-la-logistique-inverse-propose-par-taco-and-co-dans-la-provence-du-17-decembre-2013\/\"]}]},{\"@type\":\"ImageObject\",\"inLanguage\":\"en-GB\",\"@id\":\"https:\/\/www.visiterarles.com\/en\/blog\/2013\/12\/18\/parution-presse-la-logistique-inverse-propose-par-taco-and-co-dans-la-provence-du-17-decembre-2013\/#primaryimage\",\"url\":\"https:\/\/www.visiterarles.com\/wp-content\/uploads\/2013\/12\/Parution-presse-dans-Provence-du-17-d\u00e9cembre-2013.jpg\",\"contentUrl\":\"https:\/\/www.visiterarles.com\/wp-content\/uploads\/2013\/12\/Parution-presse-dans-Provence-du-17-d\u00e9cembre-2013.jpg\",\"width\":800,\"height\":561,\"caption\":\"Parution presse dans Provence du 17 d\u00e9cembre 2013\"},{\"@type\":\"BreadcrumbList\",\"@id\":\"https:\/\/www.visiterarles.com\/en\/blog\/2013\/12\/18\/parution-presse-la-logistique-inverse-propose-par-taco-and-co-dans-la-provence-du-17-decembre-2013\/#breadcrumb\",\"itemListElement\":[{\"@type\":\"ListItem\",\"position\":1,\"name\":\"Home\",\"item\":\"https:\/\/www.visiterarles.com\/\"},{\"@type\":\"ListItem\",\"position\":2,\"name\":\"Parution presse: La logistique invers\u00e9e propos\u00e9e par Taco and Co dans La Provence du 17 d\u00e9cembre 2013\"}]},{\"@type\":\"WebSite\",\"@id\":\"https:\/\/www.visiterarles.com\/en\/#website\",\"url\":\"https:\/\/www.visiterarles.com\/en\/\",\"name\":\"Visiter Arles\",\"description\":\"Tourisme en Provence \u00e0 Arles\",\"publisher\":{\"@id\":\"https:\/\/www.visiterarles.com\/en\/#organization\"},\"potentialAction\":[{\"@type\":\"SearchAction\",\"target\":{\"@type\":\"EntryPoint\",\"urlTemplate\":\"https:\/\/www.visiterarles.com\/en\/?s={search_term_string}\"},\"query-input\":\"required name=search_term_string\"}],\"inLanguage\":\"en-GB\"},{\"@type\":\"Organization\",\"@id\":\"https:\/\/www.visiterarles.com\/en\/#organization\",\"name\":\"Visiter Arles\",\"url\":\"https:\/\/www.visiterarles.com\/en\/\",\"logo\":{\"@type\":\"ImageObject\",\"inLanguage\":\"en-GB\",\"@id\":\"https:\/\/www.visiterarles.com\/en\/#\/schema\/logo\/image\/\",\"url\":\"https:\/\/www.visiterarles.com\/wp-content\/uploads\/2017\/10\/taco-and-co-1-1.jpg\",\"contentUrl\":\"https:\/\/www.visiterarles.com\/wp-content\/uploads\/2017\/10\/taco-and-co-1-1.jpg\",\"width\":124,\"height\":73,\"caption\":\"Visiter Arles\"},\"image\":{\"@id\":\"https:\/\/www.visiterarles.com\/en\/#\/schema\/logo\/image\/\"}},{\"@type\":\"Person\",\"@id\":\"https:\/\/www.visiterarles.com\/en\/#\/schema\/person\/0ef93571b2fe272c676137a002139d56\",\"name\":\"damien\",\"image\":{\"@type\":\"ImageObject\",\"inLanguage\":\"en-GB\",\"@id\":\"https:\/\/www.visiterarles.com\/en\/#\/schema\/person\/image\/\",\"url\":\"https:\/\/secure.gravatar.com\/avatar\/7a0d4f0af72a2d627adac81a8c10a5b6?s=96&d=mm&r=g\",\"contentUrl\":\"https:\/\/secure.gravatar.com\/avatar\/7a0d4f0af72a2d627adac81a8c10a5b6?s=96&d=mm&r=g\",\"caption\":\"damien\"},\"url\":\"https:\/\/www.visiterarles.com\/en\/blog\/author\/damien\/\"}]}<\/script>\n<!-- \/ Yoast SEO plugin. -->","yoast_head_json":{"title":"Parution presse: La logistique invers\u00e9e propos\u00e9e par Taco and Co dans La Provence du 17 d\u00e9cembre 2013 - Visiter Arles","robots":{"index":"index","follow":"follow","max-snippet":"max-snippet:-1","max-image-preview":"max-image-preview:large","max-video-preview":"max-video-preview:-1"},"canonical":"https:\/\/www.visiterarles.com\/en\/blog\/2013\/12\/18\/parution-presse-la-logistique-inverse-propose-par-taco-and-co-dans-la-provence-du-17-decembre-2013\/","twitter_misc":{"Written by":"damien"},"schema":{"@context":"https:\/\/schema.org","@graph":[{"@type":"Article","@id":"https:\/\/www.visiterarles.com\/en\/blog\/2013\/12\/18\/parution-presse-la-logistique-inverse-propose-par-taco-and-co-dans-la-provence-du-17-decembre-2013\/#article","isPartOf":{"@id":"https:\/\/www.visiterarles.com\/en\/blog\/2013\/12\/18\/parution-presse-la-logistique-inverse-propose-par-taco-and-co-dans-la-provence-du-17-decembre-2013\/"},"author":{"name":"damien","@id":"https:\/\/www.visiterarles.com\/en\/#\/schema\/person\/0ef93571b2fe272c676137a002139d56"},"headline":"Parution presse: La logistique invers\u00e9e propos\u00e9e par Taco and Co dans La Provence du 17 d\u00e9cembre 2013","datePublished":"2013-12-18T08:42:32+00:00","dateModified":"2013-12-19T13:42:21+00:00","mainEntityOfPage":{"@id":"https:\/\/www.visiterarles.com\/en\/blog\/2013\/12\/18\/parution-presse-la-logistique-inverse-propose-par-taco-and-co-dans-la-provence-du-17-decembre-2013\/"},"wordCount":82,"publisher":{"@id":"https:\/\/www.visiterarles.com\/en\/#organization"},"image":{"@id":"https:\/\/www.visiterarles.com\/en\/blog\/2013\/12\/18\/parution-presse-la-logistique-inverse-propose-par-taco-and-co-dans-la-provence-du-17-decembre-2013\/#primaryimage"},"thumbnailUrl":"https:\/\/www.visiterarles.com\/wp-content\/uploads\/2013\/12\/Parution-presse-dans-Provence-du-17-d\u00e9cembre-2013.jpg","articleSection":["accueil","Actualit\u00e9s","Ils parlent de nous","Presse"],"inLanguage":"en-GB"},{"@type":"WebPage","@id":"https:\/\/www.visiterarles.com\/en\/blog\/2013\/12\/18\/parution-presse-la-logistique-inverse-propose-par-taco-and-co-dans-la-provence-du-17-decembre-2013\/","url":"https:\/\/www.visiterarles.com\/en\/blog\/2013\/12\/18\/parution-presse-la-logistique-inverse-propose-par-taco-and-co-dans-la-provence-du-17-decembre-2013\/","name":"Parution presse: La logistique invers\u00e9e propos\u00e9e par Taco and Co dans La Provence du 17 d\u00e9cembre 2013 - Visiter Arles","isPartOf":{"@id":"https:\/\/www.visiterarles.com\/en\/#website"},"primaryImageOfPage":{"@id":"https:\/\/www.visiterarles.com\/en\/blog\/2013\/12\/18\/parution-presse-la-logistique-inverse-propose-par-taco-and-co-dans-la-provence-du-17-decembre-2013\/#primaryimage"},"image":{"@id":"https:\/\/www.visiterarles.com\/en\/blog\/2013\/12\/18\/parution-presse-la-logistique-inverse-propose-par-taco-and-co-dans-la-provence-du-17-decembre-2013\/#primaryimage"},"thumbnailUrl":"https:\/\/www.visiterarles.com\/wp-content\/uploads\/2013\/12\/Parution-presse-dans-Provence-du-17-d\u00e9cembre-2013.jpg","datePublished":"2013-12-18T08:42:32+00:00","dateModified":"2013-12-19T13:42:21+00:00","breadcrumb":{"@id":"https:\/\/www.visiterarles.com\/en\/blog\/2013\/12\/18\/parution-presse-la-logistique-inverse-propose-par-taco-and-co-dans-la-provence-du-17-decembre-2013\/#breadcrumb"},"inLanguage":"en-GB","potentialAction":[{"@type":"ReadAction","target":["https:\/\/www.visiterarles.com\/en\/blog\/2013\/12\/18\/parution-presse-la-logistique-inverse-propose-par-taco-and-co-dans-la-provence-du-17-decembre-2013\/"]}]},{"@type":"ImageObject","inLanguage":"en-GB","@id":"https:\/\/www.visiterarles.com\/en\/blog\/2013\/12\/18\/parution-presse-la-logistique-inverse-propose-par-taco-and-co-dans-la-provence-du-17-decembre-2013\/#primaryimage","url":"https:\/\/www.visiterarles.com\/wp-content\/uploads\/2013\/12\/Parution-presse-dans-Provence-du-17-d\u00e9cembre-2013.jpg","contentUrl":"https:\/\/www.visiterarles.com\/wp-content\/uploads\/2013\/12\/Parution-presse-dans-Provence-du-17-d\u00e9cembre-2013.jpg","width":800,"height":561,"caption":"Parution presse dans Provence du 17 d\u00e9cembre 2013"},{"@type":"BreadcrumbList","@id":"https:\/\/www.visiterarles.com\/en\/blog\/2013\/12\/18\/parution-presse-la-logistique-inverse-propose-par-taco-and-co-dans-la-provence-du-17-decembre-2013\/#breadcrumb","itemListElement":[{"@type":"ListItem","position":1,"name":"Home","item":"https:\/\/www.visiterarles.com\/"},{"@type":"ListItem","position":2,"name":"Parution presse: La logistique invers\u00e9e propos\u00e9e par Taco and Co dans La Provence du 17 d\u00e9cembre 2013"}]},{"@type":"WebSite","@id":"https:\/\/www.visiterarles.com\/en\/#website","url":"https:\/\/www.visiterarles.com\/en\/","name":"Visiter Arles","description":"Tourisme en Provence \u00e0 Arles","publisher":{"@id":"https:\/\/www.visiterarles.com\/en\/#organization"},"potentialAction":[{"@type":"SearchAction","target":{"@type":"EntryPoint","urlTemplate":"https:\/\/www.visiterarles.com\/en\/?s={search_term_string}"},"query-input":"required name=search_term_string"}],"inLanguage":"en-GB"},{"@type":"Organization","@id":"https:\/\/www.visiterarles.com\/en\/#organization","name":"Visiter Arles","url":"https:\/\/www.visiterarles.com\/en\/","logo":{"@type":"ImageObject","inLanguage":"en-GB","@id":"https:\/\/www.visiterarles.com\/en\/#\/schema\/logo\/image\/","url":"https:\/\/www.visiterarles.com\/wp-content\/uploads\/2017\/10\/taco-and-co-1-1.jpg","contentUrl":"https:\/\/www.visiterarles.com\/wp-content\/uploads\/2017\/10\/taco-and-co-1-1.jpg","width":124,"height":73,"caption":"Visiter Arles"},"image":{"@id":"https:\/\/www.visiterarles.com\/en\/#\/schema\/logo\/image\/"}},{"@type":"Person","@id":"https:\/\/www.visiterarles.com\/en\/#\/schema\/person\/0ef93571b2fe272c676137a002139d56","name":"damien","image":{"@type":"ImageObject","inLanguage":"en-GB","@id":"https:\/\/www.visiterarles.com\/en\/#\/schema\/person\/image\/","url":"https:\/\/secure.gravatar.com\/avatar\/7a0d4f0af72a2d627adac81a8c10a5b6?s=96&d=mm&r=g","contentUrl":"https:\/\/secure.gravatar.com\/avatar\/7a0d4f0af72a2d627adac81a8c10a5b6?s=96&d=mm&r=g","caption":"damien"},"url":"https:\/\/www.visiterarles.com\/en\/blog\/author\/damien\/"}]}},"_links":{"self":[{"href":"https:\/\/www.visiterarles.com\/en\/wp-json\/wp\/v2\/posts\/2748"}],"collection":[{"href":"https:\/\/www.visiterarles.com\/en\/wp-json\/wp\/v2\/posts"}],"about":[{"href":"https:\/\/www.visiterarles.com\/en\/wp-json\/wp\/v2\/types\/post"}],"author":[{"embeddable":true,"href":"https:\/\/www.visiterarles.com\/en\/wp-json\/wp\/v2\/users\/2"}],"replies":[{"embeddable":true,"href":"https:\/\/www.visiterarles.com\/en\/wp-json\/wp\/v2\/comments?post=2748"}],"version-history":[{"count":2,"href":"https:\/\/www.visiterarles.com\/en\/wp-json\/wp\/v2\/posts\/2748\/revisions"}],"predecessor-version":[{"id":2752,"href":"https:\/\/www.visiterarles.com\/en\/wp-json\/wp\/v2\/posts\/2748\/revisions\/2752"}],"wp:featuredmedia":[{"embeddable":true,"href":"https:\/\/www.visiterarles.com\/en\/wp-json\/wp\/v2\/media\/2749"}],"wp:attachment":[{"href":"https:\/\/www.visiterarles.com\/en\/wp-json\/wp\/v2\/media?parent=2748"}],"wp:term":[{"taxonomy":"category","embeddable":true,"href":"https:\/\/www.visiterarles.com\/en\/wp-json\/wp\/v2\/categories?post=2748"},{"taxonomy":"post_tag","embeddable":true,"href":"https:\/\/www.visiterarles.com\/en\/wp-json\/wp\/v2\/tags?post=2748"}],"curies":[{"name":"wp","href":"https:\/\/api.w.org\/{rel}","templated":true}]}}