{"id":27507,"date":"2014-07-15T10:51:00","date_gmt":"2014-07-15T10:51:00","guid":{"rendered":"http:\/\/www.visiterarles.com\/votre-location-de-vtt-avec-des-enfants-a-arles-1993\/"},"modified":"2014-07-15T10:51:00","modified_gmt":"2014-07-15T10:51:00","slug":"votre-location-de-vtt-avec-des-enfants-a-arles-1993","status":"publish","type":"post","link":"https:\/\/www.visiterarles.com\/en\/blog\/2014\/07\/15\/votre-location-de-vtt-avec-des-enfants-a-arles-1993\/","title":{"rendered":"Votre location de vtt avec des enfants \u00e0 Arles"},"content":{"rendered":"<h4>Arles : une alternative respectueuse de la plan\u00e8te : la location de vtt avec des enfants<\/h4>\n<p>Faire la d\u00e9couverte du tr\u00e8s beau centre historique par le biais de la location de vtt avec des enfants sur Arles peut para\u00eetre une solution appropri\u00e9e pour chaque personne qui le souhaite. Peu importe o\u00f9 vous soyez dans Arles, il vous sera possible de jouir pleinement d\u2019une agr\u00e9able location de vtt en toute s\u00e9r\u00e9nit\u00e9. Au niveau des amateurs de d\u00e9couvertes, une location de vtt sur Arles, avec des enfants conviendra aux aspirations de tous, en toute logique.<\/p>\n<h4>S\u00e9lectionner votre location de vtt sur Arles<\/h4>\n<p>V\u00e9lo-Taco vous soumet un travail moderne mais \u00e9galement eco responsable m\u00ealant le transport mais \u00e9galement la vie culturelle \u00e0 Arles avec la location de vtt. Le concept consiste \u00e0 v\u00e9hiculer les individus de passage et les riverains via V\u00e9lo-Taco, partout dans la cit\u00e9. Le bon \u00e9tat de l&rsquo;\u00e9cologie est un composant qu\u2019aucune structure n&rsquo;a le droit d&rsquo;ignorer \u00e0 notre \u00e9poque. C&rsquo;est en toute logique que de fa\u00e7on \u00e0 fournir notre <a href=\"http:\/\/www.visiterarles.com\/en\/location-de-vtt-arles-1051\/\">location de vtt \u00e0 Arles<\/a> nous avons opt\u00e9 pour cette alternative. Beaucoup de personnes ont d\u00e9j\u00e0 s\u00e9lectionn\u00e9 V\u00e9lo-Taco pour d\u00e9couvrir les somptuosit\u00e9s de la cit\u00e9, en effet, notre location de vtt n&rsquo;est pas cher, mais surtout, elle est une aventure chaleureuse.<\/p>","protected":false},"excerpt":{"rendered":"<p>Arles : une alternative respectueuse de la plan\u00e8te : la location de vtt avec des enfants Faire la d\u00e9couverte du tr\u00e8s beau centre historique par le biais de la location de vtt avec des enfants sur Arles peut para\u00eetre une solution appropri\u00e9e pour chaque personne qui le souhaite. Peu importe o\u00f9 vous soyez dans Arles, [&hellip;]<\/p>","protected":false},"author":1,"featured_media":0,"comment_status":"open","ping_status":"open","sticky":false,"template":"","format":"standard","meta":{"footnotes":""},"categories":[55],"tags":[],"aioseo_notices":[],"yoast_head":"<!-- This site is optimized with the Yoast SEO plugin v22.3 - https:\/\/yoast.com\/wordpress\/plugins\/seo\/ -->\n<title>Votre location de vtt avec des enfants \u00e0 Arles - Visiter Arles<\/title>\n<meta name=\"robots\" content=\"index, follow, max-snippet:-1, max-image-preview:large, max-video-preview:-1\" \/>\n<link rel=\"canonical\" href=\"https:\/\/www.visiterarles.com\/en\/blog\/2014\/07\/15\/votre-location-de-vtt-avec-des-enfants-a-arles-1993\/\" \/>\n<meta name=\"twitter:label1\" content=\"Written by\" \/>\n\t<meta name=\"twitter:data1\" content=\"Linkadm\" \/>\n\t<meta name=\"twitter:label2\" content=\"Estimated reading time\" \/>\n\t<meta name=\"twitter:data2\" content=\"1 minute\" \/>\n<script type=\"application\/ld+json\" class=\"yoast-schema-graph\">{\"@context\":\"https:\/\/schema.org\",\"@graph\":[{\"@type\":\"Article\",\"@id\":\"https:\/\/www.visiterarles.com\/blog\/2014\/07\/15\/votre-location-de-vtt-avec-des-enfants-a-arles-1993\/#article\",\"isPartOf\":{\"@id\":\"https:\/\/www.visiterarles.com\/blog\/2014\/07\/15\/votre-location-de-vtt-avec-des-enfants-a-arles-1993\/\"},\"author\":{\"name\":\"Linkadm\",\"@id\":\"https:\/\/www.visiterarles.com\/en\/#\/schema\/person\/ba5912e4613018f479a2d86815a53576\"},\"headline\":\"Votre location de vtt avec des enfants \u00e0 Arles\",\"datePublished\":\"2014-07-15T10:51:00+00:00\",\"dateModified\":\"2014-07-15T10:51:00+00:00\",\"mainEntityOfPage\":{\"@id\":\"https:\/\/www.visiterarles.com\/blog\/2014\/07\/15\/votre-location-de-vtt-avec-des-enfants-a-arles-1993\/\"},\"wordCount\":239,\"commentCount\":0,\"publisher\":{\"@id\":\"https:\/\/www.visiterarles.com\/en\/#organization\"},\"articleSection\":[\"Informations\"],\"inLanguage\":\"en-GB\",\"potentialAction\":[{\"@type\":\"CommentAction\",\"name\":\"Comment\",\"target\":[\"https:\/\/www.visiterarles.com\/blog\/2014\/07\/15\/votre-location-de-vtt-avec-des-enfants-a-arles-1993\/#respond\"]}]},{\"@type\":\"WebPage\",\"@id\":\"https:\/\/www.visiterarles.com\/blog\/2014\/07\/15\/votre-location-de-vtt-avec-des-enfants-a-arles-1993\/\",\"url\":\"https:\/\/www.visiterarles.com\/blog\/2014\/07\/15\/votre-location-de-vtt-avec-des-enfants-a-arles-1993\/\",\"name\":\"Votre location de vtt avec des enfants \u00e0 Arles - Visiter Arles\",\"isPartOf\":{\"@id\":\"https:\/\/www.visiterarles.com\/en\/#website\"},\"datePublished\":\"2014-07-15T10:51:00+00:00\",\"dateModified\":\"2014-07-15T10:51:00+00:00\",\"breadcrumb\":{\"@id\":\"https:\/\/www.visiterarles.com\/blog\/2014\/07\/15\/votre-location-de-vtt-avec-des-enfants-a-arles-1993\/#breadcrumb\"},\"inLanguage\":\"en-GB\",\"potentialAction\":[{\"@type\":\"ReadAction\",\"target\":[\"https:\/\/www.visiterarles.com\/blog\/2014\/07\/15\/votre-location-de-vtt-avec-des-enfants-a-arles-1993\/\"]}]},{\"@type\":\"BreadcrumbList\",\"@id\":\"https:\/\/www.visiterarles.com\/blog\/2014\/07\/15\/votre-location-de-vtt-avec-des-enfants-a-arles-1993\/#breadcrumb\",\"itemListElement\":[{\"@type\":\"ListItem\",\"position\":1,\"name\":\"Home\",\"item\":\"https:\/\/www.visiterarles.com\/\"},{\"@type\":\"ListItem\",\"position\":2,\"name\":\"Votre location de vtt avec des enfants \u00e0 Arles\"}]},{\"@type\":\"WebSite\",\"@id\":\"https:\/\/www.visiterarles.com\/en\/#website\",\"url\":\"https:\/\/www.visiterarles.com\/en\/\",\"name\":\"Visiter Arles\",\"description\":\"Tourisme en Provence \u00e0 Arles\",\"publisher\":{\"@id\":\"https:\/\/www.visiterarles.com\/en\/#organization\"},\"potentialAction\":[{\"@type\":\"SearchAction\",\"target\":{\"@type\":\"EntryPoint\",\"urlTemplate\":\"https:\/\/www.visiterarles.com\/en\/?s={search_term_string}\"},\"query-input\":\"required name=search_term_string\"}],\"inLanguage\":\"en-GB\"},{\"@type\":\"Organization\",\"@id\":\"https:\/\/www.visiterarles.com\/en\/#organization\",\"name\":\"Visiter Arles\",\"url\":\"https:\/\/www.visiterarles.com\/en\/\",\"logo\":{\"@type\":\"ImageObject\",\"inLanguage\":\"en-GB\",\"@id\":\"https:\/\/www.visiterarles.com\/en\/#\/schema\/logo\/image\/\",\"url\":\"https:\/\/www.visiterarles.com\/wp-content\/uploads\/2017\/10\/taco-and-co-1-1.jpg\",\"contentUrl\":\"https:\/\/www.visiterarles.com\/wp-content\/uploads\/2017\/10\/taco-and-co-1-1.jpg\",\"width\":124,\"height\":73,\"caption\":\"Visiter Arles\"},\"image\":{\"@id\":\"https:\/\/www.visiterarles.com\/en\/#\/schema\/logo\/image\/\"}},{\"@type\":\"Person\",\"@id\":\"https:\/\/www.visiterarles.com\/en\/#\/schema\/person\/ba5912e4613018f479a2d86815a53576\",\"name\":\"Linkadm\",\"image\":{\"@type\":\"ImageObject\",\"inLanguage\":\"en-GB\",\"@id\":\"https:\/\/www.visiterarles.com\/en\/#\/schema\/person\/image\/\",\"url\":\"https:\/\/secure.gravatar.com\/avatar\/4709ec209921503e8d8cc96168eddc49?s=96&d=mm&r=g\",\"contentUrl\":\"https:\/\/secure.gravatar.com\/avatar\/4709ec209921503e8d8cc96168eddc49?s=96&d=mm&r=g\",\"caption\":\"Linkadm\"},\"url\":\"https:\/\/www.visiterarles.com\/en\/blog\/author\/admin\/\"}]}<\/script>\n<!-- \/ Yoast SEO plugin. -->","yoast_head_json":{"title":"Votre location de vtt avec des enfants \u00e0 Arles - Visiter Arles","robots":{"index":"index","follow":"follow","max-snippet":"max-snippet:-1","max-image-preview":"max-image-preview:large","max-video-preview":"max-video-preview:-1"},"canonical":"https:\/\/www.visiterarles.com\/en\/blog\/2014\/07\/15\/votre-location-de-vtt-avec-des-enfants-a-arles-1993\/","twitter_misc":{"Written by":"Linkadm","Estimated reading time":"1 minute"},"schema":{"@context":"https:\/\/schema.org","@graph":[{"@type":"Article","@id":"https:\/\/www.visiterarles.com\/blog\/2014\/07\/15\/votre-location-de-vtt-avec-des-enfants-a-arles-1993\/#article","isPartOf":{"@id":"https:\/\/www.visiterarles.com\/blog\/2014\/07\/15\/votre-location-de-vtt-avec-des-enfants-a-arles-1993\/"},"author":{"name":"Linkadm","@id":"https:\/\/www.visiterarles.com\/en\/#\/schema\/person\/ba5912e4613018f479a2d86815a53576"},"headline":"Votre location de vtt avec des enfants \u00e0 Arles","datePublished":"2014-07-15T10:51:00+00:00","dateModified":"2014-07-15T10:51:00+00:00","mainEntityOfPage":{"@id":"https:\/\/www.visiterarles.com\/blog\/2014\/07\/15\/votre-location-de-vtt-avec-des-enfants-a-arles-1993\/"},"wordCount":239,"commentCount":0,"publisher":{"@id":"https:\/\/www.visiterarles.com\/en\/#organization"},"articleSection":["Informations"],"inLanguage":"en-GB","potentialAction":[{"@type":"CommentAction","name":"Comment","target":["https:\/\/www.visiterarles.com\/blog\/2014\/07\/15\/votre-location-de-vtt-avec-des-enfants-a-arles-1993\/#respond"]}]},{"@type":"WebPage","@id":"https:\/\/www.visiterarles.com\/blog\/2014\/07\/15\/votre-location-de-vtt-avec-des-enfants-a-arles-1993\/","url":"https:\/\/www.visiterarles.com\/blog\/2014\/07\/15\/votre-location-de-vtt-avec-des-enfants-a-arles-1993\/","name":"Votre location de vtt avec des enfants \u00e0 Arles - Visiter Arles","isPartOf":{"@id":"https:\/\/www.visiterarles.com\/en\/#website"},"datePublished":"2014-07-15T10:51:00+00:00","dateModified":"2014-07-15T10:51:00+00:00","breadcrumb":{"@id":"https:\/\/www.visiterarles.com\/blog\/2014\/07\/15\/votre-location-de-vtt-avec-des-enfants-a-arles-1993\/#breadcrumb"},"inLanguage":"en-GB","potentialAction":[{"@type":"ReadAction","target":["https:\/\/www.visiterarles.com\/blog\/2014\/07\/15\/votre-location-de-vtt-avec-des-enfants-a-arles-1993\/"]}]},{"@type":"BreadcrumbList","@id":"https:\/\/www.visiterarles.com\/blog\/2014\/07\/15\/votre-location-de-vtt-avec-des-enfants-a-arles-1993\/#breadcrumb","itemListElement":[{"@type":"ListItem","position":1,"name":"Home","item":"https:\/\/www.visiterarles.com\/"},{"@type":"ListItem","position":2,"name":"Votre location de vtt avec des enfants \u00e0 Arles"}]},{"@type":"WebSite","@id":"https:\/\/www.visiterarles.com\/en\/#website","url":"https:\/\/www.visiterarles.com\/en\/","name":"Visiter Arles","description":"Tourisme en Provence \u00e0 Arles","publisher":{"@id":"https:\/\/www.visiterarles.com\/en\/#organization"},"potentialAction":[{"@type":"SearchAction","target":{"@type":"EntryPoint","urlTemplate":"https:\/\/www.visiterarles.com\/en\/?s={search_term_string}"},"query-input":"required name=search_term_string"}],"inLanguage":"en-GB"},{"@type":"Organization","@id":"https:\/\/www.visiterarles.com\/en\/#organization","name":"Visiter Arles","url":"https:\/\/www.visiterarles.com\/en\/","logo":{"@type":"ImageObject","inLanguage":"en-GB","@id":"https:\/\/www.visiterarles.com\/en\/#\/schema\/logo\/image\/","url":"https:\/\/www.visiterarles.com\/wp-content\/uploads\/2017\/10\/taco-and-co-1-1.jpg","contentUrl":"https:\/\/www.visiterarles.com\/wp-content\/uploads\/2017\/10\/taco-and-co-1-1.jpg","width":124,"height":73,"caption":"Visiter Arles"},"image":{"@id":"https:\/\/www.visiterarles.com\/en\/#\/schema\/logo\/image\/"}},{"@type":"Person","@id":"https:\/\/www.visiterarles.com\/en\/#\/schema\/person\/ba5912e4613018f479a2d86815a53576","name":"Linkadm","image":{"@type":"ImageObject","inLanguage":"en-GB","@id":"https:\/\/www.visiterarles.com\/en\/#\/schema\/person\/image\/","url":"https:\/\/secure.gravatar.com\/avatar\/4709ec209921503e8d8cc96168eddc49?s=96&d=mm&r=g","contentUrl":"https:\/\/secure.gravatar.com\/avatar\/4709ec209921503e8d8cc96168eddc49?s=96&d=mm&r=g","caption":"Linkadm"},"url":"https:\/\/www.visiterarles.com\/en\/blog\/author\/admin\/"}]}},"_links":{"self":[{"href":"https:\/\/www.visiterarles.com\/en\/wp-json\/wp\/v2\/posts\/27507"}],"collection":[{"href":"https:\/\/www.visiterarles.com\/en\/wp-json\/wp\/v2\/posts"}],"about":[{"href":"https:\/\/www.visiterarles.com\/en\/wp-json\/wp\/v2\/types\/post"}],"author":[{"embeddable":true,"href":"https:\/\/www.visiterarles.com\/en\/wp-json\/wp\/v2\/users\/1"}],"replies":[{"embeddable":true,"href":"https:\/\/www.visiterarles.com\/en\/wp-json\/wp\/v2\/comments?post=27507"}],"version-history":[{"count":0,"href":"https:\/\/www.visiterarles.com\/en\/wp-json\/wp\/v2\/posts\/27507\/revisions"}],"wp:attachment":[{"href":"https:\/\/www.visiterarles.com\/en\/wp-json\/wp\/v2\/media?parent=27507"}],"wp:term":[{"taxonomy":"category","embeddable":true,"href":"https:\/\/www.visiterarles.com\/en\/wp-json\/wp\/v2\/categories?post=27507"},{"taxonomy":"post_tag","embeddable":true,"href":"https:\/\/www.visiterarles.com\/en\/wp-json\/wp\/v2\/tags?post=27507"}],"curies":[{"name":"wp","href":"https:\/\/api.w.org\/{rel}","templated":true}]}}