{"id":27514,"date":"2014-07-16T09:46:00","date_gmt":"2014-07-16T09:46:00","guid":{"rendered":"http:\/\/www.visiterarles.com\/votre-decouverte-de-la-ville-pour-decouvrir-les-monuments-historiques-a-arles-428\/"},"modified":"2014-07-16T09:46:00","modified_gmt":"2014-07-16T09:46:00","slug":"votre-decouverte-de-la-ville-pour-decouvrir-les-monuments-historiques-a-arles-428","status":"publish","type":"post","link":"https:\/\/www.visiterarles.com\/en\/blog\/2014\/07\/16\/votre-decouverte-de-la-ville-pour-decouvrir-les-monuments-historiques-a-arles-428\/","title":{"rendered":"Votre d\u00e9couverte de la ville pour d\u00e9couvrir les monuments historiques \u00e0 Arles"},"content":{"rendered":"<h4>Arles : d\u00e9tecter la d\u00e9couverte de la ville pour d\u00e9couvrir les monuments historiques, que vous cherchiez<\/h4>\n<p>Si l&rsquo;on a l\u2019intention de faire la d\u00e9couverte du splendide capital de la commune, la d\u00e9couverte de la ville pour d\u00e9couvrir les monuments historiques sur Arles, entre autres, s\u2019av\u00e8re \u00eatre parfaite. Peu importe o\u00f9 vous soyez \u00e0 Arles, vous aurez la possibilit\u00e9 de profiter au maximum de notre d\u00e9couverte de la ville en toute qui\u00e9tude. Notre <a href=\"http:\/\/www.visiterarles.com\/en\/decouverte-de-la-ville-arles-920\/\">d\u00e9couverte de la ville sur Arles<\/a>, pour d\u00e9couvrir les monuments historiques peut para\u00eetre une offre qui conviendra \u00e0 tous de la m\u00eame mani\u00e8re qu&rsquo;aux touristes.<\/p>\n<h4>Arles : d\u00e9goter une d\u00e9couverte de la ville<\/h4>\n<p>\u00e9co-responsable, Taco and co propose une solution d\u00e9couverte de la ville sur Arles vous permettant de fl\u00e2ner en toute qui\u00e9tude. Le principe consiste \u00e0 transporter les touristes ainsi que les riverains au moyen de Taco and co, o\u00f9 que ce soit dans la ville. Nous sommes tous vis\u00e9s par le respect de l&rsquo;environnement de nos jours n\u2019est ce pas ? Donc, pour offrir sur Arles une d\u00e9couverte de la ville de mani\u00e8re \u00e9cologique, la bicyclette s\u2019est naturellement pr\u00e9sent\u00e9e \u00e0 notre structure. De nombreuses personnes ont d\u00e9j\u00e0 s\u00e9lectionn\u00e9 Taco and co afin de faire la visite des somptuosit\u00e9s de la ville, dans les faits, notre d\u00e9couverte de la ville est peu on\u00e9reuse, et surtout, elle reste une aventure chaleureuse.<\/p>","protected":false},"excerpt":{"rendered":"<p>Arles : d\u00e9tecter la d\u00e9couverte de la ville pour d\u00e9couvrir les monuments historiques, que vous cherchiez Si l&rsquo;on a l\u2019intention de faire la d\u00e9couverte du splendide capital de la commune, la d\u00e9couverte de la ville pour d\u00e9couvrir les monuments historiques sur Arles, entre autres, s\u2019av\u00e8re \u00eatre parfaite. Peu importe o\u00f9 vous soyez \u00e0 Arles, vous [&hellip;]<\/p>","protected":false},"author":1,"featured_media":0,"comment_status":"open","ping_status":"open","sticky":false,"template":"","format":"standard","meta":{"footnotes":""},"categories":[55],"tags":[],"aioseo_notices":[],"yoast_head":"<!-- This site is optimized with the Yoast SEO plugin v22.3 - https:\/\/yoast.com\/wordpress\/plugins\/seo\/ -->\n<title>Votre d\u00e9couverte de la ville pour d\u00e9couvrir les monuments historiques \u00e0 Arles - Visiter Arles<\/title>\n<meta name=\"robots\" content=\"index, follow, max-snippet:-1, max-image-preview:large, max-video-preview:-1\" \/>\n<link rel=\"canonical\" href=\"https:\/\/www.visiterarles.com\/en\/blog\/2014\/07\/16\/votre-decouverte-de-la-ville-pour-decouvrir-les-monuments-historiques-a-arles-428\/\" \/>\n<meta name=\"twitter:label1\" content=\"Written by\" \/>\n\t<meta name=\"twitter:data1\" content=\"Linkadm\" \/>\n\t<meta name=\"twitter:label2\" content=\"Estimated reading time\" \/>\n\t<meta name=\"twitter:data2\" content=\"1 minute\" \/>\n<script type=\"application\/ld+json\" class=\"yoast-schema-graph\">{\"@context\":\"https:\/\/schema.org\",\"@graph\":[{\"@type\":\"Article\",\"@id\":\"https:\/\/www.visiterarles.com\/en\/blog\/2014\/07\/16\/votre-decouverte-de-la-ville-pour-decouvrir-les-monuments-historiques-a-arles-428\/#article\",\"isPartOf\":{\"@id\":\"https:\/\/www.visiterarles.com\/en\/blog\/2014\/07\/16\/votre-decouverte-de-la-ville-pour-decouvrir-les-monuments-historiques-a-arles-428\/\"},\"author\":{\"name\":\"Linkadm\",\"@id\":\"https:\/\/www.visiterarles.com\/en\/#\/schema\/person\/ba5912e4613018f479a2d86815a53576\"},\"headline\":\"Votre d\u00e9couverte de la ville pour d\u00e9couvrir les monuments historiques \u00e0 Arles\",\"datePublished\":\"2014-07-16T09:46:00+00:00\",\"dateModified\":\"2014-07-16T09:46:00+00:00\",\"mainEntityOfPage\":{\"@id\":\"https:\/\/www.visiterarles.com\/en\/blog\/2014\/07\/16\/votre-decouverte-de-la-ville-pour-decouvrir-les-monuments-historiques-a-arles-428\/\"},\"wordCount\":265,\"commentCount\":0,\"publisher\":{\"@id\":\"https:\/\/www.visiterarles.com\/en\/#organization\"},\"articleSection\":[\"Informations\"],\"inLanguage\":\"en-GB\",\"potentialAction\":[{\"@type\":\"CommentAction\",\"name\":\"Comment\",\"target\":[\"https:\/\/www.visiterarles.com\/en\/blog\/2014\/07\/16\/votre-decouverte-de-la-ville-pour-decouvrir-les-monuments-historiques-a-arles-428\/#respond\"]}]},{\"@type\":\"WebPage\",\"@id\":\"https:\/\/www.visiterarles.com\/en\/blog\/2014\/07\/16\/votre-decouverte-de-la-ville-pour-decouvrir-les-monuments-historiques-a-arles-428\/\",\"url\":\"https:\/\/www.visiterarles.com\/en\/blog\/2014\/07\/16\/votre-decouverte-de-la-ville-pour-decouvrir-les-monuments-historiques-a-arles-428\/\",\"name\":\"Votre d\u00e9couverte de la ville pour d\u00e9couvrir les monuments historiques \u00e0 Arles - Visiter Arles\",\"isPartOf\":{\"@id\":\"https:\/\/www.visiterarles.com\/en\/#website\"},\"datePublished\":\"2014-07-16T09:46:00+00:00\",\"dateModified\":\"2014-07-16T09:46:00+00:00\",\"breadcrumb\":{\"@id\":\"https:\/\/www.visiterarles.com\/en\/blog\/2014\/07\/16\/votre-decouverte-de-la-ville-pour-decouvrir-les-monuments-historiques-a-arles-428\/#breadcrumb\"},\"inLanguage\":\"en-GB\",\"potentialAction\":[{\"@type\":\"ReadAction\",\"target\":[\"https:\/\/www.visiterarles.com\/en\/blog\/2014\/07\/16\/votre-decouverte-de-la-ville-pour-decouvrir-les-monuments-historiques-a-arles-428\/\"]}]},{\"@type\":\"BreadcrumbList\",\"@id\":\"https:\/\/www.visiterarles.com\/en\/blog\/2014\/07\/16\/votre-decouverte-de-la-ville-pour-decouvrir-les-monuments-historiques-a-arles-428\/#breadcrumb\",\"itemListElement\":[{\"@type\":\"ListItem\",\"position\":1,\"name\":\"Home\",\"item\":\"https:\/\/www.visiterarles.com\/\"},{\"@type\":\"ListItem\",\"position\":2,\"name\":\"Votre d\u00e9couverte de la ville pour d\u00e9couvrir les monuments historiques \u00e0 Arles\"}]},{\"@type\":\"WebSite\",\"@id\":\"https:\/\/www.visiterarles.com\/en\/#website\",\"url\":\"https:\/\/www.visiterarles.com\/en\/\",\"name\":\"Visiter Arles\",\"description\":\"Tourisme en Provence \u00e0 Arles\",\"publisher\":{\"@id\":\"https:\/\/www.visiterarles.com\/en\/#organization\"},\"potentialAction\":[{\"@type\":\"SearchAction\",\"target\":{\"@type\":\"EntryPoint\",\"urlTemplate\":\"https:\/\/www.visiterarles.com\/en\/?s={search_term_string}\"},\"query-input\":\"required name=search_term_string\"}],\"inLanguage\":\"en-GB\"},{\"@type\":\"Organization\",\"@id\":\"https:\/\/www.visiterarles.com\/en\/#organization\",\"name\":\"Visiter Arles\",\"url\":\"https:\/\/www.visiterarles.com\/en\/\",\"logo\":{\"@type\":\"ImageObject\",\"inLanguage\":\"en-GB\",\"@id\":\"https:\/\/www.visiterarles.com\/en\/#\/schema\/logo\/image\/\",\"url\":\"https:\/\/www.visiterarles.com\/wp-content\/uploads\/2017\/10\/taco-and-co-1-1.jpg\",\"contentUrl\":\"https:\/\/www.visiterarles.com\/wp-content\/uploads\/2017\/10\/taco-and-co-1-1.jpg\",\"width\":124,\"height\":73,\"caption\":\"Visiter Arles\"},\"image\":{\"@id\":\"https:\/\/www.visiterarles.com\/en\/#\/schema\/logo\/image\/\"}},{\"@type\":\"Person\",\"@id\":\"https:\/\/www.visiterarles.com\/en\/#\/schema\/person\/ba5912e4613018f479a2d86815a53576\",\"name\":\"Linkadm\",\"image\":{\"@type\":\"ImageObject\",\"inLanguage\":\"en-GB\",\"@id\":\"https:\/\/www.visiterarles.com\/en\/#\/schema\/person\/image\/\",\"url\":\"https:\/\/secure.gravatar.com\/avatar\/4709ec209921503e8d8cc96168eddc49?s=96&d=mm&r=g\",\"contentUrl\":\"https:\/\/secure.gravatar.com\/avatar\/4709ec209921503e8d8cc96168eddc49?s=96&d=mm&r=g\",\"caption\":\"Linkadm\"},\"url\":\"https:\/\/www.visiterarles.com\/en\/blog\/author\/admin\/\"}]}<\/script>\n<!-- \/ Yoast SEO plugin. -->","yoast_head_json":{"title":"Votre d\u00e9couverte de la ville pour d\u00e9couvrir les monuments historiques \u00e0 Arles - Visiter Arles","robots":{"index":"index","follow":"follow","max-snippet":"max-snippet:-1","max-image-preview":"max-image-preview:large","max-video-preview":"max-video-preview:-1"},"canonical":"https:\/\/www.visiterarles.com\/en\/blog\/2014\/07\/16\/votre-decouverte-de-la-ville-pour-decouvrir-les-monuments-historiques-a-arles-428\/","twitter_misc":{"Written by":"Linkadm","Estimated reading time":"1 minute"},"schema":{"@context":"https:\/\/schema.org","@graph":[{"@type":"Article","@id":"https:\/\/www.visiterarles.com\/en\/blog\/2014\/07\/16\/votre-decouverte-de-la-ville-pour-decouvrir-les-monuments-historiques-a-arles-428\/#article","isPartOf":{"@id":"https:\/\/www.visiterarles.com\/en\/blog\/2014\/07\/16\/votre-decouverte-de-la-ville-pour-decouvrir-les-monuments-historiques-a-arles-428\/"},"author":{"name":"Linkadm","@id":"https:\/\/www.visiterarles.com\/en\/#\/schema\/person\/ba5912e4613018f479a2d86815a53576"},"headline":"Votre d\u00e9couverte de la ville pour d\u00e9couvrir les monuments historiques \u00e0 Arles","datePublished":"2014-07-16T09:46:00+00:00","dateModified":"2014-07-16T09:46:00+00:00","mainEntityOfPage":{"@id":"https:\/\/www.visiterarles.com\/en\/blog\/2014\/07\/16\/votre-decouverte-de-la-ville-pour-decouvrir-les-monuments-historiques-a-arles-428\/"},"wordCount":265,"commentCount":0,"publisher":{"@id":"https:\/\/www.visiterarles.com\/en\/#organization"},"articleSection":["Informations"],"inLanguage":"en-GB","potentialAction":[{"@type":"CommentAction","name":"Comment","target":["https:\/\/www.visiterarles.com\/en\/blog\/2014\/07\/16\/votre-decouverte-de-la-ville-pour-decouvrir-les-monuments-historiques-a-arles-428\/#respond"]}]},{"@type":"WebPage","@id":"https:\/\/www.visiterarles.com\/en\/blog\/2014\/07\/16\/votre-decouverte-de-la-ville-pour-decouvrir-les-monuments-historiques-a-arles-428\/","url":"https:\/\/www.visiterarles.com\/en\/blog\/2014\/07\/16\/votre-decouverte-de-la-ville-pour-decouvrir-les-monuments-historiques-a-arles-428\/","name":"Votre d\u00e9couverte de la ville pour d\u00e9couvrir les monuments historiques \u00e0 Arles - Visiter Arles","isPartOf":{"@id":"https:\/\/www.visiterarles.com\/en\/#website"},"datePublished":"2014-07-16T09:46:00+00:00","dateModified":"2014-07-16T09:46:00+00:00","breadcrumb":{"@id":"https:\/\/www.visiterarles.com\/en\/blog\/2014\/07\/16\/votre-decouverte-de-la-ville-pour-decouvrir-les-monuments-historiques-a-arles-428\/#breadcrumb"},"inLanguage":"en-GB","potentialAction":[{"@type":"ReadAction","target":["https:\/\/www.visiterarles.com\/en\/blog\/2014\/07\/16\/votre-decouverte-de-la-ville-pour-decouvrir-les-monuments-historiques-a-arles-428\/"]}]},{"@type":"BreadcrumbList","@id":"https:\/\/www.visiterarles.com\/en\/blog\/2014\/07\/16\/votre-decouverte-de-la-ville-pour-decouvrir-les-monuments-historiques-a-arles-428\/#breadcrumb","itemListElement":[{"@type":"ListItem","position":1,"name":"Home","item":"https:\/\/www.visiterarles.com\/"},{"@type":"ListItem","position":2,"name":"Votre d\u00e9couverte de la ville pour d\u00e9couvrir les monuments historiques \u00e0 Arles"}]},{"@type":"WebSite","@id":"https:\/\/www.visiterarles.com\/en\/#website","url":"https:\/\/www.visiterarles.com\/en\/","name":"Visiter Arles","description":"Tourisme en Provence \u00e0 Arles","publisher":{"@id":"https:\/\/www.visiterarles.com\/en\/#organization"},"potentialAction":[{"@type":"SearchAction","target":{"@type":"EntryPoint","urlTemplate":"https:\/\/www.visiterarles.com\/en\/?s={search_term_string}"},"query-input":"required name=search_term_string"}],"inLanguage":"en-GB"},{"@type":"Organization","@id":"https:\/\/www.visiterarles.com\/en\/#organization","name":"Visiter Arles","url":"https:\/\/www.visiterarles.com\/en\/","logo":{"@type":"ImageObject","inLanguage":"en-GB","@id":"https:\/\/www.visiterarles.com\/en\/#\/schema\/logo\/image\/","url":"https:\/\/www.visiterarles.com\/wp-content\/uploads\/2017\/10\/taco-and-co-1-1.jpg","contentUrl":"https:\/\/www.visiterarles.com\/wp-content\/uploads\/2017\/10\/taco-and-co-1-1.jpg","width":124,"height":73,"caption":"Visiter Arles"},"image":{"@id":"https:\/\/www.visiterarles.com\/en\/#\/schema\/logo\/image\/"}},{"@type":"Person","@id":"https:\/\/www.visiterarles.com\/en\/#\/schema\/person\/ba5912e4613018f479a2d86815a53576","name":"Linkadm","image":{"@type":"ImageObject","inLanguage":"en-GB","@id":"https:\/\/www.visiterarles.com\/en\/#\/schema\/person\/image\/","url":"https:\/\/secure.gravatar.com\/avatar\/4709ec209921503e8d8cc96168eddc49?s=96&d=mm&r=g","contentUrl":"https:\/\/secure.gravatar.com\/avatar\/4709ec209921503e8d8cc96168eddc49?s=96&d=mm&r=g","caption":"Linkadm"},"url":"https:\/\/www.visiterarles.com\/en\/blog\/author\/admin\/"}]}},"_links":{"self":[{"href":"https:\/\/www.visiterarles.com\/en\/wp-json\/wp\/v2\/posts\/27514"}],"collection":[{"href":"https:\/\/www.visiterarles.com\/en\/wp-json\/wp\/v2\/posts"}],"about":[{"href":"https:\/\/www.visiterarles.com\/en\/wp-json\/wp\/v2\/types\/post"}],"author":[{"embeddable":true,"href":"https:\/\/www.visiterarles.com\/en\/wp-json\/wp\/v2\/users\/1"}],"replies":[{"embeddable":true,"href":"https:\/\/www.visiterarles.com\/en\/wp-json\/wp\/v2\/comments?post=27514"}],"version-history":[{"count":0,"href":"https:\/\/www.visiterarles.com\/en\/wp-json\/wp\/v2\/posts\/27514\/revisions"}],"wp:attachment":[{"href":"https:\/\/www.visiterarles.com\/en\/wp-json\/wp\/v2\/media?parent=27514"}],"wp:term":[{"taxonomy":"category","embeddable":true,"href":"https:\/\/www.visiterarles.com\/en\/wp-json\/wp\/v2\/categories?post=27514"},{"taxonomy":"post_tag","embeddable":true,"href":"https:\/\/www.visiterarles.com\/en\/wp-json\/wp\/v2\/tags?post=27514"}],"curies":[{"name":"wp","href":"https:\/\/api.w.org\/{rel}","templated":true}]}}