{"id":27562,"date":"2014-07-21T10:58:00","date_gmt":"2014-07-21T10:58:00","guid":{"rendered":"http:\/\/www.visiterarles.com\/bon-plan-sympa-arles-quartier-des-monuments-historiques-la-balade-en-velo-1683\/"},"modified":"2014-07-21T10:58:00","modified_gmt":"2014-07-21T10:58:00","slug":"bon-plan-sympa-arles-quartier-des-monuments-historiques-la-balade-en-velo-1683","status":"publish","type":"post","link":"https:\/\/www.visiterarles.com\/en\/blog\/2014\/07\/21\/bon-plan-sympa-arles-quartier-des-monuments-historiques-la-balade-en-velo-1683\/","title":{"rendered":"Bon plan sympa Arles quartier des monuments historiques : la balade en v\u00e9lo"},"content":{"rendered":"<h4>Votre balade en v\u00e9lo, sympa \u00e0 Arles quartier des monuments historiques avec Taco  and  co<\/h4>\n<p>Les thermes de constantin, le village de salins o\u00f9 bien le march\u00e9 de provence, par le biais de notre balade en v\u00e9lo sympa \u00e0 Arles quartier des monuments historiques, sont des plus beaux endroits que vous ne manquerez pas dans cette commune splendide. Une balade en v\u00e9lo sympa \u00e0 Arles quartier des monuments historiques, pour ne citer que cela, vous fera jouir pleinement du moment pr\u00e9sent dans cette commune splendide, \u00e0 chaque fois avec la sensation d\u2019agir d&rsquo;une fa\u00e7on respectueuse de l\u2019environnement, en proposant une vie culturelle des plus riches.<\/p>\n<h4>Balade en v\u00e9lo sympa \u00e0 Arles : une alternative \u00e9cologique<\/h4>\n<p>Faire la d\u00e9couverte du ravissant patrimoine de la ville par l&rsquo;interm\u00e9diaire de la balade en v\u00e9lo sympa sur Arles peut s&rsquo;av\u00e9rer \u00eatre une alternative cl\u00e9s en main appropri\u00e9e pour chaque entit\u00e9 qui en a envie. Dans cette structure, en arrivant \u00e0 Arles, vous pourrez r\u00e9clamer notre balade en v\u00e9lo. Au niveau des passionn\u00e9s, notre <a href=\"http:\/\/www.visiterarles.com\/en\/balade-en-velo-sympa-sur-arles-473\/\">balade en v\u00e9lo sur Arles<\/a>, sympa conviendra aux aspirations de tous, c\u2019est s\u00fbr.<\/p>","protected":false},"excerpt":{"rendered":"<p>Votre balade en v\u00e9lo, sympa \u00e0 Arles quartier des monuments historiques avec Taco and co Les thermes de constantin, le village de salins o\u00f9 bien le march\u00e9 de provence, par le biais de notre balade en v\u00e9lo sympa \u00e0 Arles quartier des monuments historiques, sont des plus beaux endroits que vous ne manquerez pas dans [&hellip;]<\/p>","protected":false},"author":1,"featured_media":0,"comment_status":"open","ping_status":"open","sticky":false,"template":"","format":"standard","meta":{"footnotes":""},"categories":[55],"tags":[],"aioseo_notices":[],"yoast_head":"<!-- This site is optimized with the Yoast SEO plugin v22.3 - https:\/\/yoast.com\/wordpress\/plugins\/seo\/ -->\n<title>Bon plan sympa Arles quartier des monuments historiques : la balade en v\u00e9lo - Visiter Arles<\/title>\n<meta name=\"robots\" content=\"index, follow, max-snippet:-1, max-image-preview:large, max-video-preview:-1\" \/>\n<link rel=\"canonical\" href=\"https:\/\/www.visiterarles.com\/en\/blog\/2014\/07\/21\/bon-plan-sympa-arles-quartier-des-monuments-historiques-la-balade-en-velo-1683\/\" \/>\n<meta name=\"twitter:label1\" content=\"Written by\" \/>\n\t<meta name=\"twitter:data1\" content=\"Linkadm\" \/>\n\t<meta name=\"twitter:label2\" content=\"Estimated reading time\" \/>\n\t<meta name=\"twitter:data2\" content=\"1 minute\" \/>\n<script type=\"application\/ld+json\" class=\"yoast-schema-graph\">{\"@context\":\"https:\/\/schema.org\",\"@graph\":[{\"@type\":\"Article\",\"@id\":\"https:\/\/www.visiterarles.com\/en\/blog\/2014\/07\/21\/bon-plan-sympa-arles-quartier-des-monuments-historiques-la-balade-en-velo-1683\/#article\",\"isPartOf\":{\"@id\":\"https:\/\/www.visiterarles.com\/en\/blog\/2014\/07\/21\/bon-plan-sympa-arles-quartier-des-monuments-historiques-la-balade-en-velo-1683\/\"},\"author\":{\"name\":\"Linkadm\",\"@id\":\"https:\/\/www.visiterarles.com\/en\/#\/schema\/person\/ba5912e4613018f479a2d86815a53576\"},\"headline\":\"Bon plan sympa Arles quartier des monuments historiques : la balade en v\u00e9lo\",\"datePublished\":\"2014-07-21T10:58:00+00:00\",\"dateModified\":\"2014-07-21T10:58:00+00:00\",\"mainEntityOfPage\":{\"@id\":\"https:\/\/www.visiterarles.com\/en\/blog\/2014\/07\/21\/bon-plan-sympa-arles-quartier-des-monuments-historiques-la-balade-en-velo-1683\/\"},\"wordCount\":211,\"commentCount\":0,\"publisher\":{\"@id\":\"https:\/\/www.visiterarles.com\/en\/#organization\"},\"articleSection\":[\"Informations\"],\"inLanguage\":\"en-GB\",\"potentialAction\":[{\"@type\":\"CommentAction\",\"name\":\"Comment\",\"target\":[\"https:\/\/www.visiterarles.com\/en\/blog\/2014\/07\/21\/bon-plan-sympa-arles-quartier-des-monuments-historiques-la-balade-en-velo-1683\/#respond\"]}]},{\"@type\":\"WebPage\",\"@id\":\"https:\/\/www.visiterarles.com\/en\/blog\/2014\/07\/21\/bon-plan-sympa-arles-quartier-des-monuments-historiques-la-balade-en-velo-1683\/\",\"url\":\"https:\/\/www.visiterarles.com\/en\/blog\/2014\/07\/21\/bon-plan-sympa-arles-quartier-des-monuments-historiques-la-balade-en-velo-1683\/\",\"name\":\"Bon plan sympa Arles quartier des monuments historiques : la balade en v\u00e9lo - Visiter Arles\",\"isPartOf\":{\"@id\":\"https:\/\/www.visiterarles.com\/en\/#website\"},\"datePublished\":\"2014-07-21T10:58:00+00:00\",\"dateModified\":\"2014-07-21T10:58:00+00:00\",\"breadcrumb\":{\"@id\":\"https:\/\/www.visiterarles.com\/en\/blog\/2014\/07\/21\/bon-plan-sympa-arles-quartier-des-monuments-historiques-la-balade-en-velo-1683\/#breadcrumb\"},\"inLanguage\":\"en-GB\",\"potentialAction\":[{\"@type\":\"ReadAction\",\"target\":[\"https:\/\/www.visiterarles.com\/en\/blog\/2014\/07\/21\/bon-plan-sympa-arles-quartier-des-monuments-historiques-la-balade-en-velo-1683\/\"]}]},{\"@type\":\"BreadcrumbList\",\"@id\":\"https:\/\/www.visiterarles.com\/en\/blog\/2014\/07\/21\/bon-plan-sympa-arles-quartier-des-monuments-historiques-la-balade-en-velo-1683\/#breadcrumb\",\"itemListElement\":[{\"@type\":\"ListItem\",\"position\":1,\"name\":\"Home\",\"item\":\"https:\/\/www.visiterarles.com\/\"},{\"@type\":\"ListItem\",\"position\":2,\"name\":\"Bon plan sympa Arles quartier des monuments historiques : la balade en v\u00e9lo\"}]},{\"@type\":\"WebSite\",\"@id\":\"https:\/\/www.visiterarles.com\/en\/#website\",\"url\":\"https:\/\/www.visiterarles.com\/en\/\",\"name\":\"Visiter Arles\",\"description\":\"Tourisme en Provence \u00e0 Arles\",\"publisher\":{\"@id\":\"https:\/\/www.visiterarles.com\/en\/#organization\"},\"potentialAction\":[{\"@type\":\"SearchAction\",\"target\":{\"@type\":\"EntryPoint\",\"urlTemplate\":\"https:\/\/www.visiterarles.com\/en\/?s={search_term_string}\"},\"query-input\":\"required name=search_term_string\"}],\"inLanguage\":\"en-GB\"},{\"@type\":\"Organization\",\"@id\":\"https:\/\/www.visiterarles.com\/en\/#organization\",\"name\":\"Visiter Arles\",\"url\":\"https:\/\/www.visiterarles.com\/en\/\",\"logo\":{\"@type\":\"ImageObject\",\"inLanguage\":\"en-GB\",\"@id\":\"https:\/\/www.visiterarles.com\/en\/#\/schema\/logo\/image\/\",\"url\":\"https:\/\/www.visiterarles.com\/wp-content\/uploads\/2017\/10\/taco-and-co-1-1.jpg\",\"contentUrl\":\"https:\/\/www.visiterarles.com\/wp-content\/uploads\/2017\/10\/taco-and-co-1-1.jpg\",\"width\":124,\"height\":73,\"caption\":\"Visiter Arles\"},\"image\":{\"@id\":\"https:\/\/www.visiterarles.com\/en\/#\/schema\/logo\/image\/\"}},{\"@type\":\"Person\",\"@id\":\"https:\/\/www.visiterarles.com\/en\/#\/schema\/person\/ba5912e4613018f479a2d86815a53576\",\"name\":\"Linkadm\",\"image\":{\"@type\":\"ImageObject\",\"inLanguage\":\"en-GB\",\"@id\":\"https:\/\/www.visiterarles.com\/en\/#\/schema\/person\/image\/\",\"url\":\"https:\/\/secure.gravatar.com\/avatar\/4709ec209921503e8d8cc96168eddc49?s=96&d=mm&r=g\",\"contentUrl\":\"https:\/\/secure.gravatar.com\/avatar\/4709ec209921503e8d8cc96168eddc49?s=96&d=mm&r=g\",\"caption\":\"Linkadm\"},\"url\":\"https:\/\/www.visiterarles.com\/en\/blog\/author\/admin\/\"}]}<\/script>\n<!-- \/ Yoast SEO plugin. -->","yoast_head_json":{"title":"Bon plan sympa Arles quartier des monuments historiques : la balade en v\u00e9lo - Visiter Arles","robots":{"index":"index","follow":"follow","max-snippet":"max-snippet:-1","max-image-preview":"max-image-preview:large","max-video-preview":"max-video-preview:-1"},"canonical":"https:\/\/www.visiterarles.com\/en\/blog\/2014\/07\/21\/bon-plan-sympa-arles-quartier-des-monuments-historiques-la-balade-en-velo-1683\/","twitter_misc":{"Written by":"Linkadm","Estimated reading time":"1 minute"},"schema":{"@context":"https:\/\/schema.org","@graph":[{"@type":"Article","@id":"https:\/\/www.visiterarles.com\/en\/blog\/2014\/07\/21\/bon-plan-sympa-arles-quartier-des-monuments-historiques-la-balade-en-velo-1683\/#article","isPartOf":{"@id":"https:\/\/www.visiterarles.com\/en\/blog\/2014\/07\/21\/bon-plan-sympa-arles-quartier-des-monuments-historiques-la-balade-en-velo-1683\/"},"author":{"name":"Linkadm","@id":"https:\/\/www.visiterarles.com\/en\/#\/schema\/person\/ba5912e4613018f479a2d86815a53576"},"headline":"Bon plan sympa Arles quartier des monuments historiques : la balade en v\u00e9lo","datePublished":"2014-07-21T10:58:00+00:00","dateModified":"2014-07-21T10:58:00+00:00","mainEntityOfPage":{"@id":"https:\/\/www.visiterarles.com\/en\/blog\/2014\/07\/21\/bon-plan-sympa-arles-quartier-des-monuments-historiques-la-balade-en-velo-1683\/"},"wordCount":211,"commentCount":0,"publisher":{"@id":"https:\/\/www.visiterarles.com\/en\/#organization"},"articleSection":["Informations"],"inLanguage":"en-GB","potentialAction":[{"@type":"CommentAction","name":"Comment","target":["https:\/\/www.visiterarles.com\/en\/blog\/2014\/07\/21\/bon-plan-sympa-arles-quartier-des-monuments-historiques-la-balade-en-velo-1683\/#respond"]}]},{"@type":"WebPage","@id":"https:\/\/www.visiterarles.com\/en\/blog\/2014\/07\/21\/bon-plan-sympa-arles-quartier-des-monuments-historiques-la-balade-en-velo-1683\/","url":"https:\/\/www.visiterarles.com\/en\/blog\/2014\/07\/21\/bon-plan-sympa-arles-quartier-des-monuments-historiques-la-balade-en-velo-1683\/","name":"Bon plan sympa Arles quartier des monuments historiques : la balade en v\u00e9lo - Visiter Arles","isPartOf":{"@id":"https:\/\/www.visiterarles.com\/en\/#website"},"datePublished":"2014-07-21T10:58:00+00:00","dateModified":"2014-07-21T10:58:00+00:00","breadcrumb":{"@id":"https:\/\/www.visiterarles.com\/en\/blog\/2014\/07\/21\/bon-plan-sympa-arles-quartier-des-monuments-historiques-la-balade-en-velo-1683\/#breadcrumb"},"inLanguage":"en-GB","potentialAction":[{"@type":"ReadAction","target":["https:\/\/www.visiterarles.com\/en\/blog\/2014\/07\/21\/bon-plan-sympa-arles-quartier-des-monuments-historiques-la-balade-en-velo-1683\/"]}]},{"@type":"BreadcrumbList","@id":"https:\/\/www.visiterarles.com\/en\/blog\/2014\/07\/21\/bon-plan-sympa-arles-quartier-des-monuments-historiques-la-balade-en-velo-1683\/#breadcrumb","itemListElement":[{"@type":"ListItem","position":1,"name":"Home","item":"https:\/\/www.visiterarles.com\/"},{"@type":"ListItem","position":2,"name":"Bon plan sympa Arles quartier des monuments historiques : la balade en v\u00e9lo"}]},{"@type":"WebSite","@id":"https:\/\/www.visiterarles.com\/en\/#website","url":"https:\/\/www.visiterarles.com\/en\/","name":"Visiter Arles","description":"Tourisme en Provence \u00e0 Arles","publisher":{"@id":"https:\/\/www.visiterarles.com\/en\/#organization"},"potentialAction":[{"@type":"SearchAction","target":{"@type":"EntryPoint","urlTemplate":"https:\/\/www.visiterarles.com\/en\/?s={search_term_string}"},"query-input":"required name=search_term_string"}],"inLanguage":"en-GB"},{"@type":"Organization","@id":"https:\/\/www.visiterarles.com\/en\/#organization","name":"Visiter Arles","url":"https:\/\/www.visiterarles.com\/en\/","logo":{"@type":"ImageObject","inLanguage":"en-GB","@id":"https:\/\/www.visiterarles.com\/en\/#\/schema\/logo\/image\/","url":"https:\/\/www.visiterarles.com\/wp-content\/uploads\/2017\/10\/taco-and-co-1-1.jpg","contentUrl":"https:\/\/www.visiterarles.com\/wp-content\/uploads\/2017\/10\/taco-and-co-1-1.jpg","width":124,"height":73,"caption":"Visiter Arles"},"image":{"@id":"https:\/\/www.visiterarles.com\/en\/#\/schema\/logo\/image\/"}},{"@type":"Person","@id":"https:\/\/www.visiterarles.com\/en\/#\/schema\/person\/ba5912e4613018f479a2d86815a53576","name":"Linkadm","image":{"@type":"ImageObject","inLanguage":"en-GB","@id":"https:\/\/www.visiterarles.com\/en\/#\/schema\/person\/image\/","url":"https:\/\/secure.gravatar.com\/avatar\/4709ec209921503e8d8cc96168eddc49?s=96&d=mm&r=g","contentUrl":"https:\/\/secure.gravatar.com\/avatar\/4709ec209921503e8d8cc96168eddc49?s=96&d=mm&r=g","caption":"Linkadm"},"url":"https:\/\/www.visiterarles.com\/en\/blog\/author\/admin\/"}]}},"_links":{"self":[{"href":"https:\/\/www.visiterarles.com\/en\/wp-json\/wp\/v2\/posts\/27562"}],"collection":[{"href":"https:\/\/www.visiterarles.com\/en\/wp-json\/wp\/v2\/posts"}],"about":[{"href":"https:\/\/www.visiterarles.com\/en\/wp-json\/wp\/v2\/types\/post"}],"author":[{"embeddable":true,"href":"https:\/\/www.visiterarles.com\/en\/wp-json\/wp\/v2\/users\/1"}],"replies":[{"embeddable":true,"href":"https:\/\/www.visiterarles.com\/en\/wp-json\/wp\/v2\/comments?post=27562"}],"version-history":[{"count":0,"href":"https:\/\/www.visiterarles.com\/en\/wp-json\/wp\/v2\/posts\/27562\/revisions"}],"wp:attachment":[{"href":"https:\/\/www.visiterarles.com\/en\/wp-json\/wp\/v2\/media?parent=27562"}],"wp:term":[{"taxonomy":"category","embeddable":true,"href":"https:\/\/www.visiterarles.com\/en\/wp-json\/wp\/v2\/categories?post=27562"},{"taxonomy":"post_tag","embeddable":true,"href":"https:\/\/www.visiterarles.com\/en\/wp-json\/wp\/v2\/tags?post=27562"}],"curies":[{"name":"wp","href":"https:\/\/api.w.org\/{rel}","templated":true}]}}