{"id":27584,"date":"2014-07-23T09:08:00","date_gmt":"2014-07-23T09:08:00","guid":{"rendered":"http:\/\/www.visiterarles.com\/tacoandco-sur-arles-historique-selectionner-une-balade-en-velo-en-groupe-1333\/"},"modified":"2014-07-23T09:08:00","modified_gmt":"2014-07-23T09:08:00","slug":"tacoandco-sur-arles-historique-selectionner-une-balade-en-velo-en-groupe-1333","status":"publish","type":"post","link":"https:\/\/www.visiterarles.com\/en\/blog\/2014\/07\/23\/tacoandco-sur-arles-historique-selectionner-une-balade-en-velo-en-groupe-1333\/","title":{"rendered":"Tacoandco sur Arles historique : s\u00e9lectionner une balade en v\u00e9lo en groupe"},"content":{"rendered":"<h4>En groupe dans Arles historique : o\u00f9 trouver un contact de confiance qui propose une balade en v\u00e9lo<\/h4>\n<p>Les tours de la cavalerie, l&rsquo;ecomus\u00e9e du sel o\u00f9 le march\u00e9 de provence, par l&rsquo;interm\u00e9diaire de notre balade en v\u00e9lo en groupe Arles historique, sont des monuments qui ne vous \u00e9chapperont pas au sein de cette exceptionnelle commune splendide. Pour permettre de pleinement profiter de la vie culturelle, avec le sentiment d&rsquo;oeuvrer d&rsquo;une fa\u00e7on \u00e9cologique, une <a href=\"http:\/\/www.visiterarles.com\/en\/arles-balade-en-velo-en-groupe-avec-tacoco-958\/\">balade en v\u00e9lo en groupe Arles<\/a> historique vous fera jouir totalement de la vie.<\/p>\n<h4>Arles : acc\u00e9der \u00e0 la balade en v\u00e9lo en groupe, dont vous avez besoin<\/h4>\n<p>D\u00e9couvrir le majestueux patrimoine de la ville par l&rsquo;interm\u00e9diaire de la balade en v\u00e9lo en groupe sur Arles peut \u00eatre une offre efficace pour toute personne qui le d\u00e9sire. O\u00f9 que vous soyez au sein de Arles, vous pourrez jouir totalement d\u2019une appr\u00e9ciable balade en v\u00e9lo en toute qui\u00e9tude. Pour les f\u00e9rus de tourisme, une balade en v\u00e9lo sur Arles, en groupe correspondra aux exigences de tous, en toute logique.<\/p>","protected":false},"excerpt":{"rendered":"<p>En groupe dans Arles historique : o\u00f9 trouver un contact de confiance qui propose une balade en v\u00e9lo Les tours de la cavalerie, l&rsquo;ecomus\u00e9e du sel o\u00f9 le march\u00e9 de provence, par l&rsquo;interm\u00e9diaire de notre balade en v\u00e9lo en groupe Arles historique, sont des monuments qui ne vous \u00e9chapperont pas au sein de cette exceptionnelle [&hellip;]<\/p>","protected":false},"author":1,"featured_media":0,"comment_status":"open","ping_status":"open","sticky":false,"template":"","format":"standard","meta":{"footnotes":""},"categories":[55],"tags":[],"aioseo_notices":[],"yoast_head":"<!-- This site is optimized with the Yoast SEO plugin v22.3 - https:\/\/yoast.com\/wordpress\/plugins\/seo\/ -->\n<title>Tacoandco sur Arles historique : s\u00e9lectionner une balade en v\u00e9lo en groupe - Visiter Arles<\/title>\n<meta name=\"robots\" content=\"index, follow, max-snippet:-1, max-image-preview:large, max-video-preview:-1\" \/>\n<link rel=\"canonical\" href=\"https:\/\/www.visiterarles.com\/en\/blog\/2014\/07\/23\/tacoandco-sur-arles-historique-selectionner-une-balade-en-velo-en-groupe-1333\/\" \/>\n<meta name=\"twitter:label1\" content=\"Written by\" \/>\n\t<meta name=\"twitter:data1\" content=\"Linkadm\" \/>\n\t<meta name=\"twitter:label2\" content=\"Estimated reading time\" \/>\n\t<meta name=\"twitter:data2\" content=\"1 minute\" \/>\n<script type=\"application\/ld+json\" class=\"yoast-schema-graph\">{\"@context\":\"https:\/\/schema.org\",\"@graph\":[{\"@type\":\"Article\",\"@id\":\"https:\/\/www.visiterarles.com\/blog\/2014\/07\/23\/tacoandco-sur-arles-historique-selectionner-une-balade-en-velo-en-groupe-1333\/#article\",\"isPartOf\":{\"@id\":\"https:\/\/www.visiterarles.com\/blog\/2014\/07\/23\/tacoandco-sur-arles-historique-selectionner-une-balade-en-velo-en-groupe-1333\/\"},\"author\":{\"name\":\"Linkadm\",\"@id\":\"https:\/\/www.visiterarles.com\/en\/#\/schema\/person\/ba5912e4613018f479a2d86815a53576\"},\"headline\":\"Tacoandco sur Arles historique : s\u00e9lectionner une balade en v\u00e9lo en groupe\",\"datePublished\":\"2014-07-23T09:08:00+00:00\",\"dateModified\":\"2014-07-23T09:08:00+00:00\",\"mainEntityOfPage\":{\"@id\":\"https:\/\/www.visiterarles.com\/blog\/2014\/07\/23\/tacoandco-sur-arles-historique-selectionner-une-balade-en-velo-en-groupe-1333\/\"},\"wordCount\":205,\"commentCount\":0,\"publisher\":{\"@id\":\"https:\/\/www.visiterarles.com\/en\/#organization\"},\"articleSection\":[\"Informations\"],\"inLanguage\":\"en-GB\",\"potentialAction\":[{\"@type\":\"CommentAction\",\"name\":\"Comment\",\"target\":[\"https:\/\/www.visiterarles.com\/blog\/2014\/07\/23\/tacoandco-sur-arles-historique-selectionner-une-balade-en-velo-en-groupe-1333\/#respond\"]}]},{\"@type\":\"WebPage\",\"@id\":\"https:\/\/www.visiterarles.com\/blog\/2014\/07\/23\/tacoandco-sur-arles-historique-selectionner-une-balade-en-velo-en-groupe-1333\/\",\"url\":\"https:\/\/www.visiterarles.com\/blog\/2014\/07\/23\/tacoandco-sur-arles-historique-selectionner-une-balade-en-velo-en-groupe-1333\/\",\"name\":\"Tacoandco sur Arles historique : s\u00e9lectionner une balade en v\u00e9lo en groupe - Visiter Arles\",\"isPartOf\":{\"@id\":\"https:\/\/www.visiterarles.com\/en\/#website\"},\"datePublished\":\"2014-07-23T09:08:00+00:00\",\"dateModified\":\"2014-07-23T09:08:00+00:00\",\"breadcrumb\":{\"@id\":\"https:\/\/www.visiterarles.com\/blog\/2014\/07\/23\/tacoandco-sur-arles-historique-selectionner-une-balade-en-velo-en-groupe-1333\/#breadcrumb\"},\"inLanguage\":\"en-GB\",\"potentialAction\":[{\"@type\":\"ReadAction\",\"target\":[\"https:\/\/www.visiterarles.com\/blog\/2014\/07\/23\/tacoandco-sur-arles-historique-selectionner-une-balade-en-velo-en-groupe-1333\/\"]}]},{\"@type\":\"BreadcrumbList\",\"@id\":\"https:\/\/www.visiterarles.com\/blog\/2014\/07\/23\/tacoandco-sur-arles-historique-selectionner-une-balade-en-velo-en-groupe-1333\/#breadcrumb\",\"itemListElement\":[{\"@type\":\"ListItem\",\"position\":1,\"name\":\"Home\",\"item\":\"https:\/\/www.visiterarles.com\/\"},{\"@type\":\"ListItem\",\"position\":2,\"name\":\"Tacoandco sur Arles historique : s\u00e9lectionner une balade en v\u00e9lo en groupe\"}]},{\"@type\":\"WebSite\",\"@id\":\"https:\/\/www.visiterarles.com\/en\/#website\",\"url\":\"https:\/\/www.visiterarles.com\/en\/\",\"name\":\"Visiter Arles\",\"description\":\"Tourisme en Provence \u00e0 Arles\",\"publisher\":{\"@id\":\"https:\/\/www.visiterarles.com\/en\/#organization\"},\"potentialAction\":[{\"@type\":\"SearchAction\",\"target\":{\"@type\":\"EntryPoint\",\"urlTemplate\":\"https:\/\/www.visiterarles.com\/en\/?s={search_term_string}\"},\"query-input\":\"required name=search_term_string\"}],\"inLanguage\":\"en-GB\"},{\"@type\":\"Organization\",\"@id\":\"https:\/\/www.visiterarles.com\/en\/#organization\",\"name\":\"Visiter Arles\",\"url\":\"https:\/\/www.visiterarles.com\/en\/\",\"logo\":{\"@type\":\"ImageObject\",\"inLanguage\":\"en-GB\",\"@id\":\"https:\/\/www.visiterarles.com\/en\/#\/schema\/logo\/image\/\",\"url\":\"https:\/\/www.visiterarles.com\/wp-content\/uploads\/2017\/10\/taco-and-co-1-1.jpg\",\"contentUrl\":\"https:\/\/www.visiterarles.com\/wp-content\/uploads\/2017\/10\/taco-and-co-1-1.jpg\",\"width\":124,\"height\":73,\"caption\":\"Visiter Arles\"},\"image\":{\"@id\":\"https:\/\/www.visiterarles.com\/en\/#\/schema\/logo\/image\/\"}},{\"@type\":\"Person\",\"@id\":\"https:\/\/www.visiterarles.com\/en\/#\/schema\/person\/ba5912e4613018f479a2d86815a53576\",\"name\":\"Linkadm\",\"image\":{\"@type\":\"ImageObject\",\"inLanguage\":\"en-GB\",\"@id\":\"https:\/\/www.visiterarles.com\/en\/#\/schema\/person\/image\/\",\"url\":\"https:\/\/secure.gravatar.com\/avatar\/4709ec209921503e8d8cc96168eddc49?s=96&d=mm&r=g\",\"contentUrl\":\"https:\/\/secure.gravatar.com\/avatar\/4709ec209921503e8d8cc96168eddc49?s=96&d=mm&r=g\",\"caption\":\"Linkadm\"},\"url\":\"https:\/\/www.visiterarles.com\/en\/blog\/author\/admin\/\"}]}<\/script>\n<!-- \/ Yoast SEO plugin. -->","yoast_head_json":{"title":"Tacoandco sur Arles historique : s\u00e9lectionner une balade en v\u00e9lo en groupe - Visiter Arles","robots":{"index":"index","follow":"follow","max-snippet":"max-snippet:-1","max-image-preview":"max-image-preview:large","max-video-preview":"max-video-preview:-1"},"canonical":"https:\/\/www.visiterarles.com\/en\/blog\/2014\/07\/23\/tacoandco-sur-arles-historique-selectionner-une-balade-en-velo-en-groupe-1333\/","twitter_misc":{"Written by":"Linkadm","Estimated reading time":"1 minute"},"schema":{"@context":"https:\/\/schema.org","@graph":[{"@type":"Article","@id":"https:\/\/www.visiterarles.com\/blog\/2014\/07\/23\/tacoandco-sur-arles-historique-selectionner-une-balade-en-velo-en-groupe-1333\/#article","isPartOf":{"@id":"https:\/\/www.visiterarles.com\/blog\/2014\/07\/23\/tacoandco-sur-arles-historique-selectionner-une-balade-en-velo-en-groupe-1333\/"},"author":{"name":"Linkadm","@id":"https:\/\/www.visiterarles.com\/en\/#\/schema\/person\/ba5912e4613018f479a2d86815a53576"},"headline":"Tacoandco sur Arles historique : s\u00e9lectionner une balade en v\u00e9lo en groupe","datePublished":"2014-07-23T09:08:00+00:00","dateModified":"2014-07-23T09:08:00+00:00","mainEntityOfPage":{"@id":"https:\/\/www.visiterarles.com\/blog\/2014\/07\/23\/tacoandco-sur-arles-historique-selectionner-une-balade-en-velo-en-groupe-1333\/"},"wordCount":205,"commentCount":0,"publisher":{"@id":"https:\/\/www.visiterarles.com\/en\/#organization"},"articleSection":["Informations"],"inLanguage":"en-GB","potentialAction":[{"@type":"CommentAction","name":"Comment","target":["https:\/\/www.visiterarles.com\/blog\/2014\/07\/23\/tacoandco-sur-arles-historique-selectionner-une-balade-en-velo-en-groupe-1333\/#respond"]}]},{"@type":"WebPage","@id":"https:\/\/www.visiterarles.com\/blog\/2014\/07\/23\/tacoandco-sur-arles-historique-selectionner-une-balade-en-velo-en-groupe-1333\/","url":"https:\/\/www.visiterarles.com\/blog\/2014\/07\/23\/tacoandco-sur-arles-historique-selectionner-une-balade-en-velo-en-groupe-1333\/","name":"Tacoandco sur Arles historique : s\u00e9lectionner une balade en v\u00e9lo en groupe - Visiter Arles","isPartOf":{"@id":"https:\/\/www.visiterarles.com\/en\/#website"},"datePublished":"2014-07-23T09:08:00+00:00","dateModified":"2014-07-23T09:08:00+00:00","breadcrumb":{"@id":"https:\/\/www.visiterarles.com\/blog\/2014\/07\/23\/tacoandco-sur-arles-historique-selectionner-une-balade-en-velo-en-groupe-1333\/#breadcrumb"},"inLanguage":"en-GB","potentialAction":[{"@type":"ReadAction","target":["https:\/\/www.visiterarles.com\/blog\/2014\/07\/23\/tacoandco-sur-arles-historique-selectionner-une-balade-en-velo-en-groupe-1333\/"]}]},{"@type":"BreadcrumbList","@id":"https:\/\/www.visiterarles.com\/blog\/2014\/07\/23\/tacoandco-sur-arles-historique-selectionner-une-balade-en-velo-en-groupe-1333\/#breadcrumb","itemListElement":[{"@type":"ListItem","position":1,"name":"Home","item":"https:\/\/www.visiterarles.com\/"},{"@type":"ListItem","position":2,"name":"Tacoandco sur Arles historique : s\u00e9lectionner une balade en v\u00e9lo en groupe"}]},{"@type":"WebSite","@id":"https:\/\/www.visiterarles.com\/en\/#website","url":"https:\/\/www.visiterarles.com\/en\/","name":"Visiter Arles","description":"Tourisme en Provence \u00e0 Arles","publisher":{"@id":"https:\/\/www.visiterarles.com\/en\/#organization"},"potentialAction":[{"@type":"SearchAction","target":{"@type":"EntryPoint","urlTemplate":"https:\/\/www.visiterarles.com\/en\/?s={search_term_string}"},"query-input":"required name=search_term_string"}],"inLanguage":"en-GB"},{"@type":"Organization","@id":"https:\/\/www.visiterarles.com\/en\/#organization","name":"Visiter Arles","url":"https:\/\/www.visiterarles.com\/en\/","logo":{"@type":"ImageObject","inLanguage":"en-GB","@id":"https:\/\/www.visiterarles.com\/en\/#\/schema\/logo\/image\/","url":"https:\/\/www.visiterarles.com\/wp-content\/uploads\/2017\/10\/taco-and-co-1-1.jpg","contentUrl":"https:\/\/www.visiterarles.com\/wp-content\/uploads\/2017\/10\/taco-and-co-1-1.jpg","width":124,"height":73,"caption":"Visiter Arles"},"image":{"@id":"https:\/\/www.visiterarles.com\/en\/#\/schema\/logo\/image\/"}},{"@type":"Person","@id":"https:\/\/www.visiterarles.com\/en\/#\/schema\/person\/ba5912e4613018f479a2d86815a53576","name":"Linkadm","image":{"@type":"ImageObject","inLanguage":"en-GB","@id":"https:\/\/www.visiterarles.com\/en\/#\/schema\/person\/image\/","url":"https:\/\/secure.gravatar.com\/avatar\/4709ec209921503e8d8cc96168eddc49?s=96&d=mm&r=g","contentUrl":"https:\/\/secure.gravatar.com\/avatar\/4709ec209921503e8d8cc96168eddc49?s=96&d=mm&r=g","caption":"Linkadm"},"url":"https:\/\/www.visiterarles.com\/en\/blog\/author\/admin\/"}]}},"_links":{"self":[{"href":"https:\/\/www.visiterarles.com\/en\/wp-json\/wp\/v2\/posts\/27584"}],"collection":[{"href":"https:\/\/www.visiterarles.com\/en\/wp-json\/wp\/v2\/posts"}],"about":[{"href":"https:\/\/www.visiterarles.com\/en\/wp-json\/wp\/v2\/types\/post"}],"author":[{"embeddable":true,"href":"https:\/\/www.visiterarles.com\/en\/wp-json\/wp\/v2\/users\/1"}],"replies":[{"embeddable":true,"href":"https:\/\/www.visiterarles.com\/en\/wp-json\/wp\/v2\/comments?post=27584"}],"version-history":[{"count":0,"href":"https:\/\/www.visiterarles.com\/en\/wp-json\/wp\/v2\/posts\/27584\/revisions"}],"wp:attachment":[{"href":"https:\/\/www.visiterarles.com\/en\/wp-json\/wp\/v2\/media?parent=27584"}],"wp:term":[{"taxonomy":"category","embeddable":true,"href":"https:\/\/www.visiterarles.com\/en\/wp-json\/wp\/v2\/categories?post=27584"},{"taxonomy":"post_tag","embeddable":true,"href":"https:\/\/www.visiterarles.com\/en\/wp-json\/wp\/v2\/tags?post=27584"}],"curies":[{"name":"wp","href":"https:\/\/api.w.org\/{rel}","templated":true}]}}