{"id":27585,"date":"2014-07-23T12:33:00","date_gmt":"2014-07-23T12:33:00","guid":{"rendered":"http:\/\/www.visiterarles.com\/degotter-une-balade-en-velo-en-groupe-arles-centre-ville-1839\/"},"modified":"2014-07-23T12:33:00","modified_gmt":"2014-07-23T12:33:00","slug":"degotter-une-balade-en-velo-en-groupe-arles-centre-ville-1839","status":"publish","type":"post","link":"https:\/\/www.visiterarles.com\/en\/blog\/2014\/07\/23\/degotter-une-balade-en-velo-en-groupe-arles-centre-ville-1839\/","title":{"rendered":"D\u00e9gotter une balade en v\u00e9lo en groupe Arles centre ville"},"content":{"rendered":"<h4>Votre balade en v\u00e9lo, en groupe \u00e0 Arles centre ville avec V\u00e9lo Taco<\/h4>\n<p>Les lieux prestigieux poussent \u00e0 tous les coins de rue, en cons\u00e9quence, notre balade en v\u00e9lo en groupe sur Arles centre ville vous apportera la facult\u00e9 de jouir au maximum des thermes de constantin, du mus\u00e9e du riz o\u00f9 de l&rsquo;\u00e9glise saint blaise. De mani\u00e8re \u00e0 vous aider pour jouir au maximum du meilleur de la culture, avec l&rsquo;impression d\u2019agir de fa\u00e7on \u00e9cologique, notre balade en v\u00e9lo en groupe sur Arles centre ville vous fera jouir de la vie.<\/p>\n<h4>En groupe sur Arles pour quelles raisons s\u00e9lectionner notre balade en v\u00e9lo<\/h4>\n<p>Si l&rsquo;on a la volont\u00e9 de d\u00e9couvrir le sublime centre historique, notre balade en v\u00e9lo en groupe \u00e0 Arles, pour ne citer que cela, se trouve \u00eatre id\u00e9ale. Une fois arriv\u00e9 en gare d\u2019Arles, il vous sera possible de r\u00e9clamer une balade en v\u00e9lo entre autre dans la gare sncf. Les clients en tout genre appr\u00e9cieront une <a href=\"http:\/\/www.visiterarles.com\/en\/arles-balade-en-velo-en-groupe-avec-tacoco-958\/\">balade en v\u00e9lo sur Arles<\/a>, en groupe qui leur conviendra incontestablement.<\/p>","protected":false},"excerpt":{"rendered":"<p>Votre balade en v\u00e9lo, en groupe \u00e0 Arles centre ville avec V\u00e9lo Taco Les lieux prestigieux poussent \u00e0 tous les coins de rue, en cons\u00e9quence, notre balade en v\u00e9lo en groupe sur Arles centre ville vous apportera la facult\u00e9 de jouir au maximum des thermes de constantin, du mus\u00e9e du riz o\u00f9 de l&rsquo;\u00e9glise saint [&hellip;]<\/p>","protected":false},"author":1,"featured_media":0,"comment_status":"open","ping_status":"open","sticky":false,"template":"","format":"standard","meta":{"footnotes":""},"categories":[55],"tags":[],"aioseo_notices":[],"yoast_head":"<!-- This site is optimized with the Yoast SEO plugin v22.3 - https:\/\/yoast.com\/wordpress\/plugins\/seo\/ -->\n<title>D\u00e9gotter une balade en v\u00e9lo en groupe Arles centre ville - Visiter Arles<\/title>\n<meta name=\"robots\" content=\"index, follow, max-snippet:-1, max-image-preview:large, max-video-preview:-1\" \/>\n<link rel=\"canonical\" href=\"https:\/\/www.visiterarles.com\/en\/blog\/2014\/07\/23\/degotter-une-balade-en-velo-en-groupe-arles-centre-ville-1839\/\" \/>\n<meta name=\"twitter:label1\" content=\"Written by\" \/>\n\t<meta name=\"twitter:data1\" content=\"Linkadm\" \/>\n\t<meta name=\"twitter:label2\" content=\"Estimated reading time\" \/>\n\t<meta name=\"twitter:data2\" content=\"1 minute\" \/>\n<script type=\"application\/ld+json\" class=\"yoast-schema-graph\">{\"@context\":\"https:\/\/schema.org\",\"@graph\":[{\"@type\":\"Article\",\"@id\":\"https:\/\/www.visiterarles.com\/blog\/2014\/07\/23\/degotter-une-balade-en-velo-en-groupe-arles-centre-ville-1839\/#article\",\"isPartOf\":{\"@id\":\"https:\/\/www.visiterarles.com\/blog\/2014\/07\/23\/degotter-une-balade-en-velo-en-groupe-arles-centre-ville-1839\/\"},\"author\":{\"name\":\"Linkadm\",\"@id\":\"https:\/\/www.visiterarles.com\/en\/#\/schema\/person\/ba5912e4613018f479a2d86815a53576\"},\"headline\":\"D\u00e9gotter une balade en v\u00e9lo en groupe Arles centre ville\",\"datePublished\":\"2014-07-23T12:33:00+00:00\",\"dateModified\":\"2014-07-23T12:33:00+00:00\",\"mainEntityOfPage\":{\"@id\":\"https:\/\/www.visiterarles.com\/blog\/2014\/07\/23\/degotter-une-balade-en-velo-en-groupe-arles-centre-ville-1839\/\"},\"wordCount\":202,\"commentCount\":0,\"publisher\":{\"@id\":\"https:\/\/www.visiterarles.com\/en\/#organization\"},\"articleSection\":[\"Informations\"],\"inLanguage\":\"en-GB\",\"potentialAction\":[{\"@type\":\"CommentAction\",\"name\":\"Comment\",\"target\":[\"https:\/\/www.visiterarles.com\/blog\/2014\/07\/23\/degotter-une-balade-en-velo-en-groupe-arles-centre-ville-1839\/#respond\"]}]},{\"@type\":\"WebPage\",\"@id\":\"https:\/\/www.visiterarles.com\/blog\/2014\/07\/23\/degotter-une-balade-en-velo-en-groupe-arles-centre-ville-1839\/\",\"url\":\"https:\/\/www.visiterarles.com\/blog\/2014\/07\/23\/degotter-une-balade-en-velo-en-groupe-arles-centre-ville-1839\/\",\"name\":\"D\u00e9gotter une balade en v\u00e9lo en groupe Arles centre ville - Visiter Arles\",\"isPartOf\":{\"@id\":\"https:\/\/www.visiterarles.com\/en\/#website\"},\"datePublished\":\"2014-07-23T12:33:00+00:00\",\"dateModified\":\"2014-07-23T12:33:00+00:00\",\"breadcrumb\":{\"@id\":\"https:\/\/www.visiterarles.com\/blog\/2014\/07\/23\/degotter-une-balade-en-velo-en-groupe-arles-centre-ville-1839\/#breadcrumb\"},\"inLanguage\":\"en-GB\",\"potentialAction\":[{\"@type\":\"ReadAction\",\"target\":[\"https:\/\/www.visiterarles.com\/blog\/2014\/07\/23\/degotter-une-balade-en-velo-en-groupe-arles-centre-ville-1839\/\"]}]},{\"@type\":\"BreadcrumbList\",\"@id\":\"https:\/\/www.visiterarles.com\/blog\/2014\/07\/23\/degotter-une-balade-en-velo-en-groupe-arles-centre-ville-1839\/#breadcrumb\",\"itemListElement\":[{\"@type\":\"ListItem\",\"position\":1,\"name\":\"Home\",\"item\":\"https:\/\/www.visiterarles.com\/\"},{\"@type\":\"ListItem\",\"position\":2,\"name\":\"D\u00e9gotter une balade en v\u00e9lo en groupe Arles centre ville\"}]},{\"@type\":\"WebSite\",\"@id\":\"https:\/\/www.visiterarles.com\/en\/#website\",\"url\":\"https:\/\/www.visiterarles.com\/en\/\",\"name\":\"Visiter Arles\",\"description\":\"Tourisme en Provence \u00e0 Arles\",\"publisher\":{\"@id\":\"https:\/\/www.visiterarles.com\/en\/#organization\"},\"potentialAction\":[{\"@type\":\"SearchAction\",\"target\":{\"@type\":\"EntryPoint\",\"urlTemplate\":\"https:\/\/www.visiterarles.com\/en\/?s={search_term_string}\"},\"query-input\":\"required name=search_term_string\"}],\"inLanguage\":\"en-GB\"},{\"@type\":\"Organization\",\"@id\":\"https:\/\/www.visiterarles.com\/en\/#organization\",\"name\":\"Visiter Arles\",\"url\":\"https:\/\/www.visiterarles.com\/en\/\",\"logo\":{\"@type\":\"ImageObject\",\"inLanguage\":\"en-GB\",\"@id\":\"https:\/\/www.visiterarles.com\/en\/#\/schema\/logo\/image\/\",\"url\":\"https:\/\/www.visiterarles.com\/wp-content\/uploads\/2017\/10\/taco-and-co-1-1.jpg\",\"contentUrl\":\"https:\/\/www.visiterarles.com\/wp-content\/uploads\/2017\/10\/taco-and-co-1-1.jpg\",\"width\":124,\"height\":73,\"caption\":\"Visiter Arles\"},\"image\":{\"@id\":\"https:\/\/www.visiterarles.com\/en\/#\/schema\/logo\/image\/\"}},{\"@type\":\"Person\",\"@id\":\"https:\/\/www.visiterarles.com\/en\/#\/schema\/person\/ba5912e4613018f479a2d86815a53576\",\"name\":\"Linkadm\",\"image\":{\"@type\":\"ImageObject\",\"inLanguage\":\"en-GB\",\"@id\":\"https:\/\/www.visiterarles.com\/en\/#\/schema\/person\/image\/\",\"url\":\"https:\/\/secure.gravatar.com\/avatar\/4709ec209921503e8d8cc96168eddc49?s=96&d=mm&r=g\",\"contentUrl\":\"https:\/\/secure.gravatar.com\/avatar\/4709ec209921503e8d8cc96168eddc49?s=96&d=mm&r=g\",\"caption\":\"Linkadm\"},\"url\":\"https:\/\/www.visiterarles.com\/en\/blog\/author\/admin\/\"}]}<\/script>\n<!-- \/ Yoast SEO plugin. -->","yoast_head_json":{"title":"D\u00e9gotter une balade en v\u00e9lo en groupe Arles centre ville - Visiter Arles","robots":{"index":"index","follow":"follow","max-snippet":"max-snippet:-1","max-image-preview":"max-image-preview:large","max-video-preview":"max-video-preview:-1"},"canonical":"https:\/\/www.visiterarles.com\/en\/blog\/2014\/07\/23\/degotter-une-balade-en-velo-en-groupe-arles-centre-ville-1839\/","twitter_misc":{"Written by":"Linkadm","Estimated reading time":"1 minute"},"schema":{"@context":"https:\/\/schema.org","@graph":[{"@type":"Article","@id":"https:\/\/www.visiterarles.com\/blog\/2014\/07\/23\/degotter-une-balade-en-velo-en-groupe-arles-centre-ville-1839\/#article","isPartOf":{"@id":"https:\/\/www.visiterarles.com\/blog\/2014\/07\/23\/degotter-une-balade-en-velo-en-groupe-arles-centre-ville-1839\/"},"author":{"name":"Linkadm","@id":"https:\/\/www.visiterarles.com\/en\/#\/schema\/person\/ba5912e4613018f479a2d86815a53576"},"headline":"D\u00e9gotter une balade en v\u00e9lo en groupe Arles centre ville","datePublished":"2014-07-23T12:33:00+00:00","dateModified":"2014-07-23T12:33:00+00:00","mainEntityOfPage":{"@id":"https:\/\/www.visiterarles.com\/blog\/2014\/07\/23\/degotter-une-balade-en-velo-en-groupe-arles-centre-ville-1839\/"},"wordCount":202,"commentCount":0,"publisher":{"@id":"https:\/\/www.visiterarles.com\/en\/#organization"},"articleSection":["Informations"],"inLanguage":"en-GB","potentialAction":[{"@type":"CommentAction","name":"Comment","target":["https:\/\/www.visiterarles.com\/blog\/2014\/07\/23\/degotter-une-balade-en-velo-en-groupe-arles-centre-ville-1839\/#respond"]}]},{"@type":"WebPage","@id":"https:\/\/www.visiterarles.com\/blog\/2014\/07\/23\/degotter-une-balade-en-velo-en-groupe-arles-centre-ville-1839\/","url":"https:\/\/www.visiterarles.com\/blog\/2014\/07\/23\/degotter-une-balade-en-velo-en-groupe-arles-centre-ville-1839\/","name":"D\u00e9gotter une balade en v\u00e9lo en groupe Arles centre ville - Visiter Arles","isPartOf":{"@id":"https:\/\/www.visiterarles.com\/en\/#website"},"datePublished":"2014-07-23T12:33:00+00:00","dateModified":"2014-07-23T12:33:00+00:00","breadcrumb":{"@id":"https:\/\/www.visiterarles.com\/blog\/2014\/07\/23\/degotter-une-balade-en-velo-en-groupe-arles-centre-ville-1839\/#breadcrumb"},"inLanguage":"en-GB","potentialAction":[{"@type":"ReadAction","target":["https:\/\/www.visiterarles.com\/blog\/2014\/07\/23\/degotter-une-balade-en-velo-en-groupe-arles-centre-ville-1839\/"]}]},{"@type":"BreadcrumbList","@id":"https:\/\/www.visiterarles.com\/blog\/2014\/07\/23\/degotter-une-balade-en-velo-en-groupe-arles-centre-ville-1839\/#breadcrumb","itemListElement":[{"@type":"ListItem","position":1,"name":"Home","item":"https:\/\/www.visiterarles.com\/"},{"@type":"ListItem","position":2,"name":"D\u00e9gotter une balade en v\u00e9lo en groupe Arles centre ville"}]},{"@type":"WebSite","@id":"https:\/\/www.visiterarles.com\/en\/#website","url":"https:\/\/www.visiterarles.com\/en\/","name":"Visiter Arles","description":"Tourisme en Provence \u00e0 Arles","publisher":{"@id":"https:\/\/www.visiterarles.com\/en\/#organization"},"potentialAction":[{"@type":"SearchAction","target":{"@type":"EntryPoint","urlTemplate":"https:\/\/www.visiterarles.com\/en\/?s={search_term_string}"},"query-input":"required name=search_term_string"}],"inLanguage":"en-GB"},{"@type":"Organization","@id":"https:\/\/www.visiterarles.com\/en\/#organization","name":"Visiter Arles","url":"https:\/\/www.visiterarles.com\/en\/","logo":{"@type":"ImageObject","inLanguage":"en-GB","@id":"https:\/\/www.visiterarles.com\/en\/#\/schema\/logo\/image\/","url":"https:\/\/www.visiterarles.com\/wp-content\/uploads\/2017\/10\/taco-and-co-1-1.jpg","contentUrl":"https:\/\/www.visiterarles.com\/wp-content\/uploads\/2017\/10\/taco-and-co-1-1.jpg","width":124,"height":73,"caption":"Visiter Arles"},"image":{"@id":"https:\/\/www.visiterarles.com\/en\/#\/schema\/logo\/image\/"}},{"@type":"Person","@id":"https:\/\/www.visiterarles.com\/en\/#\/schema\/person\/ba5912e4613018f479a2d86815a53576","name":"Linkadm","image":{"@type":"ImageObject","inLanguage":"en-GB","@id":"https:\/\/www.visiterarles.com\/en\/#\/schema\/person\/image\/","url":"https:\/\/secure.gravatar.com\/avatar\/4709ec209921503e8d8cc96168eddc49?s=96&d=mm&r=g","contentUrl":"https:\/\/secure.gravatar.com\/avatar\/4709ec209921503e8d8cc96168eddc49?s=96&d=mm&r=g","caption":"Linkadm"},"url":"https:\/\/www.visiterarles.com\/en\/blog\/author\/admin\/"}]}},"_links":{"self":[{"href":"https:\/\/www.visiterarles.com\/en\/wp-json\/wp\/v2\/posts\/27585"}],"collection":[{"href":"https:\/\/www.visiterarles.com\/en\/wp-json\/wp\/v2\/posts"}],"about":[{"href":"https:\/\/www.visiterarles.com\/en\/wp-json\/wp\/v2\/types\/post"}],"author":[{"embeddable":true,"href":"https:\/\/www.visiterarles.com\/en\/wp-json\/wp\/v2\/users\/1"}],"replies":[{"embeddable":true,"href":"https:\/\/www.visiterarles.com\/en\/wp-json\/wp\/v2\/comments?post=27585"}],"version-history":[{"count":0,"href":"https:\/\/www.visiterarles.com\/en\/wp-json\/wp\/v2\/posts\/27585\/revisions"}],"wp:attachment":[{"href":"https:\/\/www.visiterarles.com\/en\/wp-json\/wp\/v2\/media?parent=27585"}],"wp:term":[{"taxonomy":"category","embeddable":true,"href":"https:\/\/www.visiterarles.com\/en\/wp-json\/wp\/v2\/categories?post=27585"},{"taxonomy":"post_tag","embeddable":true,"href":"https:\/\/www.visiterarles.com\/en\/wp-json\/wp\/v2\/tags?post=27585"}],"curies":[{"name":"wp","href":"https:\/\/api.w.org\/{rel}","templated":true}]}}