{"id":27586,"date":"2014-07-23T16:34:00","date_gmt":"2014-07-23T16:34:00","guid":{"rendered":"http:\/\/www.visiterarles.com\/bon-plan-la-balade-en-velo-en-groupe-dans-arles-quartier-des-musees-804\/"},"modified":"2014-07-23T16:34:00","modified_gmt":"2014-07-23T16:34:00","slug":"bon-plan-la-balade-en-velo-en-groupe-dans-arles-quartier-des-musees-804","status":"publish","type":"post","link":"https:\/\/www.visiterarles.com\/en\/blog\/2014\/07\/23\/bon-plan-la-balade-en-velo-en-groupe-dans-arles-quartier-des-musees-804\/","title":{"rendered":"Bon plan : la balade en v\u00e9lo en groupe dans Arles quartier des mus\u00e9es"},"content":{"rendered":"<h4>Votre balade en v\u00e9lo \u00e0 Arles quartier des mus\u00e9es, en groupe avec V\u00e9lo Taco<\/h4>\n<p>Des thermes de constantin, du mus\u00e9e du riz o\u00f9 bien de l&rsquo;\u00e9glise saint honoratles thermes de constantin, le mus\u00e9e du riz o\u00f9 bien la tour des mourgues, par l&rsquo;interm\u00e9diaire de notre balade en v\u00e9lo en groupe Arles quartier des mus\u00e9es, sont des plus beaux endroits que vous ne manquerez pas dans cette commune splendide. Une sympathique balade en v\u00e9lo en groupe Arles quartier des mus\u00e9es, pour ne citer que cela, vous aidera \u00e0 jouir pleinement de l\u2019existence dans cette commune splendide, toujours avec la sensation d&rsquo;\u0153uvrer d&rsquo;une mani\u00e8re \u00e9cologique, en pr\u00e9sentant une culture des plus riches.<\/p>\n<h4>Arles : d\u00e9tecter la balade en v\u00e9lo en groupe, dont vous avez besoin<\/h4>\n<p>D\u00e9couvrir le ravissant capital de la commune via notre balade en v\u00e9lo en groupe \u00e0 Arles peut s&rsquo;av\u00e9rer \u00eatre une offre efficace pour qui en a envie. Au cas o\u00f9 vous soyez au sein d\u2019Arles, vous pourrez pleinement profiter d\u2019une agr\u00e9able balade en v\u00e9lo sereinement. Une <a href=\"http:\/\/www.visiterarles.com\/en\/arles-balade-en-velo-en-groupe-avec-tacoco-958\/\">balade en v\u00e9lo sur Arles<\/a>, en groupe peut s&rsquo;av\u00e9rer \u00eatre une offre qui correspondra \u00e0 tous ainsi qu\u2019aux passionn\u00e9s de tourisme.<\/p>","protected":false},"excerpt":{"rendered":"<p>Votre balade en v\u00e9lo \u00e0 Arles quartier des mus\u00e9es, en groupe avec V\u00e9lo Taco Des thermes de constantin, du mus\u00e9e du riz o\u00f9 bien de l&rsquo;\u00e9glise saint honoratles thermes de constantin, le mus\u00e9e du riz o\u00f9 bien la tour des mourgues, par l&rsquo;interm\u00e9diaire de notre balade en v\u00e9lo en groupe Arles quartier des mus\u00e9es, sont [&hellip;]<\/p>","protected":false},"author":1,"featured_media":0,"comment_status":"open","ping_status":"open","sticky":false,"template":"","format":"standard","meta":{"footnotes":""},"categories":[55],"tags":[],"aioseo_notices":[],"yoast_head":"<!-- This site is optimized with the Yoast SEO plugin v22.3 - https:\/\/yoast.com\/wordpress\/plugins\/seo\/ -->\n<title>Bon plan : la balade en v\u00e9lo en groupe dans Arles quartier des mus\u00e9es - Visiter Arles<\/title>\n<meta name=\"robots\" content=\"index, follow, max-snippet:-1, max-image-preview:large, max-video-preview:-1\" \/>\n<link rel=\"canonical\" href=\"https:\/\/www.visiterarles.com\/en\/blog\/2014\/07\/23\/bon-plan-la-balade-en-velo-en-groupe-dans-arles-quartier-des-musees-804\/\" \/>\n<meta name=\"twitter:label1\" content=\"Written by\" \/>\n\t<meta name=\"twitter:data1\" content=\"Linkadm\" \/>\n\t<meta name=\"twitter:label2\" content=\"Estimated reading time\" \/>\n\t<meta name=\"twitter:data2\" content=\"1 minute\" \/>\n<script type=\"application\/ld+json\" class=\"yoast-schema-graph\">{\"@context\":\"https:\/\/schema.org\",\"@graph\":[{\"@type\":\"Article\",\"@id\":\"https:\/\/www.visiterarles.com\/en\/blog\/2014\/07\/23\/bon-plan-la-balade-en-velo-en-groupe-dans-arles-quartier-des-musees-804\/#article\",\"isPartOf\":{\"@id\":\"https:\/\/www.visiterarles.com\/en\/blog\/2014\/07\/23\/bon-plan-la-balade-en-velo-en-groupe-dans-arles-quartier-des-musees-804\/\"},\"author\":{\"name\":\"Linkadm\",\"@id\":\"https:\/\/www.visiterarles.com\/en\/#\/schema\/person\/ba5912e4613018f479a2d86815a53576\"},\"headline\":\"Bon plan : la balade en v\u00e9lo en groupe dans Arles quartier des mus\u00e9es\",\"datePublished\":\"2014-07-23T16:34:00+00:00\",\"dateModified\":\"2014-07-23T16:34:00+00:00\",\"mainEntityOfPage\":{\"@id\":\"https:\/\/www.visiterarles.com\/en\/blog\/2014\/07\/23\/bon-plan-la-balade-en-velo-en-groupe-dans-arles-quartier-des-musees-804\/\"},\"wordCount\":232,\"commentCount\":0,\"publisher\":{\"@id\":\"https:\/\/www.visiterarles.com\/en\/#organization\"},\"articleSection\":[\"Informations\"],\"inLanguage\":\"en-GB\",\"potentialAction\":[{\"@type\":\"CommentAction\",\"name\":\"Comment\",\"target\":[\"https:\/\/www.visiterarles.com\/en\/blog\/2014\/07\/23\/bon-plan-la-balade-en-velo-en-groupe-dans-arles-quartier-des-musees-804\/#respond\"]}]},{\"@type\":\"WebPage\",\"@id\":\"https:\/\/www.visiterarles.com\/en\/blog\/2014\/07\/23\/bon-plan-la-balade-en-velo-en-groupe-dans-arles-quartier-des-musees-804\/\",\"url\":\"https:\/\/www.visiterarles.com\/en\/blog\/2014\/07\/23\/bon-plan-la-balade-en-velo-en-groupe-dans-arles-quartier-des-musees-804\/\",\"name\":\"Bon plan : la balade en v\u00e9lo en groupe dans Arles quartier des mus\u00e9es - Visiter Arles\",\"isPartOf\":{\"@id\":\"https:\/\/www.visiterarles.com\/en\/#website\"},\"datePublished\":\"2014-07-23T16:34:00+00:00\",\"dateModified\":\"2014-07-23T16:34:00+00:00\",\"breadcrumb\":{\"@id\":\"https:\/\/www.visiterarles.com\/en\/blog\/2014\/07\/23\/bon-plan-la-balade-en-velo-en-groupe-dans-arles-quartier-des-musees-804\/#breadcrumb\"},\"inLanguage\":\"en-GB\",\"potentialAction\":[{\"@type\":\"ReadAction\",\"target\":[\"https:\/\/www.visiterarles.com\/en\/blog\/2014\/07\/23\/bon-plan-la-balade-en-velo-en-groupe-dans-arles-quartier-des-musees-804\/\"]}]},{\"@type\":\"BreadcrumbList\",\"@id\":\"https:\/\/www.visiterarles.com\/en\/blog\/2014\/07\/23\/bon-plan-la-balade-en-velo-en-groupe-dans-arles-quartier-des-musees-804\/#breadcrumb\",\"itemListElement\":[{\"@type\":\"ListItem\",\"position\":1,\"name\":\"Home\",\"item\":\"https:\/\/www.visiterarles.com\/\"},{\"@type\":\"ListItem\",\"position\":2,\"name\":\"Bon plan : la balade en v\u00e9lo en groupe dans Arles quartier des mus\u00e9es\"}]},{\"@type\":\"WebSite\",\"@id\":\"https:\/\/www.visiterarles.com\/en\/#website\",\"url\":\"https:\/\/www.visiterarles.com\/en\/\",\"name\":\"Visiter Arles\",\"description\":\"Tourisme en Provence \u00e0 Arles\",\"publisher\":{\"@id\":\"https:\/\/www.visiterarles.com\/en\/#organization\"},\"potentialAction\":[{\"@type\":\"SearchAction\",\"target\":{\"@type\":\"EntryPoint\",\"urlTemplate\":\"https:\/\/www.visiterarles.com\/en\/?s={search_term_string}\"},\"query-input\":\"required name=search_term_string\"}],\"inLanguage\":\"en-GB\"},{\"@type\":\"Organization\",\"@id\":\"https:\/\/www.visiterarles.com\/en\/#organization\",\"name\":\"Visiter Arles\",\"url\":\"https:\/\/www.visiterarles.com\/en\/\",\"logo\":{\"@type\":\"ImageObject\",\"inLanguage\":\"en-GB\",\"@id\":\"https:\/\/www.visiterarles.com\/en\/#\/schema\/logo\/image\/\",\"url\":\"https:\/\/www.visiterarles.com\/wp-content\/uploads\/2017\/10\/taco-and-co-1-1.jpg\",\"contentUrl\":\"https:\/\/www.visiterarles.com\/wp-content\/uploads\/2017\/10\/taco-and-co-1-1.jpg\",\"width\":124,\"height\":73,\"caption\":\"Visiter Arles\"},\"image\":{\"@id\":\"https:\/\/www.visiterarles.com\/en\/#\/schema\/logo\/image\/\"}},{\"@type\":\"Person\",\"@id\":\"https:\/\/www.visiterarles.com\/en\/#\/schema\/person\/ba5912e4613018f479a2d86815a53576\",\"name\":\"Linkadm\",\"image\":{\"@type\":\"ImageObject\",\"inLanguage\":\"en-GB\",\"@id\":\"https:\/\/www.visiterarles.com\/en\/#\/schema\/person\/image\/\",\"url\":\"https:\/\/secure.gravatar.com\/avatar\/4709ec209921503e8d8cc96168eddc49?s=96&d=mm&r=g\",\"contentUrl\":\"https:\/\/secure.gravatar.com\/avatar\/4709ec209921503e8d8cc96168eddc49?s=96&d=mm&r=g\",\"caption\":\"Linkadm\"},\"url\":\"https:\/\/www.visiterarles.com\/en\/blog\/author\/admin\/\"}]}<\/script>\n<!-- \/ Yoast SEO plugin. -->","yoast_head_json":{"title":"Bon plan : la balade en v\u00e9lo en groupe dans Arles quartier des mus\u00e9es - Visiter Arles","robots":{"index":"index","follow":"follow","max-snippet":"max-snippet:-1","max-image-preview":"max-image-preview:large","max-video-preview":"max-video-preview:-1"},"canonical":"https:\/\/www.visiterarles.com\/en\/blog\/2014\/07\/23\/bon-plan-la-balade-en-velo-en-groupe-dans-arles-quartier-des-musees-804\/","twitter_misc":{"Written by":"Linkadm","Estimated reading time":"1 minute"},"schema":{"@context":"https:\/\/schema.org","@graph":[{"@type":"Article","@id":"https:\/\/www.visiterarles.com\/en\/blog\/2014\/07\/23\/bon-plan-la-balade-en-velo-en-groupe-dans-arles-quartier-des-musees-804\/#article","isPartOf":{"@id":"https:\/\/www.visiterarles.com\/en\/blog\/2014\/07\/23\/bon-plan-la-balade-en-velo-en-groupe-dans-arles-quartier-des-musees-804\/"},"author":{"name":"Linkadm","@id":"https:\/\/www.visiterarles.com\/en\/#\/schema\/person\/ba5912e4613018f479a2d86815a53576"},"headline":"Bon plan : la balade en v\u00e9lo en groupe dans Arles quartier des mus\u00e9es","datePublished":"2014-07-23T16:34:00+00:00","dateModified":"2014-07-23T16:34:00+00:00","mainEntityOfPage":{"@id":"https:\/\/www.visiterarles.com\/en\/blog\/2014\/07\/23\/bon-plan-la-balade-en-velo-en-groupe-dans-arles-quartier-des-musees-804\/"},"wordCount":232,"commentCount":0,"publisher":{"@id":"https:\/\/www.visiterarles.com\/en\/#organization"},"articleSection":["Informations"],"inLanguage":"en-GB","potentialAction":[{"@type":"CommentAction","name":"Comment","target":["https:\/\/www.visiterarles.com\/en\/blog\/2014\/07\/23\/bon-plan-la-balade-en-velo-en-groupe-dans-arles-quartier-des-musees-804\/#respond"]}]},{"@type":"WebPage","@id":"https:\/\/www.visiterarles.com\/en\/blog\/2014\/07\/23\/bon-plan-la-balade-en-velo-en-groupe-dans-arles-quartier-des-musees-804\/","url":"https:\/\/www.visiterarles.com\/en\/blog\/2014\/07\/23\/bon-plan-la-balade-en-velo-en-groupe-dans-arles-quartier-des-musees-804\/","name":"Bon plan : la balade en v\u00e9lo en groupe dans Arles quartier des mus\u00e9es - Visiter Arles","isPartOf":{"@id":"https:\/\/www.visiterarles.com\/en\/#website"},"datePublished":"2014-07-23T16:34:00+00:00","dateModified":"2014-07-23T16:34:00+00:00","breadcrumb":{"@id":"https:\/\/www.visiterarles.com\/en\/blog\/2014\/07\/23\/bon-plan-la-balade-en-velo-en-groupe-dans-arles-quartier-des-musees-804\/#breadcrumb"},"inLanguage":"en-GB","potentialAction":[{"@type":"ReadAction","target":["https:\/\/www.visiterarles.com\/en\/blog\/2014\/07\/23\/bon-plan-la-balade-en-velo-en-groupe-dans-arles-quartier-des-musees-804\/"]}]},{"@type":"BreadcrumbList","@id":"https:\/\/www.visiterarles.com\/en\/blog\/2014\/07\/23\/bon-plan-la-balade-en-velo-en-groupe-dans-arles-quartier-des-musees-804\/#breadcrumb","itemListElement":[{"@type":"ListItem","position":1,"name":"Home","item":"https:\/\/www.visiterarles.com\/"},{"@type":"ListItem","position":2,"name":"Bon plan : la balade en v\u00e9lo en groupe dans Arles quartier des mus\u00e9es"}]},{"@type":"WebSite","@id":"https:\/\/www.visiterarles.com\/en\/#website","url":"https:\/\/www.visiterarles.com\/en\/","name":"Visiter Arles","description":"Tourisme en Provence \u00e0 Arles","publisher":{"@id":"https:\/\/www.visiterarles.com\/en\/#organization"},"potentialAction":[{"@type":"SearchAction","target":{"@type":"EntryPoint","urlTemplate":"https:\/\/www.visiterarles.com\/en\/?s={search_term_string}"},"query-input":"required name=search_term_string"}],"inLanguage":"en-GB"},{"@type":"Organization","@id":"https:\/\/www.visiterarles.com\/en\/#organization","name":"Visiter Arles","url":"https:\/\/www.visiterarles.com\/en\/","logo":{"@type":"ImageObject","inLanguage":"en-GB","@id":"https:\/\/www.visiterarles.com\/en\/#\/schema\/logo\/image\/","url":"https:\/\/www.visiterarles.com\/wp-content\/uploads\/2017\/10\/taco-and-co-1-1.jpg","contentUrl":"https:\/\/www.visiterarles.com\/wp-content\/uploads\/2017\/10\/taco-and-co-1-1.jpg","width":124,"height":73,"caption":"Visiter Arles"},"image":{"@id":"https:\/\/www.visiterarles.com\/en\/#\/schema\/logo\/image\/"}},{"@type":"Person","@id":"https:\/\/www.visiterarles.com\/en\/#\/schema\/person\/ba5912e4613018f479a2d86815a53576","name":"Linkadm","image":{"@type":"ImageObject","inLanguage":"en-GB","@id":"https:\/\/www.visiterarles.com\/en\/#\/schema\/person\/image\/","url":"https:\/\/secure.gravatar.com\/avatar\/4709ec209921503e8d8cc96168eddc49?s=96&d=mm&r=g","contentUrl":"https:\/\/secure.gravatar.com\/avatar\/4709ec209921503e8d8cc96168eddc49?s=96&d=mm&r=g","caption":"Linkadm"},"url":"https:\/\/www.visiterarles.com\/en\/blog\/author\/admin\/"}]}},"_links":{"self":[{"href":"https:\/\/www.visiterarles.com\/en\/wp-json\/wp\/v2\/posts\/27586"}],"collection":[{"href":"https:\/\/www.visiterarles.com\/en\/wp-json\/wp\/v2\/posts"}],"about":[{"href":"https:\/\/www.visiterarles.com\/en\/wp-json\/wp\/v2\/types\/post"}],"author":[{"embeddable":true,"href":"https:\/\/www.visiterarles.com\/en\/wp-json\/wp\/v2\/users\/1"}],"replies":[{"embeddable":true,"href":"https:\/\/www.visiterarles.com\/en\/wp-json\/wp\/v2\/comments?post=27586"}],"version-history":[{"count":0,"href":"https:\/\/www.visiterarles.com\/en\/wp-json\/wp\/v2\/posts\/27586\/revisions"}],"wp:attachment":[{"href":"https:\/\/www.visiterarles.com\/en\/wp-json\/wp\/v2\/media?parent=27586"}],"wp:term":[{"taxonomy":"category","embeddable":true,"href":"https:\/\/www.visiterarles.com\/en\/wp-json\/wp\/v2\/categories?post=27586"},{"taxonomy":"post_tag","embeddable":true,"href":"https:\/\/www.visiterarles.com\/en\/wp-json\/wp\/v2\/tags?post=27586"}],"curies":[{"name":"wp","href":"https:\/\/api.w.org\/{rel}","templated":true}]}}