{"id":27587,"date":"2014-07-23T11:39:00","date_gmt":"2014-07-23T11:39:00","guid":{"rendered":"http:\/\/www.visiterarles.com\/balade-en-velo-en-groupe-arles-ancien-852\/"},"modified":"2014-07-23T11:39:00","modified_gmt":"2014-07-23T11:39:00","slug":"balade-en-velo-en-groupe-arles-ancien-852","status":"publish","type":"post","link":"https:\/\/www.visiterarles.com\/en\/blog\/2014\/07\/23\/balade-en-velo-en-groupe-arles-ancien-852\/","title":{"rendered":"Balade en v\u00e9lo en groupe Arles ancien"},"content":{"rendered":"<h4>Votre balade en v\u00e9lo \u00e0 Arles ancien, en groupe avec V\u00e9lo Taco<\/h4>\n<p>Les thermes de constantin, l&rsquo;ecomus\u00e9e du sel o\u00f9 bien le march\u00e9 de provence, par l&rsquo;interm\u00e9diaire de notre balade en v\u00e9lo en groupe Arles ancien, sont des monuments que vous ne sauriez manquer au sein de cette exceptionnelle commune magnifique. Pour offrir l&rsquo;opportunit\u00e9 de pleinement profiter des richesses de la ville, avec le sentiment d&rsquo;oeuvrer d\u2019une mani\u00e8re respectueuse de l\u2019environnement, une <a href=\"http:\/\/www.visiterarles.com\/en\/arles-balade-en-velo-en-groupe-avec-tacoco-958\/\">balade en v\u00e9lo en groupe Arles<\/a> ancien vous fera profiter au maximum de la vie.<\/p>\n<h4>Arles : pour quelles raisons s\u00e9lectionner notre balade en v\u00e9lo en groupe<\/h4>\n<p>Si l&rsquo;on a l\u2019intention de faire la d\u00e9couverte du magnifique capital de la commune, la balade en v\u00e9lo en groupe sur Arles, entre autres, se r\u00e9v\u00e8le \u00eatre tr\u00e8s adapt\u00e9e. O\u00f9 que vous vous trouviez \u00e0 Arles, vous aurez la possibilit\u00e9 de jouir au maximum de notre balade en v\u00e9lo en toute s\u00e9r\u00e9nit\u00e9. Notre balade en v\u00e9lo sur Arles, en groupe peut s&rsquo;av\u00e9rer \u00eatre une alternative cl\u00e9s en main qui conviendra \u00e0 tous de m\u00eame qu\u2019aux passionn\u00e9s de tourisme.<\/p>","protected":false},"excerpt":{"rendered":"<p>Votre balade en v\u00e9lo \u00e0 Arles ancien, en groupe avec V\u00e9lo Taco Les thermes de constantin, l&rsquo;ecomus\u00e9e du sel o\u00f9 bien le march\u00e9 de provence, par l&rsquo;interm\u00e9diaire de notre balade en v\u00e9lo en groupe Arles ancien, sont des monuments que vous ne sauriez manquer au sein de cette exceptionnelle commune magnifique. Pour offrir l&rsquo;opportunit\u00e9 de [&hellip;]<\/p>","protected":false},"author":1,"featured_media":0,"comment_status":"open","ping_status":"open","sticky":false,"template":"","format":"standard","meta":{"footnotes":""},"categories":[55],"tags":[],"aioseo_notices":[],"yoast_head":"<!-- This site is optimized with the Yoast SEO plugin v22.3 - https:\/\/yoast.com\/wordpress\/plugins\/seo\/ -->\n<title>Balade en v\u00e9lo en groupe Arles ancien - Visiter Arles<\/title>\n<meta name=\"robots\" content=\"index, follow, max-snippet:-1, max-image-preview:large, max-video-preview:-1\" \/>\n<link rel=\"canonical\" href=\"https:\/\/www.visiterarles.com\/en\/blog\/2014\/07\/23\/balade-en-velo-en-groupe-arles-ancien-852\/\" \/>\n<meta name=\"twitter:label1\" content=\"Written by\" \/>\n\t<meta name=\"twitter:data1\" content=\"Linkadm\" \/>\n\t<meta name=\"twitter:label2\" content=\"Estimated reading time\" \/>\n\t<meta name=\"twitter:data2\" content=\"1 minute\" \/>\n<script type=\"application\/ld+json\" class=\"yoast-schema-graph\">{\"@context\":\"https:\/\/schema.org\",\"@graph\":[{\"@type\":\"Article\",\"@id\":\"https:\/\/www.visiterarles.com\/blog\/2014\/07\/23\/balade-en-velo-en-groupe-arles-ancien-852\/#article\",\"isPartOf\":{\"@id\":\"https:\/\/www.visiterarles.com\/blog\/2014\/07\/23\/balade-en-velo-en-groupe-arles-ancien-852\/\"},\"author\":{\"name\":\"Linkadm\",\"@id\":\"https:\/\/www.visiterarles.com\/en\/#\/schema\/person\/ba5912e4613018f479a2d86815a53576\"},\"headline\":\"Balade en v\u00e9lo en groupe Arles ancien\",\"datePublished\":\"2014-07-23T11:39:00+00:00\",\"dateModified\":\"2014-07-23T11:39:00+00:00\",\"mainEntityOfPage\":{\"@id\":\"https:\/\/www.visiterarles.com\/blog\/2014\/07\/23\/balade-en-velo-en-groupe-arles-ancien-852\/\"},\"wordCount\":214,\"commentCount\":0,\"publisher\":{\"@id\":\"https:\/\/www.visiterarles.com\/en\/#organization\"},\"articleSection\":[\"Informations\"],\"inLanguage\":\"en-GB\",\"potentialAction\":[{\"@type\":\"CommentAction\",\"name\":\"Comment\",\"target\":[\"https:\/\/www.visiterarles.com\/blog\/2014\/07\/23\/balade-en-velo-en-groupe-arles-ancien-852\/#respond\"]}]},{\"@type\":\"WebPage\",\"@id\":\"https:\/\/www.visiterarles.com\/blog\/2014\/07\/23\/balade-en-velo-en-groupe-arles-ancien-852\/\",\"url\":\"https:\/\/www.visiterarles.com\/blog\/2014\/07\/23\/balade-en-velo-en-groupe-arles-ancien-852\/\",\"name\":\"Balade en v\u00e9lo en groupe Arles ancien - Visiter Arles\",\"isPartOf\":{\"@id\":\"https:\/\/www.visiterarles.com\/en\/#website\"},\"datePublished\":\"2014-07-23T11:39:00+00:00\",\"dateModified\":\"2014-07-23T11:39:00+00:00\",\"breadcrumb\":{\"@id\":\"https:\/\/www.visiterarles.com\/blog\/2014\/07\/23\/balade-en-velo-en-groupe-arles-ancien-852\/#breadcrumb\"},\"inLanguage\":\"en-GB\",\"potentialAction\":[{\"@type\":\"ReadAction\",\"target\":[\"https:\/\/www.visiterarles.com\/blog\/2014\/07\/23\/balade-en-velo-en-groupe-arles-ancien-852\/\"]}]},{\"@type\":\"BreadcrumbList\",\"@id\":\"https:\/\/www.visiterarles.com\/blog\/2014\/07\/23\/balade-en-velo-en-groupe-arles-ancien-852\/#breadcrumb\",\"itemListElement\":[{\"@type\":\"ListItem\",\"position\":1,\"name\":\"Home\",\"item\":\"https:\/\/www.visiterarles.com\/\"},{\"@type\":\"ListItem\",\"position\":2,\"name\":\"Balade en v\u00e9lo en groupe Arles ancien\"}]},{\"@type\":\"WebSite\",\"@id\":\"https:\/\/www.visiterarles.com\/en\/#website\",\"url\":\"https:\/\/www.visiterarles.com\/en\/\",\"name\":\"Visiter Arles\",\"description\":\"Tourisme en Provence \u00e0 Arles\",\"publisher\":{\"@id\":\"https:\/\/www.visiterarles.com\/en\/#organization\"},\"potentialAction\":[{\"@type\":\"SearchAction\",\"target\":{\"@type\":\"EntryPoint\",\"urlTemplate\":\"https:\/\/www.visiterarles.com\/en\/?s={search_term_string}\"},\"query-input\":\"required name=search_term_string\"}],\"inLanguage\":\"en-GB\"},{\"@type\":\"Organization\",\"@id\":\"https:\/\/www.visiterarles.com\/en\/#organization\",\"name\":\"Visiter Arles\",\"url\":\"https:\/\/www.visiterarles.com\/en\/\",\"logo\":{\"@type\":\"ImageObject\",\"inLanguage\":\"en-GB\",\"@id\":\"https:\/\/www.visiterarles.com\/en\/#\/schema\/logo\/image\/\",\"url\":\"https:\/\/www.visiterarles.com\/wp-content\/uploads\/2017\/10\/taco-and-co-1-1.jpg\",\"contentUrl\":\"https:\/\/www.visiterarles.com\/wp-content\/uploads\/2017\/10\/taco-and-co-1-1.jpg\",\"width\":124,\"height\":73,\"caption\":\"Visiter Arles\"},\"image\":{\"@id\":\"https:\/\/www.visiterarles.com\/en\/#\/schema\/logo\/image\/\"}},{\"@type\":\"Person\",\"@id\":\"https:\/\/www.visiterarles.com\/en\/#\/schema\/person\/ba5912e4613018f479a2d86815a53576\",\"name\":\"Linkadm\",\"image\":{\"@type\":\"ImageObject\",\"inLanguage\":\"en-GB\",\"@id\":\"https:\/\/www.visiterarles.com\/en\/#\/schema\/person\/image\/\",\"url\":\"https:\/\/secure.gravatar.com\/avatar\/4709ec209921503e8d8cc96168eddc49?s=96&d=mm&r=g\",\"contentUrl\":\"https:\/\/secure.gravatar.com\/avatar\/4709ec209921503e8d8cc96168eddc49?s=96&d=mm&r=g\",\"caption\":\"Linkadm\"},\"url\":\"https:\/\/www.visiterarles.com\/en\/blog\/author\/admin\/\"}]}<\/script>\n<!-- \/ Yoast SEO plugin. -->","yoast_head_json":{"title":"Balade en v\u00e9lo en groupe Arles ancien - Visiter Arles","robots":{"index":"index","follow":"follow","max-snippet":"max-snippet:-1","max-image-preview":"max-image-preview:large","max-video-preview":"max-video-preview:-1"},"canonical":"https:\/\/www.visiterarles.com\/en\/blog\/2014\/07\/23\/balade-en-velo-en-groupe-arles-ancien-852\/","twitter_misc":{"Written by":"Linkadm","Estimated reading time":"1 minute"},"schema":{"@context":"https:\/\/schema.org","@graph":[{"@type":"Article","@id":"https:\/\/www.visiterarles.com\/blog\/2014\/07\/23\/balade-en-velo-en-groupe-arles-ancien-852\/#article","isPartOf":{"@id":"https:\/\/www.visiterarles.com\/blog\/2014\/07\/23\/balade-en-velo-en-groupe-arles-ancien-852\/"},"author":{"name":"Linkadm","@id":"https:\/\/www.visiterarles.com\/en\/#\/schema\/person\/ba5912e4613018f479a2d86815a53576"},"headline":"Balade en v\u00e9lo en groupe Arles ancien","datePublished":"2014-07-23T11:39:00+00:00","dateModified":"2014-07-23T11:39:00+00:00","mainEntityOfPage":{"@id":"https:\/\/www.visiterarles.com\/blog\/2014\/07\/23\/balade-en-velo-en-groupe-arles-ancien-852\/"},"wordCount":214,"commentCount":0,"publisher":{"@id":"https:\/\/www.visiterarles.com\/en\/#organization"},"articleSection":["Informations"],"inLanguage":"en-GB","potentialAction":[{"@type":"CommentAction","name":"Comment","target":["https:\/\/www.visiterarles.com\/blog\/2014\/07\/23\/balade-en-velo-en-groupe-arles-ancien-852\/#respond"]}]},{"@type":"WebPage","@id":"https:\/\/www.visiterarles.com\/blog\/2014\/07\/23\/balade-en-velo-en-groupe-arles-ancien-852\/","url":"https:\/\/www.visiterarles.com\/blog\/2014\/07\/23\/balade-en-velo-en-groupe-arles-ancien-852\/","name":"Balade en v\u00e9lo en groupe Arles ancien - Visiter Arles","isPartOf":{"@id":"https:\/\/www.visiterarles.com\/en\/#website"},"datePublished":"2014-07-23T11:39:00+00:00","dateModified":"2014-07-23T11:39:00+00:00","breadcrumb":{"@id":"https:\/\/www.visiterarles.com\/blog\/2014\/07\/23\/balade-en-velo-en-groupe-arles-ancien-852\/#breadcrumb"},"inLanguage":"en-GB","potentialAction":[{"@type":"ReadAction","target":["https:\/\/www.visiterarles.com\/blog\/2014\/07\/23\/balade-en-velo-en-groupe-arles-ancien-852\/"]}]},{"@type":"BreadcrumbList","@id":"https:\/\/www.visiterarles.com\/blog\/2014\/07\/23\/balade-en-velo-en-groupe-arles-ancien-852\/#breadcrumb","itemListElement":[{"@type":"ListItem","position":1,"name":"Home","item":"https:\/\/www.visiterarles.com\/"},{"@type":"ListItem","position":2,"name":"Balade en v\u00e9lo en groupe Arles ancien"}]},{"@type":"WebSite","@id":"https:\/\/www.visiterarles.com\/en\/#website","url":"https:\/\/www.visiterarles.com\/en\/","name":"Visiter Arles","description":"Tourisme en Provence \u00e0 Arles","publisher":{"@id":"https:\/\/www.visiterarles.com\/en\/#organization"},"potentialAction":[{"@type":"SearchAction","target":{"@type":"EntryPoint","urlTemplate":"https:\/\/www.visiterarles.com\/en\/?s={search_term_string}"},"query-input":"required name=search_term_string"}],"inLanguage":"en-GB"},{"@type":"Organization","@id":"https:\/\/www.visiterarles.com\/en\/#organization","name":"Visiter Arles","url":"https:\/\/www.visiterarles.com\/en\/","logo":{"@type":"ImageObject","inLanguage":"en-GB","@id":"https:\/\/www.visiterarles.com\/en\/#\/schema\/logo\/image\/","url":"https:\/\/www.visiterarles.com\/wp-content\/uploads\/2017\/10\/taco-and-co-1-1.jpg","contentUrl":"https:\/\/www.visiterarles.com\/wp-content\/uploads\/2017\/10\/taco-and-co-1-1.jpg","width":124,"height":73,"caption":"Visiter Arles"},"image":{"@id":"https:\/\/www.visiterarles.com\/en\/#\/schema\/logo\/image\/"}},{"@type":"Person","@id":"https:\/\/www.visiterarles.com\/en\/#\/schema\/person\/ba5912e4613018f479a2d86815a53576","name":"Linkadm","image":{"@type":"ImageObject","inLanguage":"en-GB","@id":"https:\/\/www.visiterarles.com\/en\/#\/schema\/person\/image\/","url":"https:\/\/secure.gravatar.com\/avatar\/4709ec209921503e8d8cc96168eddc49?s=96&d=mm&r=g","contentUrl":"https:\/\/secure.gravatar.com\/avatar\/4709ec209921503e8d8cc96168eddc49?s=96&d=mm&r=g","caption":"Linkadm"},"url":"https:\/\/www.visiterarles.com\/en\/blog\/author\/admin\/"}]}},"_links":{"self":[{"href":"https:\/\/www.visiterarles.com\/en\/wp-json\/wp\/v2\/posts\/27587"}],"collection":[{"href":"https:\/\/www.visiterarles.com\/en\/wp-json\/wp\/v2\/posts"}],"about":[{"href":"https:\/\/www.visiterarles.com\/en\/wp-json\/wp\/v2\/types\/post"}],"author":[{"embeddable":true,"href":"https:\/\/www.visiterarles.com\/en\/wp-json\/wp\/v2\/users\/1"}],"replies":[{"embeddable":true,"href":"https:\/\/www.visiterarles.com\/en\/wp-json\/wp\/v2\/comments?post=27587"}],"version-history":[{"count":0,"href":"https:\/\/www.visiterarles.com\/en\/wp-json\/wp\/v2\/posts\/27587\/revisions"}],"wp:attachment":[{"href":"https:\/\/www.visiterarles.com\/en\/wp-json\/wp\/v2\/media?parent=27587"}],"wp:term":[{"taxonomy":"category","embeddable":true,"href":"https:\/\/www.visiterarles.com\/en\/wp-json\/wp\/v2\/categories?post=27587"},{"taxonomy":"post_tag","embeddable":true,"href":"https:\/\/www.visiterarles.com\/en\/wp-json\/wp\/v2\/tags?post=27587"}],"curies":[{"name":"wp","href":"https:\/\/api.w.org\/{rel}","templated":true}]}}