{"id":27591,"date":"2014-07-24T14:55:00","date_gmt":"2014-07-24T14:55:00","guid":{"rendered":"http:\/\/www.visiterarles.com\/bon-plan-la-balade-en-velo-en-groupe-a-arles-meja-85\/"},"modified":"2014-07-24T14:55:00","modified_gmt":"2014-07-24T14:55:00","slug":"bon-plan-la-balade-en-velo-en-groupe-a-arles-meja-85","status":"publish","type":"post","link":"https:\/\/www.visiterarles.com\/en\/blog\/2014\/07\/24\/bon-plan-la-balade-en-velo-en-groupe-a-arles-meja-85\/","title":{"rendered":"Bon plan : la balade en v\u00e9lo en groupe \u00e0 Arles Meja"},"content":{"rendered":"<h4>Votre balade en v\u00e9lo \u00e0 Arles Meja, en groupe avec V\u00e9lo-Taco<\/h4>\n<p>Les tours de la cavalerie, l&rsquo;ecomus\u00e9e du sel o\u00f9 bien l&rsquo;\u00e9glise saint honorat, via notre balade en v\u00e9lo en groupe sur Arles Meja, sont des monuments que vous ne manquerez pas dans cette commune splendide. Taco and co, de mani\u00e8re \u00e0 vous aider pour jouir totalement du moment pr\u00e9sent, va tout faire pour vous r\u00e9v\u00e9ler, avec l&rsquo;impression d&rsquo;oeuvrer de fa\u00e7on \u00e9co-responsable, le plus pertinent des richesses de la ville au sein de cette ville extraordinaire, par le biais d&rsquo;une balade en v\u00e9lo en groupe sur Arles Meja.<\/p>\n<h4>Pour quelle raison s\u00e9lectionner une balade en v\u00e9lo en groupe au sein d&rsquo;Arles<\/h4>\n<p>Faire la d\u00e9couverte du majestueux patrimoine de la ville par l&rsquo;interm\u00e9diaire de notre balade en v\u00e9lo en groupe \u00e0 Arles peut \u00eatre une offre appropri\u00e9e pour qui le d\u00e9sire. En arrivant \u00e0 Arles, vous pourrez solliciter notre balade en v\u00e9lo au sein m\u00eame de la station. Les visiteurs de tout poil appr\u00e9cieront notre <a href=\"http:\/\/www.visiterarles.com\/en\/arles-balade-en-velo-en-groupe-avec-tacoco-958\/\">balade en v\u00e9lo sur Arles<\/a>, en groupe qui leur plaira incontestablement.<\/p>","protected":false},"excerpt":{"rendered":"<p>Votre balade en v\u00e9lo \u00e0 Arles Meja, en groupe avec V\u00e9lo-Taco Les tours de la cavalerie, l&rsquo;ecomus\u00e9e du sel o\u00f9 bien l&rsquo;\u00e9glise saint honorat, via notre balade en v\u00e9lo en groupe sur Arles Meja, sont des monuments que vous ne manquerez pas dans cette commune splendide. Taco and co, de mani\u00e8re \u00e0 vous aider pour [&hellip;]<\/p>","protected":false},"author":1,"featured_media":0,"comment_status":"open","ping_status":"open","sticky":false,"template":"","format":"standard","meta":{"footnotes":""},"categories":[55],"tags":[],"aioseo_notices":[],"yoast_head":"<!-- This site is optimized with the Yoast SEO plugin v22.3 - https:\/\/yoast.com\/wordpress\/plugins\/seo\/ -->\n<title>Bon plan : la balade en v\u00e9lo en groupe \u00e0 Arles Meja - Visiter Arles<\/title>\n<meta name=\"robots\" content=\"index, follow, max-snippet:-1, max-image-preview:large, max-video-preview:-1\" \/>\n<link rel=\"canonical\" href=\"https:\/\/www.visiterarles.com\/en\/blog\/2014\/07\/24\/bon-plan-la-balade-en-velo-en-groupe-a-arles-meja-85\/\" \/>\n<meta name=\"twitter:label1\" content=\"Written by\" \/>\n\t<meta name=\"twitter:data1\" content=\"Linkadm\" \/>\n\t<meta name=\"twitter:label2\" content=\"Estimated reading time\" \/>\n\t<meta name=\"twitter:data2\" content=\"1 minute\" \/>\n<script type=\"application\/ld+json\" class=\"yoast-schema-graph\">{\"@context\":\"https:\/\/schema.org\",\"@graph\":[{\"@type\":\"Article\",\"@id\":\"https:\/\/www.visiterarles.com\/blog\/2014\/07\/24\/bon-plan-la-balade-en-velo-en-groupe-a-arles-meja-85\/#article\",\"isPartOf\":{\"@id\":\"https:\/\/www.visiterarles.com\/blog\/2014\/07\/24\/bon-plan-la-balade-en-velo-en-groupe-a-arles-meja-85\/\"},\"author\":{\"name\":\"Linkadm\",\"@id\":\"https:\/\/www.visiterarles.com\/en\/#\/schema\/person\/ba5912e4613018f479a2d86815a53576\"},\"headline\":\"Bon plan : la balade en v\u00e9lo en groupe \u00e0 Arles Meja\",\"datePublished\":\"2014-07-24T14:55:00+00:00\",\"dateModified\":\"2014-07-24T14:55:00+00:00\",\"mainEntityOfPage\":{\"@id\":\"https:\/\/www.visiterarles.com\/blog\/2014\/07\/24\/bon-plan-la-balade-en-velo-en-groupe-a-arles-meja-85\/\"},\"wordCount\":210,\"commentCount\":0,\"publisher\":{\"@id\":\"https:\/\/www.visiterarles.com\/en\/#organization\"},\"articleSection\":[\"Informations\"],\"inLanguage\":\"en-GB\",\"potentialAction\":[{\"@type\":\"CommentAction\",\"name\":\"Comment\",\"target\":[\"https:\/\/www.visiterarles.com\/blog\/2014\/07\/24\/bon-plan-la-balade-en-velo-en-groupe-a-arles-meja-85\/#respond\"]}]},{\"@type\":\"WebPage\",\"@id\":\"https:\/\/www.visiterarles.com\/blog\/2014\/07\/24\/bon-plan-la-balade-en-velo-en-groupe-a-arles-meja-85\/\",\"url\":\"https:\/\/www.visiterarles.com\/blog\/2014\/07\/24\/bon-plan-la-balade-en-velo-en-groupe-a-arles-meja-85\/\",\"name\":\"Bon plan : la balade en v\u00e9lo en groupe \u00e0 Arles Meja - Visiter Arles\",\"isPartOf\":{\"@id\":\"https:\/\/www.visiterarles.com\/en\/#website\"},\"datePublished\":\"2014-07-24T14:55:00+00:00\",\"dateModified\":\"2014-07-24T14:55:00+00:00\",\"breadcrumb\":{\"@id\":\"https:\/\/www.visiterarles.com\/blog\/2014\/07\/24\/bon-plan-la-balade-en-velo-en-groupe-a-arles-meja-85\/#breadcrumb\"},\"inLanguage\":\"en-GB\",\"potentialAction\":[{\"@type\":\"ReadAction\",\"target\":[\"https:\/\/www.visiterarles.com\/blog\/2014\/07\/24\/bon-plan-la-balade-en-velo-en-groupe-a-arles-meja-85\/\"]}]},{\"@type\":\"BreadcrumbList\",\"@id\":\"https:\/\/www.visiterarles.com\/blog\/2014\/07\/24\/bon-plan-la-balade-en-velo-en-groupe-a-arles-meja-85\/#breadcrumb\",\"itemListElement\":[{\"@type\":\"ListItem\",\"position\":1,\"name\":\"Home\",\"item\":\"https:\/\/www.visiterarles.com\/\"},{\"@type\":\"ListItem\",\"position\":2,\"name\":\"Bon plan : la balade en v\u00e9lo en groupe \u00e0 Arles Meja\"}]},{\"@type\":\"WebSite\",\"@id\":\"https:\/\/www.visiterarles.com\/en\/#website\",\"url\":\"https:\/\/www.visiterarles.com\/en\/\",\"name\":\"Visiter Arles\",\"description\":\"Tourisme en Provence \u00e0 Arles\",\"publisher\":{\"@id\":\"https:\/\/www.visiterarles.com\/en\/#organization\"},\"potentialAction\":[{\"@type\":\"SearchAction\",\"target\":{\"@type\":\"EntryPoint\",\"urlTemplate\":\"https:\/\/www.visiterarles.com\/en\/?s={search_term_string}\"},\"query-input\":\"required name=search_term_string\"}],\"inLanguage\":\"en-GB\"},{\"@type\":\"Organization\",\"@id\":\"https:\/\/www.visiterarles.com\/en\/#organization\",\"name\":\"Visiter Arles\",\"url\":\"https:\/\/www.visiterarles.com\/en\/\",\"logo\":{\"@type\":\"ImageObject\",\"inLanguage\":\"en-GB\",\"@id\":\"https:\/\/www.visiterarles.com\/en\/#\/schema\/logo\/image\/\",\"url\":\"https:\/\/www.visiterarles.com\/wp-content\/uploads\/2017\/10\/taco-and-co-1-1.jpg\",\"contentUrl\":\"https:\/\/www.visiterarles.com\/wp-content\/uploads\/2017\/10\/taco-and-co-1-1.jpg\",\"width\":124,\"height\":73,\"caption\":\"Visiter Arles\"},\"image\":{\"@id\":\"https:\/\/www.visiterarles.com\/en\/#\/schema\/logo\/image\/\"}},{\"@type\":\"Person\",\"@id\":\"https:\/\/www.visiterarles.com\/en\/#\/schema\/person\/ba5912e4613018f479a2d86815a53576\",\"name\":\"Linkadm\",\"image\":{\"@type\":\"ImageObject\",\"inLanguage\":\"en-GB\",\"@id\":\"https:\/\/www.visiterarles.com\/en\/#\/schema\/person\/image\/\",\"url\":\"https:\/\/secure.gravatar.com\/avatar\/4709ec209921503e8d8cc96168eddc49?s=96&d=mm&r=g\",\"contentUrl\":\"https:\/\/secure.gravatar.com\/avatar\/4709ec209921503e8d8cc96168eddc49?s=96&d=mm&r=g\",\"caption\":\"Linkadm\"},\"url\":\"https:\/\/www.visiterarles.com\/en\/blog\/author\/admin\/\"}]}<\/script>\n<!-- \/ Yoast SEO plugin. -->","yoast_head_json":{"title":"Bon plan : la balade en v\u00e9lo en groupe \u00e0 Arles Meja - Visiter Arles","robots":{"index":"index","follow":"follow","max-snippet":"max-snippet:-1","max-image-preview":"max-image-preview:large","max-video-preview":"max-video-preview:-1"},"canonical":"https:\/\/www.visiterarles.com\/en\/blog\/2014\/07\/24\/bon-plan-la-balade-en-velo-en-groupe-a-arles-meja-85\/","twitter_misc":{"Written by":"Linkadm","Estimated reading time":"1 minute"},"schema":{"@context":"https:\/\/schema.org","@graph":[{"@type":"Article","@id":"https:\/\/www.visiterarles.com\/blog\/2014\/07\/24\/bon-plan-la-balade-en-velo-en-groupe-a-arles-meja-85\/#article","isPartOf":{"@id":"https:\/\/www.visiterarles.com\/blog\/2014\/07\/24\/bon-plan-la-balade-en-velo-en-groupe-a-arles-meja-85\/"},"author":{"name":"Linkadm","@id":"https:\/\/www.visiterarles.com\/en\/#\/schema\/person\/ba5912e4613018f479a2d86815a53576"},"headline":"Bon plan : la balade en v\u00e9lo en groupe \u00e0 Arles Meja","datePublished":"2014-07-24T14:55:00+00:00","dateModified":"2014-07-24T14:55:00+00:00","mainEntityOfPage":{"@id":"https:\/\/www.visiterarles.com\/blog\/2014\/07\/24\/bon-plan-la-balade-en-velo-en-groupe-a-arles-meja-85\/"},"wordCount":210,"commentCount":0,"publisher":{"@id":"https:\/\/www.visiterarles.com\/en\/#organization"},"articleSection":["Informations"],"inLanguage":"en-GB","potentialAction":[{"@type":"CommentAction","name":"Comment","target":["https:\/\/www.visiterarles.com\/blog\/2014\/07\/24\/bon-plan-la-balade-en-velo-en-groupe-a-arles-meja-85\/#respond"]}]},{"@type":"WebPage","@id":"https:\/\/www.visiterarles.com\/blog\/2014\/07\/24\/bon-plan-la-balade-en-velo-en-groupe-a-arles-meja-85\/","url":"https:\/\/www.visiterarles.com\/blog\/2014\/07\/24\/bon-plan-la-balade-en-velo-en-groupe-a-arles-meja-85\/","name":"Bon plan : la balade en v\u00e9lo en groupe \u00e0 Arles Meja - Visiter Arles","isPartOf":{"@id":"https:\/\/www.visiterarles.com\/en\/#website"},"datePublished":"2014-07-24T14:55:00+00:00","dateModified":"2014-07-24T14:55:00+00:00","breadcrumb":{"@id":"https:\/\/www.visiterarles.com\/blog\/2014\/07\/24\/bon-plan-la-balade-en-velo-en-groupe-a-arles-meja-85\/#breadcrumb"},"inLanguage":"en-GB","potentialAction":[{"@type":"ReadAction","target":["https:\/\/www.visiterarles.com\/blog\/2014\/07\/24\/bon-plan-la-balade-en-velo-en-groupe-a-arles-meja-85\/"]}]},{"@type":"BreadcrumbList","@id":"https:\/\/www.visiterarles.com\/blog\/2014\/07\/24\/bon-plan-la-balade-en-velo-en-groupe-a-arles-meja-85\/#breadcrumb","itemListElement":[{"@type":"ListItem","position":1,"name":"Home","item":"https:\/\/www.visiterarles.com\/"},{"@type":"ListItem","position":2,"name":"Bon plan : la balade en v\u00e9lo en groupe \u00e0 Arles Meja"}]},{"@type":"WebSite","@id":"https:\/\/www.visiterarles.com\/en\/#website","url":"https:\/\/www.visiterarles.com\/en\/","name":"Visiter Arles","description":"Tourisme en Provence \u00e0 Arles","publisher":{"@id":"https:\/\/www.visiterarles.com\/en\/#organization"},"potentialAction":[{"@type":"SearchAction","target":{"@type":"EntryPoint","urlTemplate":"https:\/\/www.visiterarles.com\/en\/?s={search_term_string}"},"query-input":"required name=search_term_string"}],"inLanguage":"en-GB"},{"@type":"Organization","@id":"https:\/\/www.visiterarles.com\/en\/#organization","name":"Visiter Arles","url":"https:\/\/www.visiterarles.com\/en\/","logo":{"@type":"ImageObject","inLanguage":"en-GB","@id":"https:\/\/www.visiterarles.com\/en\/#\/schema\/logo\/image\/","url":"https:\/\/www.visiterarles.com\/wp-content\/uploads\/2017\/10\/taco-and-co-1-1.jpg","contentUrl":"https:\/\/www.visiterarles.com\/wp-content\/uploads\/2017\/10\/taco-and-co-1-1.jpg","width":124,"height":73,"caption":"Visiter Arles"},"image":{"@id":"https:\/\/www.visiterarles.com\/en\/#\/schema\/logo\/image\/"}},{"@type":"Person","@id":"https:\/\/www.visiterarles.com\/en\/#\/schema\/person\/ba5912e4613018f479a2d86815a53576","name":"Linkadm","image":{"@type":"ImageObject","inLanguage":"en-GB","@id":"https:\/\/www.visiterarles.com\/en\/#\/schema\/person\/image\/","url":"https:\/\/secure.gravatar.com\/avatar\/4709ec209921503e8d8cc96168eddc49?s=96&d=mm&r=g","contentUrl":"https:\/\/secure.gravatar.com\/avatar\/4709ec209921503e8d8cc96168eddc49?s=96&d=mm&r=g","caption":"Linkadm"},"url":"https:\/\/www.visiterarles.com\/en\/blog\/author\/admin\/"}]}},"_links":{"self":[{"href":"https:\/\/www.visiterarles.com\/en\/wp-json\/wp\/v2\/posts\/27591"}],"collection":[{"href":"https:\/\/www.visiterarles.com\/en\/wp-json\/wp\/v2\/posts"}],"about":[{"href":"https:\/\/www.visiterarles.com\/en\/wp-json\/wp\/v2\/types\/post"}],"author":[{"embeddable":true,"href":"https:\/\/www.visiterarles.com\/en\/wp-json\/wp\/v2\/users\/1"}],"replies":[{"embeddable":true,"href":"https:\/\/www.visiterarles.com\/en\/wp-json\/wp\/v2\/comments?post=27591"}],"version-history":[{"count":0,"href":"https:\/\/www.visiterarles.com\/en\/wp-json\/wp\/v2\/posts\/27591\/revisions"}],"wp:attachment":[{"href":"https:\/\/www.visiterarles.com\/en\/wp-json\/wp\/v2\/media?parent=27591"}],"wp:term":[{"taxonomy":"category","embeddable":true,"href":"https:\/\/www.visiterarles.com\/en\/wp-json\/wp\/v2\/categories?post=27591"},{"taxonomy":"post_tag","embeddable":true,"href":"https:\/\/www.visiterarles.com\/en\/wp-json\/wp\/v2\/tags?post=27591"}],"curies":[{"name":"wp","href":"https:\/\/api.w.org\/{rel}","templated":true}]}}