{"id":27593,"date":"2014-07-24T14:32:00","date_gmt":"2014-07-24T14:32:00","guid":{"rendered":"http:\/\/www.visiterarles.com\/degoter-une-balade-en-velo-en-groupe-arles-intra-muros-1605\/"},"modified":"2014-07-24T14:32:00","modified_gmt":"2014-07-24T14:32:00","slug":"degoter-une-balade-en-velo-en-groupe-arles-intra-muros-1605","status":"publish","type":"post","link":"https:\/\/www.visiterarles.com\/en\/blog\/2014\/07\/24\/degoter-une-balade-en-velo-en-groupe-arles-intra-muros-1605\/","title":{"rendered":"D\u00e9goter une balade en v\u00e9lo en groupe Arles intra-muros"},"content":{"rendered":"<h4>En groupe sur Arles intra-muros : o\u00f9 d\u00e9goter un contact fiable proposant une balade en v\u00e9lo<\/h4>\n<p>Arles se trouve \u00eatre une sympathique cit\u00e9 sublime, la culture, de m\u00eame que les jolis lieux, comme les thermes de constantin, le village de salins o\u00f9 alors la tour des mourgues poussent \u00e0 tous les coins de rue. Une sympathique <a href=\"http:\/\/www.visiterarles.com\/en\/arles-balade-en-velo-en-groupe-avec-tacoco-958\/\">balade en v\u00e9lo en groupe \u00e0 Arles<\/a> intra-muros, pour ne prendre que cet exemple, vous aidera \u00e0 jouir pleinement de l\u2019existence au sein de cette cit\u00e9 exceptionnelle, \u00e0 chaque fois avec le sentiment d\u2019agir d\u2019une mani\u00e8re \u00e9co-responsable, en pr\u00e9sentant le meilleur de la culture.<\/p>\n<h4>Balade en v\u00e9lo en groupe au sein d&rsquo;Arles : une alternative respectueuse de l&rsquo;environnement<\/h4>\n<p>Pour qui a la volont\u00e9 de prendre connaissance du magnifique patrimoine de la ville, une balade en v\u00e9lo en groupe dans Arles, pour ne prendre que cet exemple, est parfaite. O\u00f9 que vous vous av\u00e9riez \u00eatre dans Arles, vous pourrez profiter pleinement d\u2019une agr\u00e9able balade en v\u00e9lo en toute s\u00e9r\u00e9nit\u00e9. Une sympathique balade en v\u00e9lo sur Arles, en groupe peut s&rsquo;av\u00e9rer \u00eatre une solution qui plaira \u00e0 tous ainsi qu\u2019aux touristes.<\/p>","protected":false},"excerpt":{"rendered":"<p>En groupe sur Arles intra-muros : o\u00f9 d\u00e9goter un contact fiable proposant une balade en v\u00e9lo Arles se trouve \u00eatre une sympathique cit\u00e9 sublime, la culture, de m\u00eame que les jolis lieux, comme les thermes de constantin, le village de salins o\u00f9 alors la tour des mourgues poussent \u00e0 tous les coins de rue. Une [&hellip;]<\/p>","protected":false},"author":1,"featured_media":0,"comment_status":"open","ping_status":"open","sticky":false,"template":"","format":"standard","meta":{"footnotes":""},"categories":[55],"tags":[],"aioseo_notices":[],"yoast_head":"<!-- This site is optimized with the Yoast SEO plugin v22.3 - https:\/\/yoast.com\/wordpress\/plugins\/seo\/ -->\n<title>D\u00e9goter une balade en v\u00e9lo en groupe Arles intra-muros - Visiter Arles<\/title>\n<meta name=\"robots\" content=\"index, follow, max-snippet:-1, max-image-preview:large, max-video-preview:-1\" \/>\n<link rel=\"canonical\" href=\"https:\/\/www.visiterarles.com\/en\/blog\/2014\/07\/24\/degoter-une-balade-en-velo-en-groupe-arles-intra-muros-1605\/\" \/>\n<meta name=\"twitter:label1\" content=\"Written by\" \/>\n\t<meta name=\"twitter:data1\" content=\"Linkadm\" \/>\n\t<meta name=\"twitter:label2\" content=\"Estimated reading time\" \/>\n\t<meta name=\"twitter:data2\" content=\"1 minute\" \/>\n<script type=\"application\/ld+json\" class=\"yoast-schema-graph\">{\"@context\":\"https:\/\/schema.org\",\"@graph\":[{\"@type\":\"Article\",\"@id\":\"https:\/\/www.visiterarles.com\/blog\/2014\/07\/24\/degoter-une-balade-en-velo-en-groupe-arles-intra-muros-1605\/#article\",\"isPartOf\":{\"@id\":\"https:\/\/www.visiterarles.com\/blog\/2014\/07\/24\/degoter-une-balade-en-velo-en-groupe-arles-intra-muros-1605\/\"},\"author\":{\"name\":\"Linkadm\",\"@id\":\"https:\/\/www.visiterarles.com\/en\/#\/schema\/person\/ba5912e4613018f479a2d86815a53576\"},\"headline\":\"D\u00e9goter une balade en v\u00e9lo en groupe Arles intra-muros\",\"datePublished\":\"2014-07-24T14:32:00+00:00\",\"dateModified\":\"2014-07-24T14:32:00+00:00\",\"mainEntityOfPage\":{\"@id\":\"https:\/\/www.visiterarles.com\/blog\/2014\/07\/24\/degoter-une-balade-en-velo-en-groupe-arles-intra-muros-1605\/\"},\"wordCount\":212,\"commentCount\":0,\"publisher\":{\"@id\":\"https:\/\/www.visiterarles.com\/en\/#organization\"},\"articleSection\":[\"Informations\"],\"inLanguage\":\"en-GB\",\"potentialAction\":[{\"@type\":\"CommentAction\",\"name\":\"Comment\",\"target\":[\"https:\/\/www.visiterarles.com\/blog\/2014\/07\/24\/degoter-une-balade-en-velo-en-groupe-arles-intra-muros-1605\/#respond\"]}]},{\"@type\":\"WebPage\",\"@id\":\"https:\/\/www.visiterarles.com\/blog\/2014\/07\/24\/degoter-une-balade-en-velo-en-groupe-arles-intra-muros-1605\/\",\"url\":\"https:\/\/www.visiterarles.com\/blog\/2014\/07\/24\/degoter-une-balade-en-velo-en-groupe-arles-intra-muros-1605\/\",\"name\":\"D\u00e9goter une balade en v\u00e9lo en groupe Arles intra-muros - Visiter Arles\",\"isPartOf\":{\"@id\":\"https:\/\/www.visiterarles.com\/en\/#website\"},\"datePublished\":\"2014-07-24T14:32:00+00:00\",\"dateModified\":\"2014-07-24T14:32:00+00:00\",\"breadcrumb\":{\"@id\":\"https:\/\/www.visiterarles.com\/blog\/2014\/07\/24\/degoter-une-balade-en-velo-en-groupe-arles-intra-muros-1605\/#breadcrumb\"},\"inLanguage\":\"en-GB\",\"potentialAction\":[{\"@type\":\"ReadAction\",\"target\":[\"https:\/\/www.visiterarles.com\/blog\/2014\/07\/24\/degoter-une-balade-en-velo-en-groupe-arles-intra-muros-1605\/\"]}]},{\"@type\":\"BreadcrumbList\",\"@id\":\"https:\/\/www.visiterarles.com\/blog\/2014\/07\/24\/degoter-une-balade-en-velo-en-groupe-arles-intra-muros-1605\/#breadcrumb\",\"itemListElement\":[{\"@type\":\"ListItem\",\"position\":1,\"name\":\"Home\",\"item\":\"https:\/\/www.visiterarles.com\/\"},{\"@type\":\"ListItem\",\"position\":2,\"name\":\"D\u00e9goter une balade en v\u00e9lo en groupe Arles intra-muros\"}]},{\"@type\":\"WebSite\",\"@id\":\"https:\/\/www.visiterarles.com\/en\/#website\",\"url\":\"https:\/\/www.visiterarles.com\/en\/\",\"name\":\"Visiter Arles\",\"description\":\"Tourisme en Provence \u00e0 Arles\",\"publisher\":{\"@id\":\"https:\/\/www.visiterarles.com\/en\/#organization\"},\"potentialAction\":[{\"@type\":\"SearchAction\",\"target\":{\"@type\":\"EntryPoint\",\"urlTemplate\":\"https:\/\/www.visiterarles.com\/en\/?s={search_term_string}\"},\"query-input\":\"required name=search_term_string\"}],\"inLanguage\":\"en-GB\"},{\"@type\":\"Organization\",\"@id\":\"https:\/\/www.visiterarles.com\/en\/#organization\",\"name\":\"Visiter Arles\",\"url\":\"https:\/\/www.visiterarles.com\/en\/\",\"logo\":{\"@type\":\"ImageObject\",\"inLanguage\":\"en-GB\",\"@id\":\"https:\/\/www.visiterarles.com\/en\/#\/schema\/logo\/image\/\",\"url\":\"https:\/\/www.visiterarles.com\/wp-content\/uploads\/2017\/10\/taco-and-co-1-1.jpg\",\"contentUrl\":\"https:\/\/www.visiterarles.com\/wp-content\/uploads\/2017\/10\/taco-and-co-1-1.jpg\",\"width\":124,\"height\":73,\"caption\":\"Visiter Arles\"},\"image\":{\"@id\":\"https:\/\/www.visiterarles.com\/en\/#\/schema\/logo\/image\/\"}},{\"@type\":\"Person\",\"@id\":\"https:\/\/www.visiterarles.com\/en\/#\/schema\/person\/ba5912e4613018f479a2d86815a53576\",\"name\":\"Linkadm\",\"image\":{\"@type\":\"ImageObject\",\"inLanguage\":\"en-GB\",\"@id\":\"https:\/\/www.visiterarles.com\/en\/#\/schema\/person\/image\/\",\"url\":\"https:\/\/secure.gravatar.com\/avatar\/4709ec209921503e8d8cc96168eddc49?s=96&d=mm&r=g\",\"contentUrl\":\"https:\/\/secure.gravatar.com\/avatar\/4709ec209921503e8d8cc96168eddc49?s=96&d=mm&r=g\",\"caption\":\"Linkadm\"},\"url\":\"https:\/\/www.visiterarles.com\/en\/blog\/author\/admin\/\"}]}<\/script>\n<!-- \/ Yoast SEO plugin. -->","yoast_head_json":{"title":"D\u00e9goter une balade en v\u00e9lo en groupe Arles intra-muros - Visiter Arles","robots":{"index":"index","follow":"follow","max-snippet":"max-snippet:-1","max-image-preview":"max-image-preview:large","max-video-preview":"max-video-preview:-1"},"canonical":"https:\/\/www.visiterarles.com\/en\/blog\/2014\/07\/24\/degoter-une-balade-en-velo-en-groupe-arles-intra-muros-1605\/","twitter_misc":{"Written by":"Linkadm","Estimated reading time":"1 minute"},"schema":{"@context":"https:\/\/schema.org","@graph":[{"@type":"Article","@id":"https:\/\/www.visiterarles.com\/blog\/2014\/07\/24\/degoter-une-balade-en-velo-en-groupe-arles-intra-muros-1605\/#article","isPartOf":{"@id":"https:\/\/www.visiterarles.com\/blog\/2014\/07\/24\/degoter-une-balade-en-velo-en-groupe-arles-intra-muros-1605\/"},"author":{"name":"Linkadm","@id":"https:\/\/www.visiterarles.com\/en\/#\/schema\/person\/ba5912e4613018f479a2d86815a53576"},"headline":"D\u00e9goter une balade en v\u00e9lo en groupe Arles intra-muros","datePublished":"2014-07-24T14:32:00+00:00","dateModified":"2014-07-24T14:32:00+00:00","mainEntityOfPage":{"@id":"https:\/\/www.visiterarles.com\/blog\/2014\/07\/24\/degoter-une-balade-en-velo-en-groupe-arles-intra-muros-1605\/"},"wordCount":212,"commentCount":0,"publisher":{"@id":"https:\/\/www.visiterarles.com\/en\/#organization"},"articleSection":["Informations"],"inLanguage":"en-GB","potentialAction":[{"@type":"CommentAction","name":"Comment","target":["https:\/\/www.visiterarles.com\/blog\/2014\/07\/24\/degoter-une-balade-en-velo-en-groupe-arles-intra-muros-1605\/#respond"]}]},{"@type":"WebPage","@id":"https:\/\/www.visiterarles.com\/blog\/2014\/07\/24\/degoter-une-balade-en-velo-en-groupe-arles-intra-muros-1605\/","url":"https:\/\/www.visiterarles.com\/blog\/2014\/07\/24\/degoter-une-balade-en-velo-en-groupe-arles-intra-muros-1605\/","name":"D\u00e9goter une balade en v\u00e9lo en groupe Arles intra-muros - Visiter Arles","isPartOf":{"@id":"https:\/\/www.visiterarles.com\/en\/#website"},"datePublished":"2014-07-24T14:32:00+00:00","dateModified":"2014-07-24T14:32:00+00:00","breadcrumb":{"@id":"https:\/\/www.visiterarles.com\/blog\/2014\/07\/24\/degoter-une-balade-en-velo-en-groupe-arles-intra-muros-1605\/#breadcrumb"},"inLanguage":"en-GB","potentialAction":[{"@type":"ReadAction","target":["https:\/\/www.visiterarles.com\/blog\/2014\/07\/24\/degoter-une-balade-en-velo-en-groupe-arles-intra-muros-1605\/"]}]},{"@type":"BreadcrumbList","@id":"https:\/\/www.visiterarles.com\/blog\/2014\/07\/24\/degoter-une-balade-en-velo-en-groupe-arles-intra-muros-1605\/#breadcrumb","itemListElement":[{"@type":"ListItem","position":1,"name":"Home","item":"https:\/\/www.visiterarles.com\/"},{"@type":"ListItem","position":2,"name":"D\u00e9goter une balade en v\u00e9lo en groupe Arles intra-muros"}]},{"@type":"WebSite","@id":"https:\/\/www.visiterarles.com\/en\/#website","url":"https:\/\/www.visiterarles.com\/en\/","name":"Visiter Arles","description":"Tourisme en Provence \u00e0 Arles","publisher":{"@id":"https:\/\/www.visiterarles.com\/en\/#organization"},"potentialAction":[{"@type":"SearchAction","target":{"@type":"EntryPoint","urlTemplate":"https:\/\/www.visiterarles.com\/en\/?s={search_term_string}"},"query-input":"required name=search_term_string"}],"inLanguage":"en-GB"},{"@type":"Organization","@id":"https:\/\/www.visiterarles.com\/en\/#organization","name":"Visiter Arles","url":"https:\/\/www.visiterarles.com\/en\/","logo":{"@type":"ImageObject","inLanguage":"en-GB","@id":"https:\/\/www.visiterarles.com\/en\/#\/schema\/logo\/image\/","url":"https:\/\/www.visiterarles.com\/wp-content\/uploads\/2017\/10\/taco-and-co-1-1.jpg","contentUrl":"https:\/\/www.visiterarles.com\/wp-content\/uploads\/2017\/10\/taco-and-co-1-1.jpg","width":124,"height":73,"caption":"Visiter Arles"},"image":{"@id":"https:\/\/www.visiterarles.com\/en\/#\/schema\/logo\/image\/"}},{"@type":"Person","@id":"https:\/\/www.visiterarles.com\/en\/#\/schema\/person\/ba5912e4613018f479a2d86815a53576","name":"Linkadm","image":{"@type":"ImageObject","inLanguage":"en-GB","@id":"https:\/\/www.visiterarles.com\/en\/#\/schema\/person\/image\/","url":"https:\/\/secure.gravatar.com\/avatar\/4709ec209921503e8d8cc96168eddc49?s=96&d=mm&r=g","contentUrl":"https:\/\/secure.gravatar.com\/avatar\/4709ec209921503e8d8cc96168eddc49?s=96&d=mm&r=g","caption":"Linkadm"},"url":"https:\/\/www.visiterarles.com\/en\/blog\/author\/admin\/"}]}},"_links":{"self":[{"href":"https:\/\/www.visiterarles.com\/en\/wp-json\/wp\/v2\/posts\/27593"}],"collection":[{"href":"https:\/\/www.visiterarles.com\/en\/wp-json\/wp\/v2\/posts"}],"about":[{"href":"https:\/\/www.visiterarles.com\/en\/wp-json\/wp\/v2\/types\/post"}],"author":[{"embeddable":true,"href":"https:\/\/www.visiterarles.com\/en\/wp-json\/wp\/v2\/users\/1"}],"replies":[{"embeddable":true,"href":"https:\/\/www.visiterarles.com\/en\/wp-json\/wp\/v2\/comments?post=27593"}],"version-history":[{"count":0,"href":"https:\/\/www.visiterarles.com\/en\/wp-json\/wp\/v2\/posts\/27593\/revisions"}],"wp:attachment":[{"href":"https:\/\/www.visiterarles.com\/en\/wp-json\/wp\/v2\/media?parent=27593"}],"wp:term":[{"taxonomy":"category","embeddable":true,"href":"https:\/\/www.visiterarles.com\/en\/wp-json\/wp\/v2\/categories?post=27593"},{"taxonomy":"post_tag","embeddable":true,"href":"https:\/\/www.visiterarles.com\/en\/wp-json\/wp\/v2\/tags?post=27593"}],"curies":[{"name":"wp","href":"https:\/\/api.w.org\/{rel}","templated":true}]}}