{"id":27626,"date":"2014-07-28T12:58:00","date_gmt":"2014-07-28T12:58:00","guid":{"rendered":"http:\/\/www.visiterarles.com\/pour-voir-les-lieux-a-visiter-arles-centre-ville-la-balade-en-velo-1720\/"},"modified":"2014-07-28T12:58:00","modified_gmt":"2014-07-28T12:58:00","slug":"pour-voir-les-lieux-a-visiter-arles-centre-ville-la-balade-en-velo-1720","status":"publish","type":"post","link":"https:\/\/www.visiterarles.com\/en\/blog\/2014\/07\/28\/pour-voir-les-lieux-a-visiter-arles-centre-ville-la-balade-en-velo-1720\/","title":{"rendered":"Pour voir les lieux \u00e0 visiter Arles centre ville : la balade en v\u00e9lo"},"content":{"rendered":"<h4>Votre balade en v\u00e9lo, pour voir les lieux \u00e0 visiter dans Arles centre ville avec V\u00e9lo Taco<\/h4>\n<p>Des tours de la cavalerie, du marais du vigueirat o\u00f9 alors de l&rsquo;\u00e9glise saint honoratles thermes de constantin, le marais du vigueirat o\u00f9 alors le march\u00e9 de provence, par le biais de notre balade en v\u00e9lo pour voir les lieux \u00e0 visiter Arles centre ville, sont des hauts lieux qui ne vous \u00e9chapperont pas dans cette commune sublime. Une balade en v\u00e9lo pour voir les lieux \u00e0 visiter Arles centre ville, pour ne prendre que cet exemple, va vous permettre de profiter pleinement de la vie dans cette commune sublime, \u00e0 chaque fois avec l&rsquo;impression d\u2019agir de mani\u00e8re \u00e9cologique, en pr\u00e9sentant le meilleur de la culture.<\/p>\n<h4>Pour quelle raison choisir une balade en v\u00e9lo pour voir les lieux \u00e0 visiter au sein d&rsquo;Arles<\/h4>\n<p>Lorsqu\u2019on a la volont\u00e9 de d\u00e9couvrir le sublime patrimoine de la ville, notre balade en v\u00e9lo pour voir les lieux \u00e0 visiter \u00e0 Arles, pour ne prendre que cet exemple, s&rsquo;av\u00e8re \u00eatre tr\u00e8s adapt\u00e9e. Apr\u00e8s \u00eatre arriv\u00e9 \u00e0 la gare d\u2019Arles, vous aurez la possibilit\u00e9 de solliciter une balade en v\u00e9lo au sein m\u00eame de la gare sncf. Les clients de tout poil adoreront une <a href=\"http:\/\/www.visiterarles.com\/en\/arles-balade-en-velo-pour-voir-les-lieux-a-visiter-1023\/\">balade en v\u00e9lo sur Arles<\/a>, pour voir les lieux \u00e0 visiter qui leur plaira sans aucun doute.<\/p>","protected":false},"excerpt":{"rendered":"<p>Votre balade en v\u00e9lo, pour voir les lieux \u00e0 visiter dans Arles centre ville avec V\u00e9lo Taco Des tours de la cavalerie, du marais du vigueirat o\u00f9 alors de l&rsquo;\u00e9glise saint honoratles thermes de constantin, le marais du vigueirat o\u00f9 alors le march\u00e9 de provence, par le biais de notre balade en v\u00e9lo pour voir [&hellip;]<\/p>","protected":false},"author":1,"featured_media":0,"comment_status":"open","ping_status":"open","sticky":false,"template":"","format":"standard","meta":{"footnotes":""},"categories":[55],"tags":[],"aioseo_notices":[],"yoast_head":"<!-- This site is optimized with the Yoast SEO plugin v22.3 - https:\/\/yoast.com\/wordpress\/plugins\/seo\/ -->\n<title>Pour voir les lieux \u00e0 visiter Arles centre ville : la balade en v\u00e9lo - Visiter Arles<\/title>\n<meta name=\"robots\" content=\"index, follow, max-snippet:-1, max-image-preview:large, max-video-preview:-1\" \/>\n<link rel=\"canonical\" href=\"https:\/\/www.visiterarles.com\/en\/blog\/2014\/07\/28\/pour-voir-les-lieux-a-visiter-arles-centre-ville-la-balade-en-velo-1720\/\" \/>\n<meta name=\"twitter:label1\" content=\"Written by\" \/>\n\t<meta name=\"twitter:data1\" content=\"Linkadm\" \/>\n\t<meta name=\"twitter:label2\" content=\"Estimated reading time\" \/>\n\t<meta name=\"twitter:data2\" content=\"1 minute\" \/>\n<script type=\"application\/ld+json\" class=\"yoast-schema-graph\">{\"@context\":\"https:\/\/schema.org\",\"@graph\":[{\"@type\":\"Article\",\"@id\":\"https:\/\/www.visiterarles.com\/blog\/2014\/07\/28\/pour-voir-les-lieux-a-visiter-arles-centre-ville-la-balade-en-velo-1720\/#article\",\"isPartOf\":{\"@id\":\"https:\/\/www.visiterarles.com\/blog\/2014\/07\/28\/pour-voir-les-lieux-a-visiter-arles-centre-ville-la-balade-en-velo-1720\/\"},\"author\":{\"name\":\"Linkadm\",\"@id\":\"https:\/\/www.visiterarles.com\/en\/#\/schema\/person\/ba5912e4613018f479a2d86815a53576\"},\"headline\":\"Pour voir les lieux \u00e0 visiter Arles centre ville : la balade en v\u00e9lo\",\"datePublished\":\"2014-07-28T12:58:00+00:00\",\"dateModified\":\"2014-07-28T12:58:00+00:00\",\"mainEntityOfPage\":{\"@id\":\"https:\/\/www.visiterarles.com\/blog\/2014\/07\/28\/pour-voir-les-lieux-a-visiter-arles-centre-ville-la-balade-en-velo-1720\/\"},\"wordCount\":249,\"commentCount\":0,\"publisher\":{\"@id\":\"https:\/\/www.visiterarles.com\/en\/#organization\"},\"articleSection\":[\"Informations\"],\"inLanguage\":\"en-GB\",\"potentialAction\":[{\"@type\":\"CommentAction\",\"name\":\"Comment\",\"target\":[\"https:\/\/www.visiterarles.com\/blog\/2014\/07\/28\/pour-voir-les-lieux-a-visiter-arles-centre-ville-la-balade-en-velo-1720\/#respond\"]}]},{\"@type\":\"WebPage\",\"@id\":\"https:\/\/www.visiterarles.com\/blog\/2014\/07\/28\/pour-voir-les-lieux-a-visiter-arles-centre-ville-la-balade-en-velo-1720\/\",\"url\":\"https:\/\/www.visiterarles.com\/blog\/2014\/07\/28\/pour-voir-les-lieux-a-visiter-arles-centre-ville-la-balade-en-velo-1720\/\",\"name\":\"Pour voir les lieux \u00e0 visiter Arles centre ville : la balade en v\u00e9lo - Visiter Arles\",\"isPartOf\":{\"@id\":\"https:\/\/www.visiterarles.com\/en\/#website\"},\"datePublished\":\"2014-07-28T12:58:00+00:00\",\"dateModified\":\"2014-07-28T12:58:00+00:00\",\"breadcrumb\":{\"@id\":\"https:\/\/www.visiterarles.com\/blog\/2014\/07\/28\/pour-voir-les-lieux-a-visiter-arles-centre-ville-la-balade-en-velo-1720\/#breadcrumb\"},\"inLanguage\":\"en-GB\",\"potentialAction\":[{\"@type\":\"ReadAction\",\"target\":[\"https:\/\/www.visiterarles.com\/blog\/2014\/07\/28\/pour-voir-les-lieux-a-visiter-arles-centre-ville-la-balade-en-velo-1720\/\"]}]},{\"@type\":\"BreadcrumbList\",\"@id\":\"https:\/\/www.visiterarles.com\/blog\/2014\/07\/28\/pour-voir-les-lieux-a-visiter-arles-centre-ville-la-balade-en-velo-1720\/#breadcrumb\",\"itemListElement\":[{\"@type\":\"ListItem\",\"position\":1,\"name\":\"Home\",\"item\":\"https:\/\/www.visiterarles.com\/\"},{\"@type\":\"ListItem\",\"position\":2,\"name\":\"Pour voir les lieux \u00e0 visiter Arles centre ville : la balade en v\u00e9lo\"}]},{\"@type\":\"WebSite\",\"@id\":\"https:\/\/www.visiterarles.com\/en\/#website\",\"url\":\"https:\/\/www.visiterarles.com\/en\/\",\"name\":\"Visiter Arles\",\"description\":\"Tourisme en Provence \u00e0 Arles\",\"publisher\":{\"@id\":\"https:\/\/www.visiterarles.com\/en\/#organization\"},\"potentialAction\":[{\"@type\":\"SearchAction\",\"target\":{\"@type\":\"EntryPoint\",\"urlTemplate\":\"https:\/\/www.visiterarles.com\/en\/?s={search_term_string}\"},\"query-input\":\"required name=search_term_string\"}],\"inLanguage\":\"en-GB\"},{\"@type\":\"Organization\",\"@id\":\"https:\/\/www.visiterarles.com\/en\/#organization\",\"name\":\"Visiter Arles\",\"url\":\"https:\/\/www.visiterarles.com\/en\/\",\"logo\":{\"@type\":\"ImageObject\",\"inLanguage\":\"en-GB\",\"@id\":\"https:\/\/www.visiterarles.com\/en\/#\/schema\/logo\/image\/\",\"url\":\"https:\/\/www.visiterarles.com\/wp-content\/uploads\/2017\/10\/taco-and-co-1-1.jpg\",\"contentUrl\":\"https:\/\/www.visiterarles.com\/wp-content\/uploads\/2017\/10\/taco-and-co-1-1.jpg\",\"width\":124,\"height\":73,\"caption\":\"Visiter Arles\"},\"image\":{\"@id\":\"https:\/\/www.visiterarles.com\/en\/#\/schema\/logo\/image\/\"}},{\"@type\":\"Person\",\"@id\":\"https:\/\/www.visiterarles.com\/en\/#\/schema\/person\/ba5912e4613018f479a2d86815a53576\",\"name\":\"Linkadm\",\"image\":{\"@type\":\"ImageObject\",\"inLanguage\":\"en-GB\",\"@id\":\"https:\/\/www.visiterarles.com\/en\/#\/schema\/person\/image\/\",\"url\":\"https:\/\/secure.gravatar.com\/avatar\/4709ec209921503e8d8cc96168eddc49?s=96&d=mm&r=g\",\"contentUrl\":\"https:\/\/secure.gravatar.com\/avatar\/4709ec209921503e8d8cc96168eddc49?s=96&d=mm&r=g\",\"caption\":\"Linkadm\"},\"url\":\"https:\/\/www.visiterarles.com\/en\/blog\/author\/admin\/\"}]}<\/script>\n<!-- \/ Yoast SEO plugin. -->","yoast_head_json":{"title":"Pour voir les lieux \u00e0 visiter Arles centre ville : la balade en v\u00e9lo - Visiter Arles","robots":{"index":"index","follow":"follow","max-snippet":"max-snippet:-1","max-image-preview":"max-image-preview:large","max-video-preview":"max-video-preview:-1"},"canonical":"https:\/\/www.visiterarles.com\/en\/blog\/2014\/07\/28\/pour-voir-les-lieux-a-visiter-arles-centre-ville-la-balade-en-velo-1720\/","twitter_misc":{"Written by":"Linkadm","Estimated reading time":"1 minute"},"schema":{"@context":"https:\/\/schema.org","@graph":[{"@type":"Article","@id":"https:\/\/www.visiterarles.com\/blog\/2014\/07\/28\/pour-voir-les-lieux-a-visiter-arles-centre-ville-la-balade-en-velo-1720\/#article","isPartOf":{"@id":"https:\/\/www.visiterarles.com\/blog\/2014\/07\/28\/pour-voir-les-lieux-a-visiter-arles-centre-ville-la-balade-en-velo-1720\/"},"author":{"name":"Linkadm","@id":"https:\/\/www.visiterarles.com\/en\/#\/schema\/person\/ba5912e4613018f479a2d86815a53576"},"headline":"Pour voir les lieux \u00e0 visiter Arles centre ville : la balade en v\u00e9lo","datePublished":"2014-07-28T12:58:00+00:00","dateModified":"2014-07-28T12:58:00+00:00","mainEntityOfPage":{"@id":"https:\/\/www.visiterarles.com\/blog\/2014\/07\/28\/pour-voir-les-lieux-a-visiter-arles-centre-ville-la-balade-en-velo-1720\/"},"wordCount":249,"commentCount":0,"publisher":{"@id":"https:\/\/www.visiterarles.com\/en\/#organization"},"articleSection":["Informations"],"inLanguage":"en-GB","potentialAction":[{"@type":"CommentAction","name":"Comment","target":["https:\/\/www.visiterarles.com\/blog\/2014\/07\/28\/pour-voir-les-lieux-a-visiter-arles-centre-ville-la-balade-en-velo-1720\/#respond"]}]},{"@type":"WebPage","@id":"https:\/\/www.visiterarles.com\/blog\/2014\/07\/28\/pour-voir-les-lieux-a-visiter-arles-centre-ville-la-balade-en-velo-1720\/","url":"https:\/\/www.visiterarles.com\/blog\/2014\/07\/28\/pour-voir-les-lieux-a-visiter-arles-centre-ville-la-balade-en-velo-1720\/","name":"Pour voir les lieux \u00e0 visiter Arles centre ville : la balade en v\u00e9lo - Visiter Arles","isPartOf":{"@id":"https:\/\/www.visiterarles.com\/en\/#website"},"datePublished":"2014-07-28T12:58:00+00:00","dateModified":"2014-07-28T12:58:00+00:00","breadcrumb":{"@id":"https:\/\/www.visiterarles.com\/blog\/2014\/07\/28\/pour-voir-les-lieux-a-visiter-arles-centre-ville-la-balade-en-velo-1720\/#breadcrumb"},"inLanguage":"en-GB","potentialAction":[{"@type":"ReadAction","target":["https:\/\/www.visiterarles.com\/blog\/2014\/07\/28\/pour-voir-les-lieux-a-visiter-arles-centre-ville-la-balade-en-velo-1720\/"]}]},{"@type":"BreadcrumbList","@id":"https:\/\/www.visiterarles.com\/blog\/2014\/07\/28\/pour-voir-les-lieux-a-visiter-arles-centre-ville-la-balade-en-velo-1720\/#breadcrumb","itemListElement":[{"@type":"ListItem","position":1,"name":"Home","item":"https:\/\/www.visiterarles.com\/"},{"@type":"ListItem","position":2,"name":"Pour voir les lieux \u00e0 visiter Arles centre ville : la balade en v\u00e9lo"}]},{"@type":"WebSite","@id":"https:\/\/www.visiterarles.com\/en\/#website","url":"https:\/\/www.visiterarles.com\/en\/","name":"Visiter Arles","description":"Tourisme en Provence \u00e0 Arles","publisher":{"@id":"https:\/\/www.visiterarles.com\/en\/#organization"},"potentialAction":[{"@type":"SearchAction","target":{"@type":"EntryPoint","urlTemplate":"https:\/\/www.visiterarles.com\/en\/?s={search_term_string}"},"query-input":"required name=search_term_string"}],"inLanguage":"en-GB"},{"@type":"Organization","@id":"https:\/\/www.visiterarles.com\/en\/#organization","name":"Visiter Arles","url":"https:\/\/www.visiterarles.com\/en\/","logo":{"@type":"ImageObject","inLanguage":"en-GB","@id":"https:\/\/www.visiterarles.com\/en\/#\/schema\/logo\/image\/","url":"https:\/\/www.visiterarles.com\/wp-content\/uploads\/2017\/10\/taco-and-co-1-1.jpg","contentUrl":"https:\/\/www.visiterarles.com\/wp-content\/uploads\/2017\/10\/taco-and-co-1-1.jpg","width":124,"height":73,"caption":"Visiter Arles"},"image":{"@id":"https:\/\/www.visiterarles.com\/en\/#\/schema\/logo\/image\/"}},{"@type":"Person","@id":"https:\/\/www.visiterarles.com\/en\/#\/schema\/person\/ba5912e4613018f479a2d86815a53576","name":"Linkadm","image":{"@type":"ImageObject","inLanguage":"en-GB","@id":"https:\/\/www.visiterarles.com\/en\/#\/schema\/person\/image\/","url":"https:\/\/secure.gravatar.com\/avatar\/4709ec209921503e8d8cc96168eddc49?s=96&d=mm&r=g","contentUrl":"https:\/\/secure.gravatar.com\/avatar\/4709ec209921503e8d8cc96168eddc49?s=96&d=mm&r=g","caption":"Linkadm"},"url":"https:\/\/www.visiterarles.com\/en\/blog\/author\/admin\/"}]}},"_links":{"self":[{"href":"https:\/\/www.visiterarles.com\/en\/wp-json\/wp\/v2\/posts\/27626"}],"collection":[{"href":"https:\/\/www.visiterarles.com\/en\/wp-json\/wp\/v2\/posts"}],"about":[{"href":"https:\/\/www.visiterarles.com\/en\/wp-json\/wp\/v2\/types\/post"}],"author":[{"embeddable":true,"href":"https:\/\/www.visiterarles.com\/en\/wp-json\/wp\/v2\/users\/1"}],"replies":[{"embeddable":true,"href":"https:\/\/www.visiterarles.com\/en\/wp-json\/wp\/v2\/comments?post=27626"}],"version-history":[{"count":0,"href":"https:\/\/www.visiterarles.com\/en\/wp-json\/wp\/v2\/posts\/27626\/revisions"}],"wp:attachment":[{"href":"https:\/\/www.visiterarles.com\/en\/wp-json\/wp\/v2\/media?parent=27626"}],"wp:term":[{"taxonomy":"category","embeddable":true,"href":"https:\/\/www.visiterarles.com\/en\/wp-json\/wp\/v2\/categories?post=27626"},{"taxonomy":"post_tag","embeddable":true,"href":"https:\/\/www.visiterarles.com\/en\/wp-json\/wp\/v2\/tags?post=27626"}],"curies":[{"name":"wp","href":"https:\/\/api.w.org\/{rel}","templated":true}]}}