{"id":27630,"date":"2014-07-28T11:45:00","date_gmt":"2014-07-28T11:45:00","guid":{"rendered":"http:\/\/www.visiterarles.com\/bon-plan-pour-voir-les-lieux-a-visiter-arles-la-roquette-la-balade-en-velo-566\/"},"modified":"2014-07-28T11:45:00","modified_gmt":"2014-07-28T11:45:00","slug":"bon-plan-pour-voir-les-lieux-a-visiter-arles-la-roquette-la-balade-en-velo-566","status":"publish","type":"post","link":"https:\/\/www.visiterarles.com\/en\/blog\/2014\/07\/28\/bon-plan-pour-voir-les-lieux-a-visiter-arles-la-roquette-la-balade-en-velo-566\/","title":{"rendered":"Bon plan pour voir les lieux \u00e0 visiter Arles la roquette : la balade en v\u00e9lo"},"content":{"rendered":"<h4>Tacoandco sur Arles la roquette votre partenaire s\u00e9rieux pour voir les lieux \u00e0 visiter<\/h4>\n<p>Les anciens ateliers sncf, le marais du vigueirat o\u00f9 le march\u00e9 de provence, avec notre balade en v\u00e9lo pour voir les lieux \u00e0 visiter sur Arles la roquette, sont des monuments que vous ne manquerez pas au sein de cette commune magnifique. V\u00e9lo Taco, de fa\u00e7on \u00e0 vous \u00e9pauler pour jouir totalement de l&rsquo;existence, ne manquera pas de vous r\u00e9v\u00e9ler, avec l&rsquo;impression d&rsquo;oeuvrer de fa\u00e7on eco responsable, le plus adapt\u00e9 de la vie culturelle au sein de cette commune extraordinaire, via une <a href=\"http:\/\/www.visiterarles.com\/en\/arles-balade-en-velo-pour-voir-les-lieux-a-visiter-1023\/\">balade en v\u00e9lo pour voir les lieux \u00e0 visiter sur Arles<\/a> la roquette.<\/p>\n<h4>Arles : de quelle fa\u00e7on s\u2019y prendre pour d\u00e9nicher votre balade en v\u00e9lo pour voir les lieux \u00e0 visiter<\/h4>\n<p>D\u00e8s lors qu&rsquo;on a l\u2019intention de d\u00e9couvrir le splendide centre historique, la balade en v\u00e9lo pour voir les lieux \u00e0 visiter sur Arles, pour ne prendre que cet exemple, est id\u00e9ale. O\u00f9 que vous vous trouviez \u00e0 Arles, il vous sera possible de jouir au maximum de notre balade en v\u00e9lo en toute qui\u00e9tude. Une balade en v\u00e9lo sur Arles, pour voir les lieux \u00e0 visiter peut para\u00eetre une alternative cl\u00e9s en main qui conviendra \u00e0 tous de m\u00eame qu\u2019aux touristes.<\/p>","protected":false},"excerpt":{"rendered":"<p>Tacoandco sur Arles la roquette votre partenaire s\u00e9rieux pour voir les lieux \u00e0 visiter Les anciens ateliers sncf, le marais du vigueirat o\u00f9 le march\u00e9 de provence, avec notre balade en v\u00e9lo pour voir les lieux \u00e0 visiter sur Arles la roquette, sont des monuments que vous ne manquerez pas au sein de cette commune [&hellip;]<\/p>","protected":false},"author":1,"featured_media":0,"comment_status":"open","ping_status":"open","sticky":false,"template":"","format":"standard","meta":{"footnotes":""},"categories":[55],"tags":[],"aioseo_notices":[],"yoast_head":"<!-- This site is optimized with the Yoast SEO plugin v22.3 - https:\/\/yoast.com\/wordpress\/plugins\/seo\/ -->\n<title>Bon plan pour voir les lieux \u00e0 visiter Arles la roquette : la balade en v\u00e9lo - Visiter Arles<\/title>\n<meta name=\"robots\" content=\"index, follow, max-snippet:-1, max-image-preview:large, max-video-preview:-1\" \/>\n<link rel=\"canonical\" href=\"https:\/\/www.visiterarles.com\/en\/blog\/2014\/07\/28\/bon-plan-pour-voir-les-lieux-a-visiter-arles-la-roquette-la-balade-en-velo-566\/\" \/>\n<meta name=\"twitter:label1\" content=\"Written by\" \/>\n\t<meta name=\"twitter:data1\" content=\"Linkadm\" \/>\n\t<meta name=\"twitter:label2\" content=\"Estimated reading time\" \/>\n\t<meta name=\"twitter:data2\" content=\"1 minute\" \/>\n<script type=\"application\/ld+json\" class=\"yoast-schema-graph\">{\"@context\":\"https:\/\/schema.org\",\"@graph\":[{\"@type\":\"Article\",\"@id\":\"https:\/\/www.visiterarles.com\/en\/blog\/2014\/07\/28\/bon-plan-pour-voir-les-lieux-a-visiter-arles-la-roquette-la-balade-en-velo-566\/#article\",\"isPartOf\":{\"@id\":\"https:\/\/www.visiterarles.com\/en\/blog\/2014\/07\/28\/bon-plan-pour-voir-les-lieux-a-visiter-arles-la-roquette-la-balade-en-velo-566\/\"},\"author\":{\"name\":\"Linkadm\",\"@id\":\"https:\/\/www.visiterarles.com\/en\/#\/schema\/person\/ba5912e4613018f479a2d86815a53576\"},\"headline\":\"Bon plan pour voir les lieux \u00e0 visiter Arles la roquette : la balade en v\u00e9lo\",\"datePublished\":\"2014-07-28T11:45:00+00:00\",\"dateModified\":\"2014-07-28T11:45:00+00:00\",\"mainEntityOfPage\":{\"@id\":\"https:\/\/www.visiterarles.com\/en\/blog\/2014\/07\/28\/bon-plan-pour-voir-les-lieux-a-visiter-arles-la-roquette-la-balade-en-velo-566\/\"},\"wordCount\":242,\"commentCount\":0,\"publisher\":{\"@id\":\"https:\/\/www.visiterarles.com\/en\/#organization\"},\"articleSection\":[\"Informations\"],\"inLanguage\":\"en-GB\",\"potentialAction\":[{\"@type\":\"CommentAction\",\"name\":\"Comment\",\"target\":[\"https:\/\/www.visiterarles.com\/en\/blog\/2014\/07\/28\/bon-plan-pour-voir-les-lieux-a-visiter-arles-la-roquette-la-balade-en-velo-566\/#respond\"]}]},{\"@type\":\"WebPage\",\"@id\":\"https:\/\/www.visiterarles.com\/en\/blog\/2014\/07\/28\/bon-plan-pour-voir-les-lieux-a-visiter-arles-la-roquette-la-balade-en-velo-566\/\",\"url\":\"https:\/\/www.visiterarles.com\/en\/blog\/2014\/07\/28\/bon-plan-pour-voir-les-lieux-a-visiter-arles-la-roquette-la-balade-en-velo-566\/\",\"name\":\"Bon plan pour voir les lieux \u00e0 visiter Arles la roquette : la balade en v\u00e9lo - Visiter Arles\",\"isPartOf\":{\"@id\":\"https:\/\/www.visiterarles.com\/en\/#website\"},\"datePublished\":\"2014-07-28T11:45:00+00:00\",\"dateModified\":\"2014-07-28T11:45:00+00:00\",\"breadcrumb\":{\"@id\":\"https:\/\/www.visiterarles.com\/en\/blog\/2014\/07\/28\/bon-plan-pour-voir-les-lieux-a-visiter-arles-la-roquette-la-balade-en-velo-566\/#breadcrumb\"},\"inLanguage\":\"en-GB\",\"potentialAction\":[{\"@type\":\"ReadAction\",\"target\":[\"https:\/\/www.visiterarles.com\/en\/blog\/2014\/07\/28\/bon-plan-pour-voir-les-lieux-a-visiter-arles-la-roquette-la-balade-en-velo-566\/\"]}]},{\"@type\":\"BreadcrumbList\",\"@id\":\"https:\/\/www.visiterarles.com\/en\/blog\/2014\/07\/28\/bon-plan-pour-voir-les-lieux-a-visiter-arles-la-roquette-la-balade-en-velo-566\/#breadcrumb\",\"itemListElement\":[{\"@type\":\"ListItem\",\"position\":1,\"name\":\"Home\",\"item\":\"https:\/\/www.visiterarles.com\/\"},{\"@type\":\"ListItem\",\"position\":2,\"name\":\"Bon plan pour voir les lieux \u00e0 visiter Arles la roquette : la balade en v\u00e9lo\"}]},{\"@type\":\"WebSite\",\"@id\":\"https:\/\/www.visiterarles.com\/en\/#website\",\"url\":\"https:\/\/www.visiterarles.com\/en\/\",\"name\":\"Visiter Arles\",\"description\":\"Tourisme en Provence \u00e0 Arles\",\"publisher\":{\"@id\":\"https:\/\/www.visiterarles.com\/en\/#organization\"},\"potentialAction\":[{\"@type\":\"SearchAction\",\"target\":{\"@type\":\"EntryPoint\",\"urlTemplate\":\"https:\/\/www.visiterarles.com\/en\/?s={search_term_string}\"},\"query-input\":\"required name=search_term_string\"}],\"inLanguage\":\"en-GB\"},{\"@type\":\"Organization\",\"@id\":\"https:\/\/www.visiterarles.com\/en\/#organization\",\"name\":\"Visiter Arles\",\"url\":\"https:\/\/www.visiterarles.com\/en\/\",\"logo\":{\"@type\":\"ImageObject\",\"inLanguage\":\"en-GB\",\"@id\":\"https:\/\/www.visiterarles.com\/en\/#\/schema\/logo\/image\/\",\"url\":\"https:\/\/www.visiterarles.com\/wp-content\/uploads\/2017\/10\/taco-and-co-1-1.jpg\",\"contentUrl\":\"https:\/\/www.visiterarles.com\/wp-content\/uploads\/2017\/10\/taco-and-co-1-1.jpg\",\"width\":124,\"height\":73,\"caption\":\"Visiter Arles\"},\"image\":{\"@id\":\"https:\/\/www.visiterarles.com\/en\/#\/schema\/logo\/image\/\"}},{\"@type\":\"Person\",\"@id\":\"https:\/\/www.visiterarles.com\/en\/#\/schema\/person\/ba5912e4613018f479a2d86815a53576\",\"name\":\"Linkadm\",\"image\":{\"@type\":\"ImageObject\",\"inLanguage\":\"en-GB\",\"@id\":\"https:\/\/www.visiterarles.com\/en\/#\/schema\/person\/image\/\",\"url\":\"https:\/\/secure.gravatar.com\/avatar\/4709ec209921503e8d8cc96168eddc49?s=96&d=mm&r=g\",\"contentUrl\":\"https:\/\/secure.gravatar.com\/avatar\/4709ec209921503e8d8cc96168eddc49?s=96&d=mm&r=g\",\"caption\":\"Linkadm\"},\"url\":\"https:\/\/www.visiterarles.com\/en\/blog\/author\/admin\/\"}]}<\/script>\n<!-- \/ Yoast SEO plugin. -->","yoast_head_json":{"title":"Bon plan pour voir les lieux \u00e0 visiter Arles la roquette : la balade en v\u00e9lo - Visiter Arles","robots":{"index":"index","follow":"follow","max-snippet":"max-snippet:-1","max-image-preview":"max-image-preview:large","max-video-preview":"max-video-preview:-1"},"canonical":"https:\/\/www.visiterarles.com\/en\/blog\/2014\/07\/28\/bon-plan-pour-voir-les-lieux-a-visiter-arles-la-roquette-la-balade-en-velo-566\/","twitter_misc":{"Written by":"Linkadm","Estimated reading time":"1 minute"},"schema":{"@context":"https:\/\/schema.org","@graph":[{"@type":"Article","@id":"https:\/\/www.visiterarles.com\/en\/blog\/2014\/07\/28\/bon-plan-pour-voir-les-lieux-a-visiter-arles-la-roquette-la-balade-en-velo-566\/#article","isPartOf":{"@id":"https:\/\/www.visiterarles.com\/en\/blog\/2014\/07\/28\/bon-plan-pour-voir-les-lieux-a-visiter-arles-la-roquette-la-balade-en-velo-566\/"},"author":{"name":"Linkadm","@id":"https:\/\/www.visiterarles.com\/en\/#\/schema\/person\/ba5912e4613018f479a2d86815a53576"},"headline":"Bon plan pour voir les lieux \u00e0 visiter Arles la roquette : la balade en v\u00e9lo","datePublished":"2014-07-28T11:45:00+00:00","dateModified":"2014-07-28T11:45:00+00:00","mainEntityOfPage":{"@id":"https:\/\/www.visiterarles.com\/en\/blog\/2014\/07\/28\/bon-plan-pour-voir-les-lieux-a-visiter-arles-la-roquette-la-balade-en-velo-566\/"},"wordCount":242,"commentCount":0,"publisher":{"@id":"https:\/\/www.visiterarles.com\/en\/#organization"},"articleSection":["Informations"],"inLanguage":"en-GB","potentialAction":[{"@type":"CommentAction","name":"Comment","target":["https:\/\/www.visiterarles.com\/en\/blog\/2014\/07\/28\/bon-plan-pour-voir-les-lieux-a-visiter-arles-la-roquette-la-balade-en-velo-566\/#respond"]}]},{"@type":"WebPage","@id":"https:\/\/www.visiterarles.com\/en\/blog\/2014\/07\/28\/bon-plan-pour-voir-les-lieux-a-visiter-arles-la-roquette-la-balade-en-velo-566\/","url":"https:\/\/www.visiterarles.com\/en\/blog\/2014\/07\/28\/bon-plan-pour-voir-les-lieux-a-visiter-arles-la-roquette-la-balade-en-velo-566\/","name":"Bon plan pour voir les lieux \u00e0 visiter Arles la roquette : la balade en v\u00e9lo - Visiter Arles","isPartOf":{"@id":"https:\/\/www.visiterarles.com\/en\/#website"},"datePublished":"2014-07-28T11:45:00+00:00","dateModified":"2014-07-28T11:45:00+00:00","breadcrumb":{"@id":"https:\/\/www.visiterarles.com\/en\/blog\/2014\/07\/28\/bon-plan-pour-voir-les-lieux-a-visiter-arles-la-roquette-la-balade-en-velo-566\/#breadcrumb"},"inLanguage":"en-GB","potentialAction":[{"@type":"ReadAction","target":["https:\/\/www.visiterarles.com\/en\/blog\/2014\/07\/28\/bon-plan-pour-voir-les-lieux-a-visiter-arles-la-roquette-la-balade-en-velo-566\/"]}]},{"@type":"BreadcrumbList","@id":"https:\/\/www.visiterarles.com\/en\/blog\/2014\/07\/28\/bon-plan-pour-voir-les-lieux-a-visiter-arles-la-roquette-la-balade-en-velo-566\/#breadcrumb","itemListElement":[{"@type":"ListItem","position":1,"name":"Home","item":"https:\/\/www.visiterarles.com\/"},{"@type":"ListItem","position":2,"name":"Bon plan pour voir les lieux \u00e0 visiter Arles la roquette : la balade en v\u00e9lo"}]},{"@type":"WebSite","@id":"https:\/\/www.visiterarles.com\/en\/#website","url":"https:\/\/www.visiterarles.com\/en\/","name":"Visiter Arles","description":"Tourisme en Provence \u00e0 Arles","publisher":{"@id":"https:\/\/www.visiterarles.com\/en\/#organization"},"potentialAction":[{"@type":"SearchAction","target":{"@type":"EntryPoint","urlTemplate":"https:\/\/www.visiterarles.com\/en\/?s={search_term_string}"},"query-input":"required name=search_term_string"}],"inLanguage":"en-GB"},{"@type":"Organization","@id":"https:\/\/www.visiterarles.com\/en\/#organization","name":"Visiter Arles","url":"https:\/\/www.visiterarles.com\/en\/","logo":{"@type":"ImageObject","inLanguage":"en-GB","@id":"https:\/\/www.visiterarles.com\/en\/#\/schema\/logo\/image\/","url":"https:\/\/www.visiterarles.com\/wp-content\/uploads\/2017\/10\/taco-and-co-1-1.jpg","contentUrl":"https:\/\/www.visiterarles.com\/wp-content\/uploads\/2017\/10\/taco-and-co-1-1.jpg","width":124,"height":73,"caption":"Visiter Arles"},"image":{"@id":"https:\/\/www.visiterarles.com\/en\/#\/schema\/logo\/image\/"}},{"@type":"Person","@id":"https:\/\/www.visiterarles.com\/en\/#\/schema\/person\/ba5912e4613018f479a2d86815a53576","name":"Linkadm","image":{"@type":"ImageObject","inLanguage":"en-GB","@id":"https:\/\/www.visiterarles.com\/en\/#\/schema\/person\/image\/","url":"https:\/\/secure.gravatar.com\/avatar\/4709ec209921503e8d8cc96168eddc49?s=96&d=mm&r=g","contentUrl":"https:\/\/secure.gravatar.com\/avatar\/4709ec209921503e8d8cc96168eddc49?s=96&d=mm&r=g","caption":"Linkadm"},"url":"https:\/\/www.visiterarles.com\/en\/blog\/author\/admin\/"}]}},"_links":{"self":[{"href":"https:\/\/www.visiterarles.com\/en\/wp-json\/wp\/v2\/posts\/27630"}],"collection":[{"href":"https:\/\/www.visiterarles.com\/en\/wp-json\/wp\/v2\/posts"}],"about":[{"href":"https:\/\/www.visiterarles.com\/en\/wp-json\/wp\/v2\/types\/post"}],"author":[{"embeddable":true,"href":"https:\/\/www.visiterarles.com\/en\/wp-json\/wp\/v2\/users\/1"}],"replies":[{"embeddable":true,"href":"https:\/\/www.visiterarles.com\/en\/wp-json\/wp\/v2\/comments?post=27630"}],"version-history":[{"count":0,"href":"https:\/\/www.visiterarles.com\/en\/wp-json\/wp\/v2\/posts\/27630\/revisions"}],"wp:attachment":[{"href":"https:\/\/www.visiterarles.com\/en\/wp-json\/wp\/v2\/media?parent=27630"}],"wp:term":[{"taxonomy":"category","embeddable":true,"href":"https:\/\/www.visiterarles.com\/en\/wp-json\/wp\/v2\/categories?post=27630"},{"taxonomy":"post_tag","embeddable":true,"href":"https:\/\/www.visiterarles.com\/en\/wp-json\/wp\/v2\/tags?post=27630"}],"curies":[{"name":"wp","href":"https:\/\/api.w.org\/{rel}","templated":true}]}}