{"id":27633,"date":"2014-07-29T15:26:00","date_gmt":"2014-07-29T15:26:00","guid":{"rendered":"http:\/\/www.visiterarles.com\/bon-plan-la-balade-en-velo-pour-sortir-a-arles-1758\/"},"modified":"2014-07-29T15:26:00","modified_gmt":"2014-07-29T15:26:00","slug":"bon-plan-la-balade-en-velo-pour-sortir-a-arles-1758","status":"publish","type":"post","link":"https:\/\/www.visiterarles.com\/en\/blog\/2014\/07\/29\/bon-plan-la-balade-en-velo-pour-sortir-a-arles-1758\/","title":{"rendered":"Bon plan : la balade en v\u00e9lo pour sortir \u00e0 Arles"},"content":{"rendered":"<h4>O\u00f9 d\u00e9gotter une balade en v\u00e9lo pour sortir sur Arles<\/h4>\n<p>Les thermes de constantin, le village de salins o\u00f9 la tour des mourgues, par l&rsquo;interm\u00e9diaire de notre balade en v\u00e9lo pour sortir \u00e0 Arles, sont des hauts lieux que vous ne manquerez pas au sein de cette commune magnifique. Tacoandco, de mani\u00e8re \u00e0 vous assister pour jouir totalement de l\u2019existence, va tout faire pour vous r\u00e9v\u00e9ler, avec la sensation d&rsquo;\u0153uvrer d&rsquo;une mani\u00e8re \u00e9cologique, le meilleur des richesses de la ville dans cette commune magnifique, par l&rsquo;interm\u00e9diaire d&rsquo;une balade en v\u00e9lo pour sortir \u00e0 Arles.<\/p>\n<h4>Arles : pour quelles raisons choisir notre balade en v\u00e9lo pour sortir<\/h4>\n<p>D\u00e9couvrir le ravissant centre historique via notre balade en v\u00e9lo pour sortir \u00e0 Arles peut s&rsquo;av\u00e9rer \u00eatre une solution efficace pour toute entit\u00e9 qui en a envie. Dans la station, en arrivant sur Arles, vous pourrez solliciter notre balade en v\u00e9lo. Les visiteurs en tout genre aimeront notre <a href=\"http:\/\/www.visiterarles.com\/en\/votre-balade-en-velo-pour-sortir-a-arles-68\/\">balade en v\u00e9lo \u00e0 Arles<\/a>, pour sortir leur convenant tr\u00e8s certainement.<\/p>","protected":false},"excerpt":{"rendered":"<p>O\u00f9 d\u00e9gotter une balade en v\u00e9lo pour sortir sur Arles Les thermes de constantin, le village de salins o\u00f9 la tour des mourgues, par l&rsquo;interm\u00e9diaire de notre balade en v\u00e9lo pour sortir \u00e0 Arles, sont des hauts lieux que vous ne manquerez pas au sein de cette commune magnifique. Tacoandco, de mani\u00e8re \u00e0 vous assister [&hellip;]<\/p>","protected":false},"author":1,"featured_media":0,"comment_status":"open","ping_status":"open","sticky":false,"template":"","format":"standard","meta":{"footnotes":""},"categories":[55],"tags":[],"aioseo_notices":[],"yoast_head":"<!-- This site is optimized with the Yoast SEO plugin v22.3 - https:\/\/yoast.com\/wordpress\/plugins\/seo\/ -->\n<title>Bon plan : la balade en v\u00e9lo pour sortir \u00e0 Arles - Visiter Arles<\/title>\n<meta name=\"robots\" content=\"index, follow, max-snippet:-1, max-image-preview:large, max-video-preview:-1\" \/>\n<link rel=\"canonical\" href=\"https:\/\/www.visiterarles.com\/en\/blog\/2014\/07\/29\/bon-plan-la-balade-en-velo-pour-sortir-a-arles-1758\/\" \/>\n<meta name=\"twitter:label1\" content=\"Written by\" \/>\n\t<meta name=\"twitter:data1\" content=\"Linkadm\" \/>\n\t<meta name=\"twitter:label2\" content=\"Estimated reading time\" \/>\n\t<meta name=\"twitter:data2\" content=\"1 minute\" \/>\n<script type=\"application\/ld+json\" class=\"yoast-schema-graph\">{\"@context\":\"https:\/\/schema.org\",\"@graph\":[{\"@type\":\"Article\",\"@id\":\"https:\/\/www.visiterarles.com\/blog\/2014\/07\/29\/bon-plan-la-balade-en-velo-pour-sortir-a-arles-1758\/#article\",\"isPartOf\":{\"@id\":\"https:\/\/www.visiterarles.com\/blog\/2014\/07\/29\/bon-plan-la-balade-en-velo-pour-sortir-a-arles-1758\/\"},\"author\":{\"name\":\"Linkadm\",\"@id\":\"https:\/\/www.visiterarles.com\/en\/#\/schema\/person\/ba5912e4613018f479a2d86815a53576\"},\"headline\":\"Bon plan : la balade en v\u00e9lo pour sortir \u00e0 Arles\",\"datePublished\":\"2014-07-29T15:26:00+00:00\",\"dateModified\":\"2014-07-29T15:26:00+00:00\",\"mainEntityOfPage\":{\"@id\":\"https:\/\/www.visiterarles.com\/blog\/2014\/07\/29\/bon-plan-la-balade-en-velo-pour-sortir-a-arles-1758\/\"},\"wordCount\":193,\"commentCount\":0,\"publisher\":{\"@id\":\"https:\/\/www.visiterarles.com\/en\/#organization\"},\"articleSection\":[\"Informations\"],\"inLanguage\":\"en-GB\",\"potentialAction\":[{\"@type\":\"CommentAction\",\"name\":\"Comment\",\"target\":[\"https:\/\/www.visiterarles.com\/blog\/2014\/07\/29\/bon-plan-la-balade-en-velo-pour-sortir-a-arles-1758\/#respond\"]}]},{\"@type\":\"WebPage\",\"@id\":\"https:\/\/www.visiterarles.com\/blog\/2014\/07\/29\/bon-plan-la-balade-en-velo-pour-sortir-a-arles-1758\/\",\"url\":\"https:\/\/www.visiterarles.com\/blog\/2014\/07\/29\/bon-plan-la-balade-en-velo-pour-sortir-a-arles-1758\/\",\"name\":\"Bon plan : la balade en v\u00e9lo pour sortir \u00e0 Arles - Visiter Arles\",\"isPartOf\":{\"@id\":\"https:\/\/www.visiterarles.com\/en\/#website\"},\"datePublished\":\"2014-07-29T15:26:00+00:00\",\"dateModified\":\"2014-07-29T15:26:00+00:00\",\"breadcrumb\":{\"@id\":\"https:\/\/www.visiterarles.com\/blog\/2014\/07\/29\/bon-plan-la-balade-en-velo-pour-sortir-a-arles-1758\/#breadcrumb\"},\"inLanguage\":\"en-GB\",\"potentialAction\":[{\"@type\":\"ReadAction\",\"target\":[\"https:\/\/www.visiterarles.com\/blog\/2014\/07\/29\/bon-plan-la-balade-en-velo-pour-sortir-a-arles-1758\/\"]}]},{\"@type\":\"BreadcrumbList\",\"@id\":\"https:\/\/www.visiterarles.com\/blog\/2014\/07\/29\/bon-plan-la-balade-en-velo-pour-sortir-a-arles-1758\/#breadcrumb\",\"itemListElement\":[{\"@type\":\"ListItem\",\"position\":1,\"name\":\"Home\",\"item\":\"https:\/\/www.visiterarles.com\/\"},{\"@type\":\"ListItem\",\"position\":2,\"name\":\"Bon plan : la balade en v\u00e9lo pour sortir \u00e0 Arles\"}]},{\"@type\":\"WebSite\",\"@id\":\"https:\/\/www.visiterarles.com\/en\/#website\",\"url\":\"https:\/\/www.visiterarles.com\/en\/\",\"name\":\"Visiter Arles\",\"description\":\"Tourisme en Provence \u00e0 Arles\",\"publisher\":{\"@id\":\"https:\/\/www.visiterarles.com\/en\/#organization\"},\"potentialAction\":[{\"@type\":\"SearchAction\",\"target\":{\"@type\":\"EntryPoint\",\"urlTemplate\":\"https:\/\/www.visiterarles.com\/en\/?s={search_term_string}\"},\"query-input\":\"required name=search_term_string\"}],\"inLanguage\":\"en-GB\"},{\"@type\":\"Organization\",\"@id\":\"https:\/\/www.visiterarles.com\/en\/#organization\",\"name\":\"Visiter Arles\",\"url\":\"https:\/\/www.visiterarles.com\/en\/\",\"logo\":{\"@type\":\"ImageObject\",\"inLanguage\":\"en-GB\",\"@id\":\"https:\/\/www.visiterarles.com\/en\/#\/schema\/logo\/image\/\",\"url\":\"https:\/\/www.visiterarles.com\/wp-content\/uploads\/2017\/10\/taco-and-co-1-1.jpg\",\"contentUrl\":\"https:\/\/www.visiterarles.com\/wp-content\/uploads\/2017\/10\/taco-and-co-1-1.jpg\",\"width\":124,\"height\":73,\"caption\":\"Visiter Arles\"},\"image\":{\"@id\":\"https:\/\/www.visiterarles.com\/en\/#\/schema\/logo\/image\/\"}},{\"@type\":\"Person\",\"@id\":\"https:\/\/www.visiterarles.com\/en\/#\/schema\/person\/ba5912e4613018f479a2d86815a53576\",\"name\":\"Linkadm\",\"image\":{\"@type\":\"ImageObject\",\"inLanguage\":\"en-GB\",\"@id\":\"https:\/\/www.visiterarles.com\/en\/#\/schema\/person\/image\/\",\"url\":\"https:\/\/secure.gravatar.com\/avatar\/4709ec209921503e8d8cc96168eddc49?s=96&d=mm&r=g\",\"contentUrl\":\"https:\/\/secure.gravatar.com\/avatar\/4709ec209921503e8d8cc96168eddc49?s=96&d=mm&r=g\",\"caption\":\"Linkadm\"},\"url\":\"https:\/\/www.visiterarles.com\/en\/blog\/author\/admin\/\"}]}<\/script>\n<!-- \/ Yoast SEO plugin. -->","yoast_head_json":{"title":"Bon plan : la balade en v\u00e9lo pour sortir \u00e0 Arles - Visiter Arles","robots":{"index":"index","follow":"follow","max-snippet":"max-snippet:-1","max-image-preview":"max-image-preview:large","max-video-preview":"max-video-preview:-1"},"canonical":"https:\/\/www.visiterarles.com\/en\/blog\/2014\/07\/29\/bon-plan-la-balade-en-velo-pour-sortir-a-arles-1758\/","twitter_misc":{"Written by":"Linkadm","Estimated reading time":"1 minute"},"schema":{"@context":"https:\/\/schema.org","@graph":[{"@type":"Article","@id":"https:\/\/www.visiterarles.com\/blog\/2014\/07\/29\/bon-plan-la-balade-en-velo-pour-sortir-a-arles-1758\/#article","isPartOf":{"@id":"https:\/\/www.visiterarles.com\/blog\/2014\/07\/29\/bon-plan-la-balade-en-velo-pour-sortir-a-arles-1758\/"},"author":{"name":"Linkadm","@id":"https:\/\/www.visiterarles.com\/en\/#\/schema\/person\/ba5912e4613018f479a2d86815a53576"},"headline":"Bon plan : la balade en v\u00e9lo pour sortir \u00e0 Arles","datePublished":"2014-07-29T15:26:00+00:00","dateModified":"2014-07-29T15:26:00+00:00","mainEntityOfPage":{"@id":"https:\/\/www.visiterarles.com\/blog\/2014\/07\/29\/bon-plan-la-balade-en-velo-pour-sortir-a-arles-1758\/"},"wordCount":193,"commentCount":0,"publisher":{"@id":"https:\/\/www.visiterarles.com\/en\/#organization"},"articleSection":["Informations"],"inLanguage":"en-GB","potentialAction":[{"@type":"CommentAction","name":"Comment","target":["https:\/\/www.visiterarles.com\/blog\/2014\/07\/29\/bon-plan-la-balade-en-velo-pour-sortir-a-arles-1758\/#respond"]}]},{"@type":"WebPage","@id":"https:\/\/www.visiterarles.com\/blog\/2014\/07\/29\/bon-plan-la-balade-en-velo-pour-sortir-a-arles-1758\/","url":"https:\/\/www.visiterarles.com\/blog\/2014\/07\/29\/bon-plan-la-balade-en-velo-pour-sortir-a-arles-1758\/","name":"Bon plan : la balade en v\u00e9lo pour sortir \u00e0 Arles - Visiter Arles","isPartOf":{"@id":"https:\/\/www.visiterarles.com\/en\/#website"},"datePublished":"2014-07-29T15:26:00+00:00","dateModified":"2014-07-29T15:26:00+00:00","breadcrumb":{"@id":"https:\/\/www.visiterarles.com\/blog\/2014\/07\/29\/bon-plan-la-balade-en-velo-pour-sortir-a-arles-1758\/#breadcrumb"},"inLanguage":"en-GB","potentialAction":[{"@type":"ReadAction","target":["https:\/\/www.visiterarles.com\/blog\/2014\/07\/29\/bon-plan-la-balade-en-velo-pour-sortir-a-arles-1758\/"]}]},{"@type":"BreadcrumbList","@id":"https:\/\/www.visiterarles.com\/blog\/2014\/07\/29\/bon-plan-la-balade-en-velo-pour-sortir-a-arles-1758\/#breadcrumb","itemListElement":[{"@type":"ListItem","position":1,"name":"Home","item":"https:\/\/www.visiterarles.com\/"},{"@type":"ListItem","position":2,"name":"Bon plan : la balade en v\u00e9lo pour sortir \u00e0 Arles"}]},{"@type":"WebSite","@id":"https:\/\/www.visiterarles.com\/en\/#website","url":"https:\/\/www.visiterarles.com\/en\/","name":"Visiter Arles","description":"Tourisme en Provence \u00e0 Arles","publisher":{"@id":"https:\/\/www.visiterarles.com\/en\/#organization"},"potentialAction":[{"@type":"SearchAction","target":{"@type":"EntryPoint","urlTemplate":"https:\/\/www.visiterarles.com\/en\/?s={search_term_string}"},"query-input":"required name=search_term_string"}],"inLanguage":"en-GB"},{"@type":"Organization","@id":"https:\/\/www.visiterarles.com\/en\/#organization","name":"Visiter Arles","url":"https:\/\/www.visiterarles.com\/en\/","logo":{"@type":"ImageObject","inLanguage":"en-GB","@id":"https:\/\/www.visiterarles.com\/en\/#\/schema\/logo\/image\/","url":"https:\/\/www.visiterarles.com\/wp-content\/uploads\/2017\/10\/taco-and-co-1-1.jpg","contentUrl":"https:\/\/www.visiterarles.com\/wp-content\/uploads\/2017\/10\/taco-and-co-1-1.jpg","width":124,"height":73,"caption":"Visiter Arles"},"image":{"@id":"https:\/\/www.visiterarles.com\/en\/#\/schema\/logo\/image\/"}},{"@type":"Person","@id":"https:\/\/www.visiterarles.com\/en\/#\/schema\/person\/ba5912e4613018f479a2d86815a53576","name":"Linkadm","image":{"@type":"ImageObject","inLanguage":"en-GB","@id":"https:\/\/www.visiterarles.com\/en\/#\/schema\/person\/image\/","url":"https:\/\/secure.gravatar.com\/avatar\/4709ec209921503e8d8cc96168eddc49?s=96&d=mm&r=g","contentUrl":"https:\/\/secure.gravatar.com\/avatar\/4709ec209921503e8d8cc96168eddc49?s=96&d=mm&r=g","caption":"Linkadm"},"url":"https:\/\/www.visiterarles.com\/en\/blog\/author\/admin\/"}]}},"_links":{"self":[{"href":"https:\/\/www.visiterarles.com\/en\/wp-json\/wp\/v2\/posts\/27633"}],"collection":[{"href":"https:\/\/www.visiterarles.com\/en\/wp-json\/wp\/v2\/posts"}],"about":[{"href":"https:\/\/www.visiterarles.com\/en\/wp-json\/wp\/v2\/types\/post"}],"author":[{"embeddable":true,"href":"https:\/\/www.visiterarles.com\/en\/wp-json\/wp\/v2\/users\/1"}],"replies":[{"embeddable":true,"href":"https:\/\/www.visiterarles.com\/en\/wp-json\/wp\/v2\/comments?post=27633"}],"version-history":[{"count":0,"href":"https:\/\/www.visiterarles.com\/en\/wp-json\/wp\/v2\/posts\/27633\/revisions"}],"wp:attachment":[{"href":"https:\/\/www.visiterarles.com\/en\/wp-json\/wp\/v2\/media?parent=27633"}],"wp:term":[{"taxonomy":"category","embeddable":true,"href":"https:\/\/www.visiterarles.com\/en\/wp-json\/wp\/v2\/categories?post=27633"},{"taxonomy":"post_tag","embeddable":true,"href":"https:\/\/www.visiterarles.com\/en\/wp-json\/wp\/v2\/tags?post=27633"}],"curies":[{"name":"wp","href":"https:\/\/api.w.org\/{rel}","templated":true}]}}