{"id":27635,"date":"2014-07-29T12:28:00","date_gmt":"2014-07-29T12:28:00","guid":{"rendered":"http:\/\/www.visiterarles.com\/degoter-une-balade-en-velo-pour-sortir-arles-historique-565\/"},"modified":"2014-07-29T12:28:00","modified_gmt":"2014-07-29T12:28:00","slug":"degoter-une-balade-en-velo-pour-sortir-arles-historique-565","status":"publish","type":"post","link":"https:\/\/www.visiterarles.com\/en\/blog\/2014\/07\/29\/degoter-une-balade-en-velo-pour-sortir-arles-historique-565\/","title":{"rendered":"D\u00e9goter une balade en v\u00e9lo pour sortir Arles historique"},"content":{"rendered":"<h4>Votre balade en v\u00e9lo, pour sortir \u00e0 Arles historique avec V\u00e9lo-Taco<\/h4>\n<p>Les tours de la cavalerie, l&rsquo;ecomus\u00e9e du sel o\u00f9 bien la tour des mourgues, par le biais de notre balade en v\u00e9lo pour sortir \u00e0 Arles historique, sont des plus beaux endroits qui ne vous \u00e9chapperont pas au sein de cette exceptionnelle commune splendide. Taco and co, de fa\u00e7on \u00e0 vous aider \u00e0 jouir pleinement de la vie, va tout faire pour vous montrer, avec la sensation d&rsquo;\u0153uvrer de fa\u00e7on \u00e9cologique, le plus ad\u00e9quat de la vie culturelle au sein de cette commune exceptionnelle, par l&rsquo;interm\u00e9diaire d&rsquo;une <a href=\"http:\/\/www.visiterarles.com\/en\/votre-balade-en-velo-pour-sortir-a-arles-68\/\">balade en v\u00e9lo pour sortir \u00e0 Arles<\/a> historique.<\/p>\n<h4>Pour quelle raison choisir une balade en v\u00e9lo pour sortir sur Arles<\/h4>\n<p>Faire la visite du majestueux centre historique par l&rsquo;interm\u00e9diaire de notre balade en v\u00e9lo pour sortir \u00e0 Arles peut para\u00eetre une solution appropri\u00e9e pour toute personne qui le souhaite. Dans la station, en arrivant \u00e0 Arles, vous pourrez solliciter notre balade en v\u00e9lo. Les visiteurs de tous horizons adoreront notre balade en v\u00e9lo \u00e0 Arles, pour sortir qui leur conviendra tr\u00e8s certainement.<\/p>","protected":false},"excerpt":{"rendered":"<p>Votre balade en v\u00e9lo, pour sortir \u00e0 Arles historique avec V\u00e9lo-Taco Les tours de la cavalerie, l&rsquo;ecomus\u00e9e du sel o\u00f9 bien la tour des mourgues, par le biais de notre balade en v\u00e9lo pour sortir \u00e0 Arles historique, sont des plus beaux endroits qui ne vous \u00e9chapperont pas au sein de cette exceptionnelle commune splendide. [&hellip;]<\/p>","protected":false},"author":1,"featured_media":0,"comment_status":"open","ping_status":"open","sticky":false,"template":"","format":"standard","meta":{"footnotes":""},"categories":[55],"tags":[],"aioseo_notices":[],"yoast_head":"<!-- This site is optimized with the Yoast SEO plugin v22.3 - https:\/\/yoast.com\/wordpress\/plugins\/seo\/ -->\n<title>D\u00e9goter une balade en v\u00e9lo pour sortir Arles historique - Visiter Arles<\/title>\n<meta name=\"robots\" content=\"index, follow, max-snippet:-1, max-image-preview:large, max-video-preview:-1\" \/>\n<link rel=\"canonical\" href=\"https:\/\/www.visiterarles.com\/en\/blog\/2014\/07\/29\/degoter-une-balade-en-velo-pour-sortir-arles-historique-565\/\" \/>\n<meta name=\"twitter:label1\" content=\"Written by\" \/>\n\t<meta name=\"twitter:data1\" content=\"Linkadm\" \/>\n\t<meta name=\"twitter:label2\" content=\"Estimated reading time\" \/>\n\t<meta name=\"twitter:data2\" content=\"1 minute\" \/>\n<script type=\"application\/ld+json\" class=\"yoast-schema-graph\">{\"@context\":\"https:\/\/schema.org\",\"@graph\":[{\"@type\":\"Article\",\"@id\":\"https:\/\/www.visiterarles.com\/blog\/2014\/07\/29\/degoter-une-balade-en-velo-pour-sortir-arles-historique-565\/#article\",\"isPartOf\":{\"@id\":\"https:\/\/www.visiterarles.com\/blog\/2014\/07\/29\/degoter-une-balade-en-velo-pour-sortir-arles-historique-565\/\"},\"author\":{\"name\":\"Linkadm\",\"@id\":\"https:\/\/www.visiterarles.com\/en\/#\/schema\/person\/ba5912e4613018f479a2d86815a53576\"},\"headline\":\"D\u00e9goter une balade en v\u00e9lo pour sortir Arles historique\",\"datePublished\":\"2014-07-29T12:28:00+00:00\",\"dateModified\":\"2014-07-29T12:28:00+00:00\",\"mainEntityOfPage\":{\"@id\":\"https:\/\/www.visiterarles.com\/blog\/2014\/07\/29\/degoter-une-balade-en-velo-pour-sortir-arles-historique-565\/\"},\"wordCount\":205,\"commentCount\":0,\"publisher\":{\"@id\":\"https:\/\/www.visiterarles.com\/en\/#organization\"},\"articleSection\":[\"Informations\"],\"inLanguage\":\"en-GB\",\"potentialAction\":[{\"@type\":\"CommentAction\",\"name\":\"Comment\",\"target\":[\"https:\/\/www.visiterarles.com\/blog\/2014\/07\/29\/degoter-une-balade-en-velo-pour-sortir-arles-historique-565\/#respond\"]}]},{\"@type\":\"WebPage\",\"@id\":\"https:\/\/www.visiterarles.com\/blog\/2014\/07\/29\/degoter-une-balade-en-velo-pour-sortir-arles-historique-565\/\",\"url\":\"https:\/\/www.visiterarles.com\/blog\/2014\/07\/29\/degoter-une-balade-en-velo-pour-sortir-arles-historique-565\/\",\"name\":\"D\u00e9goter une balade en v\u00e9lo pour sortir Arles historique - Visiter Arles\",\"isPartOf\":{\"@id\":\"https:\/\/www.visiterarles.com\/en\/#website\"},\"datePublished\":\"2014-07-29T12:28:00+00:00\",\"dateModified\":\"2014-07-29T12:28:00+00:00\",\"breadcrumb\":{\"@id\":\"https:\/\/www.visiterarles.com\/blog\/2014\/07\/29\/degoter-une-balade-en-velo-pour-sortir-arles-historique-565\/#breadcrumb\"},\"inLanguage\":\"en-GB\",\"potentialAction\":[{\"@type\":\"ReadAction\",\"target\":[\"https:\/\/www.visiterarles.com\/blog\/2014\/07\/29\/degoter-une-balade-en-velo-pour-sortir-arles-historique-565\/\"]}]},{\"@type\":\"BreadcrumbList\",\"@id\":\"https:\/\/www.visiterarles.com\/blog\/2014\/07\/29\/degoter-une-balade-en-velo-pour-sortir-arles-historique-565\/#breadcrumb\",\"itemListElement\":[{\"@type\":\"ListItem\",\"position\":1,\"name\":\"Home\",\"item\":\"https:\/\/www.visiterarles.com\/\"},{\"@type\":\"ListItem\",\"position\":2,\"name\":\"D\u00e9goter une balade en v\u00e9lo pour sortir Arles historique\"}]},{\"@type\":\"WebSite\",\"@id\":\"https:\/\/www.visiterarles.com\/en\/#website\",\"url\":\"https:\/\/www.visiterarles.com\/en\/\",\"name\":\"Visiter Arles\",\"description\":\"Tourisme en Provence \u00e0 Arles\",\"publisher\":{\"@id\":\"https:\/\/www.visiterarles.com\/en\/#organization\"},\"potentialAction\":[{\"@type\":\"SearchAction\",\"target\":{\"@type\":\"EntryPoint\",\"urlTemplate\":\"https:\/\/www.visiterarles.com\/en\/?s={search_term_string}\"},\"query-input\":\"required name=search_term_string\"}],\"inLanguage\":\"en-GB\"},{\"@type\":\"Organization\",\"@id\":\"https:\/\/www.visiterarles.com\/en\/#organization\",\"name\":\"Visiter Arles\",\"url\":\"https:\/\/www.visiterarles.com\/en\/\",\"logo\":{\"@type\":\"ImageObject\",\"inLanguage\":\"en-GB\",\"@id\":\"https:\/\/www.visiterarles.com\/en\/#\/schema\/logo\/image\/\",\"url\":\"https:\/\/www.visiterarles.com\/wp-content\/uploads\/2017\/10\/taco-and-co-1-1.jpg\",\"contentUrl\":\"https:\/\/www.visiterarles.com\/wp-content\/uploads\/2017\/10\/taco-and-co-1-1.jpg\",\"width\":124,\"height\":73,\"caption\":\"Visiter Arles\"},\"image\":{\"@id\":\"https:\/\/www.visiterarles.com\/en\/#\/schema\/logo\/image\/\"}},{\"@type\":\"Person\",\"@id\":\"https:\/\/www.visiterarles.com\/en\/#\/schema\/person\/ba5912e4613018f479a2d86815a53576\",\"name\":\"Linkadm\",\"image\":{\"@type\":\"ImageObject\",\"inLanguage\":\"en-GB\",\"@id\":\"https:\/\/www.visiterarles.com\/en\/#\/schema\/person\/image\/\",\"url\":\"https:\/\/secure.gravatar.com\/avatar\/4709ec209921503e8d8cc96168eddc49?s=96&d=mm&r=g\",\"contentUrl\":\"https:\/\/secure.gravatar.com\/avatar\/4709ec209921503e8d8cc96168eddc49?s=96&d=mm&r=g\",\"caption\":\"Linkadm\"},\"url\":\"https:\/\/www.visiterarles.com\/en\/blog\/author\/admin\/\"}]}<\/script>\n<!-- \/ Yoast SEO plugin. -->","yoast_head_json":{"title":"D\u00e9goter une balade en v\u00e9lo pour sortir Arles historique - Visiter Arles","robots":{"index":"index","follow":"follow","max-snippet":"max-snippet:-1","max-image-preview":"max-image-preview:large","max-video-preview":"max-video-preview:-1"},"canonical":"https:\/\/www.visiterarles.com\/en\/blog\/2014\/07\/29\/degoter-une-balade-en-velo-pour-sortir-arles-historique-565\/","twitter_misc":{"Written by":"Linkadm","Estimated reading time":"1 minute"},"schema":{"@context":"https:\/\/schema.org","@graph":[{"@type":"Article","@id":"https:\/\/www.visiterarles.com\/blog\/2014\/07\/29\/degoter-une-balade-en-velo-pour-sortir-arles-historique-565\/#article","isPartOf":{"@id":"https:\/\/www.visiterarles.com\/blog\/2014\/07\/29\/degoter-une-balade-en-velo-pour-sortir-arles-historique-565\/"},"author":{"name":"Linkadm","@id":"https:\/\/www.visiterarles.com\/en\/#\/schema\/person\/ba5912e4613018f479a2d86815a53576"},"headline":"D\u00e9goter une balade en v\u00e9lo pour sortir Arles historique","datePublished":"2014-07-29T12:28:00+00:00","dateModified":"2014-07-29T12:28:00+00:00","mainEntityOfPage":{"@id":"https:\/\/www.visiterarles.com\/blog\/2014\/07\/29\/degoter-une-balade-en-velo-pour-sortir-arles-historique-565\/"},"wordCount":205,"commentCount":0,"publisher":{"@id":"https:\/\/www.visiterarles.com\/en\/#organization"},"articleSection":["Informations"],"inLanguage":"en-GB","potentialAction":[{"@type":"CommentAction","name":"Comment","target":["https:\/\/www.visiterarles.com\/blog\/2014\/07\/29\/degoter-une-balade-en-velo-pour-sortir-arles-historique-565\/#respond"]}]},{"@type":"WebPage","@id":"https:\/\/www.visiterarles.com\/blog\/2014\/07\/29\/degoter-une-balade-en-velo-pour-sortir-arles-historique-565\/","url":"https:\/\/www.visiterarles.com\/blog\/2014\/07\/29\/degoter-une-balade-en-velo-pour-sortir-arles-historique-565\/","name":"D\u00e9goter une balade en v\u00e9lo pour sortir Arles historique - Visiter Arles","isPartOf":{"@id":"https:\/\/www.visiterarles.com\/en\/#website"},"datePublished":"2014-07-29T12:28:00+00:00","dateModified":"2014-07-29T12:28:00+00:00","breadcrumb":{"@id":"https:\/\/www.visiterarles.com\/blog\/2014\/07\/29\/degoter-une-balade-en-velo-pour-sortir-arles-historique-565\/#breadcrumb"},"inLanguage":"en-GB","potentialAction":[{"@type":"ReadAction","target":["https:\/\/www.visiterarles.com\/blog\/2014\/07\/29\/degoter-une-balade-en-velo-pour-sortir-arles-historique-565\/"]}]},{"@type":"BreadcrumbList","@id":"https:\/\/www.visiterarles.com\/blog\/2014\/07\/29\/degoter-une-balade-en-velo-pour-sortir-arles-historique-565\/#breadcrumb","itemListElement":[{"@type":"ListItem","position":1,"name":"Home","item":"https:\/\/www.visiterarles.com\/"},{"@type":"ListItem","position":2,"name":"D\u00e9goter une balade en v\u00e9lo pour sortir Arles historique"}]},{"@type":"WebSite","@id":"https:\/\/www.visiterarles.com\/en\/#website","url":"https:\/\/www.visiterarles.com\/en\/","name":"Visiter Arles","description":"Tourisme en Provence \u00e0 Arles","publisher":{"@id":"https:\/\/www.visiterarles.com\/en\/#organization"},"potentialAction":[{"@type":"SearchAction","target":{"@type":"EntryPoint","urlTemplate":"https:\/\/www.visiterarles.com\/en\/?s={search_term_string}"},"query-input":"required name=search_term_string"}],"inLanguage":"en-GB"},{"@type":"Organization","@id":"https:\/\/www.visiterarles.com\/en\/#organization","name":"Visiter Arles","url":"https:\/\/www.visiterarles.com\/en\/","logo":{"@type":"ImageObject","inLanguage":"en-GB","@id":"https:\/\/www.visiterarles.com\/en\/#\/schema\/logo\/image\/","url":"https:\/\/www.visiterarles.com\/wp-content\/uploads\/2017\/10\/taco-and-co-1-1.jpg","contentUrl":"https:\/\/www.visiterarles.com\/wp-content\/uploads\/2017\/10\/taco-and-co-1-1.jpg","width":124,"height":73,"caption":"Visiter Arles"},"image":{"@id":"https:\/\/www.visiterarles.com\/en\/#\/schema\/logo\/image\/"}},{"@type":"Person","@id":"https:\/\/www.visiterarles.com\/en\/#\/schema\/person\/ba5912e4613018f479a2d86815a53576","name":"Linkadm","image":{"@type":"ImageObject","inLanguage":"en-GB","@id":"https:\/\/www.visiterarles.com\/en\/#\/schema\/person\/image\/","url":"https:\/\/secure.gravatar.com\/avatar\/4709ec209921503e8d8cc96168eddc49?s=96&d=mm&r=g","contentUrl":"https:\/\/secure.gravatar.com\/avatar\/4709ec209921503e8d8cc96168eddc49?s=96&d=mm&r=g","caption":"Linkadm"},"url":"https:\/\/www.visiterarles.com\/en\/blog\/author\/admin\/"}]}},"_links":{"self":[{"href":"https:\/\/www.visiterarles.com\/en\/wp-json\/wp\/v2\/posts\/27635"}],"collection":[{"href":"https:\/\/www.visiterarles.com\/en\/wp-json\/wp\/v2\/posts"}],"about":[{"href":"https:\/\/www.visiterarles.com\/en\/wp-json\/wp\/v2\/types\/post"}],"author":[{"embeddable":true,"href":"https:\/\/www.visiterarles.com\/en\/wp-json\/wp\/v2\/users\/1"}],"replies":[{"embeddable":true,"href":"https:\/\/www.visiterarles.com\/en\/wp-json\/wp\/v2\/comments?post=27635"}],"version-history":[{"count":0,"href":"https:\/\/www.visiterarles.com\/en\/wp-json\/wp\/v2\/posts\/27635\/revisions"}],"wp:attachment":[{"href":"https:\/\/www.visiterarles.com\/en\/wp-json\/wp\/v2\/media?parent=27635"}],"wp:term":[{"taxonomy":"category","embeddable":true,"href":"https:\/\/www.visiterarles.com\/en\/wp-json\/wp\/v2\/categories?post=27635"},{"taxonomy":"post_tag","embeddable":true,"href":"https:\/\/www.visiterarles.com\/en\/wp-json\/wp\/v2\/tags?post=27635"}],"curies":[{"name":"wp","href":"https:\/\/api.w.org\/{rel}","templated":true}]}}