{"id":27647,"date":"2014-07-30T12:34:00","date_gmt":"2014-07-30T12:34:00","guid":{"rendered":"http:\/\/www.visiterarles.com\/arles-les-alyscs-selectionner-votre-balade-en-velo-pour-sortir-377\/"},"modified":"2014-07-30T12:34:00","modified_gmt":"2014-07-30T12:34:00","slug":"arles-les-alyscs-selectionner-votre-balade-en-velo-pour-sortir-377","status":"publish","type":"post","link":"https:\/\/www.visiterarles.com\/en\/blog\/2014\/07\/30\/arles-les-alyscs-selectionner-votre-balade-en-velo-pour-sortir-377\/","title":{"rendered":"Arles les Alyscamps : s\u00e9lectionner votre balade en v\u00e9lo pour sortir"},"content":{"rendered":"<h4>Pour sortir dans Arles les Alyscamps : o\u00f9 d\u00e9goter un organisme fiable avec balade en v\u00e9lo<\/h4>\n<p>Arles s&rsquo;av\u00e8re \u00eatre une sympathique commune magnifique, la d\u00e9couverte culturelle, de m\u00eame que les beaux endroits, comme les cryptoportiques, le mus\u00e9e du riz o\u00f9 bien le clo\u00eetre saint trophime ne manquent pas. Une sympathique balade en v\u00e9lo pour sortir \u00e0 Arles les Alyscamps, pour ne prendre que cet exemple, va vous permettre de profiter pleinement de l\u2019existence au sein de cette commune exceptionnelle, \u00e0 chaque fois avec l&rsquo;impression d&rsquo;oeuvrer d&rsquo;une fa\u00e7on \u00e9co-responsable, en pr\u00e9sentant le meilleur de la culture.<\/p>\n<h4>Arles : par quels moyens s\u2019y prendre pour d\u00e9gotter une balade en v\u00e9lo pour sortir<\/h4>\n<p>D\u00e9couvrir le majestueux centre historique via notre balade en v\u00e9lo pour sortir \u00e0 Arles peut s&rsquo;av\u00e9rer \u00eatre une offre efficace pour chaque entit\u00e9 qui le souhaite. Dans cette structure, en arrivant \u00e0 Arles, vous pourrez r\u00e9clamer notre balade en v\u00e9lo. Les consommateurs de tout poil appr\u00e9cieront notre <a href=\"http:\/\/www.visiterarles.com\/en\/votre-balade-en-velo-pour-sortir-a-arles-68\/\">balade en v\u00e9lo \u00e0 Arles<\/a>, pour sortir leur convenant tr\u00e8s certainement.<\/p>","protected":false},"excerpt":{"rendered":"<p>Pour sortir dans Arles les Alyscamps : o\u00f9 d\u00e9goter un organisme fiable avec balade en v\u00e9lo Arles s&rsquo;av\u00e8re \u00eatre une sympathique commune magnifique, la d\u00e9couverte culturelle, de m\u00eame que les beaux endroits, comme les cryptoportiques, le mus\u00e9e du riz o\u00f9 bien le clo\u00eetre saint trophime ne manquent pas. Une sympathique balade en v\u00e9lo pour sortir [&hellip;]<\/p>","protected":false},"author":1,"featured_media":0,"comment_status":"open","ping_status":"open","sticky":false,"template":"","format":"standard","meta":{"footnotes":""},"categories":[55],"tags":[],"aioseo_notices":[],"yoast_head":"<!-- This site is optimized with the Yoast SEO plugin v22.3 - https:\/\/yoast.com\/wordpress\/plugins\/seo\/ -->\n<title>Arles les Alyscamps : s\u00e9lectionner votre balade en v\u00e9lo pour sortir - Visiter Arles<\/title>\n<meta name=\"robots\" content=\"index, follow, max-snippet:-1, max-image-preview:large, max-video-preview:-1\" \/>\n<link rel=\"canonical\" href=\"https:\/\/www.visiterarles.com\/en\/blog\/2014\/07\/30\/arles-les-alyscs-selectionner-votre-balade-en-velo-pour-sortir-377\/\" \/>\n<meta name=\"twitter:label1\" content=\"Written by\" \/>\n\t<meta name=\"twitter:data1\" content=\"Linkadm\" \/>\n\t<meta name=\"twitter:label2\" content=\"Estimated reading time\" \/>\n\t<meta name=\"twitter:data2\" content=\"1 minute\" \/>\n<script type=\"application\/ld+json\" class=\"yoast-schema-graph\">{\"@context\":\"https:\/\/schema.org\",\"@graph\":[{\"@type\":\"Article\",\"@id\":\"https:\/\/www.visiterarles.com\/blog\/2014\/07\/30\/arles-les-alyscs-selectionner-votre-balade-en-velo-pour-sortir-377\/#article\",\"isPartOf\":{\"@id\":\"https:\/\/www.visiterarles.com\/blog\/2014\/07\/30\/arles-les-alyscs-selectionner-votre-balade-en-velo-pour-sortir-377\/\"},\"author\":{\"name\":\"Linkadm\",\"@id\":\"https:\/\/www.visiterarles.com\/en\/#\/schema\/person\/ba5912e4613018f479a2d86815a53576\"},\"headline\":\"Arles les Alyscamps : s\u00e9lectionner votre balade en v\u00e9lo pour sortir\",\"datePublished\":\"2014-07-30T12:34:00+00:00\",\"dateModified\":\"2014-07-30T12:34:00+00:00\",\"mainEntityOfPage\":{\"@id\":\"https:\/\/www.visiterarles.com\/blog\/2014\/07\/30\/arles-les-alyscs-selectionner-votre-balade-en-velo-pour-sortir-377\/\"},\"wordCount\":200,\"commentCount\":0,\"publisher\":{\"@id\":\"https:\/\/www.visiterarles.com\/en\/#organization\"},\"articleSection\":[\"Informations\"],\"inLanguage\":\"en-GB\",\"potentialAction\":[{\"@type\":\"CommentAction\",\"name\":\"Comment\",\"target\":[\"https:\/\/www.visiterarles.com\/blog\/2014\/07\/30\/arles-les-alyscs-selectionner-votre-balade-en-velo-pour-sortir-377\/#respond\"]}]},{\"@type\":\"WebPage\",\"@id\":\"https:\/\/www.visiterarles.com\/blog\/2014\/07\/30\/arles-les-alyscs-selectionner-votre-balade-en-velo-pour-sortir-377\/\",\"url\":\"https:\/\/www.visiterarles.com\/blog\/2014\/07\/30\/arles-les-alyscs-selectionner-votre-balade-en-velo-pour-sortir-377\/\",\"name\":\"Arles les Alyscamps : s\u00e9lectionner votre balade en v\u00e9lo pour sortir - Visiter Arles\",\"isPartOf\":{\"@id\":\"https:\/\/www.visiterarles.com\/en\/#website\"},\"datePublished\":\"2014-07-30T12:34:00+00:00\",\"dateModified\":\"2014-07-30T12:34:00+00:00\",\"breadcrumb\":{\"@id\":\"https:\/\/www.visiterarles.com\/blog\/2014\/07\/30\/arles-les-alyscs-selectionner-votre-balade-en-velo-pour-sortir-377\/#breadcrumb\"},\"inLanguage\":\"en-GB\",\"potentialAction\":[{\"@type\":\"ReadAction\",\"target\":[\"https:\/\/www.visiterarles.com\/blog\/2014\/07\/30\/arles-les-alyscs-selectionner-votre-balade-en-velo-pour-sortir-377\/\"]}]},{\"@type\":\"BreadcrumbList\",\"@id\":\"https:\/\/www.visiterarles.com\/blog\/2014\/07\/30\/arles-les-alyscs-selectionner-votre-balade-en-velo-pour-sortir-377\/#breadcrumb\",\"itemListElement\":[{\"@type\":\"ListItem\",\"position\":1,\"name\":\"Home\",\"item\":\"https:\/\/www.visiterarles.com\/\"},{\"@type\":\"ListItem\",\"position\":2,\"name\":\"Arles les Alyscamps : s\u00e9lectionner votre balade en v\u00e9lo pour sortir\"}]},{\"@type\":\"WebSite\",\"@id\":\"https:\/\/www.visiterarles.com\/en\/#website\",\"url\":\"https:\/\/www.visiterarles.com\/en\/\",\"name\":\"Visiter Arles\",\"description\":\"Tourisme en Provence \u00e0 Arles\",\"publisher\":{\"@id\":\"https:\/\/www.visiterarles.com\/en\/#organization\"},\"potentialAction\":[{\"@type\":\"SearchAction\",\"target\":{\"@type\":\"EntryPoint\",\"urlTemplate\":\"https:\/\/www.visiterarles.com\/en\/?s={search_term_string}\"},\"query-input\":\"required name=search_term_string\"}],\"inLanguage\":\"en-GB\"},{\"@type\":\"Organization\",\"@id\":\"https:\/\/www.visiterarles.com\/en\/#organization\",\"name\":\"Visiter Arles\",\"url\":\"https:\/\/www.visiterarles.com\/en\/\",\"logo\":{\"@type\":\"ImageObject\",\"inLanguage\":\"en-GB\",\"@id\":\"https:\/\/www.visiterarles.com\/en\/#\/schema\/logo\/image\/\",\"url\":\"https:\/\/www.visiterarles.com\/wp-content\/uploads\/2017\/10\/taco-and-co-1-1.jpg\",\"contentUrl\":\"https:\/\/www.visiterarles.com\/wp-content\/uploads\/2017\/10\/taco-and-co-1-1.jpg\",\"width\":124,\"height\":73,\"caption\":\"Visiter Arles\"},\"image\":{\"@id\":\"https:\/\/www.visiterarles.com\/en\/#\/schema\/logo\/image\/\"}},{\"@type\":\"Person\",\"@id\":\"https:\/\/www.visiterarles.com\/en\/#\/schema\/person\/ba5912e4613018f479a2d86815a53576\",\"name\":\"Linkadm\",\"image\":{\"@type\":\"ImageObject\",\"inLanguage\":\"en-GB\",\"@id\":\"https:\/\/www.visiterarles.com\/en\/#\/schema\/person\/image\/\",\"url\":\"https:\/\/secure.gravatar.com\/avatar\/4709ec209921503e8d8cc96168eddc49?s=96&d=mm&r=g\",\"contentUrl\":\"https:\/\/secure.gravatar.com\/avatar\/4709ec209921503e8d8cc96168eddc49?s=96&d=mm&r=g\",\"caption\":\"Linkadm\"},\"url\":\"https:\/\/www.visiterarles.com\/en\/blog\/author\/admin\/\"}]}<\/script>\n<!-- \/ Yoast SEO plugin. -->","yoast_head_json":{"title":"Arles les Alyscamps : s\u00e9lectionner votre balade en v\u00e9lo pour sortir - Visiter Arles","robots":{"index":"index","follow":"follow","max-snippet":"max-snippet:-1","max-image-preview":"max-image-preview:large","max-video-preview":"max-video-preview:-1"},"canonical":"https:\/\/www.visiterarles.com\/en\/blog\/2014\/07\/30\/arles-les-alyscs-selectionner-votre-balade-en-velo-pour-sortir-377\/","twitter_misc":{"Written by":"Linkadm","Estimated reading time":"1 minute"},"schema":{"@context":"https:\/\/schema.org","@graph":[{"@type":"Article","@id":"https:\/\/www.visiterarles.com\/blog\/2014\/07\/30\/arles-les-alyscs-selectionner-votre-balade-en-velo-pour-sortir-377\/#article","isPartOf":{"@id":"https:\/\/www.visiterarles.com\/blog\/2014\/07\/30\/arles-les-alyscs-selectionner-votre-balade-en-velo-pour-sortir-377\/"},"author":{"name":"Linkadm","@id":"https:\/\/www.visiterarles.com\/en\/#\/schema\/person\/ba5912e4613018f479a2d86815a53576"},"headline":"Arles les Alyscamps : s\u00e9lectionner votre balade en v\u00e9lo pour sortir","datePublished":"2014-07-30T12:34:00+00:00","dateModified":"2014-07-30T12:34:00+00:00","mainEntityOfPage":{"@id":"https:\/\/www.visiterarles.com\/blog\/2014\/07\/30\/arles-les-alyscs-selectionner-votre-balade-en-velo-pour-sortir-377\/"},"wordCount":200,"commentCount":0,"publisher":{"@id":"https:\/\/www.visiterarles.com\/en\/#organization"},"articleSection":["Informations"],"inLanguage":"en-GB","potentialAction":[{"@type":"CommentAction","name":"Comment","target":["https:\/\/www.visiterarles.com\/blog\/2014\/07\/30\/arles-les-alyscs-selectionner-votre-balade-en-velo-pour-sortir-377\/#respond"]}]},{"@type":"WebPage","@id":"https:\/\/www.visiterarles.com\/blog\/2014\/07\/30\/arles-les-alyscs-selectionner-votre-balade-en-velo-pour-sortir-377\/","url":"https:\/\/www.visiterarles.com\/blog\/2014\/07\/30\/arles-les-alyscs-selectionner-votre-balade-en-velo-pour-sortir-377\/","name":"Arles les Alyscamps : s\u00e9lectionner votre balade en v\u00e9lo pour sortir - Visiter Arles","isPartOf":{"@id":"https:\/\/www.visiterarles.com\/en\/#website"},"datePublished":"2014-07-30T12:34:00+00:00","dateModified":"2014-07-30T12:34:00+00:00","breadcrumb":{"@id":"https:\/\/www.visiterarles.com\/blog\/2014\/07\/30\/arles-les-alyscs-selectionner-votre-balade-en-velo-pour-sortir-377\/#breadcrumb"},"inLanguage":"en-GB","potentialAction":[{"@type":"ReadAction","target":["https:\/\/www.visiterarles.com\/blog\/2014\/07\/30\/arles-les-alyscs-selectionner-votre-balade-en-velo-pour-sortir-377\/"]}]},{"@type":"BreadcrumbList","@id":"https:\/\/www.visiterarles.com\/blog\/2014\/07\/30\/arles-les-alyscs-selectionner-votre-balade-en-velo-pour-sortir-377\/#breadcrumb","itemListElement":[{"@type":"ListItem","position":1,"name":"Home","item":"https:\/\/www.visiterarles.com\/"},{"@type":"ListItem","position":2,"name":"Arles les Alyscamps : s\u00e9lectionner votre balade en v\u00e9lo pour sortir"}]},{"@type":"WebSite","@id":"https:\/\/www.visiterarles.com\/en\/#website","url":"https:\/\/www.visiterarles.com\/en\/","name":"Visiter Arles","description":"Tourisme en Provence \u00e0 Arles","publisher":{"@id":"https:\/\/www.visiterarles.com\/en\/#organization"},"potentialAction":[{"@type":"SearchAction","target":{"@type":"EntryPoint","urlTemplate":"https:\/\/www.visiterarles.com\/en\/?s={search_term_string}"},"query-input":"required name=search_term_string"}],"inLanguage":"en-GB"},{"@type":"Organization","@id":"https:\/\/www.visiterarles.com\/en\/#organization","name":"Visiter Arles","url":"https:\/\/www.visiterarles.com\/en\/","logo":{"@type":"ImageObject","inLanguage":"en-GB","@id":"https:\/\/www.visiterarles.com\/en\/#\/schema\/logo\/image\/","url":"https:\/\/www.visiterarles.com\/wp-content\/uploads\/2017\/10\/taco-and-co-1-1.jpg","contentUrl":"https:\/\/www.visiterarles.com\/wp-content\/uploads\/2017\/10\/taco-and-co-1-1.jpg","width":124,"height":73,"caption":"Visiter Arles"},"image":{"@id":"https:\/\/www.visiterarles.com\/en\/#\/schema\/logo\/image\/"}},{"@type":"Person","@id":"https:\/\/www.visiterarles.com\/en\/#\/schema\/person\/ba5912e4613018f479a2d86815a53576","name":"Linkadm","image":{"@type":"ImageObject","inLanguage":"en-GB","@id":"https:\/\/www.visiterarles.com\/en\/#\/schema\/person\/image\/","url":"https:\/\/secure.gravatar.com\/avatar\/4709ec209921503e8d8cc96168eddc49?s=96&d=mm&r=g","contentUrl":"https:\/\/secure.gravatar.com\/avatar\/4709ec209921503e8d8cc96168eddc49?s=96&d=mm&r=g","caption":"Linkadm"},"url":"https:\/\/www.visiterarles.com\/en\/blog\/author\/admin\/"}]}},"_links":{"self":[{"href":"https:\/\/www.visiterarles.com\/en\/wp-json\/wp\/v2\/posts\/27647"}],"collection":[{"href":"https:\/\/www.visiterarles.com\/en\/wp-json\/wp\/v2\/posts"}],"about":[{"href":"https:\/\/www.visiterarles.com\/en\/wp-json\/wp\/v2\/types\/post"}],"author":[{"embeddable":true,"href":"https:\/\/www.visiterarles.com\/en\/wp-json\/wp\/v2\/users\/1"}],"replies":[{"embeddable":true,"href":"https:\/\/www.visiterarles.com\/en\/wp-json\/wp\/v2\/comments?post=27647"}],"version-history":[{"count":0,"href":"https:\/\/www.visiterarles.com\/en\/wp-json\/wp\/v2\/posts\/27647\/revisions"}],"wp:attachment":[{"href":"https:\/\/www.visiterarles.com\/en\/wp-json\/wp\/v2\/media?parent=27647"}],"wp:term":[{"taxonomy":"category","embeddable":true,"href":"https:\/\/www.visiterarles.com\/en\/wp-json\/wp\/v2\/categories?post=27647"},{"taxonomy":"post_tag","embeddable":true,"href":"https:\/\/www.visiterarles.com\/en\/wp-json\/wp\/v2\/tags?post=27647"}],"curies":[{"name":"wp","href":"https:\/\/api.w.org\/{rel}","templated":true}]}}