{"id":27665,"date":"2014-08-01T08:35:00","date_gmt":"2014-08-01T08:35:00","guid":{"rendered":"http:\/\/www.visiterarles.com\/bon-plan-la-balade-en-velo-en-famille-a-arles-centre-ville-791\/"},"modified":"2014-08-01T08:35:00","modified_gmt":"2014-08-01T08:35:00","slug":"bon-plan-la-balade-en-velo-en-famille-a-arles-centre-ville-791","status":"publish","type":"post","link":"https:\/\/www.visiterarles.com\/en\/blog\/2014\/08\/01\/bon-plan-la-balade-en-velo-en-famille-a-arles-centre-ville-791\/","title":{"rendered":"Bon plan : la balade en v\u00e9lo en famille \u00e0 Arles centre ville"},"content":{"rendered":"<h4>V\u00e9lo Taco \u00e0 Arles centre ville votre organisme s\u00e9rieux en famille<\/h4>\n<p>Les beaux endroits sont pl\u00e9thoriques, en cons\u00e9quence, notre balade en v\u00e9lo en famille sur Arles centre ville vous apportera la facult\u00e9 de profiter pleinement des cryptoportiques, du mus\u00e9e du riz o\u00f9 bien de l&rsquo;\u00e9glise saint honorat. De mani\u00e8re \u00e0 vous \u00e9pauler pour profiter pleinement des richesses de la ville, avec la sensation d\u2019agir de mani\u00e8re \u00e9cologique, notre balade en v\u00e9lo en famille sur Arles centre ville vous aidera \u00e0 profiter de la vie.<\/p>\n<h4>En famille sur Arles pourquoi choisir notre balade en v\u00e9lo<\/h4>\n<p>Prendre connaissance du tr\u00e8s beau capital de la commune par le biais de la balade en v\u00e9lo en famille sur Arles peut s&rsquo;av\u00e9rer \u00eatre une offre appropri\u00e9e pour qui en a envie. Apr\u00e8s \u00eatre arriv\u00e9 \u00e0 la gare d\u2019Arles, vous pourrez r\u00e9clamer une balade en v\u00e9lo entre autre dans la station. Au niveau des passionn\u00e9s, une <a href=\"http:\/\/www.visiterarles.com\/en\/arles-balade-en-velo-en-famille-1862\/\">balade en v\u00e9lo sur Arles<\/a>, en famille conviendra aux aspirations de tous, en toute logique.<\/p>","protected":false},"excerpt":{"rendered":"<p>V\u00e9lo Taco \u00e0 Arles centre ville votre organisme s\u00e9rieux en famille Les beaux endroits sont pl\u00e9thoriques, en cons\u00e9quence, notre balade en v\u00e9lo en famille sur Arles centre ville vous apportera la facult\u00e9 de profiter pleinement des cryptoportiques, du mus\u00e9e du riz o\u00f9 bien de l&rsquo;\u00e9glise saint honorat. De mani\u00e8re \u00e0 vous \u00e9pauler pour profiter pleinement [&hellip;]<\/p>","protected":false},"author":1,"featured_media":0,"comment_status":"open","ping_status":"open","sticky":false,"template":"","format":"standard","meta":{"footnotes":""},"categories":[55],"tags":[],"aioseo_notices":[],"yoast_head":"<!-- This site is optimized with the Yoast SEO plugin v22.3 - https:\/\/yoast.com\/wordpress\/plugins\/seo\/ -->\n<title>Bon plan : la balade en v\u00e9lo en famille \u00e0 Arles centre ville - Visiter Arles<\/title>\n<meta name=\"robots\" content=\"index, follow, max-snippet:-1, max-image-preview:large, max-video-preview:-1\" \/>\n<link rel=\"canonical\" href=\"https:\/\/www.visiterarles.com\/en\/blog\/2014\/08\/01\/bon-plan-la-balade-en-velo-en-famille-a-arles-centre-ville-791\/\" \/>\n<meta name=\"twitter:label1\" content=\"Written by\" \/>\n\t<meta name=\"twitter:data1\" content=\"Linkadm\" \/>\n\t<meta name=\"twitter:label2\" content=\"Estimated reading time\" \/>\n\t<meta name=\"twitter:data2\" content=\"1 minute\" \/>\n<script type=\"application\/ld+json\" class=\"yoast-schema-graph\">{\"@context\":\"https:\/\/schema.org\",\"@graph\":[{\"@type\":\"Article\",\"@id\":\"https:\/\/www.visiterarles.com\/en\/blog\/2014\/08\/01\/bon-plan-la-balade-en-velo-en-famille-a-arles-centre-ville-791\/#article\",\"isPartOf\":{\"@id\":\"https:\/\/www.visiterarles.com\/en\/blog\/2014\/08\/01\/bon-plan-la-balade-en-velo-en-famille-a-arles-centre-ville-791\/\"},\"author\":{\"name\":\"Linkadm\",\"@id\":\"https:\/\/www.visiterarles.com\/en\/#\/schema\/person\/ba5912e4613018f479a2d86815a53576\"},\"headline\":\"Bon plan : la balade en v\u00e9lo en famille \u00e0 Arles centre ville\",\"datePublished\":\"2014-08-01T08:35:00+00:00\",\"dateModified\":\"2014-08-01T08:35:00+00:00\",\"mainEntityOfPage\":{\"@id\":\"https:\/\/www.visiterarles.com\/en\/blog\/2014\/08\/01\/bon-plan-la-balade-en-velo-en-famille-a-arles-centre-ville-791\/\"},\"wordCount\":196,\"commentCount\":0,\"publisher\":{\"@id\":\"https:\/\/www.visiterarles.com\/en\/#organization\"},\"articleSection\":[\"Informations\"],\"inLanguage\":\"en-GB\",\"potentialAction\":[{\"@type\":\"CommentAction\",\"name\":\"Comment\",\"target\":[\"https:\/\/www.visiterarles.com\/en\/blog\/2014\/08\/01\/bon-plan-la-balade-en-velo-en-famille-a-arles-centre-ville-791\/#respond\"]}]},{\"@type\":\"WebPage\",\"@id\":\"https:\/\/www.visiterarles.com\/en\/blog\/2014\/08\/01\/bon-plan-la-balade-en-velo-en-famille-a-arles-centre-ville-791\/\",\"url\":\"https:\/\/www.visiterarles.com\/en\/blog\/2014\/08\/01\/bon-plan-la-balade-en-velo-en-famille-a-arles-centre-ville-791\/\",\"name\":\"Bon plan : la balade en v\u00e9lo en famille \u00e0 Arles centre ville - Visiter Arles\",\"isPartOf\":{\"@id\":\"https:\/\/www.visiterarles.com\/en\/#website\"},\"datePublished\":\"2014-08-01T08:35:00+00:00\",\"dateModified\":\"2014-08-01T08:35:00+00:00\",\"breadcrumb\":{\"@id\":\"https:\/\/www.visiterarles.com\/en\/blog\/2014\/08\/01\/bon-plan-la-balade-en-velo-en-famille-a-arles-centre-ville-791\/#breadcrumb\"},\"inLanguage\":\"en-GB\",\"potentialAction\":[{\"@type\":\"ReadAction\",\"target\":[\"https:\/\/www.visiterarles.com\/en\/blog\/2014\/08\/01\/bon-plan-la-balade-en-velo-en-famille-a-arles-centre-ville-791\/\"]}]},{\"@type\":\"BreadcrumbList\",\"@id\":\"https:\/\/www.visiterarles.com\/en\/blog\/2014\/08\/01\/bon-plan-la-balade-en-velo-en-famille-a-arles-centre-ville-791\/#breadcrumb\",\"itemListElement\":[{\"@type\":\"ListItem\",\"position\":1,\"name\":\"Home\",\"item\":\"https:\/\/www.visiterarles.com\/\"},{\"@type\":\"ListItem\",\"position\":2,\"name\":\"Bon plan : la balade en v\u00e9lo en famille \u00e0 Arles centre ville\"}]},{\"@type\":\"WebSite\",\"@id\":\"https:\/\/www.visiterarles.com\/en\/#website\",\"url\":\"https:\/\/www.visiterarles.com\/en\/\",\"name\":\"Visiter Arles\",\"description\":\"Tourisme en Provence \u00e0 Arles\",\"publisher\":{\"@id\":\"https:\/\/www.visiterarles.com\/en\/#organization\"},\"potentialAction\":[{\"@type\":\"SearchAction\",\"target\":{\"@type\":\"EntryPoint\",\"urlTemplate\":\"https:\/\/www.visiterarles.com\/en\/?s={search_term_string}\"},\"query-input\":\"required name=search_term_string\"}],\"inLanguage\":\"en-GB\"},{\"@type\":\"Organization\",\"@id\":\"https:\/\/www.visiterarles.com\/en\/#organization\",\"name\":\"Visiter Arles\",\"url\":\"https:\/\/www.visiterarles.com\/en\/\",\"logo\":{\"@type\":\"ImageObject\",\"inLanguage\":\"en-GB\",\"@id\":\"https:\/\/www.visiterarles.com\/en\/#\/schema\/logo\/image\/\",\"url\":\"https:\/\/www.visiterarles.com\/wp-content\/uploads\/2017\/10\/taco-and-co-1-1.jpg\",\"contentUrl\":\"https:\/\/www.visiterarles.com\/wp-content\/uploads\/2017\/10\/taco-and-co-1-1.jpg\",\"width\":124,\"height\":73,\"caption\":\"Visiter Arles\"},\"image\":{\"@id\":\"https:\/\/www.visiterarles.com\/en\/#\/schema\/logo\/image\/\"}},{\"@type\":\"Person\",\"@id\":\"https:\/\/www.visiterarles.com\/en\/#\/schema\/person\/ba5912e4613018f479a2d86815a53576\",\"name\":\"Linkadm\",\"image\":{\"@type\":\"ImageObject\",\"inLanguage\":\"en-GB\",\"@id\":\"https:\/\/www.visiterarles.com\/en\/#\/schema\/person\/image\/\",\"url\":\"https:\/\/secure.gravatar.com\/avatar\/4709ec209921503e8d8cc96168eddc49?s=96&d=mm&r=g\",\"contentUrl\":\"https:\/\/secure.gravatar.com\/avatar\/4709ec209921503e8d8cc96168eddc49?s=96&d=mm&r=g\",\"caption\":\"Linkadm\"},\"url\":\"https:\/\/www.visiterarles.com\/en\/blog\/author\/admin\/\"}]}<\/script>\n<!-- \/ Yoast SEO plugin. -->","yoast_head_json":{"title":"Bon plan : la balade en v\u00e9lo en famille \u00e0 Arles centre ville - Visiter Arles","robots":{"index":"index","follow":"follow","max-snippet":"max-snippet:-1","max-image-preview":"max-image-preview:large","max-video-preview":"max-video-preview:-1"},"canonical":"https:\/\/www.visiterarles.com\/en\/blog\/2014\/08\/01\/bon-plan-la-balade-en-velo-en-famille-a-arles-centre-ville-791\/","twitter_misc":{"Written by":"Linkadm","Estimated reading time":"1 minute"},"schema":{"@context":"https:\/\/schema.org","@graph":[{"@type":"Article","@id":"https:\/\/www.visiterarles.com\/en\/blog\/2014\/08\/01\/bon-plan-la-balade-en-velo-en-famille-a-arles-centre-ville-791\/#article","isPartOf":{"@id":"https:\/\/www.visiterarles.com\/en\/blog\/2014\/08\/01\/bon-plan-la-balade-en-velo-en-famille-a-arles-centre-ville-791\/"},"author":{"name":"Linkadm","@id":"https:\/\/www.visiterarles.com\/en\/#\/schema\/person\/ba5912e4613018f479a2d86815a53576"},"headline":"Bon plan : la balade en v\u00e9lo en famille \u00e0 Arles centre ville","datePublished":"2014-08-01T08:35:00+00:00","dateModified":"2014-08-01T08:35:00+00:00","mainEntityOfPage":{"@id":"https:\/\/www.visiterarles.com\/en\/blog\/2014\/08\/01\/bon-plan-la-balade-en-velo-en-famille-a-arles-centre-ville-791\/"},"wordCount":196,"commentCount":0,"publisher":{"@id":"https:\/\/www.visiterarles.com\/en\/#organization"},"articleSection":["Informations"],"inLanguage":"en-GB","potentialAction":[{"@type":"CommentAction","name":"Comment","target":["https:\/\/www.visiterarles.com\/en\/blog\/2014\/08\/01\/bon-plan-la-balade-en-velo-en-famille-a-arles-centre-ville-791\/#respond"]}]},{"@type":"WebPage","@id":"https:\/\/www.visiterarles.com\/en\/blog\/2014\/08\/01\/bon-plan-la-balade-en-velo-en-famille-a-arles-centre-ville-791\/","url":"https:\/\/www.visiterarles.com\/en\/blog\/2014\/08\/01\/bon-plan-la-balade-en-velo-en-famille-a-arles-centre-ville-791\/","name":"Bon plan : la balade en v\u00e9lo en famille \u00e0 Arles centre ville - Visiter Arles","isPartOf":{"@id":"https:\/\/www.visiterarles.com\/en\/#website"},"datePublished":"2014-08-01T08:35:00+00:00","dateModified":"2014-08-01T08:35:00+00:00","breadcrumb":{"@id":"https:\/\/www.visiterarles.com\/en\/blog\/2014\/08\/01\/bon-plan-la-balade-en-velo-en-famille-a-arles-centre-ville-791\/#breadcrumb"},"inLanguage":"en-GB","potentialAction":[{"@type":"ReadAction","target":["https:\/\/www.visiterarles.com\/en\/blog\/2014\/08\/01\/bon-plan-la-balade-en-velo-en-famille-a-arles-centre-ville-791\/"]}]},{"@type":"BreadcrumbList","@id":"https:\/\/www.visiterarles.com\/en\/blog\/2014\/08\/01\/bon-plan-la-balade-en-velo-en-famille-a-arles-centre-ville-791\/#breadcrumb","itemListElement":[{"@type":"ListItem","position":1,"name":"Home","item":"https:\/\/www.visiterarles.com\/"},{"@type":"ListItem","position":2,"name":"Bon plan : la balade en v\u00e9lo en famille \u00e0 Arles centre ville"}]},{"@type":"WebSite","@id":"https:\/\/www.visiterarles.com\/en\/#website","url":"https:\/\/www.visiterarles.com\/en\/","name":"Visiter Arles","description":"Tourisme en Provence \u00e0 Arles","publisher":{"@id":"https:\/\/www.visiterarles.com\/en\/#organization"},"potentialAction":[{"@type":"SearchAction","target":{"@type":"EntryPoint","urlTemplate":"https:\/\/www.visiterarles.com\/en\/?s={search_term_string}"},"query-input":"required name=search_term_string"}],"inLanguage":"en-GB"},{"@type":"Organization","@id":"https:\/\/www.visiterarles.com\/en\/#organization","name":"Visiter Arles","url":"https:\/\/www.visiterarles.com\/en\/","logo":{"@type":"ImageObject","inLanguage":"en-GB","@id":"https:\/\/www.visiterarles.com\/en\/#\/schema\/logo\/image\/","url":"https:\/\/www.visiterarles.com\/wp-content\/uploads\/2017\/10\/taco-and-co-1-1.jpg","contentUrl":"https:\/\/www.visiterarles.com\/wp-content\/uploads\/2017\/10\/taco-and-co-1-1.jpg","width":124,"height":73,"caption":"Visiter Arles"},"image":{"@id":"https:\/\/www.visiterarles.com\/en\/#\/schema\/logo\/image\/"}},{"@type":"Person","@id":"https:\/\/www.visiterarles.com\/en\/#\/schema\/person\/ba5912e4613018f479a2d86815a53576","name":"Linkadm","image":{"@type":"ImageObject","inLanguage":"en-GB","@id":"https:\/\/www.visiterarles.com\/en\/#\/schema\/person\/image\/","url":"https:\/\/secure.gravatar.com\/avatar\/4709ec209921503e8d8cc96168eddc49?s=96&d=mm&r=g","contentUrl":"https:\/\/secure.gravatar.com\/avatar\/4709ec209921503e8d8cc96168eddc49?s=96&d=mm&r=g","caption":"Linkadm"},"url":"https:\/\/www.visiterarles.com\/en\/blog\/author\/admin\/"}]}},"_links":{"self":[{"href":"https:\/\/www.visiterarles.com\/en\/wp-json\/wp\/v2\/posts\/27665"}],"collection":[{"href":"https:\/\/www.visiterarles.com\/en\/wp-json\/wp\/v2\/posts"}],"about":[{"href":"https:\/\/www.visiterarles.com\/en\/wp-json\/wp\/v2\/types\/post"}],"author":[{"embeddable":true,"href":"https:\/\/www.visiterarles.com\/en\/wp-json\/wp\/v2\/users\/1"}],"replies":[{"embeddable":true,"href":"https:\/\/www.visiterarles.com\/en\/wp-json\/wp\/v2\/comments?post=27665"}],"version-history":[{"count":0,"href":"https:\/\/www.visiterarles.com\/en\/wp-json\/wp\/v2\/posts\/27665\/revisions"}],"wp:attachment":[{"href":"https:\/\/www.visiterarles.com\/en\/wp-json\/wp\/v2\/media?parent=27665"}],"wp:term":[{"taxonomy":"category","embeddable":true,"href":"https:\/\/www.visiterarles.com\/en\/wp-json\/wp\/v2\/categories?post=27665"},{"taxonomy":"post_tag","embeddable":true,"href":"https:\/\/www.visiterarles.com\/en\/wp-json\/wp\/v2\/tags?post=27665"}],"curies":[{"name":"wp","href":"https:\/\/api.w.org\/{rel}","templated":true}]}}