{"id":27676,"date":"2014-08-03T09:48:00","date_gmt":"2014-08-03T09:48:00","guid":{"rendered":"http:\/\/www.visiterarles.com\/bon-plan-pour-touriste-arles-quartier-des-arenes-la-balade-en-velo-728\/"},"modified":"2014-08-03T09:48:00","modified_gmt":"2014-08-03T09:48:00","slug":"bon-plan-pour-touriste-arles-quartier-des-arenes-la-balade-en-velo-728","status":"publish","type":"post","link":"https:\/\/www.visiterarles.com\/en\/blog\/2014\/08\/03\/bon-plan-pour-touriste-arles-quartier-des-arenes-la-balade-en-velo-728\/","title":{"rendered":"Bon plan pour touriste Arles quartier des ar\u00e8nes : la balade en v\u00e9lo"},"content":{"rendered":"<h4>Votre balade en v\u00e9lo sur Arles quartier des ar\u00e8nes, pour touriste avec V\u00e9lo-Taco<\/h4>\n<p>Les lieux prestigieux sont pl\u00e9thoriques, par cons\u00e9quent, notre balade en v\u00e9lo pour touriste sur Arles quartier des ar\u00e8nes vous donnera la possibilit\u00e9 de jouir pleinement des tours de la cavalerie, de l&rsquo;ecomus\u00e9e du sel o\u00f9 du march\u00e9 de provence. De fa\u00e7on \u00e0 vous aider \u00e0 jouir pleinement de la vie culturelle, avec l&rsquo;impression d\u2019agir de fa\u00e7on respectueuse de l\u2019environnement, notre balade en v\u00e9lo pour touriste sur Arles quartier des ar\u00e8nes va vous permettre de profiter du moment pr\u00e9sent.<\/p>\n<h4>Pour quelle raison choisir notre balade en v\u00e9lo pour touriste sur Arles :<\/h4>\n<p>D\u00e9couvrir le tr\u00e8s beau patrimoine de la ville par le biais de notre balade en v\u00e9lo pour touriste \u00e0 Arles peut \u00eatre une solution efficace pour toute personne qui en a envie. Dans cette structure, en arrivant sur Arles, vous pourrez demander notre balade en v\u00e9lo. Les visiteurs de tout poil appr\u00e9cieront notre <a href=\"http:\/\/www.visiterarles.com\/en\/arles-balade-en-velo-pour-touriste-1523\/\">balade en v\u00e9lo \u00e0 Arles<\/a>, pour touriste leur convenant tr\u00e8s certainement.<\/p>","protected":false},"excerpt":{"rendered":"<p>Votre balade en v\u00e9lo sur Arles quartier des ar\u00e8nes, pour touriste avec V\u00e9lo-Taco Les lieux prestigieux sont pl\u00e9thoriques, par cons\u00e9quent, notre balade en v\u00e9lo pour touriste sur Arles quartier des ar\u00e8nes vous donnera la possibilit\u00e9 de jouir pleinement des tours de la cavalerie, de l&rsquo;ecomus\u00e9e du sel o\u00f9 du march\u00e9 de provence. De fa\u00e7on \u00e0 [&hellip;]<\/p>","protected":false},"author":1,"featured_media":0,"comment_status":"open","ping_status":"open","sticky":false,"template":"","format":"standard","meta":{"footnotes":""},"categories":[55],"tags":[],"aioseo_notices":[],"yoast_head":"<!-- This site is optimized with the Yoast SEO plugin v22.3 - https:\/\/yoast.com\/wordpress\/plugins\/seo\/ -->\n<title>Bon plan pour touriste Arles quartier des ar\u00e8nes : la balade en v\u00e9lo - Visiter Arles<\/title>\n<meta name=\"robots\" content=\"index, follow, max-snippet:-1, max-image-preview:large, max-video-preview:-1\" \/>\n<link rel=\"canonical\" href=\"https:\/\/www.visiterarles.com\/en\/blog\/2014\/08\/03\/bon-plan-pour-touriste-arles-quartier-des-arenes-la-balade-en-velo-728\/\" \/>\n<meta name=\"twitter:label1\" content=\"Written by\" \/>\n\t<meta name=\"twitter:data1\" content=\"Linkadm\" \/>\n\t<meta name=\"twitter:label2\" content=\"Estimated reading time\" \/>\n\t<meta name=\"twitter:data2\" content=\"1 minute\" \/>\n<script type=\"application\/ld+json\" class=\"yoast-schema-graph\">{\"@context\":\"https:\/\/schema.org\",\"@graph\":[{\"@type\":\"Article\",\"@id\":\"https:\/\/www.visiterarles.com\/en\/blog\/2014\/08\/03\/bon-plan-pour-touriste-arles-quartier-des-arenes-la-balade-en-velo-728\/#article\",\"isPartOf\":{\"@id\":\"https:\/\/www.visiterarles.com\/en\/blog\/2014\/08\/03\/bon-plan-pour-touriste-arles-quartier-des-arenes-la-balade-en-velo-728\/\"},\"author\":{\"name\":\"Linkadm\",\"@id\":\"https:\/\/www.visiterarles.com\/en\/#\/schema\/person\/ba5912e4613018f479a2d86815a53576\"},\"headline\":\"Bon plan pour touriste Arles quartier des ar\u00e8nes : la balade en v\u00e9lo\",\"datePublished\":\"2014-08-03T09:48:00+00:00\",\"dateModified\":\"2014-08-03T09:48:00+00:00\",\"mainEntityOfPage\":{\"@id\":\"https:\/\/www.visiterarles.com\/en\/blog\/2014\/08\/03\/bon-plan-pour-touriste-arles-quartier-des-arenes-la-balade-en-velo-728\/\"},\"wordCount\":202,\"commentCount\":0,\"publisher\":{\"@id\":\"https:\/\/www.visiterarles.com\/en\/#organization\"},\"articleSection\":[\"Informations\"],\"inLanguage\":\"en-GB\",\"potentialAction\":[{\"@type\":\"CommentAction\",\"name\":\"Comment\",\"target\":[\"https:\/\/www.visiterarles.com\/en\/blog\/2014\/08\/03\/bon-plan-pour-touriste-arles-quartier-des-arenes-la-balade-en-velo-728\/#respond\"]}]},{\"@type\":\"WebPage\",\"@id\":\"https:\/\/www.visiterarles.com\/en\/blog\/2014\/08\/03\/bon-plan-pour-touriste-arles-quartier-des-arenes-la-balade-en-velo-728\/\",\"url\":\"https:\/\/www.visiterarles.com\/en\/blog\/2014\/08\/03\/bon-plan-pour-touriste-arles-quartier-des-arenes-la-balade-en-velo-728\/\",\"name\":\"Bon plan pour touriste Arles quartier des ar\u00e8nes : la balade en v\u00e9lo - Visiter Arles\",\"isPartOf\":{\"@id\":\"https:\/\/www.visiterarles.com\/en\/#website\"},\"datePublished\":\"2014-08-03T09:48:00+00:00\",\"dateModified\":\"2014-08-03T09:48:00+00:00\",\"breadcrumb\":{\"@id\":\"https:\/\/www.visiterarles.com\/en\/blog\/2014\/08\/03\/bon-plan-pour-touriste-arles-quartier-des-arenes-la-balade-en-velo-728\/#breadcrumb\"},\"inLanguage\":\"en-GB\",\"potentialAction\":[{\"@type\":\"ReadAction\",\"target\":[\"https:\/\/www.visiterarles.com\/en\/blog\/2014\/08\/03\/bon-plan-pour-touriste-arles-quartier-des-arenes-la-balade-en-velo-728\/\"]}]},{\"@type\":\"BreadcrumbList\",\"@id\":\"https:\/\/www.visiterarles.com\/en\/blog\/2014\/08\/03\/bon-plan-pour-touriste-arles-quartier-des-arenes-la-balade-en-velo-728\/#breadcrumb\",\"itemListElement\":[{\"@type\":\"ListItem\",\"position\":1,\"name\":\"Home\",\"item\":\"https:\/\/www.visiterarles.com\/\"},{\"@type\":\"ListItem\",\"position\":2,\"name\":\"Bon plan pour touriste Arles quartier des ar\u00e8nes : la balade en v\u00e9lo\"}]},{\"@type\":\"WebSite\",\"@id\":\"https:\/\/www.visiterarles.com\/en\/#website\",\"url\":\"https:\/\/www.visiterarles.com\/en\/\",\"name\":\"Visiter Arles\",\"description\":\"Tourisme en Provence \u00e0 Arles\",\"publisher\":{\"@id\":\"https:\/\/www.visiterarles.com\/en\/#organization\"},\"potentialAction\":[{\"@type\":\"SearchAction\",\"target\":{\"@type\":\"EntryPoint\",\"urlTemplate\":\"https:\/\/www.visiterarles.com\/en\/?s={search_term_string}\"},\"query-input\":\"required name=search_term_string\"}],\"inLanguage\":\"en-GB\"},{\"@type\":\"Organization\",\"@id\":\"https:\/\/www.visiterarles.com\/en\/#organization\",\"name\":\"Visiter Arles\",\"url\":\"https:\/\/www.visiterarles.com\/en\/\",\"logo\":{\"@type\":\"ImageObject\",\"inLanguage\":\"en-GB\",\"@id\":\"https:\/\/www.visiterarles.com\/en\/#\/schema\/logo\/image\/\",\"url\":\"https:\/\/www.visiterarles.com\/wp-content\/uploads\/2017\/10\/taco-and-co-1-1.jpg\",\"contentUrl\":\"https:\/\/www.visiterarles.com\/wp-content\/uploads\/2017\/10\/taco-and-co-1-1.jpg\",\"width\":124,\"height\":73,\"caption\":\"Visiter Arles\"},\"image\":{\"@id\":\"https:\/\/www.visiterarles.com\/en\/#\/schema\/logo\/image\/\"}},{\"@type\":\"Person\",\"@id\":\"https:\/\/www.visiterarles.com\/en\/#\/schema\/person\/ba5912e4613018f479a2d86815a53576\",\"name\":\"Linkadm\",\"image\":{\"@type\":\"ImageObject\",\"inLanguage\":\"en-GB\",\"@id\":\"https:\/\/www.visiterarles.com\/en\/#\/schema\/person\/image\/\",\"url\":\"https:\/\/secure.gravatar.com\/avatar\/4709ec209921503e8d8cc96168eddc49?s=96&d=mm&r=g\",\"contentUrl\":\"https:\/\/secure.gravatar.com\/avatar\/4709ec209921503e8d8cc96168eddc49?s=96&d=mm&r=g\",\"caption\":\"Linkadm\"},\"url\":\"https:\/\/www.visiterarles.com\/en\/blog\/author\/admin\/\"}]}<\/script>\n<!-- \/ Yoast SEO plugin. -->","yoast_head_json":{"title":"Bon plan pour touriste Arles quartier des ar\u00e8nes : la balade en v\u00e9lo - Visiter Arles","robots":{"index":"index","follow":"follow","max-snippet":"max-snippet:-1","max-image-preview":"max-image-preview:large","max-video-preview":"max-video-preview:-1"},"canonical":"https:\/\/www.visiterarles.com\/en\/blog\/2014\/08\/03\/bon-plan-pour-touriste-arles-quartier-des-arenes-la-balade-en-velo-728\/","twitter_misc":{"Written by":"Linkadm","Estimated reading time":"1 minute"},"schema":{"@context":"https:\/\/schema.org","@graph":[{"@type":"Article","@id":"https:\/\/www.visiterarles.com\/en\/blog\/2014\/08\/03\/bon-plan-pour-touriste-arles-quartier-des-arenes-la-balade-en-velo-728\/#article","isPartOf":{"@id":"https:\/\/www.visiterarles.com\/en\/blog\/2014\/08\/03\/bon-plan-pour-touriste-arles-quartier-des-arenes-la-balade-en-velo-728\/"},"author":{"name":"Linkadm","@id":"https:\/\/www.visiterarles.com\/en\/#\/schema\/person\/ba5912e4613018f479a2d86815a53576"},"headline":"Bon plan pour touriste Arles quartier des ar\u00e8nes : la balade en v\u00e9lo","datePublished":"2014-08-03T09:48:00+00:00","dateModified":"2014-08-03T09:48:00+00:00","mainEntityOfPage":{"@id":"https:\/\/www.visiterarles.com\/en\/blog\/2014\/08\/03\/bon-plan-pour-touriste-arles-quartier-des-arenes-la-balade-en-velo-728\/"},"wordCount":202,"commentCount":0,"publisher":{"@id":"https:\/\/www.visiterarles.com\/en\/#organization"},"articleSection":["Informations"],"inLanguage":"en-GB","potentialAction":[{"@type":"CommentAction","name":"Comment","target":["https:\/\/www.visiterarles.com\/en\/blog\/2014\/08\/03\/bon-plan-pour-touriste-arles-quartier-des-arenes-la-balade-en-velo-728\/#respond"]}]},{"@type":"WebPage","@id":"https:\/\/www.visiterarles.com\/en\/blog\/2014\/08\/03\/bon-plan-pour-touriste-arles-quartier-des-arenes-la-balade-en-velo-728\/","url":"https:\/\/www.visiterarles.com\/en\/blog\/2014\/08\/03\/bon-plan-pour-touriste-arles-quartier-des-arenes-la-balade-en-velo-728\/","name":"Bon plan pour touriste Arles quartier des ar\u00e8nes : la balade en v\u00e9lo - Visiter Arles","isPartOf":{"@id":"https:\/\/www.visiterarles.com\/en\/#website"},"datePublished":"2014-08-03T09:48:00+00:00","dateModified":"2014-08-03T09:48:00+00:00","breadcrumb":{"@id":"https:\/\/www.visiterarles.com\/en\/blog\/2014\/08\/03\/bon-plan-pour-touriste-arles-quartier-des-arenes-la-balade-en-velo-728\/#breadcrumb"},"inLanguage":"en-GB","potentialAction":[{"@type":"ReadAction","target":["https:\/\/www.visiterarles.com\/en\/blog\/2014\/08\/03\/bon-plan-pour-touriste-arles-quartier-des-arenes-la-balade-en-velo-728\/"]}]},{"@type":"BreadcrumbList","@id":"https:\/\/www.visiterarles.com\/en\/blog\/2014\/08\/03\/bon-plan-pour-touriste-arles-quartier-des-arenes-la-balade-en-velo-728\/#breadcrumb","itemListElement":[{"@type":"ListItem","position":1,"name":"Home","item":"https:\/\/www.visiterarles.com\/"},{"@type":"ListItem","position":2,"name":"Bon plan pour touriste Arles quartier des ar\u00e8nes : la balade en v\u00e9lo"}]},{"@type":"WebSite","@id":"https:\/\/www.visiterarles.com\/en\/#website","url":"https:\/\/www.visiterarles.com\/en\/","name":"Visiter Arles","description":"Tourisme en Provence \u00e0 Arles","publisher":{"@id":"https:\/\/www.visiterarles.com\/en\/#organization"},"potentialAction":[{"@type":"SearchAction","target":{"@type":"EntryPoint","urlTemplate":"https:\/\/www.visiterarles.com\/en\/?s={search_term_string}"},"query-input":"required name=search_term_string"}],"inLanguage":"en-GB"},{"@type":"Organization","@id":"https:\/\/www.visiterarles.com\/en\/#organization","name":"Visiter Arles","url":"https:\/\/www.visiterarles.com\/en\/","logo":{"@type":"ImageObject","inLanguage":"en-GB","@id":"https:\/\/www.visiterarles.com\/en\/#\/schema\/logo\/image\/","url":"https:\/\/www.visiterarles.com\/wp-content\/uploads\/2017\/10\/taco-and-co-1-1.jpg","contentUrl":"https:\/\/www.visiterarles.com\/wp-content\/uploads\/2017\/10\/taco-and-co-1-1.jpg","width":124,"height":73,"caption":"Visiter Arles"},"image":{"@id":"https:\/\/www.visiterarles.com\/en\/#\/schema\/logo\/image\/"}},{"@type":"Person","@id":"https:\/\/www.visiterarles.com\/en\/#\/schema\/person\/ba5912e4613018f479a2d86815a53576","name":"Linkadm","image":{"@type":"ImageObject","inLanguage":"en-GB","@id":"https:\/\/www.visiterarles.com\/en\/#\/schema\/person\/image\/","url":"https:\/\/secure.gravatar.com\/avatar\/4709ec209921503e8d8cc96168eddc49?s=96&d=mm&r=g","contentUrl":"https:\/\/secure.gravatar.com\/avatar\/4709ec209921503e8d8cc96168eddc49?s=96&d=mm&r=g","caption":"Linkadm"},"url":"https:\/\/www.visiterarles.com\/en\/blog\/author\/admin\/"}]}},"_links":{"self":[{"href":"https:\/\/www.visiterarles.com\/en\/wp-json\/wp\/v2\/posts\/27676"}],"collection":[{"href":"https:\/\/www.visiterarles.com\/en\/wp-json\/wp\/v2\/posts"}],"about":[{"href":"https:\/\/www.visiterarles.com\/en\/wp-json\/wp\/v2\/types\/post"}],"author":[{"embeddable":true,"href":"https:\/\/www.visiterarles.com\/en\/wp-json\/wp\/v2\/users\/1"}],"replies":[{"embeddable":true,"href":"https:\/\/www.visiterarles.com\/en\/wp-json\/wp\/v2\/comments?post=27676"}],"version-history":[{"count":0,"href":"https:\/\/www.visiterarles.com\/en\/wp-json\/wp\/v2\/posts\/27676\/revisions"}],"wp:attachment":[{"href":"https:\/\/www.visiterarles.com\/en\/wp-json\/wp\/v2\/media?parent=27676"}],"wp:term":[{"taxonomy":"category","embeddable":true,"href":"https:\/\/www.visiterarles.com\/en\/wp-json\/wp\/v2\/categories?post=27676"},{"taxonomy":"post_tag","embeddable":true,"href":"https:\/\/www.visiterarles.com\/en\/wp-json\/wp\/v2\/tags?post=27676"}],"curies":[{"name":"wp","href":"https:\/\/api.w.org\/{rel}","templated":true}]}}