{"id":27678,"date":"2014-08-03T13:50:00","date_gmt":"2014-08-03T13:50:00","guid":{"rendered":"http:\/\/www.visiterarles.com\/pour-touriste-arles-centre-ville-balade-en-velo-1932\/"},"modified":"2014-08-03T13:50:00","modified_gmt":"2014-08-03T13:50:00","slug":"pour-touriste-arles-centre-ville-balade-en-velo-1932","status":"publish","type":"post","link":"https:\/\/www.visiterarles.com\/en\/blog\/2014\/08\/03\/pour-touriste-arles-centre-ville-balade-en-velo-1932\/","title":{"rendered":"Pour touriste Arles centre ville : balade en v\u00e9lo"},"content":{"rendered":"<h4>Votre balade en v\u00e9lo \u00e0 Arles centre ville, pour touriste avec V\u00e9lo Taco<\/h4>\n<p>Des cryptoportiques, de l&rsquo;ecomus\u00e9e du sel o\u00f9 bien de l&rsquo;\u00e9glise saint blaiseles thermes de constantin, le mus\u00e9e du riz o\u00f9 bien le clo\u00eetre saint trophime, par l&rsquo;interm\u00e9diaire de notre balade en v\u00e9lo pour touriste Arles centre ville, sont des hauts lieux que vous ne sauriez manquer dans cette commune splendide. Une sympathique balade en v\u00e9lo pour touriste Arles centre ville, entre autres, vous aidera \u00e0 jouir pleinement de l\u2019existence dans cette commune splendide, ordinairement avec le sentiment d&rsquo;oeuvrer de mani\u00e8re respectueuse de l\u2019environnement, en pr\u00e9sentant une culture des plus riches.<\/p>\n<h4>Balade en v\u00e9lo pour touriste au sein d&rsquo;Arles : une alternative respectueuse de l&rsquo;environnement<\/h4>\n<p>Faire la d\u00e9couverte du ravissant patrimoine de la ville par le biais de la balade en v\u00e9lo pour touriste sur Arles peut s&rsquo;av\u00e9rer \u00eatre une offre appropri\u00e9e pour toute personne qui en a envie. Dans cette structure, d\u00e8s votre sortie du train, il vous sera possible de demander notre balade en v\u00e9lo. Pour les amateurs de d\u00e9couvertes, notre <a href=\"http:\/\/www.visiterarles.com\/en\/arles-balade-en-velo-pour-touriste-1523\/\">balade en v\u00e9lo sur Arles<\/a>, pour touriste conviendra aux exigences de tous, en toute logique.<\/p>","protected":false},"excerpt":{"rendered":"<p>Votre balade en v\u00e9lo \u00e0 Arles centre ville, pour touriste avec V\u00e9lo Taco Des cryptoportiques, de l&rsquo;ecomus\u00e9e du sel o\u00f9 bien de l&rsquo;\u00e9glise saint blaiseles thermes de constantin, le mus\u00e9e du riz o\u00f9 bien le clo\u00eetre saint trophime, par l&rsquo;interm\u00e9diaire de notre balade en v\u00e9lo pour touriste Arles centre ville, sont des hauts lieux que [&hellip;]<\/p>","protected":false},"author":1,"featured_media":0,"comment_status":"open","ping_status":"open","sticky":false,"template":"","format":"standard","meta":{"footnotes":""},"categories":[55],"tags":[],"aioseo_notices":[],"yoast_head":"<!-- This site is optimized with the Yoast SEO plugin v22.3 - https:\/\/yoast.com\/wordpress\/plugins\/seo\/ -->\n<title>Pour touriste Arles centre ville : balade en v\u00e9lo - Visiter Arles<\/title>\n<meta name=\"robots\" content=\"index, follow, max-snippet:-1, max-image-preview:large, max-video-preview:-1\" \/>\n<link rel=\"canonical\" href=\"https:\/\/www.visiterarles.com\/en\/blog\/2014\/08\/03\/pour-touriste-arles-centre-ville-balade-en-velo-1932\/\" \/>\n<meta name=\"twitter:label1\" content=\"Written by\" \/>\n\t<meta name=\"twitter:data1\" content=\"Linkadm\" \/>\n\t<meta name=\"twitter:label2\" content=\"Estimated reading time\" \/>\n\t<meta name=\"twitter:data2\" content=\"1 minute\" \/>\n<script type=\"application\/ld+json\" class=\"yoast-schema-graph\">{\"@context\":\"https:\/\/schema.org\",\"@graph\":[{\"@type\":\"Article\",\"@id\":\"https:\/\/www.visiterarles.com\/en\/blog\/2014\/08\/03\/pour-touriste-arles-centre-ville-balade-en-velo-1932\/#article\",\"isPartOf\":{\"@id\":\"https:\/\/www.visiterarles.com\/en\/blog\/2014\/08\/03\/pour-touriste-arles-centre-ville-balade-en-velo-1932\/\"},\"author\":{\"name\":\"Linkadm\",\"@id\":\"https:\/\/www.visiterarles.com\/en\/#\/schema\/person\/ba5912e4613018f479a2d86815a53576\"},\"headline\":\"Pour touriste Arles centre ville : balade en v\u00e9lo\",\"datePublished\":\"2014-08-03T13:50:00+00:00\",\"dateModified\":\"2014-08-03T13:50:00+00:00\",\"mainEntityOfPage\":{\"@id\":\"https:\/\/www.visiterarles.com\/en\/blog\/2014\/08\/03\/pour-touriste-arles-centre-ville-balade-en-velo-1932\/\"},\"wordCount\":224,\"commentCount\":0,\"publisher\":{\"@id\":\"https:\/\/www.visiterarles.com\/en\/#organization\"},\"articleSection\":[\"Informations\"],\"inLanguage\":\"en-GB\",\"potentialAction\":[{\"@type\":\"CommentAction\",\"name\":\"Comment\",\"target\":[\"https:\/\/www.visiterarles.com\/en\/blog\/2014\/08\/03\/pour-touriste-arles-centre-ville-balade-en-velo-1932\/#respond\"]}]},{\"@type\":\"WebPage\",\"@id\":\"https:\/\/www.visiterarles.com\/en\/blog\/2014\/08\/03\/pour-touriste-arles-centre-ville-balade-en-velo-1932\/\",\"url\":\"https:\/\/www.visiterarles.com\/en\/blog\/2014\/08\/03\/pour-touriste-arles-centre-ville-balade-en-velo-1932\/\",\"name\":\"Pour touriste Arles centre ville : balade en v\u00e9lo - Visiter Arles\",\"isPartOf\":{\"@id\":\"https:\/\/www.visiterarles.com\/en\/#website\"},\"datePublished\":\"2014-08-03T13:50:00+00:00\",\"dateModified\":\"2014-08-03T13:50:00+00:00\",\"breadcrumb\":{\"@id\":\"https:\/\/www.visiterarles.com\/en\/blog\/2014\/08\/03\/pour-touriste-arles-centre-ville-balade-en-velo-1932\/#breadcrumb\"},\"inLanguage\":\"en-GB\",\"potentialAction\":[{\"@type\":\"ReadAction\",\"target\":[\"https:\/\/www.visiterarles.com\/en\/blog\/2014\/08\/03\/pour-touriste-arles-centre-ville-balade-en-velo-1932\/\"]}]},{\"@type\":\"BreadcrumbList\",\"@id\":\"https:\/\/www.visiterarles.com\/en\/blog\/2014\/08\/03\/pour-touriste-arles-centre-ville-balade-en-velo-1932\/#breadcrumb\",\"itemListElement\":[{\"@type\":\"ListItem\",\"position\":1,\"name\":\"Home\",\"item\":\"https:\/\/www.visiterarles.com\/\"},{\"@type\":\"ListItem\",\"position\":2,\"name\":\"Pour touriste Arles centre ville : balade en v\u00e9lo\"}]},{\"@type\":\"WebSite\",\"@id\":\"https:\/\/www.visiterarles.com\/en\/#website\",\"url\":\"https:\/\/www.visiterarles.com\/en\/\",\"name\":\"Visiter Arles\",\"description\":\"Tourisme en Provence \u00e0 Arles\",\"publisher\":{\"@id\":\"https:\/\/www.visiterarles.com\/en\/#organization\"},\"potentialAction\":[{\"@type\":\"SearchAction\",\"target\":{\"@type\":\"EntryPoint\",\"urlTemplate\":\"https:\/\/www.visiterarles.com\/en\/?s={search_term_string}\"},\"query-input\":\"required name=search_term_string\"}],\"inLanguage\":\"en-GB\"},{\"@type\":\"Organization\",\"@id\":\"https:\/\/www.visiterarles.com\/en\/#organization\",\"name\":\"Visiter Arles\",\"url\":\"https:\/\/www.visiterarles.com\/en\/\",\"logo\":{\"@type\":\"ImageObject\",\"inLanguage\":\"en-GB\",\"@id\":\"https:\/\/www.visiterarles.com\/en\/#\/schema\/logo\/image\/\",\"url\":\"https:\/\/www.visiterarles.com\/wp-content\/uploads\/2017\/10\/taco-and-co-1-1.jpg\",\"contentUrl\":\"https:\/\/www.visiterarles.com\/wp-content\/uploads\/2017\/10\/taco-and-co-1-1.jpg\",\"width\":124,\"height\":73,\"caption\":\"Visiter Arles\"},\"image\":{\"@id\":\"https:\/\/www.visiterarles.com\/en\/#\/schema\/logo\/image\/\"}},{\"@type\":\"Person\",\"@id\":\"https:\/\/www.visiterarles.com\/en\/#\/schema\/person\/ba5912e4613018f479a2d86815a53576\",\"name\":\"Linkadm\",\"image\":{\"@type\":\"ImageObject\",\"inLanguage\":\"en-GB\",\"@id\":\"https:\/\/www.visiterarles.com\/en\/#\/schema\/person\/image\/\",\"url\":\"https:\/\/secure.gravatar.com\/avatar\/4709ec209921503e8d8cc96168eddc49?s=96&d=mm&r=g\",\"contentUrl\":\"https:\/\/secure.gravatar.com\/avatar\/4709ec209921503e8d8cc96168eddc49?s=96&d=mm&r=g\",\"caption\":\"Linkadm\"},\"url\":\"https:\/\/www.visiterarles.com\/en\/blog\/author\/admin\/\"}]}<\/script>\n<!-- \/ Yoast SEO plugin. -->","yoast_head_json":{"title":"Pour touriste Arles centre ville : balade en v\u00e9lo - Visiter Arles","robots":{"index":"index","follow":"follow","max-snippet":"max-snippet:-1","max-image-preview":"max-image-preview:large","max-video-preview":"max-video-preview:-1"},"canonical":"https:\/\/www.visiterarles.com\/en\/blog\/2014\/08\/03\/pour-touriste-arles-centre-ville-balade-en-velo-1932\/","twitter_misc":{"Written by":"Linkadm","Estimated reading time":"1 minute"},"schema":{"@context":"https:\/\/schema.org","@graph":[{"@type":"Article","@id":"https:\/\/www.visiterarles.com\/en\/blog\/2014\/08\/03\/pour-touriste-arles-centre-ville-balade-en-velo-1932\/#article","isPartOf":{"@id":"https:\/\/www.visiterarles.com\/en\/blog\/2014\/08\/03\/pour-touriste-arles-centre-ville-balade-en-velo-1932\/"},"author":{"name":"Linkadm","@id":"https:\/\/www.visiterarles.com\/en\/#\/schema\/person\/ba5912e4613018f479a2d86815a53576"},"headline":"Pour touriste Arles centre ville : balade en v\u00e9lo","datePublished":"2014-08-03T13:50:00+00:00","dateModified":"2014-08-03T13:50:00+00:00","mainEntityOfPage":{"@id":"https:\/\/www.visiterarles.com\/en\/blog\/2014\/08\/03\/pour-touriste-arles-centre-ville-balade-en-velo-1932\/"},"wordCount":224,"commentCount":0,"publisher":{"@id":"https:\/\/www.visiterarles.com\/en\/#organization"},"articleSection":["Informations"],"inLanguage":"en-GB","potentialAction":[{"@type":"CommentAction","name":"Comment","target":["https:\/\/www.visiterarles.com\/en\/blog\/2014\/08\/03\/pour-touriste-arles-centre-ville-balade-en-velo-1932\/#respond"]}]},{"@type":"WebPage","@id":"https:\/\/www.visiterarles.com\/en\/blog\/2014\/08\/03\/pour-touriste-arles-centre-ville-balade-en-velo-1932\/","url":"https:\/\/www.visiterarles.com\/en\/blog\/2014\/08\/03\/pour-touriste-arles-centre-ville-balade-en-velo-1932\/","name":"Pour touriste Arles centre ville : balade en v\u00e9lo - Visiter Arles","isPartOf":{"@id":"https:\/\/www.visiterarles.com\/en\/#website"},"datePublished":"2014-08-03T13:50:00+00:00","dateModified":"2014-08-03T13:50:00+00:00","breadcrumb":{"@id":"https:\/\/www.visiterarles.com\/en\/blog\/2014\/08\/03\/pour-touriste-arles-centre-ville-balade-en-velo-1932\/#breadcrumb"},"inLanguage":"en-GB","potentialAction":[{"@type":"ReadAction","target":["https:\/\/www.visiterarles.com\/en\/blog\/2014\/08\/03\/pour-touriste-arles-centre-ville-balade-en-velo-1932\/"]}]},{"@type":"BreadcrumbList","@id":"https:\/\/www.visiterarles.com\/en\/blog\/2014\/08\/03\/pour-touriste-arles-centre-ville-balade-en-velo-1932\/#breadcrumb","itemListElement":[{"@type":"ListItem","position":1,"name":"Home","item":"https:\/\/www.visiterarles.com\/"},{"@type":"ListItem","position":2,"name":"Pour touriste Arles centre ville : balade en v\u00e9lo"}]},{"@type":"WebSite","@id":"https:\/\/www.visiterarles.com\/en\/#website","url":"https:\/\/www.visiterarles.com\/en\/","name":"Visiter Arles","description":"Tourisme en Provence \u00e0 Arles","publisher":{"@id":"https:\/\/www.visiterarles.com\/en\/#organization"},"potentialAction":[{"@type":"SearchAction","target":{"@type":"EntryPoint","urlTemplate":"https:\/\/www.visiterarles.com\/en\/?s={search_term_string}"},"query-input":"required name=search_term_string"}],"inLanguage":"en-GB"},{"@type":"Organization","@id":"https:\/\/www.visiterarles.com\/en\/#organization","name":"Visiter Arles","url":"https:\/\/www.visiterarles.com\/en\/","logo":{"@type":"ImageObject","inLanguage":"en-GB","@id":"https:\/\/www.visiterarles.com\/en\/#\/schema\/logo\/image\/","url":"https:\/\/www.visiterarles.com\/wp-content\/uploads\/2017\/10\/taco-and-co-1-1.jpg","contentUrl":"https:\/\/www.visiterarles.com\/wp-content\/uploads\/2017\/10\/taco-and-co-1-1.jpg","width":124,"height":73,"caption":"Visiter Arles"},"image":{"@id":"https:\/\/www.visiterarles.com\/en\/#\/schema\/logo\/image\/"}},{"@type":"Person","@id":"https:\/\/www.visiterarles.com\/en\/#\/schema\/person\/ba5912e4613018f479a2d86815a53576","name":"Linkadm","image":{"@type":"ImageObject","inLanguage":"en-GB","@id":"https:\/\/www.visiterarles.com\/en\/#\/schema\/person\/image\/","url":"https:\/\/secure.gravatar.com\/avatar\/4709ec209921503e8d8cc96168eddc49?s=96&d=mm&r=g","contentUrl":"https:\/\/secure.gravatar.com\/avatar\/4709ec209921503e8d8cc96168eddc49?s=96&d=mm&r=g","caption":"Linkadm"},"url":"https:\/\/www.visiterarles.com\/en\/blog\/author\/admin\/"}]}},"_links":{"self":[{"href":"https:\/\/www.visiterarles.com\/en\/wp-json\/wp\/v2\/posts\/27678"}],"collection":[{"href":"https:\/\/www.visiterarles.com\/en\/wp-json\/wp\/v2\/posts"}],"about":[{"href":"https:\/\/www.visiterarles.com\/en\/wp-json\/wp\/v2\/types\/post"}],"author":[{"embeddable":true,"href":"https:\/\/www.visiterarles.com\/en\/wp-json\/wp\/v2\/users\/1"}],"replies":[{"embeddable":true,"href":"https:\/\/www.visiterarles.com\/en\/wp-json\/wp\/v2\/comments?post=27678"}],"version-history":[{"count":0,"href":"https:\/\/www.visiterarles.com\/en\/wp-json\/wp\/v2\/posts\/27678\/revisions"}],"wp:attachment":[{"href":"https:\/\/www.visiterarles.com\/en\/wp-json\/wp\/v2\/media?parent=27678"}],"wp:term":[{"taxonomy":"category","embeddable":true,"href":"https:\/\/www.visiterarles.com\/en\/wp-json\/wp\/v2\/categories?post=27678"},{"taxonomy":"post_tag","embeddable":true,"href":"https:\/\/www.visiterarles.com\/en\/wp-json\/wp\/v2\/tags?post=27678"}],"curies":[{"name":"wp","href":"https:\/\/api.w.org\/{rel}","templated":true}]}}