{"id":27679,"date":"2014-08-03T14:35:00","date_gmt":"2014-08-03T14:35:00","guid":{"rendered":"http:\/\/www.visiterarles.com\/bon-plan-pour-touriste-arles-quartier-des-musees-la-balade-en-velo-1299\/"},"modified":"2014-08-03T14:35:00","modified_gmt":"2014-08-03T14:35:00","slug":"bon-plan-pour-touriste-arles-quartier-des-musees-la-balade-en-velo-1299","status":"publish","type":"post","link":"https:\/\/www.visiterarles.com\/en\/blog\/2014\/08\/03\/bon-plan-pour-touriste-arles-quartier-des-musees-la-balade-en-velo-1299\/","title":{"rendered":"Bon plan pour touriste Arles quartier des mus\u00e9es : la balade en v\u00e9lo"},"content":{"rendered":"<h4>Opter pour une balade en v\u00e9lo, s\u00e9rieuse, pour touriste sur Arles quartier des mus\u00e9es<\/h4>\n<p>Des anciens ateliers sncf, de l&rsquo;ecomus\u00e9e du sel o\u00f9 de la tour des mourguesles anciens ateliers sncf, le marais du vigueirat o\u00f9 l&rsquo;\u00e9glise saint honorat, par l&rsquo;interm\u00e9diaire de notre balade en v\u00e9lo pour touriste Arles quartier des mus\u00e9es, sont des plus beaux endroits qui ne vous \u00e9chapperont pas au sein de cette exceptionnelle commune sublime. Notre balade en v\u00e9lo pour touriste Arles quartier des mus\u00e9es, entre autres, va vous permettre de jouir totalement de la vie au sein de cette exceptionnelle commune sublime, \u00e0 chaque fois avec le sentiment d\u2019agir de mani\u00e8re \u00e9cologique, en pr\u00e9sentant une culture des plus riches.<\/p>\n<h4>Arles : une alternative respectueuse de la plan\u00e8te : la balade en v\u00e9lo pour touriste<\/h4>\n<p>D\u00e9couvrir le majestueux patrimoine de la ville par le biais de notre balade en v\u00e9lo pour touriste \u00e0 Arles peut \u00eatre une alternative cl\u00e9s en main appropri\u00e9e pour chaque personne qui le souhaite. En arrivant \u00e0 Arles, vous pourrez solliciter notre balade en v\u00e9lo au sein m\u00eame de cette structure. Les visiteurs de tous horizons appr\u00e9cieront notre <a href=\"http:\/\/www.visiterarles.com\/en\/arles-balade-en-velo-pour-touriste-1523\/\">balade en v\u00e9lo sur Arles<\/a>, pour touriste qui leur conviendra tr\u00e8s certainement.<\/p>","protected":false},"excerpt":{"rendered":"<p>Opter pour une balade en v\u00e9lo, s\u00e9rieuse, pour touriste sur Arles quartier des mus\u00e9es Des anciens ateliers sncf, de l&rsquo;ecomus\u00e9e du sel o\u00f9 de la tour des mourguesles anciens ateliers sncf, le marais du vigueirat o\u00f9 l&rsquo;\u00e9glise saint honorat, par l&rsquo;interm\u00e9diaire de notre balade en v\u00e9lo pour touriste Arles quartier des mus\u00e9es, sont des plus [&hellip;]<\/p>","protected":false},"author":1,"featured_media":0,"comment_status":"open","ping_status":"open","sticky":false,"template":"","format":"standard","meta":{"footnotes":""},"categories":[55],"tags":[],"aioseo_notices":[],"yoast_head":"<!-- This site is optimized with the Yoast SEO plugin v22.3 - https:\/\/yoast.com\/wordpress\/plugins\/seo\/ -->\n<title>Bon plan pour touriste Arles quartier des mus\u00e9es : la balade en v\u00e9lo - Visiter Arles<\/title>\n<meta name=\"robots\" content=\"index, follow, max-snippet:-1, max-image-preview:large, max-video-preview:-1\" \/>\n<link rel=\"canonical\" href=\"https:\/\/www.visiterarles.com\/en\/blog\/2014\/08\/03\/bon-plan-pour-touriste-arles-quartier-des-musees-la-balade-en-velo-1299\/\" \/>\n<meta name=\"twitter:label1\" content=\"Written by\" \/>\n\t<meta name=\"twitter:data1\" content=\"Linkadm\" \/>\n\t<meta name=\"twitter:label2\" content=\"Estimated reading time\" \/>\n\t<meta name=\"twitter:data2\" content=\"1 minute\" \/>\n<script type=\"application\/ld+json\" class=\"yoast-schema-graph\">{\"@context\":\"https:\/\/schema.org\",\"@graph\":[{\"@type\":\"Article\",\"@id\":\"https:\/\/www.visiterarles.com\/en\/blog\/2014\/08\/03\/bon-plan-pour-touriste-arles-quartier-des-musees-la-balade-en-velo-1299\/#article\",\"isPartOf\":{\"@id\":\"https:\/\/www.visiterarles.com\/en\/blog\/2014\/08\/03\/bon-plan-pour-touriste-arles-quartier-des-musees-la-balade-en-velo-1299\/\"},\"author\":{\"name\":\"Linkadm\",\"@id\":\"https:\/\/www.visiterarles.com\/en\/#\/schema\/person\/ba5912e4613018f479a2d86815a53576\"},\"headline\":\"Bon plan pour touriste Arles quartier des mus\u00e9es : la balade en v\u00e9lo\",\"datePublished\":\"2014-08-03T14:35:00+00:00\",\"dateModified\":\"2014-08-03T14:35:00+00:00\",\"mainEntityOfPage\":{\"@id\":\"https:\/\/www.visiterarles.com\/en\/blog\/2014\/08\/03\/bon-plan-pour-touriste-arles-quartier-des-musees-la-balade-en-velo-1299\/\"},\"wordCount\":233,\"commentCount\":0,\"publisher\":{\"@id\":\"https:\/\/www.visiterarles.com\/en\/#organization\"},\"articleSection\":[\"Informations\"],\"inLanguage\":\"en-GB\",\"potentialAction\":[{\"@type\":\"CommentAction\",\"name\":\"Comment\",\"target\":[\"https:\/\/www.visiterarles.com\/en\/blog\/2014\/08\/03\/bon-plan-pour-touriste-arles-quartier-des-musees-la-balade-en-velo-1299\/#respond\"]}]},{\"@type\":\"WebPage\",\"@id\":\"https:\/\/www.visiterarles.com\/en\/blog\/2014\/08\/03\/bon-plan-pour-touriste-arles-quartier-des-musees-la-balade-en-velo-1299\/\",\"url\":\"https:\/\/www.visiterarles.com\/en\/blog\/2014\/08\/03\/bon-plan-pour-touriste-arles-quartier-des-musees-la-balade-en-velo-1299\/\",\"name\":\"Bon plan pour touriste Arles quartier des mus\u00e9es : la balade en v\u00e9lo - Visiter Arles\",\"isPartOf\":{\"@id\":\"https:\/\/www.visiterarles.com\/en\/#website\"},\"datePublished\":\"2014-08-03T14:35:00+00:00\",\"dateModified\":\"2014-08-03T14:35:00+00:00\",\"breadcrumb\":{\"@id\":\"https:\/\/www.visiterarles.com\/en\/blog\/2014\/08\/03\/bon-plan-pour-touriste-arles-quartier-des-musees-la-balade-en-velo-1299\/#breadcrumb\"},\"inLanguage\":\"en-GB\",\"potentialAction\":[{\"@type\":\"ReadAction\",\"target\":[\"https:\/\/www.visiterarles.com\/en\/blog\/2014\/08\/03\/bon-plan-pour-touriste-arles-quartier-des-musees-la-balade-en-velo-1299\/\"]}]},{\"@type\":\"BreadcrumbList\",\"@id\":\"https:\/\/www.visiterarles.com\/en\/blog\/2014\/08\/03\/bon-plan-pour-touriste-arles-quartier-des-musees-la-balade-en-velo-1299\/#breadcrumb\",\"itemListElement\":[{\"@type\":\"ListItem\",\"position\":1,\"name\":\"Home\",\"item\":\"https:\/\/www.visiterarles.com\/\"},{\"@type\":\"ListItem\",\"position\":2,\"name\":\"Bon plan pour touriste Arles quartier des mus\u00e9es : la balade en v\u00e9lo\"}]},{\"@type\":\"WebSite\",\"@id\":\"https:\/\/www.visiterarles.com\/en\/#website\",\"url\":\"https:\/\/www.visiterarles.com\/en\/\",\"name\":\"Visiter Arles\",\"description\":\"Tourisme en Provence \u00e0 Arles\",\"publisher\":{\"@id\":\"https:\/\/www.visiterarles.com\/en\/#organization\"},\"potentialAction\":[{\"@type\":\"SearchAction\",\"target\":{\"@type\":\"EntryPoint\",\"urlTemplate\":\"https:\/\/www.visiterarles.com\/en\/?s={search_term_string}\"},\"query-input\":\"required name=search_term_string\"}],\"inLanguage\":\"en-GB\"},{\"@type\":\"Organization\",\"@id\":\"https:\/\/www.visiterarles.com\/en\/#organization\",\"name\":\"Visiter Arles\",\"url\":\"https:\/\/www.visiterarles.com\/en\/\",\"logo\":{\"@type\":\"ImageObject\",\"inLanguage\":\"en-GB\",\"@id\":\"https:\/\/www.visiterarles.com\/en\/#\/schema\/logo\/image\/\",\"url\":\"https:\/\/www.visiterarles.com\/wp-content\/uploads\/2017\/10\/taco-and-co-1-1.jpg\",\"contentUrl\":\"https:\/\/www.visiterarles.com\/wp-content\/uploads\/2017\/10\/taco-and-co-1-1.jpg\",\"width\":124,\"height\":73,\"caption\":\"Visiter Arles\"},\"image\":{\"@id\":\"https:\/\/www.visiterarles.com\/en\/#\/schema\/logo\/image\/\"}},{\"@type\":\"Person\",\"@id\":\"https:\/\/www.visiterarles.com\/en\/#\/schema\/person\/ba5912e4613018f479a2d86815a53576\",\"name\":\"Linkadm\",\"image\":{\"@type\":\"ImageObject\",\"inLanguage\":\"en-GB\",\"@id\":\"https:\/\/www.visiterarles.com\/en\/#\/schema\/person\/image\/\",\"url\":\"https:\/\/secure.gravatar.com\/avatar\/4709ec209921503e8d8cc96168eddc49?s=96&d=mm&r=g\",\"contentUrl\":\"https:\/\/secure.gravatar.com\/avatar\/4709ec209921503e8d8cc96168eddc49?s=96&d=mm&r=g\",\"caption\":\"Linkadm\"},\"url\":\"https:\/\/www.visiterarles.com\/en\/blog\/author\/admin\/\"}]}<\/script>\n<!-- \/ Yoast SEO plugin. -->","yoast_head_json":{"title":"Bon plan pour touriste Arles quartier des mus\u00e9es : la balade en v\u00e9lo - Visiter Arles","robots":{"index":"index","follow":"follow","max-snippet":"max-snippet:-1","max-image-preview":"max-image-preview:large","max-video-preview":"max-video-preview:-1"},"canonical":"https:\/\/www.visiterarles.com\/en\/blog\/2014\/08\/03\/bon-plan-pour-touriste-arles-quartier-des-musees-la-balade-en-velo-1299\/","twitter_misc":{"Written by":"Linkadm","Estimated reading time":"1 minute"},"schema":{"@context":"https:\/\/schema.org","@graph":[{"@type":"Article","@id":"https:\/\/www.visiterarles.com\/en\/blog\/2014\/08\/03\/bon-plan-pour-touriste-arles-quartier-des-musees-la-balade-en-velo-1299\/#article","isPartOf":{"@id":"https:\/\/www.visiterarles.com\/en\/blog\/2014\/08\/03\/bon-plan-pour-touriste-arles-quartier-des-musees-la-balade-en-velo-1299\/"},"author":{"name":"Linkadm","@id":"https:\/\/www.visiterarles.com\/en\/#\/schema\/person\/ba5912e4613018f479a2d86815a53576"},"headline":"Bon plan pour touriste Arles quartier des mus\u00e9es : la balade en v\u00e9lo","datePublished":"2014-08-03T14:35:00+00:00","dateModified":"2014-08-03T14:35:00+00:00","mainEntityOfPage":{"@id":"https:\/\/www.visiterarles.com\/en\/blog\/2014\/08\/03\/bon-plan-pour-touriste-arles-quartier-des-musees-la-balade-en-velo-1299\/"},"wordCount":233,"commentCount":0,"publisher":{"@id":"https:\/\/www.visiterarles.com\/en\/#organization"},"articleSection":["Informations"],"inLanguage":"en-GB","potentialAction":[{"@type":"CommentAction","name":"Comment","target":["https:\/\/www.visiterarles.com\/en\/blog\/2014\/08\/03\/bon-plan-pour-touriste-arles-quartier-des-musees-la-balade-en-velo-1299\/#respond"]}]},{"@type":"WebPage","@id":"https:\/\/www.visiterarles.com\/en\/blog\/2014\/08\/03\/bon-plan-pour-touriste-arles-quartier-des-musees-la-balade-en-velo-1299\/","url":"https:\/\/www.visiterarles.com\/en\/blog\/2014\/08\/03\/bon-plan-pour-touriste-arles-quartier-des-musees-la-balade-en-velo-1299\/","name":"Bon plan pour touriste Arles quartier des mus\u00e9es : la balade en v\u00e9lo - Visiter Arles","isPartOf":{"@id":"https:\/\/www.visiterarles.com\/en\/#website"},"datePublished":"2014-08-03T14:35:00+00:00","dateModified":"2014-08-03T14:35:00+00:00","breadcrumb":{"@id":"https:\/\/www.visiterarles.com\/en\/blog\/2014\/08\/03\/bon-plan-pour-touriste-arles-quartier-des-musees-la-balade-en-velo-1299\/#breadcrumb"},"inLanguage":"en-GB","potentialAction":[{"@type":"ReadAction","target":["https:\/\/www.visiterarles.com\/en\/blog\/2014\/08\/03\/bon-plan-pour-touriste-arles-quartier-des-musees-la-balade-en-velo-1299\/"]}]},{"@type":"BreadcrumbList","@id":"https:\/\/www.visiterarles.com\/en\/blog\/2014\/08\/03\/bon-plan-pour-touriste-arles-quartier-des-musees-la-balade-en-velo-1299\/#breadcrumb","itemListElement":[{"@type":"ListItem","position":1,"name":"Home","item":"https:\/\/www.visiterarles.com\/"},{"@type":"ListItem","position":2,"name":"Bon plan pour touriste Arles quartier des mus\u00e9es : la balade en v\u00e9lo"}]},{"@type":"WebSite","@id":"https:\/\/www.visiterarles.com\/en\/#website","url":"https:\/\/www.visiterarles.com\/en\/","name":"Visiter Arles","description":"Tourisme en Provence \u00e0 Arles","publisher":{"@id":"https:\/\/www.visiterarles.com\/en\/#organization"},"potentialAction":[{"@type":"SearchAction","target":{"@type":"EntryPoint","urlTemplate":"https:\/\/www.visiterarles.com\/en\/?s={search_term_string}"},"query-input":"required name=search_term_string"}],"inLanguage":"en-GB"},{"@type":"Organization","@id":"https:\/\/www.visiterarles.com\/en\/#organization","name":"Visiter Arles","url":"https:\/\/www.visiterarles.com\/en\/","logo":{"@type":"ImageObject","inLanguage":"en-GB","@id":"https:\/\/www.visiterarles.com\/en\/#\/schema\/logo\/image\/","url":"https:\/\/www.visiterarles.com\/wp-content\/uploads\/2017\/10\/taco-and-co-1-1.jpg","contentUrl":"https:\/\/www.visiterarles.com\/wp-content\/uploads\/2017\/10\/taco-and-co-1-1.jpg","width":124,"height":73,"caption":"Visiter Arles"},"image":{"@id":"https:\/\/www.visiterarles.com\/en\/#\/schema\/logo\/image\/"}},{"@type":"Person","@id":"https:\/\/www.visiterarles.com\/en\/#\/schema\/person\/ba5912e4613018f479a2d86815a53576","name":"Linkadm","image":{"@type":"ImageObject","inLanguage":"en-GB","@id":"https:\/\/www.visiterarles.com\/en\/#\/schema\/person\/image\/","url":"https:\/\/secure.gravatar.com\/avatar\/4709ec209921503e8d8cc96168eddc49?s=96&d=mm&r=g","contentUrl":"https:\/\/secure.gravatar.com\/avatar\/4709ec209921503e8d8cc96168eddc49?s=96&d=mm&r=g","caption":"Linkadm"},"url":"https:\/\/www.visiterarles.com\/en\/blog\/author\/admin\/"}]}},"_links":{"self":[{"href":"https:\/\/www.visiterarles.com\/en\/wp-json\/wp\/v2\/posts\/27679"}],"collection":[{"href":"https:\/\/www.visiterarles.com\/en\/wp-json\/wp\/v2\/posts"}],"about":[{"href":"https:\/\/www.visiterarles.com\/en\/wp-json\/wp\/v2\/types\/post"}],"author":[{"embeddable":true,"href":"https:\/\/www.visiterarles.com\/en\/wp-json\/wp\/v2\/users\/1"}],"replies":[{"embeddable":true,"href":"https:\/\/www.visiterarles.com\/en\/wp-json\/wp\/v2\/comments?post=27679"}],"version-history":[{"count":0,"href":"https:\/\/www.visiterarles.com\/en\/wp-json\/wp\/v2\/posts\/27679\/revisions"}],"wp:attachment":[{"href":"https:\/\/www.visiterarles.com\/en\/wp-json\/wp\/v2\/media?parent=27679"}],"wp:term":[{"taxonomy":"category","embeddable":true,"href":"https:\/\/www.visiterarles.com\/en\/wp-json\/wp\/v2\/categories?post=27679"},{"taxonomy":"post_tag","embeddable":true,"href":"https:\/\/www.visiterarles.com\/en\/wp-json\/wp\/v2\/tags?post=27679"}],"curies":[{"name":"wp","href":"https:\/\/api.w.org\/{rel}","templated":true}]}}