{"id":27684,"date":"2014-08-03T08:35:00","date_gmt":"2014-08-03T08:35:00","guid":{"rendered":"http:\/\/www.visiterarles.com\/bon-plan-pour-touriste-arles-hotel-de-ville-la-balade-en-velo-1698\/"},"modified":"2014-08-03T08:35:00","modified_gmt":"2014-08-03T08:35:00","slug":"bon-plan-pour-touriste-arles-hotel-de-ville-la-balade-en-velo-1698","status":"publish","type":"post","link":"https:\/\/www.visiterarles.com\/en\/blog\/2014\/08\/03\/bon-plan-pour-touriste-arles-hotel-de-ville-la-balade-en-velo-1698\/","title":{"rendered":"Bon plan pour touriste Arles hotel de ville : la balade en v\u00e9lo"},"content":{"rendered":"<h4>Taco  and  co \u00e0 Arles hotel de ville votre interlocuteur fiable pour touriste<\/h4>\n<p>Arles s&rsquo;av\u00e8re \u00eatre une commune sublime, la vie culturelle, de m\u00eame que les jolis lieux, comme les anciens ateliers sncf, le mus\u00e9e du riz o\u00f9 bien le clo\u00eetre saint trophime sont pl\u00e9thoriques. Une <a href=\"http:\/\/www.visiterarles.com\/en\/arles-balade-en-velo-pour-touriste-1523\/\">balade en v\u00e9lo pour touriste \u00e0 Arles<\/a> hotel de ville, pour ne citer que cela, vous aidera \u00e0 pleinement profiter de la vie au sein de cette commune exceptionnelle, toujours avec la sensation d&rsquo;oeuvrer d\u2019une mani\u00e8re \u00e9co responsable, tout en proposant toute la richesse de la culture.<\/p>\n<h4>Pourquoi choisir une balade en v\u00e9lo pour touriste \u00e0 Arles<\/h4>\n<p>Prendre connaissance du majestueux capital de la commune par le biais de la balade en v\u00e9lo pour touriste sur Arles peut para\u00eetre une alternative cl\u00e9s en main adapt\u00e9e pour chaque entit\u00e9 qui le souhaite. Dans la station, en arrivant \u00e0 Arles, vous pourrez solliciter notre balade en v\u00e9lo. Pour les passionn\u00e9s, notre balade en v\u00e9lo sur Arles, pour touriste conviendra aux aspirations de tous le monde, c\u2019est s\u00fbr.<\/p>","protected":false},"excerpt":{"rendered":"<p>Taco and co \u00e0 Arles hotel de ville votre interlocuteur fiable pour touriste Arles s&rsquo;av\u00e8re \u00eatre une commune sublime, la vie culturelle, de m\u00eame que les jolis lieux, comme les anciens ateliers sncf, le mus\u00e9e du riz o\u00f9 bien le clo\u00eetre saint trophime sont pl\u00e9thoriques. Une balade en v\u00e9lo pour touriste \u00e0 Arles hotel de [&hellip;]<\/p>","protected":false},"author":1,"featured_media":0,"comment_status":"open","ping_status":"open","sticky":false,"template":"","format":"standard","meta":{"footnotes":""},"categories":[55],"tags":[],"aioseo_notices":[],"yoast_head":"<!-- This site is optimized with the Yoast SEO plugin v22.3 - https:\/\/yoast.com\/wordpress\/plugins\/seo\/ -->\n<title>Bon plan pour touriste Arles hotel de ville : la balade en v\u00e9lo - Visiter Arles<\/title>\n<meta name=\"robots\" content=\"index, follow, max-snippet:-1, max-image-preview:large, max-video-preview:-1\" \/>\n<link rel=\"canonical\" href=\"https:\/\/www.visiterarles.com\/en\/blog\/2014\/08\/03\/bon-plan-pour-touriste-arles-hotel-de-ville-la-balade-en-velo-1698\/\" \/>\n<meta name=\"twitter:label1\" content=\"Written by\" \/>\n\t<meta name=\"twitter:data1\" content=\"Linkadm\" \/>\n\t<meta name=\"twitter:label2\" content=\"Estimated reading time\" \/>\n\t<meta name=\"twitter:data2\" content=\"1 minute\" \/>\n<script type=\"application\/ld+json\" class=\"yoast-schema-graph\">{\"@context\":\"https:\/\/schema.org\",\"@graph\":[{\"@type\":\"Article\",\"@id\":\"https:\/\/www.visiterarles.com\/blog\/2014\/08\/03\/bon-plan-pour-touriste-arles-hotel-de-ville-la-balade-en-velo-1698\/#article\",\"isPartOf\":{\"@id\":\"https:\/\/www.visiterarles.com\/blog\/2014\/08\/03\/bon-plan-pour-touriste-arles-hotel-de-ville-la-balade-en-velo-1698\/\"},\"author\":{\"name\":\"Linkadm\",\"@id\":\"https:\/\/www.visiterarles.com\/en\/#\/schema\/person\/ba5912e4613018f479a2d86815a53576\"},\"headline\":\"Bon plan pour touriste Arles hotel de ville : la balade en v\u00e9lo\",\"datePublished\":\"2014-08-03T08:35:00+00:00\",\"dateModified\":\"2014-08-03T08:35:00+00:00\",\"mainEntityOfPage\":{\"@id\":\"https:\/\/www.visiterarles.com\/blog\/2014\/08\/03\/bon-plan-pour-touriste-arles-hotel-de-ville-la-balade-en-velo-1698\/\"},\"wordCount\":199,\"commentCount\":0,\"publisher\":{\"@id\":\"https:\/\/www.visiterarles.com\/en\/#organization\"},\"articleSection\":[\"Informations\"],\"inLanguage\":\"en-GB\",\"potentialAction\":[{\"@type\":\"CommentAction\",\"name\":\"Comment\",\"target\":[\"https:\/\/www.visiterarles.com\/blog\/2014\/08\/03\/bon-plan-pour-touriste-arles-hotel-de-ville-la-balade-en-velo-1698\/#respond\"]}]},{\"@type\":\"WebPage\",\"@id\":\"https:\/\/www.visiterarles.com\/blog\/2014\/08\/03\/bon-plan-pour-touriste-arles-hotel-de-ville-la-balade-en-velo-1698\/\",\"url\":\"https:\/\/www.visiterarles.com\/blog\/2014\/08\/03\/bon-plan-pour-touriste-arles-hotel-de-ville-la-balade-en-velo-1698\/\",\"name\":\"Bon plan pour touriste Arles hotel de ville : la balade en v\u00e9lo - Visiter Arles\",\"isPartOf\":{\"@id\":\"https:\/\/www.visiterarles.com\/en\/#website\"},\"datePublished\":\"2014-08-03T08:35:00+00:00\",\"dateModified\":\"2014-08-03T08:35:00+00:00\",\"breadcrumb\":{\"@id\":\"https:\/\/www.visiterarles.com\/blog\/2014\/08\/03\/bon-plan-pour-touriste-arles-hotel-de-ville-la-balade-en-velo-1698\/#breadcrumb\"},\"inLanguage\":\"en-GB\",\"potentialAction\":[{\"@type\":\"ReadAction\",\"target\":[\"https:\/\/www.visiterarles.com\/blog\/2014\/08\/03\/bon-plan-pour-touriste-arles-hotel-de-ville-la-balade-en-velo-1698\/\"]}]},{\"@type\":\"BreadcrumbList\",\"@id\":\"https:\/\/www.visiterarles.com\/blog\/2014\/08\/03\/bon-plan-pour-touriste-arles-hotel-de-ville-la-balade-en-velo-1698\/#breadcrumb\",\"itemListElement\":[{\"@type\":\"ListItem\",\"position\":1,\"name\":\"Home\",\"item\":\"https:\/\/www.visiterarles.com\/\"},{\"@type\":\"ListItem\",\"position\":2,\"name\":\"Bon plan pour touriste Arles hotel de ville : la balade en v\u00e9lo\"}]},{\"@type\":\"WebSite\",\"@id\":\"https:\/\/www.visiterarles.com\/en\/#website\",\"url\":\"https:\/\/www.visiterarles.com\/en\/\",\"name\":\"Visiter Arles\",\"description\":\"Tourisme en Provence \u00e0 Arles\",\"publisher\":{\"@id\":\"https:\/\/www.visiterarles.com\/en\/#organization\"},\"potentialAction\":[{\"@type\":\"SearchAction\",\"target\":{\"@type\":\"EntryPoint\",\"urlTemplate\":\"https:\/\/www.visiterarles.com\/en\/?s={search_term_string}\"},\"query-input\":\"required name=search_term_string\"}],\"inLanguage\":\"en-GB\"},{\"@type\":\"Organization\",\"@id\":\"https:\/\/www.visiterarles.com\/en\/#organization\",\"name\":\"Visiter Arles\",\"url\":\"https:\/\/www.visiterarles.com\/en\/\",\"logo\":{\"@type\":\"ImageObject\",\"inLanguage\":\"en-GB\",\"@id\":\"https:\/\/www.visiterarles.com\/en\/#\/schema\/logo\/image\/\",\"url\":\"https:\/\/www.visiterarles.com\/wp-content\/uploads\/2017\/10\/taco-and-co-1-1.jpg\",\"contentUrl\":\"https:\/\/www.visiterarles.com\/wp-content\/uploads\/2017\/10\/taco-and-co-1-1.jpg\",\"width\":124,\"height\":73,\"caption\":\"Visiter Arles\"},\"image\":{\"@id\":\"https:\/\/www.visiterarles.com\/en\/#\/schema\/logo\/image\/\"}},{\"@type\":\"Person\",\"@id\":\"https:\/\/www.visiterarles.com\/en\/#\/schema\/person\/ba5912e4613018f479a2d86815a53576\",\"name\":\"Linkadm\",\"image\":{\"@type\":\"ImageObject\",\"inLanguage\":\"en-GB\",\"@id\":\"https:\/\/www.visiterarles.com\/en\/#\/schema\/person\/image\/\",\"url\":\"https:\/\/secure.gravatar.com\/avatar\/4709ec209921503e8d8cc96168eddc49?s=96&d=mm&r=g\",\"contentUrl\":\"https:\/\/secure.gravatar.com\/avatar\/4709ec209921503e8d8cc96168eddc49?s=96&d=mm&r=g\",\"caption\":\"Linkadm\"},\"url\":\"https:\/\/www.visiterarles.com\/en\/blog\/author\/admin\/\"}]}<\/script>\n<!-- \/ Yoast SEO plugin. -->","yoast_head_json":{"title":"Bon plan pour touriste Arles hotel de ville : la balade en v\u00e9lo - Visiter Arles","robots":{"index":"index","follow":"follow","max-snippet":"max-snippet:-1","max-image-preview":"max-image-preview:large","max-video-preview":"max-video-preview:-1"},"canonical":"https:\/\/www.visiterarles.com\/en\/blog\/2014\/08\/03\/bon-plan-pour-touriste-arles-hotel-de-ville-la-balade-en-velo-1698\/","twitter_misc":{"Written by":"Linkadm","Estimated reading time":"1 minute"},"schema":{"@context":"https:\/\/schema.org","@graph":[{"@type":"Article","@id":"https:\/\/www.visiterarles.com\/blog\/2014\/08\/03\/bon-plan-pour-touriste-arles-hotel-de-ville-la-balade-en-velo-1698\/#article","isPartOf":{"@id":"https:\/\/www.visiterarles.com\/blog\/2014\/08\/03\/bon-plan-pour-touriste-arles-hotel-de-ville-la-balade-en-velo-1698\/"},"author":{"name":"Linkadm","@id":"https:\/\/www.visiterarles.com\/en\/#\/schema\/person\/ba5912e4613018f479a2d86815a53576"},"headline":"Bon plan pour touriste Arles hotel de ville : la balade en v\u00e9lo","datePublished":"2014-08-03T08:35:00+00:00","dateModified":"2014-08-03T08:35:00+00:00","mainEntityOfPage":{"@id":"https:\/\/www.visiterarles.com\/blog\/2014\/08\/03\/bon-plan-pour-touriste-arles-hotel-de-ville-la-balade-en-velo-1698\/"},"wordCount":199,"commentCount":0,"publisher":{"@id":"https:\/\/www.visiterarles.com\/en\/#organization"},"articleSection":["Informations"],"inLanguage":"en-GB","potentialAction":[{"@type":"CommentAction","name":"Comment","target":["https:\/\/www.visiterarles.com\/blog\/2014\/08\/03\/bon-plan-pour-touriste-arles-hotel-de-ville-la-balade-en-velo-1698\/#respond"]}]},{"@type":"WebPage","@id":"https:\/\/www.visiterarles.com\/blog\/2014\/08\/03\/bon-plan-pour-touriste-arles-hotel-de-ville-la-balade-en-velo-1698\/","url":"https:\/\/www.visiterarles.com\/blog\/2014\/08\/03\/bon-plan-pour-touriste-arles-hotel-de-ville-la-balade-en-velo-1698\/","name":"Bon plan pour touriste Arles hotel de ville : la balade en v\u00e9lo - Visiter Arles","isPartOf":{"@id":"https:\/\/www.visiterarles.com\/en\/#website"},"datePublished":"2014-08-03T08:35:00+00:00","dateModified":"2014-08-03T08:35:00+00:00","breadcrumb":{"@id":"https:\/\/www.visiterarles.com\/blog\/2014\/08\/03\/bon-plan-pour-touriste-arles-hotel-de-ville-la-balade-en-velo-1698\/#breadcrumb"},"inLanguage":"en-GB","potentialAction":[{"@type":"ReadAction","target":["https:\/\/www.visiterarles.com\/blog\/2014\/08\/03\/bon-plan-pour-touriste-arles-hotel-de-ville-la-balade-en-velo-1698\/"]}]},{"@type":"BreadcrumbList","@id":"https:\/\/www.visiterarles.com\/blog\/2014\/08\/03\/bon-plan-pour-touriste-arles-hotel-de-ville-la-balade-en-velo-1698\/#breadcrumb","itemListElement":[{"@type":"ListItem","position":1,"name":"Home","item":"https:\/\/www.visiterarles.com\/"},{"@type":"ListItem","position":2,"name":"Bon plan pour touriste Arles hotel de ville : la balade en v\u00e9lo"}]},{"@type":"WebSite","@id":"https:\/\/www.visiterarles.com\/en\/#website","url":"https:\/\/www.visiterarles.com\/en\/","name":"Visiter Arles","description":"Tourisme en Provence \u00e0 Arles","publisher":{"@id":"https:\/\/www.visiterarles.com\/en\/#organization"},"potentialAction":[{"@type":"SearchAction","target":{"@type":"EntryPoint","urlTemplate":"https:\/\/www.visiterarles.com\/en\/?s={search_term_string}"},"query-input":"required name=search_term_string"}],"inLanguage":"en-GB"},{"@type":"Organization","@id":"https:\/\/www.visiterarles.com\/en\/#organization","name":"Visiter Arles","url":"https:\/\/www.visiterarles.com\/en\/","logo":{"@type":"ImageObject","inLanguage":"en-GB","@id":"https:\/\/www.visiterarles.com\/en\/#\/schema\/logo\/image\/","url":"https:\/\/www.visiterarles.com\/wp-content\/uploads\/2017\/10\/taco-and-co-1-1.jpg","contentUrl":"https:\/\/www.visiterarles.com\/wp-content\/uploads\/2017\/10\/taco-and-co-1-1.jpg","width":124,"height":73,"caption":"Visiter Arles"},"image":{"@id":"https:\/\/www.visiterarles.com\/en\/#\/schema\/logo\/image\/"}},{"@type":"Person","@id":"https:\/\/www.visiterarles.com\/en\/#\/schema\/person\/ba5912e4613018f479a2d86815a53576","name":"Linkadm","image":{"@type":"ImageObject","inLanguage":"en-GB","@id":"https:\/\/www.visiterarles.com\/en\/#\/schema\/person\/image\/","url":"https:\/\/secure.gravatar.com\/avatar\/4709ec209921503e8d8cc96168eddc49?s=96&d=mm&r=g","contentUrl":"https:\/\/secure.gravatar.com\/avatar\/4709ec209921503e8d8cc96168eddc49?s=96&d=mm&r=g","caption":"Linkadm"},"url":"https:\/\/www.visiterarles.com\/en\/blog\/author\/admin\/"}]}},"_links":{"self":[{"href":"https:\/\/www.visiterarles.com\/en\/wp-json\/wp\/v2\/posts\/27684"}],"collection":[{"href":"https:\/\/www.visiterarles.com\/en\/wp-json\/wp\/v2\/posts"}],"about":[{"href":"https:\/\/www.visiterarles.com\/en\/wp-json\/wp\/v2\/types\/post"}],"author":[{"embeddable":true,"href":"https:\/\/www.visiterarles.com\/en\/wp-json\/wp\/v2\/users\/1"}],"replies":[{"embeddable":true,"href":"https:\/\/www.visiterarles.com\/en\/wp-json\/wp\/v2\/comments?post=27684"}],"version-history":[{"count":0,"href":"https:\/\/www.visiterarles.com\/en\/wp-json\/wp\/v2\/posts\/27684\/revisions"}],"wp:attachment":[{"href":"https:\/\/www.visiterarles.com\/en\/wp-json\/wp\/v2\/media?parent=27684"}],"wp:term":[{"taxonomy":"category","embeddable":true,"href":"https:\/\/www.visiterarles.com\/en\/wp-json\/wp\/v2\/categories?post=27684"},{"taxonomy":"post_tag","embeddable":true,"href":"https:\/\/www.visiterarles.com\/en\/wp-json\/wp\/v2\/tags?post=27684"}],"curies":[{"name":"wp","href":"https:\/\/api.w.org\/{rel}","templated":true}]}}